{"id":4707,"date":"2026-03-08T06:36:05","date_gmt":"2026-03-08T09:36:05","guid":{"rendered":"https:\/\/www.encontraminasgerais.com.br\/itajuba\/educador-de-dois-irmaos-esta-entre-os-finalistas-em-premiacao-focada-em-praticas-pedagogicas-inovadoras\/"},"modified":"2026-03-08T06:36:05","modified_gmt":"2026-03-08T09:36:05","slug":"educador-de-dois-irmaos-esta-entre-os-finalistas-em-premiacao-focada-em-praticas-pedagogicas-inovadoras","status":"publish","type":"post","link":"https:\/\/www.encontraminasgerais.com.br\/itajuba\/educador-de-dois-irmaos-esta-entre-os-finalistas-em-premiacao-focada-em-praticas-pedagogicas-inovadoras\/","title":{"rendered":"Educador de Dois Irm\u00e3os est\u00e1 entre os finalistas em premia\u00e7\u00e3o focada em pr\u00e1ticas pedag\u00f3gicas inovadoras"},"content":{"rendered":"<h2>O que s\u00e3o pr\u00e1ticas pedag\u00f3gicas inovadoras?<\/h2>\n<p>Pr\u00e1ticas pedag\u00f3gicas inovadoras referem-se a m\u00e9todos e estrat\u00e9gias de ensino que buscam rompir com o tradicional, promovendo um aprendizado mais din\u00e2mico e significativo. Essas abordagens incluem o uso de tecnologias educacionais, metodologias ativas e a integra\u00e7\u00e3o de diferentes disciplinas, visando atender \u00e0s necessidades e interesses dos alunos de forma mais abrangente.<\/p>\n<h2>O projeto de Dois Irm\u00e3os: uma introdu\u00e7\u00e3o<\/h2>\n<p>O educador Mois\u00e9s Bruno de Oliveira, atuando em uma escola de Dois Irm\u00e3os, desenvolveu um projeto chamado \u201cVenezuela aqui e agora: hist\u00f3ria, cultura e integra\u00e7\u00e3o\u201d. Este projeto \u00e9 um exemplo claro de pr\u00e1tica pedag\u00f3gica inovadora, buscando promover a conviv\u00eancia e a compreens\u00e3o entre estudantes de diferentes origens culturais. Ao incluir alunos venezuelanos na sala de aula, Mois\u00e9s implementou atividades que exploram a identidade cultural e a hist\u00f3ria deste grupo, facilitando a constru\u00e7\u00e3o de la\u00e7os sociais e empatia entre todos os estudantes.<\/p>\n<h2>Import\u00e2ncia da cultura venezuelana na educa\u00e7\u00e3o<\/h2>\n<p>Incorporar a cultura venezuelana no ambiente escolar \u00e9 essencial para promover a diversidade e a inclus\u00e3o. Esta abordagem n\u00e3o apenas valoriza os alunos imigrantes, mas tamb\u00e9m oferece aos demais estudantes a oportunidade de aprender sobre realidades distintas. A compreens\u00e3o da cultura de outros pa\u00edses, como a Venezuela, enriquece o curr\u00edculo escolar, favorecendo uma educa\u00e7\u00e3o mais plural e cr\u00edtica.<\/p>\n<h2>Equipe envolvida e seus pap\u00e9is<\/h2>\n<p>O projeto de Mois\u00e9s contou com a colabora\u00e7\u00e3o de professores e alunos da Escola Municipal Professor Arno Nienow, localizada no bairro Navegantes. A equipe foi respons\u00e1vel por desenvolver e implementar as atividades propostas, dividindo-se em grupos que trabalharam em diferentes aspectos do projeto, desde pesquisas sobre a hist\u00f3ria da Venezuela at\u00e9 a elabora\u00e7\u00e3o de maquetes. Essa colabora\u00e7\u00e3o interdisciplinar n\u00e3o s\u00f3 dividiu as tarefas, mas tamb\u00e9m facilitou a troca de experi\u00eancias e conhecimentos entre os participantes.<\/p>\n<h2>Desenvolvimento do projeto em sala de aula<\/h2>\n<p>O desenvolvimento do projeto foi dividido em etapas bem definidas. Primeiramente, cada turma se organizou em grupos e recebeu um conjunto de perguntas que deveria responder em um relat\u00f3rio, abrangendo aspectos hist\u00f3ricos e culturais da Venezuela. Dentre esses, uma das atividades destacadas foi a realiza\u00e7\u00e3o de entrevistas com venezuelanos que residem no Brasil. Essa atividade foi fundamental para conectar os alunos com a realidade de seus colegas, promovendo um aprendizado mais contextualizado e rico.<\/p>\n<h2>Resultados e impacto do projeto escolar<\/h2>\n<p>Os resultados do projeto foram muito positivos, tanto no que diz respeito ao aprendizado dos alunos quanto \u00e0 constru\u00e7\u00e3o de uma comunidade escolar mais inclusiva. Os alunos puderam expandir seus conhecimentos sobre a Venezuela, al\u00e9m de desenvolver empatia e compreens\u00e3o em rela\u00e7\u00e3o a seus diferentes contextos. O projeto tamb\u00e9m ajudou a mitigar preconceitos, promovendo um ambiente escolar mais acolhedor e respeitoso.<\/p>\n<h2>Depoimentos dos alunos participantes<\/h2>\n<p>V\u00e1rios alunos expressaram suas opini\u00f5es sobre como o projeto impactou suas experi\u00eancias. Rodrigo Enmanuel Rojas Guellen, um dos alunos venezuelanos, comentou que a atividade proporcionou mais intera\u00e7\u00f5es com seus colegas, ajudando-a a explicar a complexidade da situa\u00e7\u00e3o em seu pa\u00eds. Outros alunos, como Maria Eduarda Michelsen Hanzen, relataram que aprender sobre a cultura venezuelana a ajudou a se conectar melhor com seus colegas e a desenvolver la\u00e7os de amizade mais profundos.<\/p>\n<h2>O pr\u00eamio e sua relev\u00e2ncia para a educa\u00e7\u00e3o<\/h2>\n<p>O projeto de Mois\u00e9s foi reconhecido ao se tornar um dos finalistas do Pr\u00eamio Professor Porvir, uma premia\u00e7\u00e3o que valoriza pr\u00e1ticas pedag\u00f3gicas inovadoras em todo o Brasil. Essa conquista n\u00e3o apenas celebra o esfor\u00e7o do educador, mas tamb\u00e9m destaca a import\u00e2ncia de iniciativas que promovem inclus\u00e3o e diversidade nas escolas. O reconhecimento traz visibilidade \u00e0 necessidade de transformar a educa\u00e7\u00e3o e adapt\u00e1-la \u00e0s demandas do mundo contempor\u00e2neo.<\/p>\n<h2>Pr\u00e1ticas de inclus\u00e3o em sala de aula<\/h2>\n<p>O projeto de inclus\u00e3o desenvolvido por Mois\u00e9s tem sido um modelo para outros educadores. Ele utiliza estrat\u00e9gias diversificadas para garantir que todos os alunos se sintam valorizados e inclu\u00eddos. A metodologia envolve a participa\u00e7\u00e3o ativa de todos os estudantes, garantindo que suas vozes e experi\u00eancias sejam ouvidas e respeitadas. Especialmente em contextos de diversidade cultural, pr\u00e1ticas de inclus\u00e3o s\u00e3o fundamentais para a forma\u00e7\u00e3o de cidad\u00e3os cr\u00edticos e conscientes.<\/p>\n<h2>Pr\u00f3ximos passos para os finalistas<\/h2>\n<p>Ap\u00f3s ser selecionado como finalista, Mois\u00e9s planeja expandir o projeto, envolvendo mais alunos e ampliando as atividades que conectam cultura e hist\u00f3ria. Esse plano inclui a realiza\u00e7\u00e3o de eventos que celebrem a diversidade, como feiras culturais e rodadas de conversa, onde estudantes de diferentes origens podem compartilhar suas experi\u00eancias e aprender uns com os outros. O objetivo final \u00e9 fortalecer ainda mais a inclus\u00e3o e promover um ambiente escolar harmonioso e enriquecedor para todos.<\/p>\n","protected":false},"excerpt":{"rendered":"<p>Educador de Dois Irm\u00e3os \u00e9 finalista em pr\u00eamio que reconhece pr\u00e1ticas pedag\u00f3gicas inovadoras.<\/p>\n","protected":false},"author":1,"featured_media":0,"comment_status":"open","ping_status":"open","sticky":false,"template":"","format":"standard","meta":{"footnotes":""},"categories":[5],"tags":[],"class_list":["post-4707","post","type-post","status-publish","format-standard","hentry","category-noticias"],"yoast_head":"<!-- This site is optimized with the Yoast SEO plugin v26.3 - https:\/\/yoast.com\/wordpress\/plugins\/seo\/ -->\n<title>Educador de Dois Irm\u00e3os est\u00e1 entre os finalistas em premia\u00e7\u00e3o focada em pr\u00e1ticas pedag\u00f3gicas inovadoras | Encontra Itajub\u00e1<\/title>\n<meta name=\"robots\" content=\"index, follow, max-snippet:-1, max-image-preview:large, max-video-preview:-1\" \/>\n<link rel=\"canonical\" href=\"https:\/\/www.encontraminasgerais.com.br\/itajuba\/educador-de-dois-irmaos-esta-entre-os-finalistas-em-premiacao-focada-em-praticas-pedagogicas-inovadoras\/\" \/>\n<meta property=\"og:locale\" content=\"pt_BR\" \/>\n<meta property=\"og:type\" content=\"article\" \/>\n<meta property=\"og:title\" content=\"Educador de Dois Irm\u00e3os est\u00e1 entre os finalistas em premia\u00e7\u00e3o focada em pr\u00e1ticas pedag\u00f3gicas inovadoras | Encontra Itajub\u00e1\" \/>\n<meta property=\"og:description\" content=\"Educador de Dois Irm\u00e3os \u00e9 finalista em pr\u00eamio que reconhece pr\u00e1ticas pedag\u00f3gicas inovadoras.\" \/>\n<meta property=\"og:url\" content=\"https:\/\/www.encontraminasgerais.com.br\/itajuba\/educador-de-dois-irmaos-esta-entre-os-finalistas-em-premiacao-focada-em-praticas-pedagogicas-inovadoras\/\" \/>\n<meta property=\"og:site_name\" content=\"Encontra Itajub\u00e1\" \/>\n<meta property=\"article:published_time\" content=\"2026-03-08T09:36:05+00:00\" \/>\n<meta name=\"author\" content=\"Encontra Itajub\u00e1\" \/>\n<meta name=\"twitter:card\" content=\"summary_large_image\" \/>\n<meta name=\"twitter:label1\" content=\"Escrito por\" \/>\n\t<meta name=\"twitter:data1\" content=\"Encontra Itajub\u00e1\" \/>\n\t<meta name=\"twitter:label2\" content=\"Est. tempo de leitura\" \/>\n\t<meta name=\"twitter:data2\" content=\"4 minutos\" \/>\n<script type=\"application\/ld+json\" class=\"yoast-schema-graph\">{\"@context\":\"https:\/\/schema.org\",\"@graph\":[{\"@type\":\"WebPage\",\"@id\":\"https:\/\/www.encontraminasgerais.com.br\/itajuba\/educador-de-dois-irmaos-esta-entre-os-finalistas-em-premiacao-focada-em-praticas-pedagogicas-inovadoras\/\",\"url\":\"https:\/\/www.encontraminasgerais.com.br\/itajuba\/educador-de-dois-irmaos-esta-entre-os-finalistas-em-premiacao-focada-em-praticas-pedagogicas-inovadoras\/\",\"name\":\"Educador de Dois Irm\u00e3os est\u00e1 entre os finalistas em premia\u00e7\u00e3o focada em pr\u00e1ticas pedag\u00f3gicas inovadoras | Encontra Itajub\u00e1\",\"isPartOf\":{\"@id\":\"https:\/\/www.encontraminasgerais.com.br\/itajuba\/#website\"},\"datePublished\":\"2026-03-08T09:36:05+00:00\",\"author\":{\"@id\":\"https:\/\/www.encontraminasgerais.com.br\/itajuba\/#\/schema\/person\/d26674c083ec86b440752843a690de33\"},\"inLanguage\":\"pt-BR\",\"potentialAction\":[{\"@type\":\"ReadAction\",\"target\":[\"https:\/\/www.encontraminasgerais.com.br\/itajuba\/educador-de-dois-irmaos-esta-entre-os-finalistas-em-premiacao-focada-em-praticas-pedagogicas-inovadoras\/\"]}]},{\"@type\":\"WebSite\",\"@id\":\"https:\/\/www.encontraminasgerais.com.br\/itajuba\/#website\",\"url\":\"https:\/\/www.encontraminasgerais.com.br\/itajuba\/\",\"name\":\"Encontra Itajub\u00e1\",\"description\":\"ENCONTRA ITAJUB\u00c1 - O guia comercial de neg\u00f3cios e empresas, cultura e divers\u00e3o na cidade de Itajub\u00e1. Feito 100% para voc\u00ea morador!\",\"potentialAction\":[{\"@type\":\"SearchAction\",\"target\":{\"@type\":\"EntryPoint\",\"urlTemplate\":\"https:\/\/www.encontraminasgerais.com.br\/itajuba\/?s={search_term_string}\"},\"query-input\":{\"@type\":\"PropertyValueSpecification\",\"valueRequired\":true,\"valueName\":\"search_term_string\"}}],\"inLanguage\":\"pt-BR\"},{\"@type\":\"Person\",\"@id\":\"https:\/\/www.encontraminasgerais.com.br\/itajuba\/#\/schema\/person\/d26674c083ec86b440752843a690de33\",\"name\":\"Encontra Itajub\u00e1\",\"image\":{\"@type\":\"ImageObject\",\"inLanguage\":\"pt-BR\",\"@id\":\"https:\/\/www.encontraminasgerais.com.br\/itajuba\/#\/schema\/person\/image\/\",\"url\":\"https:\/\/secure.gravatar.com\/avatar\/c50c17820bcf322f0a8fd6b110b8c0918141409dc69076470f6fca5fee70a5d4?s=96&d=mm&r=g\",\"contentUrl\":\"https:\/\/secure.gravatar.com\/avatar\/c50c17820bcf322f0a8fd6b110b8c0918141409dc69076470f6fca5fee70a5d4?s=96&d=mm&r=g\",\"caption\":\"Encontra Itajub\u00e1\"},\"url\":\"https:\/\/www.encontraminasgerais.com.br\/itajuba\/author\/eitajuba\/\"}]}<\/script>\n<!-- \/ Yoast SEO plugin. -->","yoast_head_json":{"title":"Educador de Dois Irm\u00e3os est\u00e1 entre os finalistas em premia\u00e7\u00e3o focada em pr\u00e1ticas pedag\u00f3gicas inovadoras | Encontra Itajub\u00e1","robots":{"index":"index","follow":"follow","max-snippet":"max-snippet:-1","max-image-preview":"max-image-preview:large","max-video-preview":"max-video-preview:-1"},"canonical":"https:\/\/www.encontraminasgerais.com.br\/itajuba\/educador-de-dois-irmaos-esta-entre-os-finalistas-em-premiacao-focada-em-praticas-pedagogicas-inovadoras\/","og_locale":"pt_BR","og_type":"article","og_title":"Educador de Dois Irm\u00e3os est\u00e1 entre os finalistas em premia\u00e7\u00e3o focada em pr\u00e1ticas pedag\u00f3gicas inovadoras | Encontra Itajub\u00e1","og_description":"Educador de Dois Irm\u00e3os \u00e9 finalista em pr\u00eamio que reconhece pr\u00e1ticas pedag\u00f3gicas inovadoras.","og_url":"https:\/\/www.encontraminasgerais.com.br\/itajuba\/educador-de-dois-irmaos-esta-entre-os-finalistas-em-premiacao-focada-em-praticas-pedagogicas-inovadoras\/","og_site_name":"Encontra Itajub\u00e1","article_published_time":"2026-03-08T09:36:05+00:00","author":"Encontra Itajub\u00e1","twitter_card":"summary_large_image","twitter_misc":{"Escrito por":"Encontra Itajub\u00e1","Est. tempo de leitura":"4 minutos"},"schema":{"@context":"https:\/\/schema.org","@graph":[{"@type":"WebPage","@id":"https:\/\/www.encontraminasgerais.com.br\/itajuba\/educador-de-dois-irmaos-esta-entre-os-finalistas-em-premiacao-focada-em-praticas-pedagogicas-inovadoras\/","url":"https:\/\/www.encontraminasgerais.com.br\/itajuba\/educador-de-dois-irmaos-esta-entre-os-finalistas-em-premiacao-focada-em-praticas-pedagogicas-inovadoras\/","name":"Educador de Dois Irm\u00e3os est\u00e1 entre os finalistas em premia\u00e7\u00e3o focada em pr\u00e1ticas pedag\u00f3gicas inovadoras | Encontra Itajub\u00e1","isPartOf":{"@id":"https:\/\/www.encontraminasgerais.com.br\/itajuba\/#website"},"datePublished":"2026-03-08T09:36:05+00:00","author":{"@id":"https:\/\/www.encontraminasgerais.com.br\/itajuba\/#\/schema\/person\/d26674c083ec86b440752843a690de33"},"inLanguage":"pt-BR","potentialAction":[{"@type":"ReadAction","target":["https:\/\/www.encontraminasgerais.com.br\/itajuba\/educador-de-dois-irmaos-esta-entre-os-finalistas-em-premiacao-focada-em-praticas-pedagogicas-inovadoras\/"]}]},{"@type":"WebSite","@id":"https:\/\/www.encontraminasgerais.com.br\/itajuba\/#website","url":"https:\/\/www.encontraminasgerais.com.br\/itajuba\/","name":"Encontra Itajub\u00e1","description":"ENCONTRA ITAJUB\u00c1 - O guia comercial de neg\u00f3cios e empresas, cultura e divers\u00e3o na cidade de Itajub\u00e1. Feito 100% para voc\u00ea morador!","potentialAction":[{"@type":"SearchAction","target":{"@type":"EntryPoint","urlTemplate":"https:\/\/www.encontraminasgerais.com.br\/itajuba\/?s={search_term_string}"},"query-input":{"@type":"PropertyValueSpecification","valueRequired":true,"valueName":"search_term_string"}}],"inLanguage":"pt-BR"},{"@type":"Person","@id":"https:\/\/www.encontraminasgerais.com.br\/itajuba\/#\/schema\/person\/d26674c083ec86b440752843a690de33","name":"Encontra Itajub\u00e1","image":{"@type":"ImageObject","inLanguage":"pt-BR","@id":"https:\/\/www.encontraminasgerais.com.br\/itajuba\/#\/schema\/person\/image\/","url":"https:\/\/secure.gravatar.com\/avatar\/c50c17820bcf322f0a8fd6b110b8c0918141409dc69076470f6fca5fee70a5d4?s=96&d=mm&r=g","contentUrl":"https:\/\/secure.gravatar.com\/avatar\/c50c17820bcf322f0a8fd6b110b8c0918141409dc69076470f6fca5fee70a5d4?s=96&d=mm&r=g","caption":"Encontra Itajub\u00e1"},"url":"https:\/\/www.encontraminasgerais.com.br\/itajuba\/author\/eitajuba\/"}]}},"_links":{"self":[{"href":"https:\/\/www.encontraminasgerais.com.br\/itajuba\/wp-json\/wp\/v2\/posts\/4707","targetHints":{"allow":["GET"]}}],"collection":[{"href":"https:\/\/www.encontraminasgerais.com.br\/itajuba\/wp-json\/wp\/v2\/posts"}],"about":[{"href":"https:\/\/www.encontraminasgerais.com.br\/itajuba\/wp-json\/wp\/v2\/types\/post"}],"author":[{"embeddable":true,"href":"https:\/\/www.encontraminasgerais.com.br\/itajuba\/wp-json\/wp\/v2\/users\/1"}],"replies":[{"embeddable":true,"href":"https:\/\/www.encontraminasgerais.com.br\/itajuba\/wp-json\/wp\/v2\/comments?post=4707"}],"version-history":[{"count":0,"href":"https:\/\/www.encontraminasgerais.com.br\/itajuba\/wp-json\/wp\/v2\/posts\/4707\/revisions"}],"wp:attachment":[{"href":"https:\/\/www.encontraminasgerais.com.br\/itajuba\/wp-json\/wp\/v2\/media?parent=4707"}],"wp:term":[{"taxonomy":"category","embeddable":true,"href":"https:\/\/www.encontraminasgerais.com.br\/itajuba\/wp-json\/wp\/v2\/categories?post=4707"},{"taxonomy":"post_tag","embeddable":true,"href":"https:\/\/www.encontraminasgerais.com.br\/itajuba\/wp-json\/wp\/v2\/tags?post=4707"}],"curies":[{"name":"wp","href":"https:\/\/api.w.org\/{rel}","templated":true}]}}