{"id":4711,"date":"2026-03-09T06:35:54","date_gmt":"2026-03-09T09:35:54","guid":{"rendered":"https:\/\/www.encontraminasgerais.com.br\/itajuba\/prefeitura-de-itajuba-envia-apoio-a-uba-e-juiz-de-fora-apos-fortes-chuvas\/"},"modified":"2026-03-09T06:35:54","modified_gmt":"2026-03-09T09:35:54","slug":"prefeitura-de-itajuba-envia-apoio-a-uba-e-juiz-de-fora-apos-fortes-chuvas","status":"publish","type":"post","link":"https:\/\/www.encontraminasgerais.com.br\/itajuba\/prefeitura-de-itajuba-envia-apoio-a-uba-e-juiz-de-fora-apos-fortes-chuvas\/","title":{"rendered":"Prefeitura de Itajub\u00e1 envia apoio a Ub\u00e1 e Juiz de Fora ap\u00f3s fortes chuvas"},"content":{"rendered":"<h2>A A\u00e7\u00e3o da Defesa Civil de Itajub\u00e1<\/h2>\n<p>No dia 1\u00ba de mar\u00e7o de 2026, a Prefeitura de Itajub\u00e1 mobilizou uma equipe da Defesa Civil municipal para auxiliar as cidades de Ub\u00e1 e Juiz de Fora, que enfrentaram s\u00e9rios problemas devido \u00e0s fortes chuvas ocorridas na semana anterior. Esta a\u00e7\u00e3o \u00e9 parte de um esfor\u00e7o cont\u00ednuo de solidariedade e coopera\u00e7\u00e3o regional, onde cidades vizinhas se uniram para prestar apoio m\u00fatuo em momentos de crise.<\/p>\n<h2>Suporte T\u00e9cnico e Operacional Durante a Crise<\/h2>\n<p>A atua\u00e7\u00e3o da Defesa Civil foi fundamental para garantir que as a\u00e7\u00f5es emergenciais fossem organizadas e eficazes. A equipe t\u00e9cnica foi enviada para oferecer suporte nas opera\u00e7\u00f5es de resgate e na coordena\u00e7\u00e3o de ajuda humanit\u00e1ria, ajudando a atender \u00e0s demandas emergenciais da popula\u00e7\u00e3o afetada pelas chuvas.<\/p>\n<h2>Mobiliza\u00e7\u00e3o de Recursos para Atingidos<\/h2>\n<p>Al\u00e9m do apoio t\u00e9cnico, a Prefeitura de Itajub\u00e1 organizou o envio de recursos materiais. Um caminh\u00e3o repleto de suprimentos, como \u00e1gua mineral, produtos de limpeza e itens de higiene pessoal, foi enviado para auxiliar as comunidades afetadas. Este recurso \u00e9 vital, pois muitas dessas \u00e1reas enfrentam escassez desses itens essenciais, prejudicando o bem-estar de suas popula\u00e7\u00f5es.<\/p>\n<p><img decoding=\"async\" src=\"https:\/\/www.encontraminasgerais.com.br\/itajuba\/wp-content\/uploads\/2026\/03\/prefeitura-de-itajuba-envia-apoio-a-uba-e-juiz-de-fora-apos-fortes-chuvas.webp\" alt=\"apoio Itajub\u00e1 Ub\u00e1 Juiz de Fora fortes chuvas\" loading=\"lazy\" \/><\/p>\n<h2>Donativos: Como Contribuir?<\/h2>\n<p>Para intensificar o apoio \u00e0 popula\u00e7\u00e3o afetada, a administra\u00e7\u00e3o p\u00fablica refor\u00e7ou um apelo \u00e0 solidariedade. A comunidade foi convocada a realizar doa\u00e7\u00f5es, que s\u00e3o aceitas exclusivamente na forma de \u00e1gua pot\u00e1vel, produtos de limpeza e itens de higiene pessoal. Os donativos devem ser entregues na sede do Batalh\u00e3o da Pol\u00edcia Militar, localizado na Rua Antiogo Poddis, n\u00ba 120, no bairro Vila Poddis. Essa mobiliza\u00e7\u00e3o comunit\u00e1ria \u00e9 um pilar importante para a recupera\u00e7\u00e3o das cidades impactadas.<\/p>\n<h2>Responsabilidade Social em Tempos de Emerg\u00eancia<\/h2>\n<p>A situa\u00e7\u00e3o recente destaca a import\u00e2ncia da responsabilidade social em tempos de emerg\u00eancia. As administra\u00e7\u00f5es locais e a popula\u00e7\u00e3o devem trabalhar em conjunto, e o papel da defesa civil \u00e9 de extrema import\u00e2ncia para orquestrar essa uni\u00e3o. A colabora\u00e7\u00e3o \u00e9 essencial para mitigar os efeitos das cat\u00e1strofes naturais e encontrar solu\u00e7\u00f5es eficazes para os problemas enfrentados.<\/p>\n<h2>Import\u00e2ncia da Coopera\u00e7\u00e3o Regional<\/h2>\n<p>A a\u00e7\u00e3o de Itajub\u00e1 em auxiliar Ub\u00e1 e Juiz de Fora serve como um exemplo de coopera\u00e7\u00e3o intermunicipal. A capacidade de cidades vizinhas de se unirem durante crises ressalta a for\u00e7a da solidariedade regional, criando uma rede de suporte que \u00e9 vital em momentos de necessidade. Isso cria um ambiente onde as cidades se ajudam mutuamente, tornando a resposta a desastres muito mais \u00e1gil e eficaz.<\/p>\n<h2>Impactos das Chuvas na Popula\u00e7\u00e3o Local<\/h2>\n<p>A for\u00e7a das chuvas que assolaram a regi\u00e3o gerou consequ\u00eancias severas. Em Ub\u00e1 e Juiz de Fora, as inunda\u00e7\u00f5es resultaram em danos significativos a resid\u00eancias e infraestrutura, al\u00e9m de amea\u00e7ar a sa\u00fade e a seguran\u00e7a da popula\u00e7\u00e3o. Esses fatores tornam imprescind\u00edvel a ajuda humanit\u00e1ria, tanto na forma de suprimentos quanto na reconstru\u00e7\u00e3o das \u00e1reas afetadas.<\/p>\n<h2>Solidariedade: Uma For\u00e7a Coletiva<\/h2>\n<p>A solidariedade demonstrada pela popula\u00e7\u00e3o, juntamente com a mobiliza\u00e7\u00e3o da Prefeitura de Itajub\u00e1, destaca a capacidade resiliente da sociedade. A participa\u00e7\u00e3o ativa da comunidade em doa\u00e7\u00f5es e ajuda \u00e0s v\u00edtimas \u00e9 um reflexo do esp\u00edrito coletivo que surge em tempos de dificuldades. Essa for\u00e7a colaborativa \u00e9 vital para promover a recupera\u00e7\u00e3o e revitaliza\u00e7\u00e3o das comunidades atingidas.<\/p>\n<h2>Relatos dos Volunt\u00e1rios em A\u00e7\u00e3o<\/h2>\n<p>Os volunt\u00e1rios que participaram da mobiliza\u00e7\u00e3o de donativos e do aux\u00edlio \u00e0s pessoas afetadas relatam que a experi\u00eancia tem sido enriquecedora e demonstrativa do poder comunit\u00e1rio. Muitos falam sobre como a uni\u00e3o em tempos dif\u00edceis proporciona esperan\u00e7a e apoio emocional aos que est\u00e3o enfrentando dificuldades, criando la\u00e7os que podem durar para al\u00e9m da crise.<\/p>\n<h2>Pr\u00f3ximos Passos para Aumentar o Apoio<\/h2>\n<p>Com a continuidade das fortes chuvas, a Prefeitura de Itajub\u00e1 planeja o envio de um segundo caminh\u00e3o com mais suprimentos para complementar as a\u00e7\u00f5es de resgate e suporte. Al\u00e9m disso, novas campanhas de doa\u00e7\u00e3o est\u00e3o sendo organizadas para garantir que as necessidades da popula\u00e7\u00e3o afetada sejam atendidas de forma eficiente. Sempre que a comunidade se mobiliza, a capacidade de atendimento e recupera\u00e7\u00e3o \u00e9 ampliada, facilitando o suporte \u00e0s v\u00edtimas das chuvas.<\/p>\n","protected":false},"excerpt":{"rendered":"<p>Itajub\u00e1 mobiliza apoio humanit\u00e1rio para Ub\u00e1 e Juiz de Fora ap\u00f3s chuvas intensas.<\/p>\n","protected":false},"author":1,"featured_media":4710,"comment_status":"open","ping_status":"open","sticky":false,"template":"","format":"standard","meta":{"footnotes":""},"categories":[5],"tags":[],"class_list":["post-4711","post","type-post","status-publish","format-standard","has-post-thumbnail","hentry","category-noticias","has_thumb"],"yoast_head":"<!-- This site is optimized with the Yoast SEO plugin v26.3 - https:\/\/yoast.com\/wordpress\/plugins\/seo\/ -->\n<title>Prefeitura de Itajub\u00e1 envia apoio a Ub\u00e1 e Juiz de Fora ap\u00f3s fortes chuvas | Encontra Itajub\u00e1<\/title>\n<meta name=\"robots\" content=\"index, follow, max-snippet:-1, max-image-preview:large, max-video-preview:-1\" \/>\n<link rel=\"canonical\" href=\"https:\/\/www.encontraminasgerais.com.br\/itajuba\/prefeitura-de-itajuba-envia-apoio-a-uba-e-juiz-de-fora-apos-fortes-chuvas\/\" \/>\n<meta property=\"og:locale\" content=\"pt_BR\" \/>\n<meta property=\"og:type\" content=\"article\" \/>\n<meta property=\"og:title\" content=\"Prefeitura de Itajub\u00e1 envia apoio a Ub\u00e1 e Juiz de Fora ap\u00f3s fortes chuvas | Encontra Itajub\u00e1\" \/>\n<meta property=\"og:description\" content=\"Itajub\u00e1 mobiliza apoio humanit\u00e1rio para Ub\u00e1 e Juiz de Fora ap\u00f3s chuvas intensas.\" \/>\n<meta property=\"og:url\" content=\"https:\/\/www.encontraminasgerais.com.br\/itajuba\/prefeitura-de-itajuba-envia-apoio-a-uba-e-juiz-de-fora-apos-fortes-chuvas\/\" \/>\n<meta property=\"og:site_name\" content=\"Encontra Itajub\u00e1\" \/>\n<meta property=\"article:published_time\" content=\"2026-03-09T09:35:54+00:00\" \/>\n<meta property=\"og:image\" content=\"https:\/\/www.encontraminasgerais.com.br\/itajuba\/wp-content\/uploads\/2026\/03\/prefeitura-de-itajuba-envia-apoio-a-uba-e-juiz-de-fora-apos-fortes-chuvas.webp\" \/>\n<meta name=\"author\" content=\"Encontra Itajub\u00e1\" \/>\n<meta name=\"twitter:card\" content=\"summary_large_image\" \/>\n<meta name=\"twitter:label1\" content=\"Escrito por\" \/>\n\t<meta name=\"twitter:data1\" content=\"Encontra Itajub\u00e1\" \/>\n\t<meta name=\"twitter:label2\" content=\"Est. tempo de leitura\" \/>\n\t<meta name=\"twitter:data2\" content=\"4 minutos\" \/>\n<script type=\"application\/ld+json\" class=\"yoast-schema-graph\">{\"@context\":\"https:\/\/schema.org\",\"@graph\":[{\"@type\":\"WebPage\",\"@id\":\"https:\/\/www.encontraminasgerais.com.br\/itajuba\/prefeitura-de-itajuba-envia-apoio-a-uba-e-juiz-de-fora-apos-fortes-chuvas\/\",\"url\":\"https:\/\/www.encontraminasgerais.com.br\/itajuba\/prefeitura-de-itajuba-envia-apoio-a-uba-e-juiz-de-fora-apos-fortes-chuvas\/\",\"name\":\"Prefeitura de Itajub\u00e1 envia apoio a Ub\u00e1 e Juiz de Fora ap\u00f3s fortes chuvas | Encontra Itajub\u00e1\",\"isPartOf\":{\"@id\":\"https:\/\/www.encontraminasgerais.com.br\/itajuba\/#website\"},\"primaryImageOfPage\":{\"@id\":\"https:\/\/www.encontraminasgerais.com.br\/itajuba\/prefeitura-de-itajuba-envia-apoio-a-uba-e-juiz-de-fora-apos-fortes-chuvas\/#primaryimage\"},\"image\":{\"@id\":\"https:\/\/www.encontraminasgerais.com.br\/itajuba\/prefeitura-de-itajuba-envia-apoio-a-uba-e-juiz-de-fora-apos-fortes-chuvas\/#primaryimage\"},\"thumbnailUrl\":\"https:\/\/www.encontraminasgerais.com.br\/itajuba\/wp-content\/uploads\/2026\/03\/prefeitura-de-itajuba-envia-apoio-a-uba-e-juiz-de-fora-apos-fortes-chuvas.webp\",\"datePublished\":\"2026-03-09T09:35:54+00:00\",\"author\":{\"@id\":\"https:\/\/www.encontraminasgerais.com.br\/itajuba\/#\/schema\/person\/d26674c083ec86b440752843a690de33\"},\"inLanguage\":\"pt-BR\",\"potentialAction\":[{\"@type\":\"ReadAction\",\"target\":[\"https:\/\/www.encontraminasgerais.com.br\/itajuba\/prefeitura-de-itajuba-envia-apoio-a-uba-e-juiz-de-fora-apos-fortes-chuvas\/\"]}]},{\"@type\":\"ImageObject\",\"inLanguage\":\"pt-BR\",\"@id\":\"https:\/\/www.encontraminasgerais.com.br\/itajuba\/prefeitura-de-itajuba-envia-apoio-a-uba-e-juiz-de-fora-apos-fortes-chuvas\/#primaryimage\",\"url\":\"https:\/\/www.encontraminasgerais.com.br\/itajuba\/wp-content\/uploads\/2026\/03\/prefeitura-de-itajuba-envia-apoio-a-uba-e-juiz-de-fora-apos-fortes-chuvas.webp\",\"contentUrl\":\"https:\/\/www.encontraminasgerais.com.br\/itajuba\/wp-content\/uploads\/2026\/03\/prefeitura-de-itajuba-envia-apoio-a-uba-e-juiz-de-fora-apos-fortes-chuvas.webp\",\"width\":280,\"height\":280,\"caption\":\"apoio Itajub\u00e1 Ub\u00e1 Juiz de Fora fortes chuvas\"},{\"@type\":\"WebSite\",\"@id\":\"https:\/\/www.encontraminasgerais.com.br\/itajuba\/#website\",\"url\":\"https:\/\/www.encontraminasgerais.com.br\/itajuba\/\",\"name\":\"Encontra Itajub\u00e1\",\"description\":\"ENCONTRA ITAJUB\u00c1 - O guia comercial de neg\u00f3cios e empresas, cultura e divers\u00e3o na cidade de Itajub\u00e1. Feito 100% para voc\u00ea morador!\",\"potentialAction\":[{\"@type\":\"SearchAction\",\"target\":{\"@type\":\"EntryPoint\",\"urlTemplate\":\"https:\/\/www.encontraminasgerais.com.br\/itajuba\/?s={search_term_string}\"},\"query-input\":{\"@type\":\"PropertyValueSpecification\",\"valueRequired\":true,\"valueName\":\"search_term_string\"}}],\"inLanguage\":\"pt-BR\"},{\"@type\":\"Person\",\"@id\":\"https:\/\/www.encontraminasgerais.com.br\/itajuba\/#\/schema\/person\/d26674c083ec86b440752843a690de33\",\"name\":\"Encontra Itajub\u00e1\",\"image\":{\"@type\":\"ImageObject\",\"inLanguage\":\"pt-BR\",\"@id\":\"https:\/\/www.encontraminasgerais.com.br\/itajuba\/#\/schema\/person\/image\/\",\"url\":\"https:\/\/secure.gravatar.com\/avatar\/c50c17820bcf322f0a8fd6b110b8c0918141409dc69076470f6fca5fee70a5d4?s=96&d=mm&r=g\",\"contentUrl\":\"https:\/\/secure.gravatar.com\/avatar\/c50c17820bcf322f0a8fd6b110b8c0918141409dc69076470f6fca5fee70a5d4?s=96&d=mm&r=g\",\"caption\":\"Encontra Itajub\u00e1\"},\"url\":\"https:\/\/www.encontraminasgerais.com.br\/itajuba\/author\/eitajuba\/\"}]}<\/script>\n<!-- \/ Yoast SEO plugin. -->","yoast_head_json":{"title":"Prefeitura de Itajub\u00e1 envia apoio a Ub\u00e1 e Juiz de Fora ap\u00f3s fortes chuvas | Encontra Itajub\u00e1","robots":{"index":"index","follow":"follow","max-snippet":"max-snippet:-1","max-image-preview":"max-image-preview:large","max-video-preview":"max-video-preview:-1"},"canonical":"https:\/\/www.encontraminasgerais.com.br\/itajuba\/prefeitura-de-itajuba-envia-apoio-a-uba-e-juiz-de-fora-apos-fortes-chuvas\/","og_locale":"pt_BR","og_type":"article","og_title":"Prefeitura de Itajub\u00e1 envia apoio a Ub\u00e1 e Juiz de Fora ap\u00f3s fortes chuvas | Encontra Itajub\u00e1","og_description":"Itajub\u00e1 mobiliza apoio humanit\u00e1rio para Ub\u00e1 e Juiz de Fora ap\u00f3s chuvas intensas.","og_url":"https:\/\/www.encontraminasgerais.com.br\/itajuba\/prefeitura-de-itajuba-envia-apoio-a-uba-e-juiz-de-fora-apos-fortes-chuvas\/","og_site_name":"Encontra Itajub\u00e1","article_published_time":"2026-03-09T09:35:54+00:00","og_image":[{"url":"https:\/\/www.encontraminasgerais.com.br\/itajuba\/wp-content\/uploads\/2026\/03\/prefeitura-de-itajuba-envia-apoio-a-uba-e-juiz-de-fora-apos-fortes-chuvas.webp","type":"","width":"","height":""}],"author":"Encontra Itajub\u00e1","twitter_card":"summary_large_image","twitter_misc":{"Escrito por":"Encontra Itajub\u00e1","Est. tempo de leitura":"4 minutos"},"schema":{"@context":"https:\/\/schema.org","@graph":[{"@type":"WebPage","@id":"https:\/\/www.encontraminasgerais.com.br\/itajuba\/prefeitura-de-itajuba-envia-apoio-a-uba-e-juiz-de-fora-apos-fortes-chuvas\/","url":"https:\/\/www.encontraminasgerais.com.br\/itajuba\/prefeitura-de-itajuba-envia-apoio-a-uba-e-juiz-de-fora-apos-fortes-chuvas\/","name":"Prefeitura de Itajub\u00e1 envia apoio a Ub\u00e1 e Juiz de Fora ap\u00f3s fortes chuvas | Encontra Itajub\u00e1","isPartOf":{"@id":"https:\/\/www.encontraminasgerais.com.br\/itajuba\/#website"},"primaryImageOfPage":{"@id":"https:\/\/www.encontraminasgerais.com.br\/itajuba\/prefeitura-de-itajuba-envia-apoio-a-uba-e-juiz-de-fora-apos-fortes-chuvas\/#primaryimage"},"image":{"@id":"https:\/\/www.encontraminasgerais.com.br\/itajuba\/prefeitura-de-itajuba-envia-apoio-a-uba-e-juiz-de-fora-apos-fortes-chuvas\/#primaryimage"},"thumbnailUrl":"https:\/\/www.encontraminasgerais.com.br\/itajuba\/wp-content\/uploads\/2026\/03\/prefeitura-de-itajuba-envia-apoio-a-uba-e-juiz-de-fora-apos-fortes-chuvas.webp","datePublished":"2026-03-09T09:35:54+00:00","author":{"@id":"https:\/\/www.encontraminasgerais.com.br\/itajuba\/#\/schema\/person\/d26674c083ec86b440752843a690de33"},"inLanguage":"pt-BR","potentialAction":[{"@type":"ReadAction","target":["https:\/\/www.encontraminasgerais.com.br\/itajuba\/prefeitura-de-itajuba-envia-apoio-a-uba-e-juiz-de-fora-apos-fortes-chuvas\/"]}]},{"@type":"ImageObject","inLanguage":"pt-BR","@id":"https:\/\/www.encontraminasgerais.com.br\/itajuba\/prefeitura-de-itajuba-envia-apoio-a-uba-e-juiz-de-fora-apos-fortes-chuvas\/#primaryimage","url":"https:\/\/www.encontraminasgerais.com.br\/itajuba\/wp-content\/uploads\/2026\/03\/prefeitura-de-itajuba-envia-apoio-a-uba-e-juiz-de-fora-apos-fortes-chuvas.webp","contentUrl":"https:\/\/www.encontraminasgerais.com.br\/itajuba\/wp-content\/uploads\/2026\/03\/prefeitura-de-itajuba-envia-apoio-a-uba-e-juiz-de-fora-apos-fortes-chuvas.webp","width":280,"height":280,"caption":"apoio Itajub\u00e1 Ub\u00e1 Juiz de Fora fortes chuvas"},{"@type":"WebSite","@id":"https:\/\/www.encontraminasgerais.com.br\/itajuba\/#website","url":"https:\/\/www.encontraminasgerais.com.br\/itajuba\/","name":"Encontra Itajub\u00e1","description":"ENCONTRA ITAJUB\u00c1 - O guia comercial de neg\u00f3cios e empresas, cultura e divers\u00e3o na cidade de Itajub\u00e1. Feito 100% para voc\u00ea morador!","potentialAction":[{"@type":"SearchAction","target":{"@type":"EntryPoint","urlTemplate":"https:\/\/www.encontraminasgerais.com.br\/itajuba\/?s={search_term_string}"},"query-input":{"@type":"PropertyValueSpecification","valueRequired":true,"valueName":"search_term_string"}}],"inLanguage":"pt-BR"},{"@type":"Person","@id":"https:\/\/www.encontraminasgerais.com.br\/itajuba\/#\/schema\/person\/d26674c083ec86b440752843a690de33","name":"Encontra Itajub\u00e1","image":{"@type":"ImageObject","inLanguage":"pt-BR","@id":"https:\/\/www.encontraminasgerais.com.br\/itajuba\/#\/schema\/person\/image\/","url":"https:\/\/secure.gravatar.com\/avatar\/c50c17820bcf322f0a8fd6b110b8c0918141409dc69076470f6fca5fee70a5d4?s=96&d=mm&r=g","contentUrl":"https:\/\/secure.gravatar.com\/avatar\/c50c17820bcf322f0a8fd6b110b8c0918141409dc69076470f6fca5fee70a5d4?s=96&d=mm&r=g","caption":"Encontra Itajub\u00e1"},"url":"https:\/\/www.encontraminasgerais.com.br\/itajuba\/author\/eitajuba\/"}]}},"_links":{"self":[{"href":"https:\/\/www.encontraminasgerais.com.br\/itajuba\/wp-json\/wp\/v2\/posts\/4711","targetHints":{"allow":["GET"]}}],"collection":[{"href":"https:\/\/www.encontraminasgerais.com.br\/itajuba\/wp-json\/wp\/v2\/posts"}],"about":[{"href":"https:\/\/www.encontraminasgerais.com.br\/itajuba\/wp-json\/wp\/v2\/types\/post"}],"author":[{"embeddable":true,"href":"https:\/\/www.encontraminasgerais.com.br\/itajuba\/wp-json\/wp\/v2\/users\/1"}],"replies":[{"embeddable":true,"href":"https:\/\/www.encontraminasgerais.com.br\/itajuba\/wp-json\/wp\/v2\/comments?post=4711"}],"version-history":[{"count":0,"href":"https:\/\/www.encontraminasgerais.com.br\/itajuba\/wp-json\/wp\/v2\/posts\/4711\/revisions"}],"wp:featuredmedia":[{"embeddable":true,"href":"https:\/\/www.encontraminasgerais.com.br\/itajuba\/wp-json\/wp\/v2\/media\/4710"}],"wp:attachment":[{"href":"https:\/\/www.encontraminasgerais.com.br\/itajuba\/wp-json\/wp\/v2\/media?parent=4711"}],"wp:term":[{"taxonomy":"category","embeddable":true,"href":"https:\/\/www.encontraminasgerais.com.br\/itajuba\/wp-json\/wp\/v2\/categories?post=4711"},{"taxonomy":"post_tag","embeddable":true,"href":"https:\/\/www.encontraminasgerais.com.br\/itajuba\/wp-json\/wp\/v2\/tags?post=4711"}],"curies":[{"name":"wp","href":"https:\/\/api.w.org\/{rel}","templated":true}]}}