{"id":4713,"date":"2026-03-10T06:32:22","date_gmt":"2026-03-10T09:32:22","guid":{"rendered":"https:\/\/www.encontraminasgerais.com.br\/itajuba\/prefeitura-de-itajuba-mg-abre-processo-seletivo-com-1-vaga-para-motorista\/"},"modified":"2026-03-10T06:32:22","modified_gmt":"2026-03-10T09:32:22","slug":"prefeitura-de-itajuba-mg-abre-processo-seletivo-com-1-vaga-para-motorista","status":"publish","type":"post","link":"https:\/\/www.encontraminasgerais.com.br\/itajuba\/prefeitura-de-itajuba-mg-abre-processo-seletivo-com-1-vaga-para-motorista\/","title":{"rendered":"Prefeitura de Itajub\u00e1 MG abre processo seletivo com 1 vaga para motorista"},"content":{"rendered":"<h2>Prefeitura de Itajub\u00e1 &#8211; Processo Seletivo para Motorista<\/h2>\n<p>A Prefeitura de Itajub\u00e1, localizada na regi\u00e3o Sul de Minas Gerais, divulgou a abertura do Processo Seletivo Simplificado n\u00ba 002\/2026, visando a contrata\u00e7\u00e3o tempor\u00e1ria de um motorista. Este processo se destaca ao oferecer uma remunera\u00e7\u00e3o de R$1.614,90 para uma carga hor\u00e1ria de 40 horas por semana.<\/p>\n<h2>Detalhes do Processo Seletivo<\/h2>\n<p>O edital anunciou uma \u00fanica vaga imediata para o cargo de motorista, com as inscri\u00e7\u00f5es abertas no per\u00edodo de 9 a 12 de mar\u00e7o de 2026, realizadas exclusivamente de forma online.<\/p>\n<h3>Resumo da Vaga<\/h3>\n<table>\n<tr>\n<th>Item<\/th>\n<th>Descri\u00e7\u00e3o<\/th>\n<\/tr>\n<tr>\n<td>Cargo<\/td>\n<td>Motorista (tempor\u00e1rio)<\/td>\n<\/tr>\n<tr>\n<td>Vagas Dispon\u00edveis<\/td>\n<td>1<\/td>\n<\/tr>\n<tr>\n<td>Sal\u00e1rio<\/td>\n<td>R$1.614,90<\/td>\n<\/tr>\n<tr>\n<td>Carga Hor\u00e1ria<\/td>\n<td>40 horas semanais<\/td>\n<\/tr>\n<tr>\n<td>Per\u00edodo de Inscri\u00e7\u00e3o<\/td>\n<td>09 a 12 de mar\u00e7o de 2026<\/td>\n<\/tr>\n<tr>\n<td>Etapas de Sele\u00e7\u00e3o<\/td>\n<td>An\u00e1lise de t\u00edtulos e experi\u00eancia + Prova pr\u00e1tica<\/td>\n<\/tr>\n<tr>\n<td>Data da Prova Pr\u00e1tica<\/td>\n<td>24 de mar\u00e7o de 2026<\/td>\n<\/tr>\n<tr>\n<td>Validade do Processo<\/td>\n<td>1 ano, prorrog\u00e1vel<\/td>\n<\/tr>\n<\/table>\n<h2>Remunera\u00e7\u00e3o e Jornada de Trabalho<\/h2>\n<p>Ao ser aprovado, o candidato selecionado receber\u00e1 um sal\u00e1rio mensal de R$1.614,90, referente a uma jornada de trabalho de 40 horas semanais, focando na flexibilidade necess\u00e1ria para atender \u00e0s demandas do cargo sem comprometer a qualidade do servi\u00e7o.<\/p>\n<p><img decoding=\"async\" src=\"https:\/\/www.encontraminasgerais.com.br\/itajuba\/wp-content\/uploads\/2026\/03\/prefeitura-de-itajuba-mg-abre-processo-seletivo-com-1-vaga-para-motorista.webp\" alt=\"Prefeitura de Itajub\u00e1 MG abre processo seletivo com 1 vaga para motorista\" loading=\"lazy\" \/><\/p>\n<h2>Como Realizar a Inscri\u00e7\u00e3o<\/h2>\n<p>As inscri\u00e7\u00f5es ser\u00e3o realizadas de forma online, iniciando no dia 9 de mar\u00e7o de 2026, a partir das 13h, e se encerrando no dia 12 de mar\u00e7o de 2026, \u00e0s 16h. \u00c9 fundamental que os interessados acessem a p\u00e1gina oficial do processo seletivo para realizar a inscri\u00e7\u00e3o e obter mais informa\u00e7\u00f5es sobre as etapas do certame.<\/p>\n<h2>Requisitos para Candidatura<\/h2>\n<p>Para participar do processo seletivo, os candidatos devem atender aos seguintes requisitos:<\/p>\n<ul>\n<li><strong>Escolaridade:<\/strong> Ensino m\u00e9dio completo.<\/li>\n<li><strong>Habilita\u00e7\u00e3o:<\/strong> CNH categoria D v\u00e1lida.<\/li>\n<li><strong>Experi\u00eancia:<\/strong> M\u00ednimo de 2 anos em fun\u00e7\u00f5es similares, comprovada na Carteira de Trabalho ou em documentos administrativos.<\/li>\n<li><strong>Outras Exig\u00eancias:<\/strong> Os candidatos precisar\u00e3o passar por uma avalia\u00e7\u00e3o psicol\u00f3gica durante a admiss\u00e3o.<\/li>\n<\/ul>\n<h2>Atribui\u00e7\u00f5es do Cargo de Motorista<\/h2>\n<p>As principais atividades que o motorista dever\u00e1 realizar incluem:<\/p>\n<ul>\n<li>Conduzir ve\u00edculos de diferentes categorias, incluindo carros, caminh\u00f5es e ambul\u00e2ncias.<\/li>\n<li>Realizar verifica\u00e7\u00f5es di\u00e1rias das condi\u00e7\u00f5es dos ve\u00edculos e efetuar o preenchimento de relat\u00f3rios de controle (quilometragem, ocorr\u00eancias).<\/li>\n<li>Cuidar da manuten\u00e7\u00e3o b\u00e1sica e reparar pequenos problemas nos ve\u00edculos, bem como gerenciar revis\u00f5es.<\/li>\n<li>Garantir a seguran\u00e7a dos passageiros e seguir as rotas estipuladas pela administra\u00e7\u00e3o municipal.<\/li>\n<\/ul>\n<h2>Crit\u00e9rios de Sele\u00e7\u00e3o e Etapas<\/h2>\n<p>O processo seletivo ser\u00e1 constitu\u00eddo por duas etapas: a an\u00e1lise de t\u00edtulos e a prova pr\u00e1tica. A an\u00e1lise de t\u00edtulos considera:<\/p>\n<ul>\n<li>Cursos complementares, como dire\u00e7\u00e3o defensiva e primeiros socorros, que podem aumentar a pontua\u00e7\u00e3o.<\/li>\n<li>A experi\u00eancia anterior, que tamb\u00e9m poder\u00e1 contribuir para a classifica\u00e7\u00e3o.<\/li>\n<\/ul>\n<h3>Pontua\u00e7\u00e3o da Classifica\u00e7\u00e3o<\/h3>\n<table>\n<tr>\n<th>Crit\u00e9rio<\/th>\n<th>Pontua\u00e7\u00e3o M\u00e1xima<\/th>\n<\/tr>\n<tr>\n<td>T\u00edtulos<\/td>\n<td>60 pontos<\/td>\n<\/tr>\n<tr>\n<td>Experi\u00eancia<\/td>\n<td>40 pontos<\/td>\n<\/tr>\n<tr>\n<td>Total<\/td>\n<td>100 pontos<\/td>\n<\/tr>\n<\/table>\n<p>A prova pr\u00e1tica, por sua vez, ser\u00e1 realizada no dia 24 de mar\u00e7o de 2026, \u00e0s 9h, na Secretaria de Obras, e ter\u00e1 car\u00e1ter eliminat\u00f3rio. O candidato come\u00e7ar\u00e1 com 100 pontos, e penalidades por infra\u00e7\u00f5es de tr\u00e2nsito podem resultar na perda de pontos, conforme a descri\u00e7\u00e3o no edital.<\/p>\n<h2>Cronograma do Processo Seletivo<\/h2>\n<table>\n<tr>\n<th>Etapa<\/th>\n<th>Data<\/th>\n<\/tr>\n<tr>\n<td>Inscri\u00e7\u00f5es (online)<\/td>\n<td>09 a 12 de mar\u00e7o de 2026<\/td>\n<\/tr>\n<tr>\n<td>Lista preliminar de inscritos<\/td>\n<td>13 de mar\u00e7o de 2026<\/td>\n<\/tr>\n<tr>\n<td>Defesa de recursos sobre a lista preliminar<\/td>\n<td>16 e 17 de mar\u00e7o de 2026<\/td>\n<\/tr>\n<tr>\n<td>Lista final de inscri\u00e7\u00f5es<\/td>\n<td>18 de mar\u00e7o de 2026<\/td>\n<\/tr>\n<tr>\n<td>Prova pr\u00e1tica<\/td>\n<td>24 de mar\u00e7o de 2026<\/td>\n<\/tr>\n<tr>\n<td>Resultado provis\u00f3rio da 1\u00aa etapa<\/td>\n<td>25 de mar\u00e7o de 2026<\/td>\n<\/tr>\n<tr>\n<td>Resultado final<\/td>\n<td>31 de mar\u00e7o de 2026<\/td>\n<\/tr>\n<\/table>\n<h2>Vagas Reservadas e Inclus\u00e3o<\/h2>\n<p>Para o processo seletivo, h\u00e1 uma previs\u00e3o de inclus\u00e3o para pessoas com defici\u00eancia, que se aplicar\u00e3o apenas se houver mais de uma vaga. Os candidatos que se encaixam nessa categoria devem declarar sua condi\u00e7\u00e3o durante a inscri\u00e7\u00e3o e apresentar laudo m\u00e9dico. No que se refere a cotas raciais, estas somente ser\u00e3o aplic\u00e1veis para editais que disponibilizem 3 ou mais vagas.<\/p>\n<h2>Documenta\u00e7\u00e3o Necess\u00e1ria para a Convoca\u00e7\u00e3o<\/h2>\n<p>Os candidatos convocados dever\u00e3o apresentar a seguinte documenta\u00e7\u00e3o:<\/p>\n<ul>\n<li>RG e CPF;<\/li>\n<li>Carteira de Trabalho (f\u00edsica ou digital);<\/li>\n<li>Comprovante de escolaridade;<\/li>\n<li>CNH categoria D;<\/li>\n<li>Comprovantes de regularidade eleitoral e, para homens, do servi\u00e7o militar;<\/li>\n<li>Certid\u00e3o negativa de antecedentes criminais;<\/li>\n<li>Declara\u00e7\u00e3o de inexist\u00eancia de ac\u00famulo de cargos;<\/li>\n<li>Outros documentos conforme indicado no edital.<\/li>\n<\/ul>\n<h2>Informa\u00e7\u00f5es Adicionais e Links \u00dateis<\/h2>\n<p>Para mais detalhes sobre o modo de inscri\u00e7\u00e3o e para acessar o edital completo, os interessados devem visitar a p\u00e1gina oficial do processo seletivo na Prefeitura de Itajub\u00e1. Nela, tamb\u00e9m \u00e9 poss\u00edvel consultar a lista de todos os processos seletivos em andamento.<\/p>\n<ul>\n<li><a href=\"https:\/\/www.itajuba.mg.gov.br\/detalhe-do-processo-seletivo\/info\/processo-seletivo-simplificado-2-2026\/27\">P\u00e1gina do processo seletivo<\/a><\/li>\n<li><a href=\"https:\/\/www.itajuba.mg.gov.br\/processos-seletivos\">Lista de processos seletivos<\/a><\/li>\n<li><a href=\"https:\/\/www.dosp.com.br\/exibe_doc.php?i=MjUyNTY3OA%3D%3D\">Publica\u00e7\u00e3o no Di\u00e1rio Oficial<\/a><\/li>\n<\/ul>\n<p>Vale ressaltar que a inscri\u00e7\u00e3o implica na aceita\u00e7\u00e3o de todas as regras estabelecidas no edital. Portanto, \u00e9 essencial manter-se atualizado com os comunicados oficiais para n\u00e3o perder prazos ou informa\u00e7\u00f5es importantes.<\/p>\n","protected":false},"excerpt":{"rendered":"<p>Prefeitura de Itajub\u00e1 MG abre processo seletivo para motorista tempor\u00e1rio com sal\u00e1rio de R$1.614.<\/p>\n","protected":false},"author":1,"featured_media":4712,"comment_status":"open","ping_status":"open","sticky":false,"template":"","format":"standard","meta":{"footnotes":""},"categories":[5],"tags":[],"class_list":["post-4713","post","type-post","status-publish","format-standard","has-post-thumbnail","hentry","category-noticias","has_thumb"],"yoast_head":"<!-- This site is optimized with the Yoast SEO plugin v26.3 - https:\/\/yoast.com\/wordpress\/plugins\/seo\/ -->\n<title>Prefeitura de Itajub\u00e1 MG abre processo seletivo com 1 vaga para motorista | Encontra Itajub\u00e1<\/title>\n<meta name=\"robots\" content=\"index, follow, max-snippet:-1, max-image-preview:large, max-video-preview:-1\" \/>\n<link rel=\"canonical\" href=\"https:\/\/www.encontraminasgerais.com.br\/itajuba\/prefeitura-de-itajuba-mg-abre-processo-seletivo-com-1-vaga-para-motorista\/\" \/>\n<meta property=\"og:locale\" content=\"pt_BR\" \/>\n<meta property=\"og:type\" content=\"article\" \/>\n<meta property=\"og:title\" content=\"Prefeitura de Itajub\u00e1 MG abre processo seletivo com 1 vaga para motorista | Encontra Itajub\u00e1\" \/>\n<meta property=\"og:description\" content=\"Prefeitura de Itajub\u00e1 MG abre processo seletivo para motorista tempor\u00e1rio com sal\u00e1rio de R$1.614.\" \/>\n<meta property=\"og:url\" content=\"https:\/\/www.encontraminasgerais.com.br\/itajuba\/prefeitura-de-itajuba-mg-abre-processo-seletivo-com-1-vaga-para-motorista\/\" \/>\n<meta property=\"og:site_name\" content=\"Encontra Itajub\u00e1\" \/>\n<meta property=\"article:published_time\" content=\"2026-03-10T09:32:22+00:00\" \/>\n<meta property=\"og:image\" content=\"https:\/\/www.encontraminasgerais.com.br\/itajuba\/wp-content\/uploads\/2026\/03\/prefeitura-de-itajuba-mg-abre-processo-seletivo-com-1-vaga-para-motorista.webp\" \/>\n<meta name=\"author\" content=\"Encontra Itajub\u00e1\" \/>\n<meta name=\"twitter:card\" content=\"summary_large_image\" \/>\n<meta name=\"twitter:label1\" content=\"Escrito por\" \/>\n\t<meta name=\"twitter:data1\" content=\"Encontra Itajub\u00e1\" \/>\n\t<meta name=\"twitter:label2\" content=\"Est. tempo de leitura\" \/>\n\t<meta name=\"twitter:data2\" content=\"4 minutos\" \/>\n<script type=\"application\/ld+json\" class=\"yoast-schema-graph\">{\"@context\":\"https:\/\/schema.org\",\"@graph\":[{\"@type\":\"WebPage\",\"@id\":\"https:\/\/www.encontraminasgerais.com.br\/itajuba\/prefeitura-de-itajuba-mg-abre-processo-seletivo-com-1-vaga-para-motorista\/\",\"url\":\"https:\/\/www.encontraminasgerais.com.br\/itajuba\/prefeitura-de-itajuba-mg-abre-processo-seletivo-com-1-vaga-para-motorista\/\",\"name\":\"Prefeitura de Itajub\u00e1 MG abre processo seletivo com 1 vaga para motorista | Encontra Itajub\u00e1\",\"isPartOf\":{\"@id\":\"https:\/\/www.encontraminasgerais.com.br\/itajuba\/#website\"},\"primaryImageOfPage\":{\"@id\":\"https:\/\/www.encontraminasgerais.com.br\/itajuba\/prefeitura-de-itajuba-mg-abre-processo-seletivo-com-1-vaga-para-motorista\/#primaryimage\"},\"image\":{\"@id\":\"https:\/\/www.encontraminasgerais.com.br\/itajuba\/prefeitura-de-itajuba-mg-abre-processo-seletivo-com-1-vaga-para-motorista\/#primaryimage\"},\"thumbnailUrl\":\"https:\/\/www.encontraminasgerais.com.br\/itajuba\/wp-content\/uploads\/2026\/03\/prefeitura-de-itajuba-mg-abre-processo-seletivo-com-1-vaga-para-motorista.webp\",\"datePublished\":\"2026-03-10T09:32:22+00:00\",\"author\":{\"@id\":\"https:\/\/www.encontraminasgerais.com.br\/itajuba\/#\/schema\/person\/d26674c083ec86b440752843a690de33\"},\"inLanguage\":\"pt-BR\",\"potentialAction\":[{\"@type\":\"ReadAction\",\"target\":[\"https:\/\/www.encontraminasgerais.com.br\/itajuba\/prefeitura-de-itajuba-mg-abre-processo-seletivo-com-1-vaga-para-motorista\/\"]}]},{\"@type\":\"ImageObject\",\"inLanguage\":\"pt-BR\",\"@id\":\"https:\/\/www.encontraminasgerais.com.br\/itajuba\/prefeitura-de-itajuba-mg-abre-processo-seletivo-com-1-vaga-para-motorista\/#primaryimage\",\"url\":\"https:\/\/www.encontraminasgerais.com.br\/itajuba\/wp-content\/uploads\/2026\/03\/prefeitura-de-itajuba-mg-abre-processo-seletivo-com-1-vaga-para-motorista.webp\",\"contentUrl\":\"https:\/\/www.encontraminasgerais.com.br\/itajuba\/wp-content\/uploads\/2026\/03\/prefeitura-de-itajuba-mg-abre-processo-seletivo-com-1-vaga-para-motorista.webp\",\"width\":280,\"height\":280,\"caption\":\"Prefeitura de Itajub\u00e1 MG abre processo seletivo com 1 vaga para motorista\"},{\"@type\":\"WebSite\",\"@id\":\"https:\/\/www.encontraminasgerais.com.br\/itajuba\/#website\",\"url\":\"https:\/\/www.encontraminasgerais.com.br\/itajuba\/\",\"name\":\"Encontra Itajub\u00e1\",\"description\":\"ENCONTRA ITAJUB\u00c1 - O guia comercial de neg\u00f3cios e empresas, cultura e divers\u00e3o na cidade de Itajub\u00e1. Feito 100% para voc\u00ea morador!\",\"potentialAction\":[{\"@type\":\"SearchAction\",\"target\":{\"@type\":\"EntryPoint\",\"urlTemplate\":\"https:\/\/www.encontraminasgerais.com.br\/itajuba\/?s={search_term_string}\"},\"query-input\":{\"@type\":\"PropertyValueSpecification\",\"valueRequired\":true,\"valueName\":\"search_term_string\"}}],\"inLanguage\":\"pt-BR\"},{\"@type\":\"Person\",\"@id\":\"https:\/\/www.encontraminasgerais.com.br\/itajuba\/#\/schema\/person\/d26674c083ec86b440752843a690de33\",\"name\":\"Encontra Itajub\u00e1\",\"image\":{\"@type\":\"ImageObject\",\"inLanguage\":\"pt-BR\",\"@id\":\"https:\/\/www.encontraminasgerais.com.br\/itajuba\/#\/schema\/person\/image\/\",\"url\":\"https:\/\/secure.gravatar.com\/avatar\/c50c17820bcf322f0a8fd6b110b8c0918141409dc69076470f6fca5fee70a5d4?s=96&d=mm&r=g\",\"contentUrl\":\"https:\/\/secure.gravatar.com\/avatar\/c50c17820bcf322f0a8fd6b110b8c0918141409dc69076470f6fca5fee70a5d4?s=96&d=mm&r=g\",\"caption\":\"Encontra Itajub\u00e1\"},\"url\":\"https:\/\/www.encontraminasgerais.com.br\/itajuba\/author\/eitajuba\/\"}]}<\/script>\n<!-- \/ Yoast SEO plugin. -->","yoast_head_json":{"title":"Prefeitura de Itajub\u00e1 MG abre processo seletivo com 1 vaga para motorista | Encontra Itajub\u00e1","robots":{"index":"index","follow":"follow","max-snippet":"max-snippet:-1","max-image-preview":"max-image-preview:large","max-video-preview":"max-video-preview:-1"},"canonical":"https:\/\/www.encontraminasgerais.com.br\/itajuba\/prefeitura-de-itajuba-mg-abre-processo-seletivo-com-1-vaga-para-motorista\/","og_locale":"pt_BR","og_type":"article","og_title":"Prefeitura de Itajub\u00e1 MG abre processo seletivo com 1 vaga para motorista | Encontra Itajub\u00e1","og_description":"Prefeitura de Itajub\u00e1 MG abre processo seletivo para motorista tempor\u00e1rio com sal\u00e1rio de R$1.614.","og_url":"https:\/\/www.encontraminasgerais.com.br\/itajuba\/prefeitura-de-itajuba-mg-abre-processo-seletivo-com-1-vaga-para-motorista\/","og_site_name":"Encontra Itajub\u00e1","article_published_time":"2026-03-10T09:32:22+00:00","og_image":[{"url":"https:\/\/www.encontraminasgerais.com.br\/itajuba\/wp-content\/uploads\/2026\/03\/prefeitura-de-itajuba-mg-abre-processo-seletivo-com-1-vaga-para-motorista.webp","type":"","width":"","height":""}],"author":"Encontra Itajub\u00e1","twitter_card":"summary_large_image","twitter_misc":{"Escrito por":"Encontra Itajub\u00e1","Est. tempo de leitura":"4 minutos"},"schema":{"@context":"https:\/\/schema.org","@graph":[{"@type":"WebPage","@id":"https:\/\/www.encontraminasgerais.com.br\/itajuba\/prefeitura-de-itajuba-mg-abre-processo-seletivo-com-1-vaga-para-motorista\/","url":"https:\/\/www.encontraminasgerais.com.br\/itajuba\/prefeitura-de-itajuba-mg-abre-processo-seletivo-com-1-vaga-para-motorista\/","name":"Prefeitura de Itajub\u00e1 MG abre processo seletivo com 1 vaga para motorista | Encontra Itajub\u00e1","isPartOf":{"@id":"https:\/\/www.encontraminasgerais.com.br\/itajuba\/#website"},"primaryImageOfPage":{"@id":"https:\/\/www.encontraminasgerais.com.br\/itajuba\/prefeitura-de-itajuba-mg-abre-processo-seletivo-com-1-vaga-para-motorista\/#primaryimage"},"image":{"@id":"https:\/\/www.encontraminasgerais.com.br\/itajuba\/prefeitura-de-itajuba-mg-abre-processo-seletivo-com-1-vaga-para-motorista\/#primaryimage"},"thumbnailUrl":"https:\/\/www.encontraminasgerais.com.br\/itajuba\/wp-content\/uploads\/2026\/03\/prefeitura-de-itajuba-mg-abre-processo-seletivo-com-1-vaga-para-motorista.webp","datePublished":"2026-03-10T09:32:22+00:00","author":{"@id":"https:\/\/www.encontraminasgerais.com.br\/itajuba\/#\/schema\/person\/d26674c083ec86b440752843a690de33"},"inLanguage":"pt-BR","potentialAction":[{"@type":"ReadAction","target":["https:\/\/www.encontraminasgerais.com.br\/itajuba\/prefeitura-de-itajuba-mg-abre-processo-seletivo-com-1-vaga-para-motorista\/"]}]},{"@type":"ImageObject","inLanguage":"pt-BR","@id":"https:\/\/www.encontraminasgerais.com.br\/itajuba\/prefeitura-de-itajuba-mg-abre-processo-seletivo-com-1-vaga-para-motorista\/#primaryimage","url":"https:\/\/www.encontraminasgerais.com.br\/itajuba\/wp-content\/uploads\/2026\/03\/prefeitura-de-itajuba-mg-abre-processo-seletivo-com-1-vaga-para-motorista.webp","contentUrl":"https:\/\/www.encontraminasgerais.com.br\/itajuba\/wp-content\/uploads\/2026\/03\/prefeitura-de-itajuba-mg-abre-processo-seletivo-com-1-vaga-para-motorista.webp","width":280,"height":280,"caption":"Prefeitura de Itajub\u00e1 MG abre processo seletivo com 1 vaga para motorista"},{"@type":"WebSite","@id":"https:\/\/www.encontraminasgerais.com.br\/itajuba\/#website","url":"https:\/\/www.encontraminasgerais.com.br\/itajuba\/","name":"Encontra Itajub\u00e1","description":"ENCONTRA ITAJUB\u00c1 - O guia comercial de neg\u00f3cios e empresas, cultura e divers\u00e3o na cidade de Itajub\u00e1. Feito 100% para voc\u00ea morador!","potentialAction":[{"@type":"SearchAction","target":{"@type":"EntryPoint","urlTemplate":"https:\/\/www.encontraminasgerais.com.br\/itajuba\/?s={search_term_string}"},"query-input":{"@type":"PropertyValueSpecification","valueRequired":true,"valueName":"search_term_string"}}],"inLanguage":"pt-BR"},{"@type":"Person","@id":"https:\/\/www.encontraminasgerais.com.br\/itajuba\/#\/schema\/person\/d26674c083ec86b440752843a690de33","name":"Encontra Itajub\u00e1","image":{"@type":"ImageObject","inLanguage":"pt-BR","@id":"https:\/\/www.encontraminasgerais.com.br\/itajuba\/#\/schema\/person\/image\/","url":"https:\/\/secure.gravatar.com\/avatar\/c50c17820bcf322f0a8fd6b110b8c0918141409dc69076470f6fca5fee70a5d4?s=96&d=mm&r=g","contentUrl":"https:\/\/secure.gravatar.com\/avatar\/c50c17820bcf322f0a8fd6b110b8c0918141409dc69076470f6fca5fee70a5d4?s=96&d=mm&r=g","caption":"Encontra Itajub\u00e1"},"url":"https:\/\/www.encontraminasgerais.com.br\/itajuba\/author\/eitajuba\/"}]}},"_links":{"self":[{"href":"https:\/\/www.encontraminasgerais.com.br\/itajuba\/wp-json\/wp\/v2\/posts\/4713","targetHints":{"allow":["GET"]}}],"collection":[{"href":"https:\/\/www.encontraminasgerais.com.br\/itajuba\/wp-json\/wp\/v2\/posts"}],"about":[{"href":"https:\/\/www.encontraminasgerais.com.br\/itajuba\/wp-json\/wp\/v2\/types\/post"}],"author":[{"embeddable":true,"href":"https:\/\/www.encontraminasgerais.com.br\/itajuba\/wp-json\/wp\/v2\/users\/1"}],"replies":[{"embeddable":true,"href":"https:\/\/www.encontraminasgerais.com.br\/itajuba\/wp-json\/wp\/v2\/comments?post=4713"}],"version-history":[{"count":0,"href":"https:\/\/www.encontraminasgerais.com.br\/itajuba\/wp-json\/wp\/v2\/posts\/4713\/revisions"}],"wp:featuredmedia":[{"embeddable":true,"href":"https:\/\/www.encontraminasgerais.com.br\/itajuba\/wp-json\/wp\/v2\/media\/4712"}],"wp:attachment":[{"href":"https:\/\/www.encontraminasgerais.com.br\/itajuba\/wp-json\/wp\/v2\/media?parent=4713"}],"wp:term":[{"taxonomy":"category","embeddable":true,"href":"https:\/\/www.encontraminasgerais.com.br\/itajuba\/wp-json\/wp\/v2\/categories?post=4713"},{"taxonomy":"post_tag","embeddable":true,"href":"https:\/\/www.encontraminasgerais.com.br\/itajuba\/wp-json\/wp\/v2\/tags?post=4713"}],"curies":[{"name":"wp","href":"https:\/\/api.w.org\/{rel}","templated":true}]}}