{"id":4717,"date":"2026-03-10T06:35:32","date_gmt":"2026-03-10T09:35:32","guid":{"rendered":"https:\/\/www.encontraminasgerais.com.br\/itajuba\/padre-rodrigo-assume-administracao-da-paroquia-sao-judas-tadeu\/"},"modified":"2026-03-10T06:35:32","modified_gmt":"2026-03-10T09:35:32","slug":"padre-rodrigo-assume-administracao-da-paroquia-sao-judas-tadeu","status":"publish","type":"post","link":"https:\/\/www.encontraminasgerais.com.br\/itajuba\/padre-rodrigo-assume-administracao-da-paroquia-sao-judas-tadeu\/","title":{"rendered":"Padre Rodrigo assume administra\u00e7\u00e3o da Par\u00f3quia S\u00e3o Judas Tadeu"},"content":{"rendered":"<h2>A Cerim\u00f4nia de Posse<\/h2>\n<p>No \u00faltimo s\u00e1bado, dia 07 de mar\u00e7o, a Par\u00f3quia S\u00e3o Judas Tadeu, localizada em Cubat\u00e3o, deu as boas-vindas ao seu novo administrador paroquial, padre Rodrigo Carneiro Paiva Mendes. A cerim\u00f4nia de posse can\u00f4nica foi marcada por uma celebra\u00e7\u00e3o da Santa Missa, que teve in\u00edcio \u00e0s 19h, e foi presidida pelo bispo diocesano de Amparo, Dom Luiz Gonzaga Fechio. Esta ocasi\u00e3o especial foi um momento de grande significado para a comunidade e para o novo sacerdote.<\/p>\n<p>A celebra\u00e7\u00e3o come\u00e7ou com a acolhida calorosa do novo administrador pela comunidade, onde os fi\u00e9is manifestaram sua alegria e expectativas. Em seguida, o vig\u00e1rio for\u00e2neo, padre Jo\u00e3o Gon\u00e7alves, realizou a leitura da provis\u00e3o de Administrador Paroquial, um documento reconhecido pela Igreja que oficializa a nomea\u00e7\u00e3o. A assinatura do documento foi feita pelo chanceler do bispado, padre Francis Tadeu, refor\u00e7ando a legitimidade da nova fun\u00e7\u00e3o de padre Rodrigo.<\/p>\n<h2>O que Significa ser Administrador Paroquial?<\/h2>\n<p>O papel de um administrador paroquial envolve diversas responsabilidades, incluindo a supervis\u00e3o das atividades da par\u00f3quia, o cuidado pastoral com as comunidades que fazem parte dela e a gest\u00e3o financeira das atividades eclesi\u00e1sticas. Ao receber as chaves da igreja das m\u00e3os de Dom Luiz Gonzaga, padre Rodrigo assume um compromisso s\u00e9rio com sua nova miss\u00e3o, que envolve tanto o aspecto espiritual quanto administrativo da par\u00f3quia.<\/p>\n<p><img decoding=\"async\" src=\"https:\/\/www.encontraminasgerais.com.br\/itajuba\/wp-content\/uploads\/2026\/03\/padre-rodrigo-assume-administracao-da-paroquia-sao-judas-tadeu.webp\" alt=\"Padre Rodrigo assume administra\u00e7\u00e3o da Par\u00f3quia S\u00e3o Judas Tadeu\" loading=\"lazy\" \/><\/p>\n<p>A entrega das chaves simboliza o in\u00edcio de uma jornada de cuidado e dedica\u00e7\u00e3o ao minist\u00e9rio, onde o novo administrador se torna a figura central na condu\u00e7\u00e3o das pr\u00e1ticas religiosas e na promo\u00e7\u00e3o do bem-estar da comunidade. Al\u00e9m de ser um l\u00edder espiritual, um administrador paroquial deve ser um bom gestor, equilibrando as necessidades espirituais e pr\u00e1ticas da par\u00f3quia.<\/p>\n<h2>O Legado do Padre Carlos<\/h2>\n<p>\u00c9 importante notar que a transi\u00e7\u00e3o de lideran\u00e7a na Par\u00f3quia S\u00e3o Judas Tadeu ocorre em um contexto de luto, uma vez que o anterior administrador, padre Carlos Augusto Semensim, faleceu recentemente devido a complica\u00e7\u00f5es relacionadas ao c\u00e2ncer. Durante a homilia, Dom Luiz refletiu sobre a saudade e o impacto que padre Carlos teve na comunidade, ressaltando a necessidade de reconhecer e continuar o legado constru\u00eddo por ele ao longo dos anos.<\/p>\n<p>O falecimento de padre Carlos deixou um vazio significativo entre os fi\u00e9is, e a presen\u00e7a de padre Rodrigo como novo administrador tem como objetivo ajudar a comunidade a se reerguer neste momento delicado, oferecendo consola\u00e7\u00f5es e novas esperan\u00e7as. O desafio de substituir um l\u00edder t\u00e3o querido \u00e9 grande, mas a tradi\u00e7\u00e3o de f\u00e9 e resili\u00eancia da par\u00f3quia pode servir como um alicerce para essa nova fase.<\/p>\n<h2>O Papel da Comunidade na Par\u00f3quia<\/h2>\n<p>A colabora\u00e7\u00e3o e o envolvimento da comunidade s\u00e3o cruciais para o sucesso de um administrador paroquial. Durante a missa de posse, representantes das diversas pastorais e movimentos presentes na par\u00f3quia tiveram a oportunidade de saudar padre Rodrigo, simbolizando a recep\u00e7\u00e3o e o acolhimento. A intera\u00e7\u00e3o entre o novo padre e os membros da comunidade \u00e9 vital para a consolida\u00e7\u00e3o de um minist\u00e9rio participativo e colaborativo.<\/p>\n<p>A Par\u00f3quia S\u00e3o Judas Tadeu \u00e9 reconhecida por sua vibrante intera\u00e7\u00e3o com os fi\u00e9is, promovendo a\u00e7\u00f5es sociais e religiosas que envolvem todos os aspectos da vida paroquial. O apoio da comunidade \u00e9 uma fonte de motiva\u00e7\u00e3o e inspira\u00e7\u00f5es para o novo administrador, pois um sacerdote que se sente acolhido e respaldado tende a ser mais eficaz em suas fun\u00e7\u00f5es pastorais.<\/p>\n<h2>Celebrando 60 Anos da Par\u00f3quia<\/h2>\n<p>Fundada em 27 de fevereiro de 1967, a Par\u00f3quia S\u00e3o Judas Tadeu prepara-se para comemorar seu jubileu de 60 anos. Este marco n\u00e3o \u00e9 apenas uma celebra\u00e7\u00e3o do passado, mas um convite para olhar para o futuro com renovado vigor e esperan\u00e7a. Padre Rodrigo, ao assumir sua nova responsabilidade, entra em um momento significativo para a par\u00f3quia e seus fi\u00e9is, que esperam ansiosamente pelas festividades que marcar\u00e3o esta importante data.<\/p>\n<p>Essa celebra\u00e7\u00e3o do jubileu servir\u00e1 para refor\u00e7ar a identidade e a miss\u00e3o da par\u00f3quia, reunindo as diversas comunidades e grupos da igreja que comp\u00f5em o todo. As festividades prometem incluir atividades que envolvem a hist\u00f3ria da par\u00f3quia e momentos de espiritualidade e celebra\u00e7\u00e3o comunit\u00e1ria.<\/p>\n<h2>As Pastorais e Movimentos da Par\u00f3quia<\/h2>\n<p>A Par\u00f3quia S\u00e3o Judas Tadeu \u00e9 rica em diversidade, contando com uma variedade de pastorais e movimentos que atendem a diferentes demandas e interesses da comunidade. Entre eles, destacam-se a Sociedade S\u00e3o Vicente de Paulo, a Pastoral da Crian\u00e7a, a Catequese, o Crisma, o Encontro de Casais com Cristo (ECC), o Encontro de Noivos, e o Movimento M\u00e3e Rainha.<\/p>\n<p>Al\u00e9m disso, a par\u00f3quia abriga grupos de canto e ora\u00e7\u00e3o, liturgia, PASCOM (Pastoral da Comunica\u00e7\u00e3o), Treinamento de Lideran\u00e7a Crist\u00e3 (TLC) e o Conselho de Assuntos Econ\u00f4micos Paroquiais (CAEP). Essa variedade de grupos \u00e9 uma demonstra\u00e7\u00e3o da vitalidade e do engajamento da comunidade, que permite atender \u00e0s diferentes necessidades dos fi\u00e9is e refor\u00e7ar os la\u00e7os de pertencimento e missionariedade.<\/p>\n<h2>Expectativas para o Novo Administrador<\/h2>\n<p>As expectativas sobre padre Rodrigo s\u00e3o elevadas, tanto por parte dos membros da par\u00f3quia quanto pela diocese. Sua trajet\u00f3ria antes de assumir a par\u00f3quia foi marcada por experi\u00eancias diversas em diferentes comunidades, onde teve a oportunidade de desenvolver seu minist\u00e9rio e se conectar profundamente com os fi\u00e9is.<\/p>\n<p>Os paroquianos esperam que ele traga uma abordagem inovadora, ao mesmo tempo respeitando a tradi\u00e7\u00e3o e o legado deixado por seus predecessores. O di\u00e1logo aberto com os fi\u00e9is e a disposi\u00e7\u00e3o para escutar suas necessidades s\u00e3o fundamentais para que padre Rodrigo possa se estabelecer como um verdadeiro l\u00edder na par\u00f3quia.<\/p>\n<h2>Como a Par\u00f3quia Enfrentou a Transi\u00e7\u00e3o<\/h2>\n<p>A transi\u00e7\u00e3o de lideran\u00e7a \u00e9, por natureza, um desafio. Por\u00e9m, a Par\u00f3quia S\u00e3o Judas Tadeu tem demonstrado uma resili\u00eancia admir\u00e1vel. Durante o per\u00edodo de luto pela perda do padre Carlos, a comunidade se uniu para apoiar uns aos outros, criando um ambiente de solidariedade e compreens\u00e3o.<\/p>\n<p>Com padre Rodrigo assumindo oficialmente sua fun\u00e7\u00e3o, a par\u00f3quia agora busca seguir em frente, solidificando a unidade e a for\u00e7a entre todos os integrantes da comunidade. O momento de transi\u00e7\u00e3o, embora repleto de saudade, tamb\u00e9m \u00e9 uma oportunidade para reafirmar a miss\u00e3o e os valores da par\u00f3quia, que s\u00e3o fundamentais para a continuidade do trabalho pastoral.<\/p>\n<h2>A Mensagem de Esperan\u00e7a do Bispo<\/h2>\n<p>Na homilia da cerim\u00f4nia, Dom Luiz Gonzaga utilizou como refer\u00eancia o Evangelho do terceiro domingo da Quaresma, que fala da \u201c\u00e1gua viva que jorra para a vida eterna\u201d. Essa mensagem \u00e9 extremamente significativa \u00e0 luz da nova realidade da par\u00f3quia. A Palavra de Deus serve como um guia, convidando os fi\u00e9is a n\u00e3o endurecer seus cora\u00e7\u00f5es e a se abrirem para as novas possibilidades que chegam com a nova lideran\u00e7a.<\/p>\n<p>Ele lembrou a experi\u00eancia do povo de Israel no deserto, o quanto o encontrar Jesus impactou a vida da mulher samaritana, ilustrando como a f\u00e9 e a esperan\u00e7a podem transformar o cora\u00e7\u00e3o das pessoas. O bispo enfatizou que essa nova fase com padre Rodrigo \u00e9 uma chance de renova\u00e7\u00e3o e que todos s\u00e3o convidados a engrossar as fileiras do evangelho e a buscar formas de atender \u00e0s necessidades espirituais da comunidade.<\/p>\n<h2>A Trajet\u00f3ria do Padre Rodrigo na Igreja<\/h2>\n<p>Padre Rodrigo \u00e9 natural de Santa Rita do Sapuca\u00ed, onde sua hist\u00f3ria vocacional come\u00e7ou. Durante a cerim\u00f4nia de posse, ele expressou a felicidade em assumir a par\u00f3quia dedicada a S\u00e3o Judas Tadeu, coincidentemente seu padroeiro, visto que nasceu no dia dedicado a esse santo. Esta conex\u00e3o pessoal d\u00e1 um significado especial \u00e0 sua nova miss\u00e3o, refletindo um prop\u00f3sito claro em seu trabalho.<\/p>\n<p>Ao longo de sua trajet\u00f3ria, ele tem buscado servir sua igreja e as comunidades onde passou, sempre com um olhar atento \u00e0s necessidades dos fi\u00e9is. Em sua mensagem ap\u00f3s a posse, padre Rodrigo reafirmou seu compromisso de trabalhar junto \u00e0 Diocese de Amparo na miss\u00e3o de evangeliza\u00e7\u00e3o, destacando sua disposi\u00e7\u00e3o a colaborar com o bispo e com todos os demais padres da regi\u00e3o.<\/p>\n<p>Esse desejo de servir de forma genu\u00edna e desinteressada \u00e9 algo que os fi\u00e9is valorizam profundamente. Eles esperam que sua lideran\u00e7a traga renova\u00e7\u00e3o e entusiasmo \u00e0s atividades paroquiais, contribuindo para um crescimento espiritual e comunit\u00e1rio.<\/p>\n<p>O futuro da Par\u00f3quia S\u00e3o Judas Tadeu \u00e9 promissor, e com padre Rodrigo no comando, a comunidade est\u00e1 armada com um novo \u00e2nimo para enfrentar os desafios e oportunidades que se apresentam. A presen\u00e7a de um novo l\u00edder \u00e9 sempre um momento de renova\u00e7\u00e3o e esperan\u00e7a, sinalizando que a vida da par\u00f3quia continua forte e vibrante.<\/p>\n","protected":false},"excerpt":{"rendered":"<p>Padre Rodrigo assume a Par\u00f3quia S\u00e3o Judas Tadeu em emocionante cerim\u00f4nia.<\/p>\n","protected":false},"author":1,"featured_media":4716,"comment_status":"open","ping_status":"open","sticky":false,"template":"","format":"standard","meta":{"footnotes":""},"categories":[5],"tags":[],"class_list":["post-4717","post","type-post","status-publish","format-standard","has-post-thumbnail","hentry","category-noticias","has_thumb"],"yoast_head":"<!-- This site is optimized with the Yoast SEO plugin v26.3 - https:\/\/yoast.com\/wordpress\/plugins\/seo\/ -->\n<title>Padre Rodrigo assume administra\u00e7\u00e3o da Par\u00f3quia S\u00e3o Judas Tadeu | Encontra Itajub\u00e1<\/title>\n<meta name=\"robots\" content=\"index, follow, max-snippet:-1, max-image-preview:large, max-video-preview:-1\" \/>\n<link rel=\"canonical\" href=\"https:\/\/www.encontraminasgerais.com.br\/itajuba\/padre-rodrigo-assume-administracao-da-paroquia-sao-judas-tadeu\/\" \/>\n<meta property=\"og:locale\" content=\"pt_BR\" \/>\n<meta property=\"og:type\" content=\"article\" \/>\n<meta property=\"og:title\" content=\"Padre Rodrigo assume administra\u00e7\u00e3o da Par\u00f3quia S\u00e3o Judas Tadeu | Encontra Itajub\u00e1\" \/>\n<meta property=\"og:description\" content=\"Padre Rodrigo assume a Par\u00f3quia S\u00e3o Judas Tadeu em emocionante cerim\u00f4nia.\" \/>\n<meta property=\"og:url\" content=\"https:\/\/www.encontraminasgerais.com.br\/itajuba\/padre-rodrigo-assume-administracao-da-paroquia-sao-judas-tadeu\/\" \/>\n<meta property=\"og:site_name\" content=\"Encontra Itajub\u00e1\" \/>\n<meta property=\"article:published_time\" content=\"2026-03-10T09:35:32+00:00\" \/>\n<meta property=\"og:image\" content=\"https:\/\/www.encontraminasgerais.com.br\/itajuba\/wp-content\/uploads\/2026\/03\/padre-rodrigo-assume-administracao-da-paroquia-sao-judas-tadeu.webp\" \/>\n<meta name=\"author\" content=\"Encontra Itajub\u00e1\" \/>\n<meta name=\"twitter:card\" content=\"summary_large_image\" \/>\n<meta name=\"twitter:label1\" content=\"Escrito por\" \/>\n\t<meta name=\"twitter:data1\" content=\"Encontra Itajub\u00e1\" \/>\n\t<meta name=\"twitter:label2\" content=\"Est. tempo de leitura\" \/>\n\t<meta name=\"twitter:data2\" content=\"8 minutos\" \/>\n<script type=\"application\/ld+json\" class=\"yoast-schema-graph\">{\"@context\":\"https:\/\/schema.org\",\"@graph\":[{\"@type\":\"WebPage\",\"@id\":\"https:\/\/www.encontraminasgerais.com.br\/itajuba\/padre-rodrigo-assume-administracao-da-paroquia-sao-judas-tadeu\/\",\"url\":\"https:\/\/www.encontraminasgerais.com.br\/itajuba\/padre-rodrigo-assume-administracao-da-paroquia-sao-judas-tadeu\/\",\"name\":\"Padre Rodrigo assume administra\u00e7\u00e3o da Par\u00f3quia S\u00e3o Judas Tadeu | Encontra Itajub\u00e1\",\"isPartOf\":{\"@id\":\"https:\/\/www.encontraminasgerais.com.br\/itajuba\/#website\"},\"primaryImageOfPage\":{\"@id\":\"https:\/\/www.encontraminasgerais.com.br\/itajuba\/padre-rodrigo-assume-administracao-da-paroquia-sao-judas-tadeu\/#primaryimage\"},\"image\":{\"@id\":\"https:\/\/www.encontraminasgerais.com.br\/itajuba\/padre-rodrigo-assume-administracao-da-paroquia-sao-judas-tadeu\/#primaryimage\"},\"thumbnailUrl\":\"https:\/\/www.encontraminasgerais.com.br\/itajuba\/wp-content\/uploads\/2026\/03\/padre-rodrigo-assume-administracao-da-paroquia-sao-judas-tadeu.webp\",\"datePublished\":\"2026-03-10T09:35:32+00:00\",\"author\":{\"@id\":\"https:\/\/www.encontraminasgerais.com.br\/itajuba\/#\/schema\/person\/d26674c083ec86b440752843a690de33\"},\"inLanguage\":\"pt-BR\",\"potentialAction\":[{\"@type\":\"ReadAction\",\"target\":[\"https:\/\/www.encontraminasgerais.com.br\/itajuba\/padre-rodrigo-assume-administracao-da-paroquia-sao-judas-tadeu\/\"]}]},{\"@type\":\"ImageObject\",\"inLanguage\":\"pt-BR\",\"@id\":\"https:\/\/www.encontraminasgerais.com.br\/itajuba\/padre-rodrigo-assume-administracao-da-paroquia-sao-judas-tadeu\/#primaryimage\",\"url\":\"https:\/\/www.encontraminasgerais.com.br\/itajuba\/wp-content\/uploads\/2026\/03\/padre-rodrigo-assume-administracao-da-paroquia-sao-judas-tadeu.webp\",\"contentUrl\":\"https:\/\/www.encontraminasgerais.com.br\/itajuba\/wp-content\/uploads\/2026\/03\/padre-rodrigo-assume-administracao-da-paroquia-sao-judas-tadeu.webp\",\"width\":280,\"height\":280,\"caption\":\"Padre Rodrigo assume administra\u00e7\u00e3o da Par\u00f3quia S\u00e3o Judas Tadeu\"},{\"@type\":\"WebSite\",\"@id\":\"https:\/\/www.encontraminasgerais.com.br\/itajuba\/#website\",\"url\":\"https:\/\/www.encontraminasgerais.com.br\/itajuba\/\",\"name\":\"Encontra Itajub\u00e1\",\"description\":\"ENCONTRA ITAJUB\u00c1 - O guia comercial de neg\u00f3cios e empresas, cultura e divers\u00e3o na cidade de Itajub\u00e1. Feito 100% para voc\u00ea morador!\",\"potentialAction\":[{\"@type\":\"SearchAction\",\"target\":{\"@type\":\"EntryPoint\",\"urlTemplate\":\"https:\/\/www.encontraminasgerais.com.br\/itajuba\/?s={search_term_string}\"},\"query-input\":{\"@type\":\"PropertyValueSpecification\",\"valueRequired\":true,\"valueName\":\"search_term_string\"}}],\"inLanguage\":\"pt-BR\"},{\"@type\":\"Person\",\"@id\":\"https:\/\/www.encontraminasgerais.com.br\/itajuba\/#\/schema\/person\/d26674c083ec86b440752843a690de33\",\"name\":\"Encontra Itajub\u00e1\",\"image\":{\"@type\":\"ImageObject\",\"inLanguage\":\"pt-BR\",\"@id\":\"https:\/\/www.encontraminasgerais.com.br\/itajuba\/#\/schema\/person\/image\/\",\"url\":\"https:\/\/secure.gravatar.com\/avatar\/c50c17820bcf322f0a8fd6b110b8c0918141409dc69076470f6fca5fee70a5d4?s=96&d=mm&r=g\",\"contentUrl\":\"https:\/\/secure.gravatar.com\/avatar\/c50c17820bcf322f0a8fd6b110b8c0918141409dc69076470f6fca5fee70a5d4?s=96&d=mm&r=g\",\"caption\":\"Encontra Itajub\u00e1\"},\"url\":\"https:\/\/www.encontraminasgerais.com.br\/itajuba\/author\/eitajuba\/\"}]}<\/script>\n<!-- \/ Yoast SEO plugin. -->","yoast_head_json":{"title":"Padre Rodrigo assume administra\u00e7\u00e3o da Par\u00f3quia S\u00e3o Judas Tadeu | Encontra Itajub\u00e1","robots":{"index":"index","follow":"follow","max-snippet":"max-snippet:-1","max-image-preview":"max-image-preview:large","max-video-preview":"max-video-preview:-1"},"canonical":"https:\/\/www.encontraminasgerais.com.br\/itajuba\/padre-rodrigo-assume-administracao-da-paroquia-sao-judas-tadeu\/","og_locale":"pt_BR","og_type":"article","og_title":"Padre Rodrigo assume administra\u00e7\u00e3o da Par\u00f3quia S\u00e3o Judas Tadeu | Encontra Itajub\u00e1","og_description":"Padre Rodrigo assume a Par\u00f3quia S\u00e3o Judas Tadeu em emocionante cerim\u00f4nia.","og_url":"https:\/\/www.encontraminasgerais.com.br\/itajuba\/padre-rodrigo-assume-administracao-da-paroquia-sao-judas-tadeu\/","og_site_name":"Encontra Itajub\u00e1","article_published_time":"2026-03-10T09:35:32+00:00","og_image":[{"url":"https:\/\/www.encontraminasgerais.com.br\/itajuba\/wp-content\/uploads\/2026\/03\/padre-rodrigo-assume-administracao-da-paroquia-sao-judas-tadeu.webp","type":"","width":"","height":""}],"author":"Encontra Itajub\u00e1","twitter_card":"summary_large_image","twitter_misc":{"Escrito por":"Encontra Itajub\u00e1","Est. tempo de leitura":"8 minutos"},"schema":{"@context":"https:\/\/schema.org","@graph":[{"@type":"WebPage","@id":"https:\/\/www.encontraminasgerais.com.br\/itajuba\/padre-rodrigo-assume-administracao-da-paroquia-sao-judas-tadeu\/","url":"https:\/\/www.encontraminasgerais.com.br\/itajuba\/padre-rodrigo-assume-administracao-da-paroquia-sao-judas-tadeu\/","name":"Padre Rodrigo assume administra\u00e7\u00e3o da Par\u00f3quia S\u00e3o Judas Tadeu | Encontra Itajub\u00e1","isPartOf":{"@id":"https:\/\/www.encontraminasgerais.com.br\/itajuba\/#website"},"primaryImageOfPage":{"@id":"https:\/\/www.encontraminasgerais.com.br\/itajuba\/padre-rodrigo-assume-administracao-da-paroquia-sao-judas-tadeu\/#primaryimage"},"image":{"@id":"https:\/\/www.encontraminasgerais.com.br\/itajuba\/padre-rodrigo-assume-administracao-da-paroquia-sao-judas-tadeu\/#primaryimage"},"thumbnailUrl":"https:\/\/www.encontraminasgerais.com.br\/itajuba\/wp-content\/uploads\/2026\/03\/padre-rodrigo-assume-administracao-da-paroquia-sao-judas-tadeu.webp","datePublished":"2026-03-10T09:35:32+00:00","author":{"@id":"https:\/\/www.encontraminasgerais.com.br\/itajuba\/#\/schema\/person\/d26674c083ec86b440752843a690de33"},"inLanguage":"pt-BR","potentialAction":[{"@type":"ReadAction","target":["https:\/\/www.encontraminasgerais.com.br\/itajuba\/padre-rodrigo-assume-administracao-da-paroquia-sao-judas-tadeu\/"]}]},{"@type":"ImageObject","inLanguage":"pt-BR","@id":"https:\/\/www.encontraminasgerais.com.br\/itajuba\/padre-rodrigo-assume-administracao-da-paroquia-sao-judas-tadeu\/#primaryimage","url":"https:\/\/www.encontraminasgerais.com.br\/itajuba\/wp-content\/uploads\/2026\/03\/padre-rodrigo-assume-administracao-da-paroquia-sao-judas-tadeu.webp","contentUrl":"https:\/\/www.encontraminasgerais.com.br\/itajuba\/wp-content\/uploads\/2026\/03\/padre-rodrigo-assume-administracao-da-paroquia-sao-judas-tadeu.webp","width":280,"height":280,"caption":"Padre Rodrigo assume administra\u00e7\u00e3o da Par\u00f3quia S\u00e3o Judas Tadeu"},{"@type":"WebSite","@id":"https:\/\/www.encontraminasgerais.com.br\/itajuba\/#website","url":"https:\/\/www.encontraminasgerais.com.br\/itajuba\/","name":"Encontra Itajub\u00e1","description":"ENCONTRA ITAJUB\u00c1 - O guia comercial de neg\u00f3cios e empresas, cultura e divers\u00e3o na cidade de Itajub\u00e1. Feito 100% para voc\u00ea morador!","potentialAction":[{"@type":"SearchAction","target":{"@type":"EntryPoint","urlTemplate":"https:\/\/www.encontraminasgerais.com.br\/itajuba\/?s={search_term_string}"},"query-input":{"@type":"PropertyValueSpecification","valueRequired":true,"valueName":"search_term_string"}}],"inLanguage":"pt-BR"},{"@type":"Person","@id":"https:\/\/www.encontraminasgerais.com.br\/itajuba\/#\/schema\/person\/d26674c083ec86b440752843a690de33","name":"Encontra Itajub\u00e1","image":{"@type":"ImageObject","inLanguage":"pt-BR","@id":"https:\/\/www.encontraminasgerais.com.br\/itajuba\/#\/schema\/person\/image\/","url":"https:\/\/secure.gravatar.com\/avatar\/c50c17820bcf322f0a8fd6b110b8c0918141409dc69076470f6fca5fee70a5d4?s=96&d=mm&r=g","contentUrl":"https:\/\/secure.gravatar.com\/avatar\/c50c17820bcf322f0a8fd6b110b8c0918141409dc69076470f6fca5fee70a5d4?s=96&d=mm&r=g","caption":"Encontra Itajub\u00e1"},"url":"https:\/\/www.encontraminasgerais.com.br\/itajuba\/author\/eitajuba\/"}]}},"_links":{"self":[{"href":"https:\/\/www.encontraminasgerais.com.br\/itajuba\/wp-json\/wp\/v2\/posts\/4717","targetHints":{"allow":["GET"]}}],"collection":[{"href":"https:\/\/www.encontraminasgerais.com.br\/itajuba\/wp-json\/wp\/v2\/posts"}],"about":[{"href":"https:\/\/www.encontraminasgerais.com.br\/itajuba\/wp-json\/wp\/v2\/types\/post"}],"author":[{"embeddable":true,"href":"https:\/\/www.encontraminasgerais.com.br\/itajuba\/wp-json\/wp\/v2\/users\/1"}],"replies":[{"embeddable":true,"href":"https:\/\/www.encontraminasgerais.com.br\/itajuba\/wp-json\/wp\/v2\/comments?post=4717"}],"version-history":[{"count":0,"href":"https:\/\/www.encontraminasgerais.com.br\/itajuba\/wp-json\/wp\/v2\/posts\/4717\/revisions"}],"wp:featuredmedia":[{"embeddable":true,"href":"https:\/\/www.encontraminasgerais.com.br\/itajuba\/wp-json\/wp\/v2\/media\/4716"}],"wp:attachment":[{"href":"https:\/\/www.encontraminasgerais.com.br\/itajuba\/wp-json\/wp\/v2\/media?parent=4717"}],"wp:term":[{"taxonomy":"category","embeddable":true,"href":"https:\/\/www.encontraminasgerais.com.br\/itajuba\/wp-json\/wp\/v2\/categories?post=4717"},{"taxonomy":"post_tag","embeddable":true,"href":"https:\/\/www.encontraminasgerais.com.br\/itajuba\/wp-json\/wp\/v2\/tags?post=4717"}],"curies":[{"name":"wp","href":"https:\/\/api.w.org\/{rel}","templated":true}]}}