{"id":4735,"date":"2026-03-16T06:34:24","date_gmt":"2026-03-16T09:34:24","guid":{"rendered":"https:\/\/www.encontraminasgerais.com.br\/itajuba\/prefeitura-de-sao-pedro-da-uniao\/"},"modified":"2026-03-16T06:34:24","modified_gmt":"2026-03-16T09:34:24","slug":"prefeitura-de-sao-pedro-da-uniao","status":"publish","type":"post","link":"https:\/\/www.encontraminasgerais.com.br\/itajuba\/prefeitura-de-sao-pedro-da-uniao\/","title":{"rendered":"Prefeitura de S\u00e3o Pedro da Uni\u00e3o"},"content":{"rendered":"<h2>Oportunidades de Trabalho em S\u00e3o Pedro da Uni\u00e3o<\/h2>\n<p>A Prefeitura Municipal de S\u00e3o Pedro da Uni\u00e3o, em Minas Gerais, anunciou a abertura de oportunidades tempor\u00e1rias para profissionais em diversas \u00e1reas, de acordo com os editais n\u00ba 06\/2026 e n\u00ba 07\/2026. Essas vagas s\u00e3o destinadas a candidatos que possuam n\u00edvel m\u00e9dio e superior, com uma sele\u00e7\u00e3o que visa preencher cargos nas \u00e1reas de Sa\u00fade e Assist\u00eancia Social.<\/p>\n<h2>Detalhes da Retifica\u00e7\u00e3o do Processo Seletivo<\/h2>\n<p>Em 12 de mar\u00e7o de 2026, a Prefeitura publicou uma retifica\u00e7\u00e3o relativa ao item que especifica as atribui\u00e7\u00f5es do cargo de Assistente Social. As mudan\u00e7as foram anunciadas para garantir maior clareza nas exig\u00eancias do cargo, permitindo que os interessados tenham uma compreens\u00e3o mais precisa das responsabilidades que ir\u00e3o assumir.<\/p>\n<h2>Cargos Dispon\u00edveis e Requisitos<\/h2>\n<p>A sele\u00e7\u00e3o oferece as seguintes oportunidades:<\/p>\n<p><img decoding=\"async\" src=\"https:\/\/www.encontraminasgerais.com.br\/itajuba\/wp-content\/uploads\/2026\/03\/prefeitura-de-sao-pedro-da-uniao.webp\" alt=\"Prefeitura de S\u00e3o Pedro da Uni\u00e3o - MG\" loading=\"lazy\" \/><\/p>\n<ul>\n<li><strong>Auxiliar de Consult\u00f3rio Dent\u00e1rio:<\/strong> 1 vaga<\/li>\n<li><strong>Cirurgi\u00e3o Dentista:<\/strong> 1 vaga<\/li>\n<li><strong>Assistente Social:<\/strong> 1 vaga<\/li>\n<\/ul>\n<p>Para concorrer a essas vagas, os candidatos devem atender aos requisitos de escolaridade estabelecidos nos editais. A carga hor\u00e1ria de trabalho pode variar de 20 a 40 horas semanais, dependendo da fun\u00e7\u00e3o.<\/p>\n<h2>Inscri\u00e7\u00f5es e Per\u00edodo de Participa\u00e7\u00e3o<\/h2>\n<p>As inscri\u00e7\u00f5es devem ser feitas de forma presencial, com protocolo, na Secretaria de Sa\u00fade ou na Secretaria de A\u00e7\u00e3o Social da prefeitura, conforme o cargo pretendido. O per\u00edodo de inscri\u00e7\u00f5es est\u00e1 estabelecido de 12 a 23 de mar\u00e7o de 2026, com hor\u00e1rio das 9h \u00e0s 11h e das 14h \u00e0s 16h. Vale ressaltar que n\u00e3o h\u00e1 taxa de inscri\u00e7\u00e3o a ser paga.<\/p>\n<h2>Informa\u00e7\u00f5es sobre a Prova Objetiva<\/h2>\n<p>A sele\u00e7\u00e3o dos candidatos ser\u00e1 realizada por meio de uma prova objetiva, que ser\u00e1 eliminat\u00f3ria e classificat\u00f3ria. A prova abrange conte\u00fados de:<\/p>\n<ul>\n<li>Portugu\u00eas<\/li>\n<li>Matem\u00e1tica<\/li>\n<li>Conhecimentos Espec\u00edficos<\/li>\n<\/ul>\n<p>A data prevista para a realiza\u00e7\u00e3o da prova \u00e9 29 de mar\u00e7o de 2026, \u00e0s 9h, no local determinado pela prefeitura, que ser\u00e1 a E. M. &#8220;Dom Hugo Bressane&#8221;.<\/p>\n<h2>Remunera\u00e7\u00e3o e Benef\u00edcios oferecidos<\/h2>\n<p>Os valores das remunera\u00e7\u00f5es variam de acordo com o cargo. As propostas s\u00e3o as seguintes:<\/p>\n<ul>\n<li><strong>Auxiliar de Consult\u00f3rio Dent\u00e1rio:<\/strong> R$ 1.705,44<\/li>\n<li><strong>Cirurgi\u00e3o Dentista:<\/strong> R$ 4.079,58<\/li>\n<li><strong>Assistente Social:<\/strong> R$ 4.079,58<\/li>\n<\/ul>\n<p>Al\u00e9m dos sal\u00e1rios, os contratados poder\u00e3o ter acesso a outros benef\u00edcios pertinentes ao cargo, que ser\u00e3o detalhados nos contratos de trabalho, formalizados sob regime CLT.<\/p>\n<h2>Como Acompanhar os Editais<\/h2>\n<p>Os editais completos, contendo todas as informa\u00e7\u00f5es sobre a sele\u00e7\u00e3o, est\u00e3o dispon\u00edveis no site oficial da Prefeitura de S\u00e3o Pedro da Uni\u00e3o e devem ser consultados por todos os interessados. A leitura atenta dos editais \u00e9 fundamental para que os candidatos compreendam todos os passos do processo seletivo.<\/p>\n<h2>Dicas para se Preparar para a Prova<\/h2>\n<p>Para quem deseja se preparar adequadamente para a prova, \u00e9 recomend\u00e1vel buscar materiais de estudo que contemplem os t\u00f3picos mencionados. Algumas dicas s\u00e3o:<\/p>\n<ul>\n<li>Estudar utilizando apostilas espec\u00edficas para concursos, especialmente nas disciplinas exigidas.<\/li>\n<li>Realizar simulados dispon\u00edveis online para praticar as quest\u00f5es.<\/li>\n<li>Formar grupos de estudo para discutir conte\u00fados e resolver d\u00favidas com colegas.<\/li>\n<li>Administrar o tempo de estudo, garantindo que todas as mat\u00e9rias sejam revisadas.<\/li>\n<\/ul>\n<h2>Import\u00e2ncia do Processo Seletivo para a Comunidade<\/h2>\n<p>Esse processo seletivo \u00e9 de grande import\u00e2ncia para a popula\u00e7\u00e3o de S\u00e3o Pedro da Uni\u00e3o, pois visa a contrata\u00e7\u00e3o de profissionais qualificados que atuar\u00e3o em setores fundamentais como sa\u00fade e assist\u00eancia social. A presen\u00e7a de profissionais capacitados contribui para a melhoria na qualidade dos servi\u00e7os prestados \u00e0 comunidade.<\/p>\n<h2>Contato e Mais Informa\u00e7\u00f5es<\/h2>\n<p>Para mais informa\u00e7\u00f5es ou esclarecimentos sobre o processo seletivo, os interessados podem entrar em contato diretamente com a Secretaria de Sa\u00fade ou a Secretaria de A\u00e7\u00e3o Social da Prefeitura. \u00c9 importante aproveitar esses canais de comunica\u00e7\u00e3o para tirar d\u00favidas sobre requisitos e processos.<\/p>\n<p>Canais de contato podem ser encontrados no site oficial da prefeitura, onde tamb\u00e9m est\u00e3o dispon\u00edveis os editais e outros detalhes relevantes sobre a sele\u00e7\u00e3o.<\/p>\n","protected":false},"excerpt":{"rendered":"<p>Prefeitura de S\u00e3o Pedro da Uni\u00e3o &#8211; MG retifica processo seletivo oferecendo novas oportunidades em diversas \u00e1reas.<\/p>\n","protected":false},"author":1,"featured_media":4734,"comment_status":"open","ping_status":"open","sticky":false,"template":"","format":"standard","meta":{"footnotes":""},"categories":[5],"tags":[],"class_list":["post-4735","post","type-post","status-publish","format-standard","has-post-thumbnail","hentry","category-noticias","has_thumb"],"yoast_head":"<!-- This site is optimized with the Yoast SEO plugin v26.3 - https:\/\/yoast.com\/wordpress\/plugins\/seo\/ -->\n<title>Prefeitura de S\u00e3o Pedro da Uni\u00e3o | Encontra Itajub\u00e1<\/title>\n<meta name=\"robots\" content=\"index, follow, max-snippet:-1, max-image-preview:large, max-video-preview:-1\" \/>\n<link rel=\"canonical\" href=\"https:\/\/www.encontraminasgerais.com.br\/itajuba\/prefeitura-de-sao-pedro-da-uniao\/\" \/>\n<meta property=\"og:locale\" content=\"pt_BR\" \/>\n<meta property=\"og:type\" content=\"article\" \/>\n<meta property=\"og:title\" content=\"Prefeitura de S\u00e3o Pedro da Uni\u00e3o | Encontra Itajub\u00e1\" \/>\n<meta property=\"og:description\" content=\"Prefeitura de S\u00e3o Pedro da Uni\u00e3o - MG retifica processo seletivo oferecendo novas oportunidades em diversas \u00e1reas.\" \/>\n<meta property=\"og:url\" content=\"https:\/\/www.encontraminasgerais.com.br\/itajuba\/prefeitura-de-sao-pedro-da-uniao\/\" \/>\n<meta property=\"og:site_name\" content=\"Encontra Itajub\u00e1\" \/>\n<meta property=\"article:published_time\" content=\"2026-03-16T09:34:24+00:00\" \/>\n<meta property=\"og:image\" content=\"https:\/\/www.encontraminasgerais.com.br\/itajuba\/wp-content\/uploads\/2026\/03\/prefeitura-de-sao-pedro-da-uniao.webp\" \/>\n<meta name=\"author\" content=\"Encontra Itajub\u00e1\" \/>\n<meta name=\"twitter:card\" content=\"summary_large_image\" \/>\n<meta name=\"twitter:label1\" content=\"Escrito por\" \/>\n\t<meta name=\"twitter:data1\" content=\"Encontra Itajub\u00e1\" \/>\n\t<meta name=\"twitter:label2\" content=\"Est. tempo de leitura\" \/>\n\t<meta name=\"twitter:data2\" content=\"3 minutos\" \/>\n<script type=\"application\/ld+json\" class=\"yoast-schema-graph\">{\"@context\":\"https:\/\/schema.org\",\"@graph\":[{\"@type\":\"WebPage\",\"@id\":\"https:\/\/www.encontraminasgerais.com.br\/itajuba\/prefeitura-de-sao-pedro-da-uniao\/\",\"url\":\"https:\/\/www.encontraminasgerais.com.br\/itajuba\/prefeitura-de-sao-pedro-da-uniao\/\",\"name\":\"Prefeitura de S\u00e3o Pedro da Uni\u00e3o | Encontra Itajub\u00e1\",\"isPartOf\":{\"@id\":\"https:\/\/www.encontraminasgerais.com.br\/itajuba\/#website\"},\"primaryImageOfPage\":{\"@id\":\"https:\/\/www.encontraminasgerais.com.br\/itajuba\/prefeitura-de-sao-pedro-da-uniao\/#primaryimage\"},\"image\":{\"@id\":\"https:\/\/www.encontraminasgerais.com.br\/itajuba\/prefeitura-de-sao-pedro-da-uniao\/#primaryimage\"},\"thumbnailUrl\":\"https:\/\/www.encontraminasgerais.com.br\/itajuba\/wp-content\/uploads\/2026\/03\/prefeitura-de-sao-pedro-da-uniao.webp\",\"datePublished\":\"2026-03-16T09:34:24+00:00\",\"author\":{\"@id\":\"https:\/\/www.encontraminasgerais.com.br\/itajuba\/#\/schema\/person\/d26674c083ec86b440752843a690de33\"},\"inLanguage\":\"pt-BR\",\"potentialAction\":[{\"@type\":\"ReadAction\",\"target\":[\"https:\/\/www.encontraminasgerais.com.br\/itajuba\/prefeitura-de-sao-pedro-da-uniao\/\"]}]},{\"@type\":\"ImageObject\",\"inLanguage\":\"pt-BR\",\"@id\":\"https:\/\/www.encontraminasgerais.com.br\/itajuba\/prefeitura-de-sao-pedro-da-uniao\/#primaryimage\",\"url\":\"https:\/\/www.encontraminasgerais.com.br\/itajuba\/wp-content\/uploads\/2026\/03\/prefeitura-de-sao-pedro-da-uniao.webp\",\"contentUrl\":\"https:\/\/www.encontraminasgerais.com.br\/itajuba\/wp-content\/uploads\/2026\/03\/prefeitura-de-sao-pedro-da-uniao.webp\",\"width\":280,\"height\":280,\"caption\":\"Prefeitura de S\u00e3o Pedro da Uni\u00e3o - MG\"},{\"@type\":\"WebSite\",\"@id\":\"https:\/\/www.encontraminasgerais.com.br\/itajuba\/#website\",\"url\":\"https:\/\/www.encontraminasgerais.com.br\/itajuba\/\",\"name\":\"Encontra Itajub\u00e1\",\"description\":\"ENCONTRA ITAJUB\u00c1 - O guia comercial de neg\u00f3cios e empresas, cultura e divers\u00e3o na cidade de Itajub\u00e1. Feito 100% para voc\u00ea morador!\",\"potentialAction\":[{\"@type\":\"SearchAction\",\"target\":{\"@type\":\"EntryPoint\",\"urlTemplate\":\"https:\/\/www.encontraminasgerais.com.br\/itajuba\/?s={search_term_string}\"},\"query-input\":{\"@type\":\"PropertyValueSpecification\",\"valueRequired\":true,\"valueName\":\"search_term_string\"}}],\"inLanguage\":\"pt-BR\"},{\"@type\":\"Person\",\"@id\":\"https:\/\/www.encontraminasgerais.com.br\/itajuba\/#\/schema\/person\/d26674c083ec86b440752843a690de33\",\"name\":\"Encontra Itajub\u00e1\",\"image\":{\"@type\":\"ImageObject\",\"inLanguage\":\"pt-BR\",\"@id\":\"https:\/\/www.encontraminasgerais.com.br\/itajuba\/#\/schema\/person\/image\/\",\"url\":\"https:\/\/secure.gravatar.com\/avatar\/c50c17820bcf322f0a8fd6b110b8c0918141409dc69076470f6fca5fee70a5d4?s=96&d=mm&r=g\",\"contentUrl\":\"https:\/\/secure.gravatar.com\/avatar\/c50c17820bcf322f0a8fd6b110b8c0918141409dc69076470f6fca5fee70a5d4?s=96&d=mm&r=g\",\"caption\":\"Encontra Itajub\u00e1\"},\"url\":\"https:\/\/www.encontraminasgerais.com.br\/itajuba\/author\/eitajuba\/\"}]}<\/script>\n<!-- \/ Yoast SEO plugin. -->","yoast_head_json":{"title":"Prefeitura de S\u00e3o Pedro da Uni\u00e3o | Encontra Itajub\u00e1","robots":{"index":"index","follow":"follow","max-snippet":"max-snippet:-1","max-image-preview":"max-image-preview:large","max-video-preview":"max-video-preview:-1"},"canonical":"https:\/\/www.encontraminasgerais.com.br\/itajuba\/prefeitura-de-sao-pedro-da-uniao\/","og_locale":"pt_BR","og_type":"article","og_title":"Prefeitura de S\u00e3o Pedro da Uni\u00e3o | Encontra Itajub\u00e1","og_description":"Prefeitura de S\u00e3o Pedro da Uni\u00e3o - MG retifica processo seletivo oferecendo novas oportunidades em diversas \u00e1reas.","og_url":"https:\/\/www.encontraminasgerais.com.br\/itajuba\/prefeitura-de-sao-pedro-da-uniao\/","og_site_name":"Encontra Itajub\u00e1","article_published_time":"2026-03-16T09:34:24+00:00","og_image":[{"url":"https:\/\/www.encontraminasgerais.com.br\/itajuba\/wp-content\/uploads\/2026\/03\/prefeitura-de-sao-pedro-da-uniao.webp","type":"","width":"","height":""}],"author":"Encontra Itajub\u00e1","twitter_card":"summary_large_image","twitter_misc":{"Escrito por":"Encontra Itajub\u00e1","Est. tempo de leitura":"3 minutos"},"schema":{"@context":"https:\/\/schema.org","@graph":[{"@type":"WebPage","@id":"https:\/\/www.encontraminasgerais.com.br\/itajuba\/prefeitura-de-sao-pedro-da-uniao\/","url":"https:\/\/www.encontraminasgerais.com.br\/itajuba\/prefeitura-de-sao-pedro-da-uniao\/","name":"Prefeitura de S\u00e3o Pedro da Uni\u00e3o | Encontra Itajub\u00e1","isPartOf":{"@id":"https:\/\/www.encontraminasgerais.com.br\/itajuba\/#website"},"primaryImageOfPage":{"@id":"https:\/\/www.encontraminasgerais.com.br\/itajuba\/prefeitura-de-sao-pedro-da-uniao\/#primaryimage"},"image":{"@id":"https:\/\/www.encontraminasgerais.com.br\/itajuba\/prefeitura-de-sao-pedro-da-uniao\/#primaryimage"},"thumbnailUrl":"https:\/\/www.encontraminasgerais.com.br\/itajuba\/wp-content\/uploads\/2026\/03\/prefeitura-de-sao-pedro-da-uniao.webp","datePublished":"2026-03-16T09:34:24+00:00","author":{"@id":"https:\/\/www.encontraminasgerais.com.br\/itajuba\/#\/schema\/person\/d26674c083ec86b440752843a690de33"},"inLanguage":"pt-BR","potentialAction":[{"@type":"ReadAction","target":["https:\/\/www.encontraminasgerais.com.br\/itajuba\/prefeitura-de-sao-pedro-da-uniao\/"]}]},{"@type":"ImageObject","inLanguage":"pt-BR","@id":"https:\/\/www.encontraminasgerais.com.br\/itajuba\/prefeitura-de-sao-pedro-da-uniao\/#primaryimage","url":"https:\/\/www.encontraminasgerais.com.br\/itajuba\/wp-content\/uploads\/2026\/03\/prefeitura-de-sao-pedro-da-uniao.webp","contentUrl":"https:\/\/www.encontraminasgerais.com.br\/itajuba\/wp-content\/uploads\/2026\/03\/prefeitura-de-sao-pedro-da-uniao.webp","width":280,"height":280,"caption":"Prefeitura de S\u00e3o Pedro da Uni\u00e3o - MG"},{"@type":"WebSite","@id":"https:\/\/www.encontraminasgerais.com.br\/itajuba\/#website","url":"https:\/\/www.encontraminasgerais.com.br\/itajuba\/","name":"Encontra Itajub\u00e1","description":"ENCONTRA ITAJUB\u00c1 - O guia comercial de neg\u00f3cios e empresas, cultura e divers\u00e3o na cidade de Itajub\u00e1. Feito 100% para voc\u00ea morador!","potentialAction":[{"@type":"SearchAction","target":{"@type":"EntryPoint","urlTemplate":"https:\/\/www.encontraminasgerais.com.br\/itajuba\/?s={search_term_string}"},"query-input":{"@type":"PropertyValueSpecification","valueRequired":true,"valueName":"search_term_string"}}],"inLanguage":"pt-BR"},{"@type":"Person","@id":"https:\/\/www.encontraminasgerais.com.br\/itajuba\/#\/schema\/person\/d26674c083ec86b440752843a690de33","name":"Encontra Itajub\u00e1","image":{"@type":"ImageObject","inLanguage":"pt-BR","@id":"https:\/\/www.encontraminasgerais.com.br\/itajuba\/#\/schema\/person\/image\/","url":"https:\/\/secure.gravatar.com\/avatar\/c50c17820bcf322f0a8fd6b110b8c0918141409dc69076470f6fca5fee70a5d4?s=96&d=mm&r=g","contentUrl":"https:\/\/secure.gravatar.com\/avatar\/c50c17820bcf322f0a8fd6b110b8c0918141409dc69076470f6fca5fee70a5d4?s=96&d=mm&r=g","caption":"Encontra Itajub\u00e1"},"url":"https:\/\/www.encontraminasgerais.com.br\/itajuba\/author\/eitajuba\/"}]}},"_links":{"self":[{"href":"https:\/\/www.encontraminasgerais.com.br\/itajuba\/wp-json\/wp\/v2\/posts\/4735","targetHints":{"allow":["GET"]}}],"collection":[{"href":"https:\/\/www.encontraminasgerais.com.br\/itajuba\/wp-json\/wp\/v2\/posts"}],"about":[{"href":"https:\/\/www.encontraminasgerais.com.br\/itajuba\/wp-json\/wp\/v2\/types\/post"}],"author":[{"embeddable":true,"href":"https:\/\/www.encontraminasgerais.com.br\/itajuba\/wp-json\/wp\/v2\/users\/1"}],"replies":[{"embeddable":true,"href":"https:\/\/www.encontraminasgerais.com.br\/itajuba\/wp-json\/wp\/v2\/comments?post=4735"}],"version-history":[{"count":0,"href":"https:\/\/www.encontraminasgerais.com.br\/itajuba\/wp-json\/wp\/v2\/posts\/4735\/revisions"}],"wp:featuredmedia":[{"embeddable":true,"href":"https:\/\/www.encontraminasgerais.com.br\/itajuba\/wp-json\/wp\/v2\/media\/4734"}],"wp:attachment":[{"href":"https:\/\/www.encontraminasgerais.com.br\/itajuba\/wp-json\/wp\/v2\/media?parent=4735"}],"wp:term":[{"taxonomy":"category","embeddable":true,"href":"https:\/\/www.encontraminasgerais.com.br\/itajuba\/wp-json\/wp\/v2\/categories?post=4735"},{"taxonomy":"post_tag","embeddable":true,"href":"https:\/\/www.encontraminasgerais.com.br\/itajuba\/wp-json\/wp\/v2\/tags?post=4735"}],"curies":[{"name":"wp","href":"https:\/\/api.w.org\/{rel}","templated":true}]}}