{"id":4744,"date":"2026-03-19T06:34:15","date_gmt":"2026-03-19T09:34:15","guid":{"rendered":"https:\/\/www.encontraminasgerais.com.br\/itajuba\/varginha-itajuba-e-alfenas-sao-as-cidades-com-mais-casos-registrados-na-regiao\/"},"modified":"2026-03-19T06:34:15","modified_gmt":"2026-03-19T09:34:15","slug":"varginha-itajuba-e-alfenas-sao-as-cidades-com-mais-casos-registrados-na-regiao","status":"publish","type":"post","link":"https:\/\/www.encontraminasgerais.com.br\/itajuba\/varginha-itajuba-e-alfenas-sao-as-cidades-com-mais-casos-registrados-na-regiao\/","title":{"rendered":"Varginha, Itajub\u00e1 e Alfenas s\u00e3o as cidades com mais casos registrados na regi\u00e3o"},"content":{"rendered":"<h2>Cen\u00e1rio Atual de Acidentologia em Minas Gerais<\/h2>\n<p>Os dados recentes mostram que o estado de Minas Gerais enfrenta um desafio significativo em rela\u00e7\u00e3o ao n\u00famero de atropelamentos. Somente neste ano, cerca de 50 pessoas foram atropeladas em todo o estado, com Varginha, Itajub\u00e1 e Alfenas se destacando como as cidades com mais ocorr\u00eancias. Esses n\u00fameros refletem um problema que preocupa tanto as autoridades locais quanto os cidad\u00e3os, uma vez que a seguran\u00e7a no tr\u00e2nsito \u00e9 uma quest\u00e3o de sa\u00fade p\u00fablica.<\/p>\n<h2>O Impacto dos Atropelamentos na Comunidade<\/h2>\n<p>Os incidentes de atropelamento n\u00e3o apenas afetam as v\u00edtimas e suas fam\u00edlias, mas tamb\u00e9m t\u00eam um impacto mais amplo na comunidade. O trauma f\u00edsico e psicol\u00f3gico, o aumento dos custos m\u00e9dicos, e as perdas econ\u00f4micas configuram um cen\u00e1rio alarmante. Al\u00e9m disso, a inseguran\u00e7a gerada por esses eventos pode levar \u00e0 diminui\u00e7\u00e3o da mobilidade das pessoas e ao medo de utilizar as vias p\u00fablicas.<\/p>\n<h2>An\u00e1lise das Cidades com Maiores Registros<\/h2>\n<h3>Varginha<\/h3>\n<p>Varginha se destaca com um n\u00famero alarmante de atropelamentos, o que acende um sinal de alerta nas autoridades. A falta de infraestrutura adequada, como faixas de pedestres e sinaliza\u00e7\u00e3o eficiente, pode ser um dos fatores que contribui para essa realidade. A colabora\u00e7\u00e3o entre a popula\u00e7\u00e3o e o poder p\u00fablico \u00e9 essencial para modificar esse cen\u00e1rio.<\/p>\n<h3>Itajub\u00e1<\/h3>\n<p>A cidade de Itajub\u00e1 n\u00e3o fica atr\u00e1s em termos de preocupa\u00e7\u00f5es. Os acidentes envolvendo pedestres s\u00e3o frequentes, e a necessidade de educa\u00e7\u00e3o no tr\u00e2nsito \u00e9 urgente. Iniciativas de conscientiza\u00e7\u00e3o s\u00e3o fundamentais para garantir a seguran\u00e7a das pessoas que utilizam as ruas e avenidas da cidade.<\/p>\n<h3>Alfenas<\/h3>\n<p>Em Alfenas, a situa\u00e7\u00e3o \u00e9 semelhante. A combina\u00e7\u00e3o de tr\u00e2nsito intenso e imprud\u00eancia por parte de motoristas e pedestres resulta em um ambiente arriscado. O fortalecimento das leis de tr\u00e2nsito e a aplica\u00e7\u00e3o rigorosa de penalidades podem ser estrat\u00e9gias importantes para melhorar a seguran\u00e7a.<\/p>\n<h2>Fatores Contribuintes para o Aumento de Acidentes<\/h2>\n<p>Alguns dos principais fatores que contribuem para o aumento de atropelamentos em Minas Gerais incluem:<\/p>\n<ul>\n<li><strong>Infraestrutura Deficiente:<\/strong> A falta de cal\u00e7adas, faixas de pedestres e ilumina\u00e7\u00e3o adequada aumenta o risco de acidentes.<\/li>\n<li><strong>Comportamento dos Motoristas:<\/strong> Velocidade excessiva, desrespeito \u00e0s leis de tr\u00e2nsito e distra\u00e7\u00f5es, como o uso de celulares, s\u00e3o fatores cr\u00edticos.<\/li>\n<li><strong>Desaten\u00e7\u00e3o dos Pedestres:<\/strong> Muitos pedestres n\u00e3o utilizam as faixas de pedestres, aumentando o risco ao se deslocarem pelas vias.<\/li>\n<\/ul>\n<h2>Como Melhorar a Seguran\u00e7a nas Estradas<\/h2>\n<p>A implementa\u00e7\u00e3o de estrat\u00e9gias para promover a seguran\u00e7a no tr\u00e2nsito \u00e9 essencial. Algumas iniciativas podem incluir:<\/p>\n<ul>\n<li><strong>Campanhas de Conscientiza\u00e7\u00e3o:<\/strong> Informar a popula\u00e7\u00e3o sobre a import\u00e2ncia de respeitar as regras de tr\u00e2nsito.<\/li>\n<li><strong>Melhoria da Infraestrutura:<\/strong> Investir em cal\u00e7adas, ilumina\u00e7\u00e3o e sinaliza\u00e7\u00e3o para garantir a seguran\u00e7a dos pedestres.<\/li>\n<li><strong>Educa\u00e7\u00e3o no Tr\u00e2nsito:<\/strong> Programas educacionais nas escolas e comunidades para ensinar tanto motoristas quanto pedestres sobre seguran\u00e7a.<\/li>\n<\/ul>\n<h2>A Import\u00e2ncia da Educa\u00e7\u00e3o no Tr\u00e2nsito<\/h2>\n<p>A educa\u00e7\u00e3o no tr\u00e2nsito \u00e9 uma ferramenta poderosa. Quando motoristas e pedestres s\u00e3o educados sobre as normas e as consequ\u00eancias das infra\u00e7\u00f5es, as chances de acidentes diminuem significativamente. A abordagem deve come\u00e7ar nas escolas, com a inclus\u00e3o de temas de seguran\u00e7a e cidadania no curr\u00edculo escolar.<\/p>\n<h2>Iniciativas Locais para Preven\u00e7\u00e3o de Acidentes<\/h2>\n<p>Algumas cidades t\u00eam adotado iniciativas locais que se mostraram eficazes na diminui\u00e7\u00e3o de acidentes. Essas a\u00e7\u00f5es incluem:<\/p>\n<ul>\n<li><strong>Eventos Comunit\u00e1rios:<\/strong> A realiza\u00e7\u00e3o de eventos que promovem o respeito \u00e0s leis de tr\u00e2nsito e incentivam o uso de bicicletas e caminhadas.<\/li>\n<li><strong>Parcerias com Organiza\u00e7\u00f5es N\u00e3o Governamentais (ONGs):<\/strong> Colabora\u00e7\u00f5es para fortalecer os programas de educa\u00e7\u00e3o e conscientiza\u00e7\u00e3o.<\/li>\n<\/ul>\n<h2>O Papel das Autoridades de Tr\u00e2nsito<\/h2>\n<p>As autoridades locais desempenham um papel vital na redu\u00e7\u00e3o de atropelamentos. Al\u00e9m de aplicar as leis, \u00e9 fundamental que o planejamento urbano considere a seguran\u00e7a dos pedestres, com a implementa\u00e7\u00e3o de pol\u00edticas p\u00fablicas que priorizem a vida e o bem-estar da popula\u00e7\u00e3o.<\/p>\n<h2>Depoimentos de V\u00edtimas e Suas Fam\u00edlias<\/h2>\n<p>Os relatos de v\u00edtimas de atropelamentos e suas fam\u00edlias s\u00e3o essenciais para ilustrar o impacto real desses acidentes. Muitas vezes, as v\u00edtimas n\u00e3o apenas enfrentam desafios f\u00edsicos, mas tamb\u00e9m t\u00eam que lidar com quest\u00f5es emocionais e financeiras devido \u00e0s consequ\u00eancias do acidente. Esses testemunhos podem servir como poderosos instrumentos de sensibiliza\u00e7\u00e3o e mudan\u00e7a.<\/p>\n<h2>Perspectivas para um Futuro mais Seguro<\/h2>\n<p>Os esfor\u00e7os para melhorar a seguran\u00e7a no tr\u00e2nsito em Minas Gerais devem ser cont\u00ednuos e adaptativos. \u00c9 essencial que a popula\u00e7\u00e3o, as autoridades e as organiza\u00e7\u00f5es se unam em um esfor\u00e7o conjunto para construir um futuro mais seguro, onde o respeito e a responsabilidade nas vias sejam prioridades.<\/p>\n<p>Com a implementa\u00e7\u00e3o das medidas corretas, o estado pode esperar uma redu\u00e7\u00e3o significativa nas estat\u00edsticas de atropelamentos. Assim, as diversas comunidades de Minas Gerais poder\u00e3o viver e se locomover com mais seguran\u00e7a e tranquilidade.<\/p>\n","protected":false},"excerpt":{"rendered":"<p>Varginha, Itajub\u00e1 e Alfenas enfrentam preocupantes \u00edndices de atropelamentos em 2023.<\/p>\n","protected":false},"author":1,"featured_media":0,"comment_status":"open","ping_status":"open","sticky":false,"template":"","format":"standard","meta":{"footnotes":""},"categories":[5],"tags":[],"class_list":["post-4744","post","type-post","status-publish","format-standard","hentry","category-noticias"],"yoast_head":"<!-- This site is optimized with the Yoast SEO plugin v26.3 - https:\/\/yoast.com\/wordpress\/plugins\/seo\/ -->\n<title>Varginha, Itajub\u00e1 e Alfenas s\u00e3o as cidades com mais casos registrados na regi\u00e3o | Encontra Itajub\u00e1<\/title>\n<meta name=\"robots\" content=\"index, follow, max-snippet:-1, max-image-preview:large, max-video-preview:-1\" \/>\n<link rel=\"canonical\" href=\"https:\/\/www.encontraminasgerais.com.br\/itajuba\/varginha-itajuba-e-alfenas-sao-as-cidades-com-mais-casos-registrados-na-regiao\/\" \/>\n<meta property=\"og:locale\" content=\"pt_BR\" \/>\n<meta property=\"og:type\" content=\"article\" \/>\n<meta property=\"og:title\" content=\"Varginha, Itajub\u00e1 e Alfenas s\u00e3o as cidades com mais casos registrados na regi\u00e3o | Encontra Itajub\u00e1\" \/>\n<meta property=\"og:description\" content=\"Varginha, Itajub\u00e1 e Alfenas enfrentam preocupantes \u00edndices de atropelamentos em 2023.\" \/>\n<meta property=\"og:url\" content=\"https:\/\/www.encontraminasgerais.com.br\/itajuba\/varginha-itajuba-e-alfenas-sao-as-cidades-com-mais-casos-registrados-na-regiao\/\" \/>\n<meta property=\"og:site_name\" content=\"Encontra Itajub\u00e1\" \/>\n<meta property=\"article:published_time\" content=\"2026-03-19T09:34:15+00:00\" \/>\n<meta name=\"author\" content=\"Encontra Itajub\u00e1\" \/>\n<meta name=\"twitter:card\" content=\"summary_large_image\" \/>\n<meta name=\"twitter:label1\" content=\"Escrito por\" \/>\n\t<meta name=\"twitter:data1\" content=\"Encontra Itajub\u00e1\" \/>\n\t<meta name=\"twitter:label2\" content=\"Est. tempo de leitura\" \/>\n\t<meta name=\"twitter:data2\" content=\"4 minutos\" \/>\n<script type=\"application\/ld+json\" class=\"yoast-schema-graph\">{\"@context\":\"https:\/\/schema.org\",\"@graph\":[{\"@type\":\"WebPage\",\"@id\":\"https:\/\/www.encontraminasgerais.com.br\/itajuba\/varginha-itajuba-e-alfenas-sao-as-cidades-com-mais-casos-registrados-na-regiao\/\",\"url\":\"https:\/\/www.encontraminasgerais.com.br\/itajuba\/varginha-itajuba-e-alfenas-sao-as-cidades-com-mais-casos-registrados-na-regiao\/\",\"name\":\"Varginha, Itajub\u00e1 e Alfenas s\u00e3o as cidades com mais casos registrados na regi\u00e3o | Encontra Itajub\u00e1\",\"isPartOf\":{\"@id\":\"https:\/\/www.encontraminasgerais.com.br\/itajuba\/#website\"},\"datePublished\":\"2026-03-19T09:34:15+00:00\",\"author\":{\"@id\":\"https:\/\/www.encontraminasgerais.com.br\/itajuba\/#\/schema\/person\/d26674c083ec86b440752843a690de33\"},\"inLanguage\":\"pt-BR\",\"potentialAction\":[{\"@type\":\"ReadAction\",\"target\":[\"https:\/\/www.encontraminasgerais.com.br\/itajuba\/varginha-itajuba-e-alfenas-sao-as-cidades-com-mais-casos-registrados-na-regiao\/\"]}]},{\"@type\":\"WebSite\",\"@id\":\"https:\/\/www.encontraminasgerais.com.br\/itajuba\/#website\",\"url\":\"https:\/\/www.encontraminasgerais.com.br\/itajuba\/\",\"name\":\"Encontra Itajub\u00e1\",\"description\":\"ENCONTRA ITAJUB\u00c1 - O guia comercial de neg\u00f3cios e empresas, cultura e divers\u00e3o na cidade de Itajub\u00e1. Feito 100% para voc\u00ea morador!\",\"potentialAction\":[{\"@type\":\"SearchAction\",\"target\":{\"@type\":\"EntryPoint\",\"urlTemplate\":\"https:\/\/www.encontraminasgerais.com.br\/itajuba\/?s={search_term_string}\"},\"query-input\":{\"@type\":\"PropertyValueSpecification\",\"valueRequired\":true,\"valueName\":\"search_term_string\"}}],\"inLanguage\":\"pt-BR\"},{\"@type\":\"Person\",\"@id\":\"https:\/\/www.encontraminasgerais.com.br\/itajuba\/#\/schema\/person\/d26674c083ec86b440752843a690de33\",\"name\":\"Encontra Itajub\u00e1\",\"image\":{\"@type\":\"ImageObject\",\"inLanguage\":\"pt-BR\",\"@id\":\"https:\/\/www.encontraminasgerais.com.br\/itajuba\/#\/schema\/person\/image\/\",\"url\":\"https:\/\/secure.gravatar.com\/avatar\/c50c17820bcf322f0a8fd6b110b8c0918141409dc69076470f6fca5fee70a5d4?s=96&d=mm&r=g\",\"contentUrl\":\"https:\/\/secure.gravatar.com\/avatar\/c50c17820bcf322f0a8fd6b110b8c0918141409dc69076470f6fca5fee70a5d4?s=96&d=mm&r=g\",\"caption\":\"Encontra Itajub\u00e1\"},\"url\":\"https:\/\/www.encontraminasgerais.com.br\/itajuba\/author\/eitajuba\/\"}]}<\/script>\n<!-- \/ Yoast SEO plugin. -->","yoast_head_json":{"title":"Varginha, Itajub\u00e1 e Alfenas s\u00e3o as cidades com mais casos registrados na regi\u00e3o | Encontra Itajub\u00e1","robots":{"index":"index","follow":"follow","max-snippet":"max-snippet:-1","max-image-preview":"max-image-preview:large","max-video-preview":"max-video-preview:-1"},"canonical":"https:\/\/www.encontraminasgerais.com.br\/itajuba\/varginha-itajuba-e-alfenas-sao-as-cidades-com-mais-casos-registrados-na-regiao\/","og_locale":"pt_BR","og_type":"article","og_title":"Varginha, Itajub\u00e1 e Alfenas s\u00e3o as cidades com mais casos registrados na regi\u00e3o | Encontra Itajub\u00e1","og_description":"Varginha, Itajub\u00e1 e Alfenas enfrentam preocupantes \u00edndices de atropelamentos em 2023.","og_url":"https:\/\/www.encontraminasgerais.com.br\/itajuba\/varginha-itajuba-e-alfenas-sao-as-cidades-com-mais-casos-registrados-na-regiao\/","og_site_name":"Encontra Itajub\u00e1","article_published_time":"2026-03-19T09:34:15+00:00","author":"Encontra Itajub\u00e1","twitter_card":"summary_large_image","twitter_misc":{"Escrito por":"Encontra Itajub\u00e1","Est. tempo de leitura":"4 minutos"},"schema":{"@context":"https:\/\/schema.org","@graph":[{"@type":"WebPage","@id":"https:\/\/www.encontraminasgerais.com.br\/itajuba\/varginha-itajuba-e-alfenas-sao-as-cidades-com-mais-casos-registrados-na-regiao\/","url":"https:\/\/www.encontraminasgerais.com.br\/itajuba\/varginha-itajuba-e-alfenas-sao-as-cidades-com-mais-casos-registrados-na-regiao\/","name":"Varginha, Itajub\u00e1 e Alfenas s\u00e3o as cidades com mais casos registrados na regi\u00e3o | Encontra Itajub\u00e1","isPartOf":{"@id":"https:\/\/www.encontraminasgerais.com.br\/itajuba\/#website"},"datePublished":"2026-03-19T09:34:15+00:00","author":{"@id":"https:\/\/www.encontraminasgerais.com.br\/itajuba\/#\/schema\/person\/d26674c083ec86b440752843a690de33"},"inLanguage":"pt-BR","potentialAction":[{"@type":"ReadAction","target":["https:\/\/www.encontraminasgerais.com.br\/itajuba\/varginha-itajuba-e-alfenas-sao-as-cidades-com-mais-casos-registrados-na-regiao\/"]}]},{"@type":"WebSite","@id":"https:\/\/www.encontraminasgerais.com.br\/itajuba\/#website","url":"https:\/\/www.encontraminasgerais.com.br\/itajuba\/","name":"Encontra Itajub\u00e1","description":"ENCONTRA ITAJUB\u00c1 - O guia comercial de neg\u00f3cios e empresas, cultura e divers\u00e3o na cidade de Itajub\u00e1. Feito 100% para voc\u00ea morador!","potentialAction":[{"@type":"SearchAction","target":{"@type":"EntryPoint","urlTemplate":"https:\/\/www.encontraminasgerais.com.br\/itajuba\/?s={search_term_string}"},"query-input":{"@type":"PropertyValueSpecification","valueRequired":true,"valueName":"search_term_string"}}],"inLanguage":"pt-BR"},{"@type":"Person","@id":"https:\/\/www.encontraminasgerais.com.br\/itajuba\/#\/schema\/person\/d26674c083ec86b440752843a690de33","name":"Encontra Itajub\u00e1","image":{"@type":"ImageObject","inLanguage":"pt-BR","@id":"https:\/\/www.encontraminasgerais.com.br\/itajuba\/#\/schema\/person\/image\/","url":"https:\/\/secure.gravatar.com\/avatar\/c50c17820bcf322f0a8fd6b110b8c0918141409dc69076470f6fca5fee70a5d4?s=96&d=mm&r=g","contentUrl":"https:\/\/secure.gravatar.com\/avatar\/c50c17820bcf322f0a8fd6b110b8c0918141409dc69076470f6fca5fee70a5d4?s=96&d=mm&r=g","caption":"Encontra Itajub\u00e1"},"url":"https:\/\/www.encontraminasgerais.com.br\/itajuba\/author\/eitajuba\/"}]}},"_links":{"self":[{"href":"https:\/\/www.encontraminasgerais.com.br\/itajuba\/wp-json\/wp\/v2\/posts\/4744","targetHints":{"allow":["GET"]}}],"collection":[{"href":"https:\/\/www.encontraminasgerais.com.br\/itajuba\/wp-json\/wp\/v2\/posts"}],"about":[{"href":"https:\/\/www.encontraminasgerais.com.br\/itajuba\/wp-json\/wp\/v2\/types\/post"}],"author":[{"embeddable":true,"href":"https:\/\/www.encontraminasgerais.com.br\/itajuba\/wp-json\/wp\/v2\/users\/1"}],"replies":[{"embeddable":true,"href":"https:\/\/www.encontraminasgerais.com.br\/itajuba\/wp-json\/wp\/v2\/comments?post=4744"}],"version-history":[{"count":0,"href":"https:\/\/www.encontraminasgerais.com.br\/itajuba\/wp-json\/wp\/v2\/posts\/4744\/revisions"}],"wp:attachment":[{"href":"https:\/\/www.encontraminasgerais.com.br\/itajuba\/wp-json\/wp\/v2\/media?parent=4744"}],"wp:term":[{"taxonomy":"category","embeddable":true,"href":"https:\/\/www.encontraminasgerais.com.br\/itajuba\/wp-json\/wp\/v2\/categories?post=4744"},{"taxonomy":"post_tag","embeddable":true,"href":"https:\/\/www.encontraminasgerais.com.br\/itajuba\/wp-json\/wp\/v2\/tags?post=4744"}],"curies":[{"name":"wp","href":"https:\/\/api.w.org\/{rel}","templated":true}]}}