{"id":4745,"date":"2026-03-19T06:35:37","date_gmt":"2026-03-19T09:35:37","guid":{"rendered":"https:\/\/www.encontraminasgerais.com.br\/itajuba\/prefeitura-de-sao-lourenco\/"},"modified":"2026-03-19T06:35:37","modified_gmt":"2026-03-19T09:35:37","slug":"prefeitura-de-sao-lourenco","status":"publish","type":"post","link":"https:\/\/www.encontraminasgerais.com.br\/itajuba\/prefeitura-de-sao-lourenco\/","title":{"rendered":"Prefeitura de S\u00e3o Louren\u00e7o"},"content":{"rendered":"<h2>Sobre a Vaga de Bibliotec\u00e1rio<\/h2>\n<p>A Prefeitura de S\u00e3o Louren\u00e7o, no estado de Minas Gerais, anunciou a abertura do Processo Seletivo Simplificado n\u00ba 001\/2026, visando preencher uma vaga dispon\u00edvel para o cargo de Bibliotec\u00e1rio. Este cargo \u00e9 destinado a profissionais que possuem mais de um diploma de n\u00edvel superior em Biblioteconomia, al\u00e9m de registro ativo no Conselho Regional de Biblioteconomia (CRB).<\/p>\n<h2>Detalhes da Sele\u00e7\u00e3o<\/h2>\n<p>A sele\u00e7\u00e3o de candidatos ser\u00e1 realizada com base na an\u00e1lise de t\u00edtulos e no tempo de servi\u00e7o, o que significa que o desempenho e a experi\u00eancia pr\u00e9via dos candidatos ser\u00e3o os crit\u00e9rios principais para a escolha do profissional. O edital detalha todas as informa\u00e7\u00f5es necess\u00e1rias para os candidatos que desejam participar deste processo.<\/p>\n<h2>Remunera\u00e7\u00e3o e Benef\u00edcios<\/h2>\n<p>Os selecionados para a vaga de Bibliotec\u00e1rio ter\u00e3o uma carga hor\u00e1ria semanal de 30 horas, com uma remunera\u00e7\u00e3o mensal de R$ 4.367,73. Este valor \u00e9 competitivo, considerando as responsabilidades associadas ao cargo e a forma\u00e7\u00e3o exigida.<\/p>\n<h2>Carga Hor\u00e1ria<\/h2>\n<p>Os profissionais contratados atuar\u00e3o em uma jornada de 30 horas semanais. Essa carga hor\u00e1ria \u00e9 adequada para quem busca uma posi\u00e7\u00e3o que permita conciliar a vida profissional com outros compromissos pessoais ou acad\u00eamicos.<\/p>\n<h2>Inscri\u00e7\u00f5es e Prazo<\/h2>\n<p>Os interessados em se inscrever dever\u00e3o comparecer presencialmente \u00e0 Secretaria Municipal de Cultura, situada na Pra\u00e7a Ismael Junqueira de Souza, n\u00ba 55, Bairro Esta\u00e7\u00e3o, em S\u00e3o Louren\u00e7o\/MG. O per\u00edodo de inscri\u00e7\u00f5es estar\u00e1 aberto entre os dias 23 e 27 de mar\u00e7o de 2026, das 9h \u00e0s 17h, respeitando o hor\u00e1rio oficial de Bras\u00edlia\/DF.<\/p>\n<h2>An\u00e1lise de T\u00edtulos<\/h2>\n<p>A an\u00e1lise de t\u00edtulos consiste na avalia\u00e7\u00e3o de documentos que comprovam a forma\u00e7\u00e3o educacional e tamb\u00e9m a experi\u00eancia profissional do candidato. Essa etapa \u00e9 crucial, pois cada diploma e experi\u00eancia anterior contar\u00e1 pontos na sele\u00e7\u00e3o final.<\/p>\n<h2>Resultados e Homologa\u00e7\u00e3o<\/h2>\n<p>O resultado preliminar do processo seletivo ser\u00e1 disponibilizado no dia 8 de abril de 2026. Ap\u00f3s a divulga\u00e7\u00e3o dos resultados, haver\u00e1 um per\u00edodo destinado a recursos, que ocorrer\u00e1 de 9 a 14 de abril de 2026. A lista final com os candidatos aprovados ser\u00e1 publicada em 22 de abril de 2026, com a homologa\u00e7\u00e3o dos resultados prevista para o dia seguinte.<\/p>\n<h2>Validade do Processo Seletivo<\/h2>\n<p>Este processo seletivo ter\u00e1 validade de um ano a partir da data da homologa\u00e7\u00e3o. Existe a possibilidade de prorroga\u00e7\u00e3o dessa validade por um per\u00edodo igual, conforme necessidade da administra\u00e7\u00e3o municipal.<\/p>\n<h2>Como se Preparar para a Sele\u00e7\u00e3o<\/h2>\n<p>Para se destacar no processo seletivo, os candidatos devem preparar-se adequadamente. Isso inclui:<\/p>\n<ul>\n<li><strong>Estudar o edital:<\/strong> \u00c9 fundamental compreender todas as exig\u00eancias e etapas do processo.<\/li>\n<li><strong>Coletar documentos:<\/strong> Tenha todos os t\u00edtulos e experi\u00eancias organizados e prontos para a an\u00e1lise.<\/li>\n<li><strong>Fazer um curr\u00edculum eficaz:<\/strong> O curr\u00edculo deve destacar suas qualifica\u00e7\u00f5es e experi\u00eancias relevantes.<\/li>\n<\/ul>\n<h2>Informa\u00e7\u00f5es Adicionais e Contato<\/h2>\n<p>Para obter mais informa\u00e7\u00f5es sobre o processo seletivo, o edital completo est\u00e1 dispon\u00edvel para consulta, e a popula\u00e7\u00e3o pode entrar em contato com a Prefeitura de S\u00e3o Louren\u00e7o diretamente atrav\u00e9s de seu site ou telefone. \u00c9 importante estar por dentro de quaisquer atualiza\u00e7\u00f5es ou mudan\u00e7as que possam ocorrer no cronograma ou nos requisitos do processo.<\/p>\n","protected":false},"excerpt":{"rendered":"<p>Prefeitura de S\u00e3o Louren\u00e7o &#8211; MG abre vaga para Bibliotec\u00e1rio com \u00f3timos benef\u00edcios.<\/p>\n","protected":false},"author":1,"featured_media":0,"comment_status":"open","ping_status":"open","sticky":false,"template":"","format":"standard","meta":{"footnotes":""},"categories":[5],"tags":[],"class_list":["post-4745","post","type-post","status-publish","format-standard","hentry","category-noticias"],"yoast_head":"<!-- This site is optimized with the Yoast SEO plugin v26.3 - https:\/\/yoast.com\/wordpress\/plugins\/seo\/ -->\n<title>Prefeitura de S\u00e3o Louren\u00e7o | Encontra Itajub\u00e1<\/title>\n<meta name=\"robots\" content=\"index, follow, max-snippet:-1, max-image-preview:large, max-video-preview:-1\" \/>\n<link rel=\"canonical\" href=\"https:\/\/www.encontraminasgerais.com.br\/itajuba\/prefeitura-de-sao-lourenco\/\" \/>\n<meta property=\"og:locale\" content=\"pt_BR\" \/>\n<meta property=\"og:type\" content=\"article\" \/>\n<meta property=\"og:title\" content=\"Prefeitura de S\u00e3o Louren\u00e7o | Encontra Itajub\u00e1\" \/>\n<meta property=\"og:description\" content=\"Prefeitura de S\u00e3o Louren\u00e7o - MG abre vaga para Bibliotec\u00e1rio com \u00f3timos benef\u00edcios.\" \/>\n<meta property=\"og:url\" content=\"https:\/\/www.encontraminasgerais.com.br\/itajuba\/prefeitura-de-sao-lourenco\/\" \/>\n<meta property=\"og:site_name\" content=\"Encontra Itajub\u00e1\" \/>\n<meta property=\"article:published_time\" content=\"2026-03-19T09:35:37+00:00\" \/>\n<meta name=\"author\" content=\"Encontra Itajub\u00e1\" \/>\n<meta name=\"twitter:card\" content=\"summary_large_image\" \/>\n<meta name=\"twitter:label1\" content=\"Escrito por\" \/>\n\t<meta name=\"twitter:data1\" content=\"Encontra Itajub\u00e1\" \/>\n\t<meta name=\"twitter:label2\" content=\"Est. tempo de leitura\" \/>\n\t<meta name=\"twitter:data2\" content=\"3 minutos\" \/>\n<script type=\"application\/ld+json\" class=\"yoast-schema-graph\">{\"@context\":\"https:\/\/schema.org\",\"@graph\":[{\"@type\":\"WebPage\",\"@id\":\"https:\/\/www.encontraminasgerais.com.br\/itajuba\/prefeitura-de-sao-lourenco\/\",\"url\":\"https:\/\/www.encontraminasgerais.com.br\/itajuba\/prefeitura-de-sao-lourenco\/\",\"name\":\"Prefeitura de S\u00e3o Louren\u00e7o | Encontra Itajub\u00e1\",\"isPartOf\":{\"@id\":\"https:\/\/www.encontraminasgerais.com.br\/itajuba\/#website\"},\"datePublished\":\"2026-03-19T09:35:37+00:00\",\"author\":{\"@id\":\"https:\/\/www.encontraminasgerais.com.br\/itajuba\/#\/schema\/person\/d26674c083ec86b440752843a690de33\"},\"inLanguage\":\"pt-BR\",\"potentialAction\":[{\"@type\":\"ReadAction\",\"target\":[\"https:\/\/www.encontraminasgerais.com.br\/itajuba\/prefeitura-de-sao-lourenco\/\"]}]},{\"@type\":\"WebSite\",\"@id\":\"https:\/\/www.encontraminasgerais.com.br\/itajuba\/#website\",\"url\":\"https:\/\/www.encontraminasgerais.com.br\/itajuba\/\",\"name\":\"Encontra Itajub\u00e1\",\"description\":\"ENCONTRA ITAJUB\u00c1 - O guia comercial de neg\u00f3cios e empresas, cultura e divers\u00e3o na cidade de Itajub\u00e1. Feito 100% para voc\u00ea morador!\",\"potentialAction\":[{\"@type\":\"SearchAction\",\"target\":{\"@type\":\"EntryPoint\",\"urlTemplate\":\"https:\/\/www.encontraminasgerais.com.br\/itajuba\/?s={search_term_string}\"},\"query-input\":{\"@type\":\"PropertyValueSpecification\",\"valueRequired\":true,\"valueName\":\"search_term_string\"}}],\"inLanguage\":\"pt-BR\"},{\"@type\":\"Person\",\"@id\":\"https:\/\/www.encontraminasgerais.com.br\/itajuba\/#\/schema\/person\/d26674c083ec86b440752843a690de33\",\"name\":\"Encontra Itajub\u00e1\",\"image\":{\"@type\":\"ImageObject\",\"inLanguage\":\"pt-BR\",\"@id\":\"https:\/\/www.encontraminasgerais.com.br\/itajuba\/#\/schema\/person\/image\/\",\"url\":\"https:\/\/secure.gravatar.com\/avatar\/c50c17820bcf322f0a8fd6b110b8c0918141409dc69076470f6fca5fee70a5d4?s=96&d=mm&r=g\",\"contentUrl\":\"https:\/\/secure.gravatar.com\/avatar\/c50c17820bcf322f0a8fd6b110b8c0918141409dc69076470f6fca5fee70a5d4?s=96&d=mm&r=g\",\"caption\":\"Encontra Itajub\u00e1\"},\"url\":\"https:\/\/www.encontraminasgerais.com.br\/itajuba\/author\/eitajuba\/\"}]}<\/script>\n<!-- \/ Yoast SEO plugin. -->","yoast_head_json":{"title":"Prefeitura de S\u00e3o Louren\u00e7o | Encontra Itajub\u00e1","robots":{"index":"index","follow":"follow","max-snippet":"max-snippet:-1","max-image-preview":"max-image-preview:large","max-video-preview":"max-video-preview:-1"},"canonical":"https:\/\/www.encontraminasgerais.com.br\/itajuba\/prefeitura-de-sao-lourenco\/","og_locale":"pt_BR","og_type":"article","og_title":"Prefeitura de S\u00e3o Louren\u00e7o | Encontra Itajub\u00e1","og_description":"Prefeitura de S\u00e3o Louren\u00e7o - MG abre vaga para Bibliotec\u00e1rio com \u00f3timos benef\u00edcios.","og_url":"https:\/\/www.encontraminasgerais.com.br\/itajuba\/prefeitura-de-sao-lourenco\/","og_site_name":"Encontra Itajub\u00e1","article_published_time":"2026-03-19T09:35:37+00:00","author":"Encontra Itajub\u00e1","twitter_card":"summary_large_image","twitter_misc":{"Escrito por":"Encontra Itajub\u00e1","Est. tempo de leitura":"3 minutos"},"schema":{"@context":"https:\/\/schema.org","@graph":[{"@type":"WebPage","@id":"https:\/\/www.encontraminasgerais.com.br\/itajuba\/prefeitura-de-sao-lourenco\/","url":"https:\/\/www.encontraminasgerais.com.br\/itajuba\/prefeitura-de-sao-lourenco\/","name":"Prefeitura de S\u00e3o Louren\u00e7o | Encontra Itajub\u00e1","isPartOf":{"@id":"https:\/\/www.encontraminasgerais.com.br\/itajuba\/#website"},"datePublished":"2026-03-19T09:35:37+00:00","author":{"@id":"https:\/\/www.encontraminasgerais.com.br\/itajuba\/#\/schema\/person\/d26674c083ec86b440752843a690de33"},"inLanguage":"pt-BR","potentialAction":[{"@type":"ReadAction","target":["https:\/\/www.encontraminasgerais.com.br\/itajuba\/prefeitura-de-sao-lourenco\/"]}]},{"@type":"WebSite","@id":"https:\/\/www.encontraminasgerais.com.br\/itajuba\/#website","url":"https:\/\/www.encontraminasgerais.com.br\/itajuba\/","name":"Encontra Itajub\u00e1","description":"ENCONTRA ITAJUB\u00c1 - O guia comercial de neg\u00f3cios e empresas, cultura e divers\u00e3o na cidade de Itajub\u00e1. Feito 100% para voc\u00ea morador!","potentialAction":[{"@type":"SearchAction","target":{"@type":"EntryPoint","urlTemplate":"https:\/\/www.encontraminasgerais.com.br\/itajuba\/?s={search_term_string}"},"query-input":{"@type":"PropertyValueSpecification","valueRequired":true,"valueName":"search_term_string"}}],"inLanguage":"pt-BR"},{"@type":"Person","@id":"https:\/\/www.encontraminasgerais.com.br\/itajuba\/#\/schema\/person\/d26674c083ec86b440752843a690de33","name":"Encontra Itajub\u00e1","image":{"@type":"ImageObject","inLanguage":"pt-BR","@id":"https:\/\/www.encontraminasgerais.com.br\/itajuba\/#\/schema\/person\/image\/","url":"https:\/\/secure.gravatar.com\/avatar\/c50c17820bcf322f0a8fd6b110b8c0918141409dc69076470f6fca5fee70a5d4?s=96&d=mm&r=g","contentUrl":"https:\/\/secure.gravatar.com\/avatar\/c50c17820bcf322f0a8fd6b110b8c0918141409dc69076470f6fca5fee70a5d4?s=96&d=mm&r=g","caption":"Encontra Itajub\u00e1"},"url":"https:\/\/www.encontraminasgerais.com.br\/itajuba\/author\/eitajuba\/"}]}},"_links":{"self":[{"href":"https:\/\/www.encontraminasgerais.com.br\/itajuba\/wp-json\/wp\/v2\/posts\/4745","targetHints":{"allow":["GET"]}}],"collection":[{"href":"https:\/\/www.encontraminasgerais.com.br\/itajuba\/wp-json\/wp\/v2\/posts"}],"about":[{"href":"https:\/\/www.encontraminasgerais.com.br\/itajuba\/wp-json\/wp\/v2\/types\/post"}],"author":[{"embeddable":true,"href":"https:\/\/www.encontraminasgerais.com.br\/itajuba\/wp-json\/wp\/v2\/users\/1"}],"replies":[{"embeddable":true,"href":"https:\/\/www.encontraminasgerais.com.br\/itajuba\/wp-json\/wp\/v2\/comments?post=4745"}],"version-history":[{"count":0,"href":"https:\/\/www.encontraminasgerais.com.br\/itajuba\/wp-json\/wp\/v2\/posts\/4745\/revisions"}],"wp:attachment":[{"href":"https:\/\/www.encontraminasgerais.com.br\/itajuba\/wp-json\/wp\/v2\/media?parent=4745"}],"wp:term":[{"taxonomy":"category","embeddable":true,"href":"https:\/\/www.encontraminasgerais.com.br\/itajuba\/wp-json\/wp\/v2\/categories?post=4745"},{"taxonomy":"post_tag","embeddable":true,"href":"https:\/\/www.encontraminasgerais.com.br\/itajuba\/wp-json\/wp\/v2\/tags?post=4745"}],"curies":[{"name":"wp","href":"https:\/\/api.w.org\/{rel}","templated":true}]}}