{"id":4759,"date":"2026-03-24T06:35:19","date_gmt":"2026-03-24T09:35:19","guid":{"rendered":"https:\/\/www.encontraminasgerais.com.br\/itajuba\/concurso-prefeitura-de-tocos-do-moji-mg-abre-13-vagas-temporarias\/"},"modified":"2026-03-24T06:35:19","modified_gmt":"2026-03-24T09:35:19","slug":"concurso-prefeitura-de-tocos-do-moji-mg-abre-13-vagas-temporarias","status":"publish","type":"post","link":"https:\/\/www.encontraminasgerais.com.br\/itajuba\/concurso-prefeitura-de-tocos-do-moji-mg-abre-13-vagas-temporarias\/","title":{"rendered":"Concurso Prefeitura de Tocos do Moji MG abre 13 vagas tempor\u00e1rias"},"content":{"rendered":"<h2>Concurso da Prefeitura de Tocos do Moji &#8211; 2026<\/h2>\n<p>A Prefeitura de Tocos do Moji, localizada na regi\u00e3o Sul de Minas Gerais, divulgou o edital 005\/2026, que visa a contrata\u00e7\u00e3o tempor\u00e1ria de 13 profissionais em diversas \u00e1reas de atua\u00e7\u00e3o, incluindo Assist\u00eancia Social, Obras e Limpeza Urbana. Os contratos ser\u00e3o firmados inicialmente por um per\u00edodo de seis meses, podendo ser prorrogados por igual per\u00edodo, com sal\u00e1rios que podem chegar a R$2.973.<\/p>\n<h2>Vagas Dispon\u00edveis e Sal\u00e1rios Oferecidos<\/h2>\n<p>Abaixo, est\u00e3o as informa\u00e7\u00f5es detalhadas sobre as vagas dispon\u00edveis:<\/p>\n<table>\n<tr>\n<th>Cargo<\/th>\n<th>Vagas<\/th>\n<th>Escolaridade\/Exig\u00eancias<\/th>\n<th>Carga Hor\u00e1ria<\/th>\n<th>Sal\u00e1rio<\/th>\n<\/tr>\n<tr>\n<td>Assistente Social<\/td>\n<td>1<\/td>\n<td>Superior em Servi\u00e7o Social + registro no CRESS<\/td>\n<td>20h semanais<\/td>\n<td>R$2.973<\/td>\n<\/tr>\n<tr>\n<td>Auxiliar de Servi\u00e7os de Conserva\u00e7\u00e3o \u2013 Administrativo<\/td>\n<td>1<\/td>\n<td>4\u00aa s\u00e9rie do Ensino Fundamental<\/td>\n<td>40h semanais<\/td>\n<td>R$1.621<\/td>\n<\/tr>\n<tr>\n<td>Auxiliar de Servi\u00e7os de Conserva\u00e7\u00e3o \u2013 Obras<\/td>\n<td>10<\/td>\n<td>Alfabetiza\u00e7\u00e3o e conhecimentos da fun\u00e7\u00e3o<\/td>\n<td>40h semanais<\/td>\n<td>R$1.621<\/td>\n<\/tr>\n<tr>\n<td>Motorista<\/td>\n<td>1<\/td>\n<td>Alfabetiza\u00e7\u00e3o + CNH categoria \u201cD\u201d<\/td>\n<td>40h semanais<\/td>\n<td>R$1.824<\/td>\n<\/tr>\n<\/table>\n<p>Nota: Os sal\u00e1rios mencionados s\u00e3o brutos e referentes ao que consta no edital.<\/p>\n<p><img decoding=\"async\" src=\"https:\/\/www.encontraminasgerais.com.br\/itajuba\/wp-content\/uploads\/2026\/03\/concurso-prefeitura-de-tocos-do-moji-mg-abre-13-vagas-temporarias.webp\" alt=\"Concurso Prefeitura de Tocos do Moji MG\" loading=\"lazy\" \/><\/p>\n<h2>Como Realizar sua Inscri\u00e7\u00e3o<\/h2>\n<p>As inscri\u00e7\u00f5es ser\u00e3o realizadas de forma presencial entre os dias 23 e 25 de mar\u00e7o de 2026, e devem ser feitas na sede da Prefeitura Municipal de Tocos do Moji, situada na Rua Ant\u00f4nio Mariano da Silva, n\u00famero 36, Centro. Os hor\u00e1rios para inscri\u00e7\u00e3o s\u00e3o das 8h \u00e0s 11h e das 13h \u00e0s 16h.<\/p>\n<h2>Documentos Necess\u00e1rios para Inscri\u00e7\u00e3o<\/h2>\n<p>Os candidatos devem levar os seguintes documentos, tanto em original quanto em c\u00f3pia:<\/p>\n<ul>\n<li>RG e CPF<\/li>\n<li>T\u00edtulo de Eleitor e comprovante de quita\u00e7\u00e3o eleitoral<\/li>\n<li>Comprovante de endere\u00e7o atualizado<\/li>\n<li>Comprovante de escolaridade e\/ou registro profissional, quando aplic\u00e1vel<\/li>\n<li>Certid\u00f5es negativas de antecedentes criminais (TJMG e TRF6)<\/li>\n<\/ul>\n<h2>Regras Importantes para a Sele\u00e7\u00e3o<\/h2>\n<p>\u00c9 imprescind\u00edvel que os candidatos tenham pelo menos 18 anos na data da contrata\u00e7\u00e3o. Tamb\u00e9m \u00e9 necess\u00e1rio entregar os t\u00edtulos em um envelope identificado junto com o formul\u00e1rio de inscri\u00e7\u00e3o. Caso os documentos originais sejam apresentados para confer\u00eancia, n\u00e3o ser\u00e1 necess\u00e1rio apresentar c\u00f3pias autenticadas.<\/p>\n<h2>Processo Seletivo: An\u00e1lise de T\u00edtulos<\/h2>\n<p>A sele\u00e7\u00e3o dos candidatos ser\u00e1 realizada por meio da an\u00e1lise de t\u00edtulos, sem aplica\u00e7\u00e3o de provas. A pontua\u00e7\u00e3o ser\u00e1 distribu\u00edda da seguinte forma:<\/p>\n<ul>\n<li>At\u00e9 3 pontos por cursos e capacita\u00e7\u00f5es que tenham carga hor\u00e1ria m\u00ednima de 40 horas, desde que realizados antes da publica\u00e7\u00e3o do edital.<\/li>\n<li>At\u00e9 6 pontos, considerando 0,5 ponto por m\u00eas de tempo de servi\u00e7o na fun\u00e7\u00e3o correspondente ao cargo.<\/li>\n<li>Atribui\u00e7\u00e3o de pontos para t\u00edtulos acad\u00eamicos como gradua\u00e7\u00e3o, p\u00f3s-gradua\u00e7\u00e3o, mestrado e doutorado, conforme os pesos estabelecidos no edital.<\/li>\n<\/ul>\n<p>Em caso de empate, a prefer\u00eancia ser\u00e1 dada ao candidato de maior idade.<\/p>\n<h2>Cronograma do Concurso<\/h2>\n<p>Consulta da classifica\u00e7\u00e3o preliminar estar\u00e1 dispon\u00edvel a partir de 26 de mar\u00e7o de 2026, tanto nos quadros de avisos da Prefeitura quanto em seu site oficial. Os candidatos que desejarem apresentar recursos ter\u00e3o um dia \u00fatil para faz\u00ea-lo, no hor\u00e1rio das 13h \u00e0s 16h, no setor de Recursos Humanos, e dever\u00e3o apresentar justificativas.<\/p>\n<p>Ap\u00f3s a homologa\u00e7\u00e3o dos resultados, os convocados ter\u00e3o um prazo de dois dias \u00fateis para apresentar toda a documenta\u00e7\u00e3o exigida; a aus\u00eancia de qualquer documento pode levar \u00e0 desclassifica\u00e7\u00e3o e \u00e0 convoca\u00e7\u00e3o do candidato subsequente.<\/p>\n<h2>O Papel de Cada Cargo no Servi\u00e7o P\u00fablico<\/h2>\n<p>Conhe\u00e7a as atribui\u00e7\u00f5es espec\u00edficas de cada um dos cargos dispon\u00edveis:<\/p>\n<ul>\n<li><strong>Assistente Social:<\/strong> Desenvolvimento de atividades intersetoriais e comunit\u00e1rias, gest\u00e3o de refer\u00eancia e contrarrefer\u00eancia na sa\u00fade, al\u00e9m de execu\u00e7\u00e3o de atividades administrativas.<\/li>\n<li><strong>Auxiliar de Servi\u00e7os de Conserva\u00e7\u00e3o (Administrativo):<\/strong> Realiza\u00e7\u00e3o de servi\u00e7os de limpeza e organiza\u00e7\u00e3o em ambientes, apoio log\u00edstico e tramita\u00e7\u00e3o de documentos.<\/li>\n<li><strong>Auxiliar de Servi\u00e7os de Conserva\u00e7\u00e3o (Obras):<\/strong> Apoio em obras, manuten\u00e7\u00e3o de \u00e1reas p\u00fablicas, servi\u00e7os gerais de constru\u00e7\u00e3o e jardinagem.<\/li>\n<li><strong>Motorista:<\/strong> Respons\u00e1vel pela condu\u00e7\u00e3o de ve\u00edculos oficiais, transporte de servidores e controle de rotina dos ve\u00edculos.<\/li>\n<\/ul>\n<h2>Dicas para Aumentar suas Chances de Sucesso<\/h2>\n<p>Para garantir um bom desempenho durante a an\u00e1lise de t\u00edtulos, siga essas dicas:<\/p>\n<ul>\n<li>Organize seus certificados de modo que a carga hor\u00e1ria seja vis\u00edvel, priorizando os cursos realizados antes da publica\u00e7\u00e3o do edital.<\/li>\n<li>Documente e comprove o tempo de experi\u00eancia na fun\u00e7\u00e3o, de acordo com o limite estabelecido.<\/li>\n<li>Separe com anteced\u00eancia os originais e c\u00f3pias dos documentos que dever\u00e3o ser apresentados no ato da inscri\u00e7\u00e3o.<\/li>\n<\/ul>\n<h2>Oportunidade para Profissionais Locais<\/h2>\n<p>Este processo seletivo constitui uma importante oportunidade para os moradores de Tocos do Moji. A contrata\u00e7\u00e3o tempor\u00e1ria possibilita que profissionais locais se vinculem ao servi\u00e7o p\u00fablico e adquiram experi\u00eancia no mercado de trabalho, al\u00e9m de contribuir significativamente para a manuten\u00e7\u00e3o de servi\u00e7os essenciais na cidade.<\/p>\n<h2>Import\u00e2ncia do Concurso para a Cidade<\/h2>\n<p>Com uma popula\u00e7\u00e3o estimada em aproximadamente 3.826 habitantes segundo o Censo do IBGE de 2022, Tocos do Moji, que possui um perfil predominantemente rural, depende desses contratos tempor\u00e1rios para assegurar a continuidade de servi\u00e7os e atender \u00e0s demandas sazonais. Isso n\u00e3o apenas minimiza lacunas nas equipes, mas tamb\u00e9m promove a gera\u00e7\u00e3o de oportunidades para a popula\u00e7\u00e3o local.<\/p>\n<h2>Calend\u00e1rio e Datas Importantes<\/h2>\n<p>As principais datas relacionadas ao concurso s\u00e3o as seguintes:<\/p>\n<ul>\n<li>Inscri\u00e7\u00f5es: 23 a 25 de mar\u00e7o de 2026<\/li>\n<li>Classifica\u00e7\u00e3o preliminar: a partir de 26 de mar\u00e7o de 2026<\/li>\n<\/ul>\n<p>As informa\u00e7\u00f5es detalhadas sobre o concurso podem ser acompanhadas diretamente no <strong>site oficial da Prefeitura de Tocos do Moji<\/strong> ou no quadro de avisos da institui\u00e7\u00e3o.<\/p>\n","protected":false},"excerpt":{"rendered":"<p>Concurso Prefeitura de Tocos do Moji MG abriu 13 vagas tempor\u00e1rias com sal\u00e1rios de at\u00e9 R$2.973.<\/p>\n","protected":false},"author":1,"featured_media":4758,"comment_status":"open","ping_status":"open","sticky":false,"template":"","format":"standard","meta":{"footnotes":""},"categories":[5],"tags":[],"class_list":["post-4759","post","type-post","status-publish","format-standard","has-post-thumbnail","hentry","category-noticias","has_thumb"],"yoast_head":"<!-- This site is optimized with the Yoast SEO plugin v26.3 - https:\/\/yoast.com\/wordpress\/plugins\/seo\/ -->\n<title>Concurso Prefeitura de Tocos do Moji MG abre 13 vagas tempor\u00e1rias | Encontra Itajub\u00e1<\/title>\n<meta name=\"robots\" content=\"index, follow, max-snippet:-1, max-image-preview:large, max-video-preview:-1\" \/>\n<link rel=\"canonical\" href=\"https:\/\/www.encontraminasgerais.com.br\/itajuba\/concurso-prefeitura-de-tocos-do-moji-mg-abre-13-vagas-temporarias\/\" \/>\n<meta property=\"og:locale\" content=\"pt_BR\" \/>\n<meta property=\"og:type\" content=\"article\" \/>\n<meta property=\"og:title\" content=\"Concurso Prefeitura de Tocos do Moji MG abre 13 vagas tempor\u00e1rias | Encontra Itajub\u00e1\" \/>\n<meta property=\"og:description\" content=\"Concurso Prefeitura de Tocos do Moji MG abriu 13 vagas tempor\u00e1rias com sal\u00e1rios de at\u00e9 R$2.973.\" \/>\n<meta property=\"og:url\" content=\"https:\/\/www.encontraminasgerais.com.br\/itajuba\/concurso-prefeitura-de-tocos-do-moji-mg-abre-13-vagas-temporarias\/\" \/>\n<meta property=\"og:site_name\" content=\"Encontra Itajub\u00e1\" \/>\n<meta property=\"article:published_time\" content=\"2026-03-24T09:35:19+00:00\" \/>\n<meta property=\"og:image\" content=\"https:\/\/www.encontraminasgerais.com.br\/itajuba\/wp-content\/uploads\/2026\/03\/concurso-prefeitura-de-tocos-do-moji-mg-abre-13-vagas-temporarias.webp\" \/>\n<meta name=\"author\" content=\"Encontra Itajub\u00e1\" \/>\n<meta name=\"twitter:card\" content=\"summary_large_image\" \/>\n<meta name=\"twitter:label1\" content=\"Escrito por\" \/>\n\t<meta name=\"twitter:data1\" content=\"Encontra Itajub\u00e1\" \/>\n\t<meta name=\"twitter:label2\" content=\"Est. tempo de leitura\" \/>\n\t<meta name=\"twitter:data2\" content=\"5 minutos\" \/>\n<script type=\"application\/ld+json\" class=\"yoast-schema-graph\">{\"@context\":\"https:\/\/schema.org\",\"@graph\":[{\"@type\":\"WebPage\",\"@id\":\"https:\/\/www.encontraminasgerais.com.br\/itajuba\/concurso-prefeitura-de-tocos-do-moji-mg-abre-13-vagas-temporarias\/\",\"url\":\"https:\/\/www.encontraminasgerais.com.br\/itajuba\/concurso-prefeitura-de-tocos-do-moji-mg-abre-13-vagas-temporarias\/\",\"name\":\"Concurso Prefeitura de Tocos do Moji MG abre 13 vagas tempor\u00e1rias | Encontra Itajub\u00e1\",\"isPartOf\":{\"@id\":\"https:\/\/www.encontraminasgerais.com.br\/itajuba\/#website\"},\"primaryImageOfPage\":{\"@id\":\"https:\/\/www.encontraminasgerais.com.br\/itajuba\/concurso-prefeitura-de-tocos-do-moji-mg-abre-13-vagas-temporarias\/#primaryimage\"},\"image\":{\"@id\":\"https:\/\/www.encontraminasgerais.com.br\/itajuba\/concurso-prefeitura-de-tocos-do-moji-mg-abre-13-vagas-temporarias\/#primaryimage\"},\"thumbnailUrl\":\"https:\/\/www.encontraminasgerais.com.br\/itajuba\/wp-content\/uploads\/2026\/03\/concurso-prefeitura-de-tocos-do-moji-mg-abre-13-vagas-temporarias.webp\",\"datePublished\":\"2026-03-24T09:35:19+00:00\",\"author\":{\"@id\":\"https:\/\/www.encontraminasgerais.com.br\/itajuba\/#\/schema\/person\/d26674c083ec86b440752843a690de33\"},\"inLanguage\":\"pt-BR\",\"potentialAction\":[{\"@type\":\"ReadAction\",\"target\":[\"https:\/\/www.encontraminasgerais.com.br\/itajuba\/concurso-prefeitura-de-tocos-do-moji-mg-abre-13-vagas-temporarias\/\"]}]},{\"@type\":\"ImageObject\",\"inLanguage\":\"pt-BR\",\"@id\":\"https:\/\/www.encontraminasgerais.com.br\/itajuba\/concurso-prefeitura-de-tocos-do-moji-mg-abre-13-vagas-temporarias\/#primaryimage\",\"url\":\"https:\/\/www.encontraminasgerais.com.br\/itajuba\/wp-content\/uploads\/2026\/03\/concurso-prefeitura-de-tocos-do-moji-mg-abre-13-vagas-temporarias.webp\",\"contentUrl\":\"https:\/\/www.encontraminasgerais.com.br\/itajuba\/wp-content\/uploads\/2026\/03\/concurso-prefeitura-de-tocos-do-moji-mg-abre-13-vagas-temporarias.webp\",\"width\":280,\"height\":280,\"caption\":\"Concurso Prefeitura de Tocos do Moji MG\"},{\"@type\":\"WebSite\",\"@id\":\"https:\/\/www.encontraminasgerais.com.br\/itajuba\/#website\",\"url\":\"https:\/\/www.encontraminasgerais.com.br\/itajuba\/\",\"name\":\"Encontra Itajub\u00e1\",\"description\":\"ENCONTRA ITAJUB\u00c1 - O guia comercial de neg\u00f3cios e empresas, cultura e divers\u00e3o na cidade de Itajub\u00e1. Feito 100% para voc\u00ea morador!\",\"potentialAction\":[{\"@type\":\"SearchAction\",\"target\":{\"@type\":\"EntryPoint\",\"urlTemplate\":\"https:\/\/www.encontraminasgerais.com.br\/itajuba\/?s={search_term_string}\"},\"query-input\":{\"@type\":\"PropertyValueSpecification\",\"valueRequired\":true,\"valueName\":\"search_term_string\"}}],\"inLanguage\":\"pt-BR\"},{\"@type\":\"Person\",\"@id\":\"https:\/\/www.encontraminasgerais.com.br\/itajuba\/#\/schema\/person\/d26674c083ec86b440752843a690de33\",\"name\":\"Encontra Itajub\u00e1\",\"image\":{\"@type\":\"ImageObject\",\"inLanguage\":\"pt-BR\",\"@id\":\"https:\/\/www.encontraminasgerais.com.br\/itajuba\/#\/schema\/person\/image\/\",\"url\":\"https:\/\/secure.gravatar.com\/avatar\/c50c17820bcf322f0a8fd6b110b8c0918141409dc69076470f6fca5fee70a5d4?s=96&d=mm&r=g\",\"contentUrl\":\"https:\/\/secure.gravatar.com\/avatar\/c50c17820bcf322f0a8fd6b110b8c0918141409dc69076470f6fca5fee70a5d4?s=96&d=mm&r=g\",\"caption\":\"Encontra Itajub\u00e1\"},\"url\":\"https:\/\/www.encontraminasgerais.com.br\/itajuba\/author\/eitajuba\/\"}]}<\/script>\n<!-- \/ Yoast SEO plugin. -->","yoast_head_json":{"title":"Concurso Prefeitura de Tocos do Moji MG abre 13 vagas tempor\u00e1rias | Encontra Itajub\u00e1","robots":{"index":"index","follow":"follow","max-snippet":"max-snippet:-1","max-image-preview":"max-image-preview:large","max-video-preview":"max-video-preview:-1"},"canonical":"https:\/\/www.encontraminasgerais.com.br\/itajuba\/concurso-prefeitura-de-tocos-do-moji-mg-abre-13-vagas-temporarias\/","og_locale":"pt_BR","og_type":"article","og_title":"Concurso Prefeitura de Tocos do Moji MG abre 13 vagas tempor\u00e1rias | Encontra Itajub\u00e1","og_description":"Concurso Prefeitura de Tocos do Moji MG abriu 13 vagas tempor\u00e1rias com sal\u00e1rios de at\u00e9 R$2.973.","og_url":"https:\/\/www.encontraminasgerais.com.br\/itajuba\/concurso-prefeitura-de-tocos-do-moji-mg-abre-13-vagas-temporarias\/","og_site_name":"Encontra Itajub\u00e1","article_published_time":"2026-03-24T09:35:19+00:00","og_image":[{"url":"https:\/\/www.encontraminasgerais.com.br\/itajuba\/wp-content\/uploads\/2026\/03\/concurso-prefeitura-de-tocos-do-moji-mg-abre-13-vagas-temporarias.webp","type":"","width":"","height":""}],"author":"Encontra Itajub\u00e1","twitter_card":"summary_large_image","twitter_misc":{"Escrito por":"Encontra Itajub\u00e1","Est. tempo de leitura":"5 minutos"},"schema":{"@context":"https:\/\/schema.org","@graph":[{"@type":"WebPage","@id":"https:\/\/www.encontraminasgerais.com.br\/itajuba\/concurso-prefeitura-de-tocos-do-moji-mg-abre-13-vagas-temporarias\/","url":"https:\/\/www.encontraminasgerais.com.br\/itajuba\/concurso-prefeitura-de-tocos-do-moji-mg-abre-13-vagas-temporarias\/","name":"Concurso Prefeitura de Tocos do Moji MG abre 13 vagas tempor\u00e1rias | Encontra Itajub\u00e1","isPartOf":{"@id":"https:\/\/www.encontraminasgerais.com.br\/itajuba\/#website"},"primaryImageOfPage":{"@id":"https:\/\/www.encontraminasgerais.com.br\/itajuba\/concurso-prefeitura-de-tocos-do-moji-mg-abre-13-vagas-temporarias\/#primaryimage"},"image":{"@id":"https:\/\/www.encontraminasgerais.com.br\/itajuba\/concurso-prefeitura-de-tocos-do-moji-mg-abre-13-vagas-temporarias\/#primaryimage"},"thumbnailUrl":"https:\/\/www.encontraminasgerais.com.br\/itajuba\/wp-content\/uploads\/2026\/03\/concurso-prefeitura-de-tocos-do-moji-mg-abre-13-vagas-temporarias.webp","datePublished":"2026-03-24T09:35:19+00:00","author":{"@id":"https:\/\/www.encontraminasgerais.com.br\/itajuba\/#\/schema\/person\/d26674c083ec86b440752843a690de33"},"inLanguage":"pt-BR","potentialAction":[{"@type":"ReadAction","target":["https:\/\/www.encontraminasgerais.com.br\/itajuba\/concurso-prefeitura-de-tocos-do-moji-mg-abre-13-vagas-temporarias\/"]}]},{"@type":"ImageObject","inLanguage":"pt-BR","@id":"https:\/\/www.encontraminasgerais.com.br\/itajuba\/concurso-prefeitura-de-tocos-do-moji-mg-abre-13-vagas-temporarias\/#primaryimage","url":"https:\/\/www.encontraminasgerais.com.br\/itajuba\/wp-content\/uploads\/2026\/03\/concurso-prefeitura-de-tocos-do-moji-mg-abre-13-vagas-temporarias.webp","contentUrl":"https:\/\/www.encontraminasgerais.com.br\/itajuba\/wp-content\/uploads\/2026\/03\/concurso-prefeitura-de-tocos-do-moji-mg-abre-13-vagas-temporarias.webp","width":280,"height":280,"caption":"Concurso Prefeitura de Tocos do Moji MG"},{"@type":"WebSite","@id":"https:\/\/www.encontraminasgerais.com.br\/itajuba\/#website","url":"https:\/\/www.encontraminasgerais.com.br\/itajuba\/","name":"Encontra Itajub\u00e1","description":"ENCONTRA ITAJUB\u00c1 - O guia comercial de neg\u00f3cios e empresas, cultura e divers\u00e3o na cidade de Itajub\u00e1. Feito 100% para voc\u00ea morador!","potentialAction":[{"@type":"SearchAction","target":{"@type":"EntryPoint","urlTemplate":"https:\/\/www.encontraminasgerais.com.br\/itajuba\/?s={search_term_string}"},"query-input":{"@type":"PropertyValueSpecification","valueRequired":true,"valueName":"search_term_string"}}],"inLanguage":"pt-BR"},{"@type":"Person","@id":"https:\/\/www.encontraminasgerais.com.br\/itajuba\/#\/schema\/person\/d26674c083ec86b440752843a690de33","name":"Encontra Itajub\u00e1","image":{"@type":"ImageObject","inLanguage":"pt-BR","@id":"https:\/\/www.encontraminasgerais.com.br\/itajuba\/#\/schema\/person\/image\/","url":"https:\/\/secure.gravatar.com\/avatar\/c50c17820bcf322f0a8fd6b110b8c0918141409dc69076470f6fca5fee70a5d4?s=96&d=mm&r=g","contentUrl":"https:\/\/secure.gravatar.com\/avatar\/c50c17820bcf322f0a8fd6b110b8c0918141409dc69076470f6fca5fee70a5d4?s=96&d=mm&r=g","caption":"Encontra Itajub\u00e1"},"url":"https:\/\/www.encontraminasgerais.com.br\/itajuba\/author\/eitajuba\/"}]}},"_links":{"self":[{"href":"https:\/\/www.encontraminasgerais.com.br\/itajuba\/wp-json\/wp\/v2\/posts\/4759","targetHints":{"allow":["GET"]}}],"collection":[{"href":"https:\/\/www.encontraminasgerais.com.br\/itajuba\/wp-json\/wp\/v2\/posts"}],"about":[{"href":"https:\/\/www.encontraminasgerais.com.br\/itajuba\/wp-json\/wp\/v2\/types\/post"}],"author":[{"embeddable":true,"href":"https:\/\/www.encontraminasgerais.com.br\/itajuba\/wp-json\/wp\/v2\/users\/1"}],"replies":[{"embeddable":true,"href":"https:\/\/www.encontraminasgerais.com.br\/itajuba\/wp-json\/wp\/v2\/comments?post=4759"}],"version-history":[{"count":0,"href":"https:\/\/www.encontraminasgerais.com.br\/itajuba\/wp-json\/wp\/v2\/posts\/4759\/revisions"}],"wp:featuredmedia":[{"embeddable":true,"href":"https:\/\/www.encontraminasgerais.com.br\/itajuba\/wp-json\/wp\/v2\/media\/4758"}],"wp:attachment":[{"href":"https:\/\/www.encontraminasgerais.com.br\/itajuba\/wp-json\/wp\/v2\/media?parent=4759"}],"wp:term":[{"taxonomy":"category","embeddable":true,"href":"https:\/\/www.encontraminasgerais.com.br\/itajuba\/wp-json\/wp\/v2\/categories?post=4759"},{"taxonomy":"post_tag","embeddable":true,"href":"https:\/\/www.encontraminasgerais.com.br\/itajuba\/wp-json\/wp\/v2\/tags?post=4759"}],"curies":[{"name":"wp","href":"https:\/\/api.w.org\/{rel}","templated":true}]}}