{"id":4763,"date":"2026-03-25T06:27:51","date_gmt":"2026-03-25T09:27:51","guid":{"rendered":"https:\/\/www.encontraminasgerais.com.br\/itajuba\/chamada-de-gorda-e-alvo-de-piadas-trabalhadora-sera-indenizada\/"},"modified":"2026-03-25T06:27:51","modified_gmt":"2026-03-25T09:27:51","slug":"chamada-de-gorda-e-alvo-de-piadas-trabalhadora-sera-indenizada","status":"publish","type":"post","link":"https:\/\/www.encontraminasgerais.com.br\/itajuba\/chamada-de-gorda-e-alvo-de-piadas-trabalhadora-sera-indenizada\/","title":{"rendered":"Chamada de &#8216;gorda&#8217; e alvo de piadas, trabalhadora ser\u00e1 indenizada"},"content":{"rendered":"<h2>O Caso de Gordofobia em Itajub\u00e1<\/h2>\n<p>Um caso recente de discrimina\u00e7\u00e3o por peso no ambiente de trabalho foi julgado na Vara do Trabalho em Itajub\u00e1, Minas Gerais. A situa\u00e7\u00e3o envolveu uma funcion\u00e1ria que enfrentava ofensas frequentes relacionadas ao seu peso, o que foi considerado uma viola\u00e7\u00e3o de seus direitos e dignidade. O comportamento inadequado de um dos s\u00f3cios da empresa resultou em uma decis\u00e3o judicial que obrigou a empresa a indenizar a trabalhadora em R$ 3 mil por danos morais.<\/p>\n<h2>Decis\u00e3o da Justi\u00e7a do Trabalho<\/h2>\n<p>A Justi\u00e7a do Trabalho analisou as evid\u00eancias e concluiu que a funcion\u00e1ria foi alvo de coment\u00e1rios constantes e humilhantes dentro do local de trabalho. A ju\u00edza encarregada do caso apontou que a pr\u00e1tica da gordofobia foi evidente mediante as declara\u00e7\u00f5es feitas pelo chefe. Coment\u00e1rios como &#8220;voc\u00ea n\u00e3o pode subir na balan\u00e7a porque pesa mais de 200 quilos&#8221; e &#8220;voc\u00ea precisa de cadeiras refor\u00e7adas para n\u00e3o quebr\u00e1-las&#8221; demonstraram uma falta de respeito que n\u00e3o poderia ser ignorada.<\/p>\n<h2>Import\u00e2ncia da Indeniza\u00e7\u00e3o por Danos Morais<\/h2>\n<p>A repara\u00e7\u00e3o em casos de ass\u00e9dio moral, como a gordofobia, \u00e9 crucial n\u00e3o apenas para compensar a v\u00edtima, mas tamb\u00e9m para educar o setor corporativo. A indeniza\u00e7\u00e3o visa coibir futuras pr\u00e1ticas discriminat\u00f3rias e criar um ambiente de trabalho saud\u00e1vel e respeitoso. O valor de R$ 3 mil foi decidido com base na gravidade dos ofensas e nas condi\u00e7\u00f5es financeiras das empresas envolvidas.<\/p>\n<p><img decoding=\"async\" src=\"https:\/\/www.encontraminasgerais.com.br\/itajuba\/wp-content\/uploads\/2026\/03\/chamada-de-gorda-e-alvo-de-piadas-trabalhadora-sera-indenizada.webp\" alt=\"gordofobia\" loading=\"lazy\" \/><\/p>\n<h2>Atitudes Necess\u00e1rias Contra a Gordofobia<\/h2>\n<p>\u00c9 essencial que as empresas adotem pr\u00e1ticas para evitar a gordofobia e outras formas de discrimina\u00e7\u00e3o. Algumas a\u00e7\u00f5es que podem ser implementadas incluem:<\/p>\n<ul>\n<li><strong>C\u00f3digos de \u00c9tica:<\/strong> Estabelecer normas claras sobre o respeito e comportamento aceit\u00e1vel no ambiente de trabalho.<\/li>\n<li><strong>Treinamentos:<\/strong> Oferecer cursos e workshops de sensibiliza\u00e7\u00e3o sobre diversidade e inclus\u00e3o.<\/li>\n<li><strong>Pol\u00edticas de Den\u00fancia:<\/strong> Criar canais seguros para que funcion\u00e1rios relatem abusos sem medo de retalia\u00e7\u00e3o.<\/li>\n<li><strong>Apoio \u00e0 Sa\u00fade Mental:<\/strong> Disponibilizar recursos para cuidado psicol\u00f3gico e apoio a v\u00edtimas de ass\u00e9dio.<\/li>\n<\/ul>\n<h2>Consequ\u00eancias da Gordofobia no Trabalho<\/h2>\n<p>As consequ\u00eancias da gordofobia no local de trabalho v\u00e3o al\u00e9m do sofrimento individual. Elas podem impactar a produtividade, a colabora\u00e7\u00e3o e a sa\u00fade geral dos funcion\u00e1rios. Ambientes onde o ass\u00e9dio \u00e9 permitido tendem a ter uma alta rotatividade de pessoal, al\u00e9m de baixa moral dentro das equipes.<\/p>\n<h2>Como Reconhecer Ass\u00e9dio Moral<\/h2>\n<p>Reconhecer o ass\u00e9dio moral \u00e9 fundamental para combater essa pr\u00e1tica. Os sinais incluem:<\/p>\n<ul>\n<li><strong>Coment\u00e1rios Maliciosos:<\/strong> Observa\u00e7\u00f5es desrespeitosas sobre a apar\u00eancia ou peso de um colega.<\/li>\n<li><strong>Isolamento:<\/strong> Tentativas de excluir uma pessoa de atividades sociais ou profissionais.<\/li>\n<li><strong>Desvaloriza\u00e7\u00e3o:<\/strong> Atribui\u00e7\u00e3o de fun\u00e7\u00f5es menores ou humilhantes a um empregado em raz\u00e3o do seu peso.<\/li>\n<li><strong>Retalia\u00e7\u00e3o:<\/strong> Consequ\u00eancias negativas para quem denuncia abusos.<\/li>\n<\/ul>\n<h2>O Papel da Justi\u00e7a na Prote\u00e7\u00e3o dos Trabalhadores<\/h2>\n<p>A Justi\u00e7a desempenha um papel vital na prote\u00e7\u00e3o dos direitos dos trabalhadores. Ao reconhecer e penalizar comportamentos abusivos, como a gordofobia, o Judici\u00e1rio afirma que tais pr\u00e1ticas n\u00e3o t\u00eam espa\u00e7o no mercado de trabalho. A decis\u00e3o da ju\u00edza neste caso \u00e9 um exemplo claro de como a lei pode ser utilizada para promover um ambiente de respeito e dignidade no trabalho.<\/p>\n<h2>Testemunhos que Confirmaram as Ofensas<\/h2>\n<p>Testemunhas no caso forneceram apoio \u00e0s alega\u00e7\u00f5es da v\u00edtima. Uma delas recordou a fala de que a balan\u00e7a quebraria se a funcion\u00e1ria tentasse se pesar, enquanto outra relatou a discuss\u00e3o sobre a resist\u00eancia das cadeiras que ela utilizava. Esses testemunhos foram fundamentais para a forma\u00e7\u00e3o do entendimento da ju\u00edza, que reconheceu a gravidade das ofensas apresentadas no processo.<\/p>\n<h2>Impacto na Vida da V\u00edtima<\/h2>\n<p>As consequ\u00eancias emocionais e psicol\u00f3gicas que a funcion\u00e1ria sofreu por conta da gordofobia v\u00e3o al\u00e9m do simples constrangimento. Muitas v\u00edtimas de ass\u00e9dio enfrentam depress\u00e3o, ansiedade e inseguran\u00e7as que podem impactar sua vida pessoal e profissional. Por isso, o papel da Justi\u00e7a \u00e9 essencial n\u00e3o s\u00f3 para compensar financeiramente, mas tamb\u00e9m como um reconhecimento do sofrimento imposto \u00e0 v\u00edtima.<\/p>\n<h2>Caminhos para Ambientes de Trabalho Respeitosos<\/h2>\n<p>Construir um ambiente de trabalho onde todos se sintam respeitados e valorizados exige esfor\u00e7o conjunto. Algumas dire\u00e7\u00f5es que os empregadores devem considerar incluem:<\/p>\n<ul>\n<li><strong>Promo\u00e7\u00e3o de Diversidade:<\/strong> Incentivar a diversidade de corpos e a aceita\u00e7\u00e3o das diferen\u00e7as.<\/li>\n<li><strong>Feedback Aberto:<\/strong> Promover uma cultura onde os funcion\u00e1rios se sintam confort\u00e1veis para expressar preocupa\u00e7\u00f5es.<\/li>\n<li><strong>Avalia\u00e7\u00f5es de Clima Organizacional:<\/strong> Realizar pesquisas peri\u00f3dicas para entender a percep\u00e7\u00e3o dos funcion\u00e1rios em rela\u00e7\u00e3o ao ambiente de trabalho.<\/li>\n<li><strong>Iniciativas de Inclus\u00e3o:<\/strong> Tratar a inclus\u00e3o como uma prioridade estrat\u00e9gica nas pol\u00edticas corporativas.<\/li>\n<\/ul>\n","protected":false},"excerpt":{"rendered":"<p>Gordofobia no ambiente de trabalho: Justi\u00e7a atuou em favor da funcion\u00e1ria.<\/p>\n","protected":false},"author":1,"featured_media":4762,"comment_status":"open","ping_status":"open","sticky":false,"template":"","format":"standard","meta":{"footnotes":""},"categories":[5],"tags":[],"class_list":["post-4763","post","type-post","status-publish","format-standard","has-post-thumbnail","hentry","category-noticias","has_thumb"],"yoast_head":"<!-- This site is optimized with the Yoast SEO plugin v26.3 - https:\/\/yoast.com\/wordpress\/plugins\/seo\/ -->\n<title>Chamada de &#039;gorda&#039; e alvo de piadas, trabalhadora ser\u00e1 indenizada | Encontra Itajub\u00e1<\/title>\n<meta name=\"robots\" content=\"index, follow, max-snippet:-1, max-image-preview:large, max-video-preview:-1\" \/>\n<link rel=\"canonical\" href=\"https:\/\/www.encontraminasgerais.com.br\/itajuba\/chamada-de-gorda-e-alvo-de-piadas-trabalhadora-sera-indenizada\/\" \/>\n<meta property=\"og:locale\" content=\"pt_BR\" \/>\n<meta property=\"og:type\" content=\"article\" \/>\n<meta property=\"og:title\" content=\"Chamada de &#039;gorda&#039; e alvo de piadas, trabalhadora ser\u00e1 indenizada | Encontra Itajub\u00e1\" \/>\n<meta property=\"og:description\" content=\"Gordofobia no ambiente de trabalho: Justi\u00e7a atuou em favor da funcion\u00e1ria.\" \/>\n<meta property=\"og:url\" content=\"https:\/\/www.encontraminasgerais.com.br\/itajuba\/chamada-de-gorda-e-alvo-de-piadas-trabalhadora-sera-indenizada\/\" \/>\n<meta property=\"og:site_name\" content=\"Encontra Itajub\u00e1\" \/>\n<meta property=\"article:published_time\" content=\"2026-03-25T09:27:51+00:00\" \/>\n<meta property=\"og:image\" content=\"https:\/\/www.encontraminasgerais.com.br\/itajuba\/wp-content\/uploads\/2026\/03\/chamada-de-gorda-e-alvo-de-piadas-trabalhadora-sera-indenizada.webp\" \/>\n<meta name=\"author\" content=\"Encontra Itajub\u00e1\" \/>\n<meta name=\"twitter:card\" content=\"summary_large_image\" \/>\n<meta name=\"twitter:label1\" content=\"Escrito por\" \/>\n\t<meta name=\"twitter:data1\" content=\"Encontra Itajub\u00e1\" \/>\n\t<meta name=\"twitter:label2\" content=\"Est. tempo de leitura\" \/>\n\t<meta name=\"twitter:data2\" content=\"4 minutos\" \/>\n<script type=\"application\/ld+json\" class=\"yoast-schema-graph\">{\"@context\":\"https:\/\/schema.org\",\"@graph\":[{\"@type\":\"WebPage\",\"@id\":\"https:\/\/www.encontraminasgerais.com.br\/itajuba\/chamada-de-gorda-e-alvo-de-piadas-trabalhadora-sera-indenizada\/\",\"url\":\"https:\/\/www.encontraminasgerais.com.br\/itajuba\/chamada-de-gorda-e-alvo-de-piadas-trabalhadora-sera-indenizada\/\",\"name\":\"Chamada de 'gorda' e alvo de piadas, trabalhadora ser\u00e1 indenizada | Encontra Itajub\u00e1\",\"isPartOf\":{\"@id\":\"https:\/\/www.encontraminasgerais.com.br\/itajuba\/#website\"},\"primaryImageOfPage\":{\"@id\":\"https:\/\/www.encontraminasgerais.com.br\/itajuba\/chamada-de-gorda-e-alvo-de-piadas-trabalhadora-sera-indenizada\/#primaryimage\"},\"image\":{\"@id\":\"https:\/\/www.encontraminasgerais.com.br\/itajuba\/chamada-de-gorda-e-alvo-de-piadas-trabalhadora-sera-indenizada\/#primaryimage\"},\"thumbnailUrl\":\"https:\/\/www.encontraminasgerais.com.br\/itajuba\/wp-content\/uploads\/2026\/03\/chamada-de-gorda-e-alvo-de-piadas-trabalhadora-sera-indenizada.webp\",\"datePublished\":\"2026-03-25T09:27:51+00:00\",\"author\":{\"@id\":\"https:\/\/www.encontraminasgerais.com.br\/itajuba\/#\/schema\/person\/d26674c083ec86b440752843a690de33\"},\"inLanguage\":\"pt-BR\",\"potentialAction\":[{\"@type\":\"ReadAction\",\"target\":[\"https:\/\/www.encontraminasgerais.com.br\/itajuba\/chamada-de-gorda-e-alvo-de-piadas-trabalhadora-sera-indenizada\/\"]}]},{\"@type\":\"ImageObject\",\"inLanguage\":\"pt-BR\",\"@id\":\"https:\/\/www.encontraminasgerais.com.br\/itajuba\/chamada-de-gorda-e-alvo-de-piadas-trabalhadora-sera-indenizada\/#primaryimage\",\"url\":\"https:\/\/www.encontraminasgerais.com.br\/itajuba\/wp-content\/uploads\/2026\/03\/chamada-de-gorda-e-alvo-de-piadas-trabalhadora-sera-indenizada.webp\",\"contentUrl\":\"https:\/\/www.encontraminasgerais.com.br\/itajuba\/wp-content\/uploads\/2026\/03\/chamada-de-gorda-e-alvo-de-piadas-trabalhadora-sera-indenizada.webp\",\"width\":280,\"height\":280,\"caption\":\"gordofobia\"},{\"@type\":\"WebSite\",\"@id\":\"https:\/\/www.encontraminasgerais.com.br\/itajuba\/#website\",\"url\":\"https:\/\/www.encontraminasgerais.com.br\/itajuba\/\",\"name\":\"Encontra Itajub\u00e1\",\"description\":\"ENCONTRA ITAJUB\u00c1 - O guia comercial de neg\u00f3cios e empresas, cultura e divers\u00e3o na cidade de Itajub\u00e1. Feito 100% para voc\u00ea morador!\",\"potentialAction\":[{\"@type\":\"SearchAction\",\"target\":{\"@type\":\"EntryPoint\",\"urlTemplate\":\"https:\/\/www.encontraminasgerais.com.br\/itajuba\/?s={search_term_string}\"},\"query-input\":{\"@type\":\"PropertyValueSpecification\",\"valueRequired\":true,\"valueName\":\"search_term_string\"}}],\"inLanguage\":\"pt-BR\"},{\"@type\":\"Person\",\"@id\":\"https:\/\/www.encontraminasgerais.com.br\/itajuba\/#\/schema\/person\/d26674c083ec86b440752843a690de33\",\"name\":\"Encontra Itajub\u00e1\",\"image\":{\"@type\":\"ImageObject\",\"inLanguage\":\"pt-BR\",\"@id\":\"https:\/\/www.encontraminasgerais.com.br\/itajuba\/#\/schema\/person\/image\/\",\"url\":\"https:\/\/secure.gravatar.com\/avatar\/c50c17820bcf322f0a8fd6b110b8c0918141409dc69076470f6fca5fee70a5d4?s=96&d=mm&r=g\",\"contentUrl\":\"https:\/\/secure.gravatar.com\/avatar\/c50c17820bcf322f0a8fd6b110b8c0918141409dc69076470f6fca5fee70a5d4?s=96&d=mm&r=g\",\"caption\":\"Encontra Itajub\u00e1\"},\"url\":\"https:\/\/www.encontraminasgerais.com.br\/itajuba\/author\/eitajuba\/\"}]}<\/script>\n<!-- \/ Yoast SEO plugin. -->","yoast_head_json":{"title":"Chamada de 'gorda' e alvo de piadas, trabalhadora ser\u00e1 indenizada | Encontra Itajub\u00e1","robots":{"index":"index","follow":"follow","max-snippet":"max-snippet:-1","max-image-preview":"max-image-preview:large","max-video-preview":"max-video-preview:-1"},"canonical":"https:\/\/www.encontraminasgerais.com.br\/itajuba\/chamada-de-gorda-e-alvo-de-piadas-trabalhadora-sera-indenizada\/","og_locale":"pt_BR","og_type":"article","og_title":"Chamada de 'gorda' e alvo de piadas, trabalhadora ser\u00e1 indenizada | Encontra Itajub\u00e1","og_description":"Gordofobia no ambiente de trabalho: Justi\u00e7a atuou em favor da funcion\u00e1ria.","og_url":"https:\/\/www.encontraminasgerais.com.br\/itajuba\/chamada-de-gorda-e-alvo-de-piadas-trabalhadora-sera-indenizada\/","og_site_name":"Encontra Itajub\u00e1","article_published_time":"2026-03-25T09:27:51+00:00","og_image":[{"url":"https:\/\/www.encontraminasgerais.com.br\/itajuba\/wp-content\/uploads\/2026\/03\/chamada-de-gorda-e-alvo-de-piadas-trabalhadora-sera-indenizada.webp","type":"","width":"","height":""}],"author":"Encontra Itajub\u00e1","twitter_card":"summary_large_image","twitter_misc":{"Escrito por":"Encontra Itajub\u00e1","Est. tempo de leitura":"4 minutos"},"schema":{"@context":"https:\/\/schema.org","@graph":[{"@type":"WebPage","@id":"https:\/\/www.encontraminasgerais.com.br\/itajuba\/chamada-de-gorda-e-alvo-de-piadas-trabalhadora-sera-indenizada\/","url":"https:\/\/www.encontraminasgerais.com.br\/itajuba\/chamada-de-gorda-e-alvo-de-piadas-trabalhadora-sera-indenizada\/","name":"Chamada de 'gorda' e alvo de piadas, trabalhadora ser\u00e1 indenizada | Encontra Itajub\u00e1","isPartOf":{"@id":"https:\/\/www.encontraminasgerais.com.br\/itajuba\/#website"},"primaryImageOfPage":{"@id":"https:\/\/www.encontraminasgerais.com.br\/itajuba\/chamada-de-gorda-e-alvo-de-piadas-trabalhadora-sera-indenizada\/#primaryimage"},"image":{"@id":"https:\/\/www.encontraminasgerais.com.br\/itajuba\/chamada-de-gorda-e-alvo-de-piadas-trabalhadora-sera-indenizada\/#primaryimage"},"thumbnailUrl":"https:\/\/www.encontraminasgerais.com.br\/itajuba\/wp-content\/uploads\/2026\/03\/chamada-de-gorda-e-alvo-de-piadas-trabalhadora-sera-indenizada.webp","datePublished":"2026-03-25T09:27:51+00:00","author":{"@id":"https:\/\/www.encontraminasgerais.com.br\/itajuba\/#\/schema\/person\/d26674c083ec86b440752843a690de33"},"inLanguage":"pt-BR","potentialAction":[{"@type":"ReadAction","target":["https:\/\/www.encontraminasgerais.com.br\/itajuba\/chamada-de-gorda-e-alvo-de-piadas-trabalhadora-sera-indenizada\/"]}]},{"@type":"ImageObject","inLanguage":"pt-BR","@id":"https:\/\/www.encontraminasgerais.com.br\/itajuba\/chamada-de-gorda-e-alvo-de-piadas-trabalhadora-sera-indenizada\/#primaryimage","url":"https:\/\/www.encontraminasgerais.com.br\/itajuba\/wp-content\/uploads\/2026\/03\/chamada-de-gorda-e-alvo-de-piadas-trabalhadora-sera-indenizada.webp","contentUrl":"https:\/\/www.encontraminasgerais.com.br\/itajuba\/wp-content\/uploads\/2026\/03\/chamada-de-gorda-e-alvo-de-piadas-trabalhadora-sera-indenizada.webp","width":280,"height":280,"caption":"gordofobia"},{"@type":"WebSite","@id":"https:\/\/www.encontraminasgerais.com.br\/itajuba\/#website","url":"https:\/\/www.encontraminasgerais.com.br\/itajuba\/","name":"Encontra Itajub\u00e1","description":"ENCONTRA ITAJUB\u00c1 - O guia comercial de neg\u00f3cios e empresas, cultura e divers\u00e3o na cidade de Itajub\u00e1. Feito 100% para voc\u00ea morador!","potentialAction":[{"@type":"SearchAction","target":{"@type":"EntryPoint","urlTemplate":"https:\/\/www.encontraminasgerais.com.br\/itajuba\/?s={search_term_string}"},"query-input":{"@type":"PropertyValueSpecification","valueRequired":true,"valueName":"search_term_string"}}],"inLanguage":"pt-BR"},{"@type":"Person","@id":"https:\/\/www.encontraminasgerais.com.br\/itajuba\/#\/schema\/person\/d26674c083ec86b440752843a690de33","name":"Encontra Itajub\u00e1","image":{"@type":"ImageObject","inLanguage":"pt-BR","@id":"https:\/\/www.encontraminasgerais.com.br\/itajuba\/#\/schema\/person\/image\/","url":"https:\/\/secure.gravatar.com\/avatar\/c50c17820bcf322f0a8fd6b110b8c0918141409dc69076470f6fca5fee70a5d4?s=96&d=mm&r=g","contentUrl":"https:\/\/secure.gravatar.com\/avatar\/c50c17820bcf322f0a8fd6b110b8c0918141409dc69076470f6fca5fee70a5d4?s=96&d=mm&r=g","caption":"Encontra Itajub\u00e1"},"url":"https:\/\/www.encontraminasgerais.com.br\/itajuba\/author\/eitajuba\/"}]}},"_links":{"self":[{"href":"https:\/\/www.encontraminasgerais.com.br\/itajuba\/wp-json\/wp\/v2\/posts\/4763","targetHints":{"allow":["GET"]}}],"collection":[{"href":"https:\/\/www.encontraminasgerais.com.br\/itajuba\/wp-json\/wp\/v2\/posts"}],"about":[{"href":"https:\/\/www.encontraminasgerais.com.br\/itajuba\/wp-json\/wp\/v2\/types\/post"}],"author":[{"embeddable":true,"href":"https:\/\/www.encontraminasgerais.com.br\/itajuba\/wp-json\/wp\/v2\/users\/1"}],"replies":[{"embeddable":true,"href":"https:\/\/www.encontraminasgerais.com.br\/itajuba\/wp-json\/wp\/v2\/comments?post=4763"}],"version-history":[{"count":0,"href":"https:\/\/www.encontraminasgerais.com.br\/itajuba\/wp-json\/wp\/v2\/posts\/4763\/revisions"}],"wp:featuredmedia":[{"embeddable":true,"href":"https:\/\/www.encontraminasgerais.com.br\/itajuba\/wp-json\/wp\/v2\/media\/4762"}],"wp:attachment":[{"href":"https:\/\/www.encontraminasgerais.com.br\/itajuba\/wp-json\/wp\/v2\/media?parent=4763"}],"wp:term":[{"taxonomy":"category","embeddable":true,"href":"https:\/\/www.encontraminasgerais.com.br\/itajuba\/wp-json\/wp\/v2\/categories?post=4763"},{"taxonomy":"post_tag","embeddable":true,"href":"https:\/\/www.encontraminasgerais.com.br\/itajuba\/wp-json\/wp\/v2\/tags?post=4763"}],"curies":[{"name":"wp","href":"https:\/\/api.w.org\/{rel}","templated":true}]}}