{"id":4771,"date":"2026-03-26T06:29:54","date_gmt":"2026-03-26T09:29:54","guid":{"rendered":"https:\/\/www.encontraminasgerais.com.br\/itajuba\/fim-de-semana-marcado-por-tragedias-envolvendo-criancas-no-sul-de-minas\/"},"modified":"2026-03-26T06:29:54","modified_gmt":"2026-03-26T09:29:54","slug":"fim-de-semana-marcado-por-tragedias-envolvendo-criancas-no-sul-de-minas","status":"publish","type":"post","link":"https:\/\/www.encontraminasgerais.com.br\/itajuba\/fim-de-semana-marcado-por-tragedias-envolvendo-criancas-no-sul-de-minas\/","title":{"rendered":"Fim de semana marcado por trag\u00e9dias envolvendo crian\u00e7as no Sul de Minas"},"content":{"rendered":"<h2>Trag\u00e9dia em Monte Santo de Minas<\/h2>\n<p>No \u00faltimo domingo, 22 de mar\u00e7o de 2026, Monte Santo de Minas vivenciou um epis\u00f3dio angustiante que resultou na morte de um menino de apenas um ano e meio. O acidente ocorreu quando seu pai, um homem de 39 anos, saiu de casa para buscar um objeto esquecido. Infelizmente, ao iniciar a manobra do ve\u00edculo, o pai n\u00e3o percebeu que a crian\u00e7a havia se colocado na frente da caminhonete.<\/p>\n<p>Relatos indicam que a situa\u00e7\u00e3o foi detectada quando a m\u00e3e da crian\u00e7a come\u00e7ou a gritar para que o marido parasse o carro. Apesar dos esfor\u00e7os dos servi\u00e7os de emerg\u00eancia, a crian\u00e7a n\u00e3o sobreviveu aos ferimentos graves e faleceu a caminho do hospital local.<\/p>\n<p>Em uma investiga\u00e7\u00e3o subsequente, a Pol\u00edcia Militar constatar que o motorista n\u00e3o possu\u00eda Carteira Nacional de Habilita\u00e7\u00e3o (CNH) e que o ve\u00edculo estava com o licenciamento atrasado desde 2022. O teste de alcoolemia realizado no pai deu negativo, e a pol\u00edcia civil iniciou um inqu\u00e9rito para esclarecer as circunst\u00e2ncias do tr\u00e1gico acidente.<\/p>\n<p><img decoding=\"async\" src=\"https:\/\/www.encontraminasgerais.com.br\/itajuba\/wp-content\/uploads\/2026\/03\/fim-de-semana-marcado-por-tragedias-envolvendo-criancas-no-sul-de-minas.webp\" alt=\"trag\u00e9dias envolvendo crian\u00e7as no Sul de Minas\" loading=\"lazy\" \/><\/p>\n<h2>Afogamento em Pouso Alegre<\/h2>\n<p>Simultaneamente, em Pouso Alegre, uma outra trag\u00e9dia abalou a comunidade. Uma menina de 3 anos afogou-se em uma piscina no bairro Curralinho no mesmo dia. Ap\u00f3s o afogamento, a m\u00e3e da crian\u00e7a tentou urgentemente socorr\u00ea-la utilizando um ve\u00edculo particular. Ao longo do caminho, a m\u00e3e foi interceptada por uma equipe do Corpo de Bombeiros, que imediatamente assumiu o atendimento e iniciou manobras de ressuscita\u00e7\u00e3o cardiopulmonar (RCP) dentro da viatura.<\/p>\n<p>A crian\u00e7a foi rapidamente transferida para o Hospital das Cl\u00ednicas Samuel Lib\u00e2nio. Apesar dos esfor\u00e7os de reanima\u00e7\u00e3o realizados pela equipe de emerg\u00eancia e pelos m\u00e9dicos, a menina n\u00e3o resistiu e foi confirmada sua morte. O sepultamento ocorreu na tarde de segunda-feira, 23 de mar\u00e7o de 2026, no Cemit\u00e9rio Jardim do C\u00e9u.<\/p>\n<h2>Impacto na Comunidade Local<\/h2>\n<p>Ambos os eventos tiveram um impacto profundo nas comunidades de Monte Santo de Minas e Pouso Alegre. A perda de crian\u00e7as em circunst\u00e2ncias t\u00e3o tr\u00e1gicas provoca uma onda de luto e empatia entre os moradores. A sensa\u00e7\u00e3o de seguran\u00e7a e bem-estar familiar \u00e9 abalada, e muitos se perguntam como evitar que trag\u00e9dias como essas se repitam.<\/p>\n<h2>A Import\u00e2ncia da Seguran\u00e7a Infantil<\/h2>\n<p>A seguran\u00e7a de crian\u00e7as em ambientes dom\u00e9sticos e em locais p\u00fablicos \u00e9 de vital import\u00e2ncia. Muitos desses incidentes poderiam ser prevenidos com medidas simples e eficazes. A sensibiliza\u00e7\u00e3o sobre a prote\u00e7\u00e3o de crian\u00e7as deve ser uma prioridade para todos os pais e respons\u00e1veis.<\/p>\n<h2>Medidas de Preven\u00e7\u00e3o para Crian\u00e7as<\/h2>\n<p>Para prevenir acidentes como atropelamentos e afogamentos, os cuidadores devem estar atentos a algumas recomenda\u00e7\u00f5es:<\/p>\n<ul>\n<li><strong>Verifica\u00e7\u00e3o do Ambiente:<\/strong> Sempre inspecione a \u00e1rea ao redor de ve\u00edculos antes de mov\u00ea-los. Crian\u00e7as pequenas frequentemente ficam fora do campo de vis\u00e3o.<\/li>\n<li><strong>Seguran\u00e7a em \u00c1reas Aqu\u00e1ticas:<\/strong> Utilize cercas e grades ao redor de piscinas, al\u00e9m de supervisionar crian\u00e7as muito de perto durante brincadeiras com \u00e1gua.<\/li>\n<li><strong>Educa\u00e7\u00e3o sobre Seguran\u00e7a:<\/strong> Ensine as crian\u00e7as sobre os perigos, incluindo as regras de seguran\u00e7a nas estradas e nas piscinas.<\/li>\n<\/ul>\n<h2>Como Proteger seus Filhos de Acidentes<\/h2>\n<p>A educa\u00e7\u00e3o sobre seguran\u00e7a \u00e9 crucial para toda a fam\u00edlia. Parents podem implementar zonas seguras em casa, especialmente em \u00e1reas onde crian\u00e7as brincam. Al\u00e9m disso, instruir adolescentes a serem cautelosos no tr\u00e2nsito e evitar distra\u00e7\u00f5es pode ter um impacto positivo a longo prazo.<\/p>\n<h2>Rea\u00e7\u00f5es da Comunidade e Autoridades<\/h2>\n<p>A resposta da comunidade a esses trag\u00e9dias foi imediata, com v\u00e1rias pessoas expressando suas condol\u00eancias e oferecendo ajuda \u00e0s fam\u00edlias afetadas. As autoridades locais tamb\u00e9m est\u00e3o se mobilizando para aumentar a conscientiza\u00e7\u00e3o sobre a seguran\u00e7a infantil na regi\u00e3o. \u00c9 um momento de reflex\u00e3o coletiva e busca por pol\u00edticas que possam mitigar riscos para as crian\u00e7as.<\/p>\n<h2>O Papel dos Servi\u00e7os de Emerg\u00eancia<\/h2>\n<p>Os servi\u00e7os de emerg\u00eancia desempenham um papel vital em situa\u00e7\u00f5es de crise. O atendimento r\u00e1pido e eficiente \u00e9 fundamental para salvar vidas. Neste caso, tanto os bombeiros quanto os m\u00e9dicos atuaram com profissionalismo, mas a educa\u00e7\u00e3o e a preven\u00e7\u00e3o s\u00e3o sempre prefer\u00edveis.<\/p>\n<h2>Reflex\u00f5es Sobre a Seguran\u00e7a Familiar<\/h2>\n<p>Casos como esses instigam uma reflex\u00e3o necess\u00e1ria sobre a seguran\u00e7a dentro das fam\u00edlias. Cada membro da fam\u00edlia deve estar ciente do seu papel em proteger os outros. A comunica\u00e7\u00e3o aberta sobre perigos e regulamentos de seguran\u00e7a em casa e fora dela deve ser abordada rotineiramente.<\/p>\n<h2>Condol\u00eancias \u00e0s Fam\u00edlias Enlutadas<\/h2>\n<p>O Portal Rio Pardo, em nome da comunidade, expressa suas mais sinceras condol\u00eancias \u00e0s fam\u00edlias que enfrentam essa dor inestim\u00e1vel neste momento de trag\u00e9dia. Que essas trag\u00e9dias sirvam de alertas para cuidarmos de nossos pequenos com ainda mais aten\u00e7\u00e3o.<\/p>\n","protected":false},"excerpt":{"rendered":"<p>Trag\u00e9dias envolvendo crian\u00e7as no Sul de Minas marcam a comunidade.<\/p>\n","protected":false},"author":1,"featured_media":4770,"comment_status":"open","ping_status":"open","sticky":false,"template":"","format":"standard","meta":{"footnotes":""},"categories":[5],"tags":[],"class_list":["post-4771","post","type-post","status-publish","format-standard","has-post-thumbnail","hentry","category-noticias","has_thumb"],"yoast_head":"<!-- This site is optimized with the Yoast SEO plugin v26.3 - https:\/\/yoast.com\/wordpress\/plugins\/seo\/ -->\n<title>Fim de semana marcado por trag\u00e9dias envolvendo crian\u00e7as no Sul de Minas | Encontra Itajub\u00e1<\/title>\n<meta name=\"robots\" content=\"index, follow, max-snippet:-1, max-image-preview:large, max-video-preview:-1\" \/>\n<link rel=\"canonical\" href=\"https:\/\/www.encontraminasgerais.com.br\/itajuba\/fim-de-semana-marcado-por-tragedias-envolvendo-criancas-no-sul-de-minas\/\" \/>\n<meta property=\"og:locale\" content=\"pt_BR\" \/>\n<meta property=\"og:type\" content=\"article\" \/>\n<meta property=\"og:title\" content=\"Fim de semana marcado por trag\u00e9dias envolvendo crian\u00e7as no Sul de Minas | Encontra Itajub\u00e1\" \/>\n<meta property=\"og:description\" content=\"Trag\u00e9dias envolvendo crian\u00e7as no Sul de Minas marcam a comunidade.\" \/>\n<meta property=\"og:url\" content=\"https:\/\/www.encontraminasgerais.com.br\/itajuba\/fim-de-semana-marcado-por-tragedias-envolvendo-criancas-no-sul-de-minas\/\" \/>\n<meta property=\"og:site_name\" content=\"Encontra Itajub\u00e1\" \/>\n<meta property=\"article:published_time\" content=\"2026-03-26T09:29:54+00:00\" \/>\n<meta property=\"og:image\" content=\"https:\/\/www.encontraminasgerais.com.br\/itajuba\/wp-content\/uploads\/2026\/03\/fim-de-semana-marcado-por-tragedias-envolvendo-criancas-no-sul-de-minas.webp\" \/>\n<meta name=\"author\" content=\"Encontra Itajub\u00e1\" \/>\n<meta name=\"twitter:card\" content=\"summary_large_image\" \/>\n<meta name=\"twitter:label1\" content=\"Escrito por\" \/>\n\t<meta name=\"twitter:data1\" content=\"Encontra Itajub\u00e1\" \/>\n\t<meta name=\"twitter:label2\" content=\"Est. tempo de leitura\" \/>\n\t<meta name=\"twitter:data2\" content=\"4 minutos\" \/>\n<script type=\"application\/ld+json\" class=\"yoast-schema-graph\">{\"@context\":\"https:\/\/schema.org\",\"@graph\":[{\"@type\":\"WebPage\",\"@id\":\"https:\/\/www.encontraminasgerais.com.br\/itajuba\/fim-de-semana-marcado-por-tragedias-envolvendo-criancas-no-sul-de-minas\/\",\"url\":\"https:\/\/www.encontraminasgerais.com.br\/itajuba\/fim-de-semana-marcado-por-tragedias-envolvendo-criancas-no-sul-de-minas\/\",\"name\":\"Fim de semana marcado por trag\u00e9dias envolvendo crian\u00e7as no Sul de Minas | Encontra Itajub\u00e1\",\"isPartOf\":{\"@id\":\"https:\/\/www.encontraminasgerais.com.br\/itajuba\/#website\"},\"primaryImageOfPage\":{\"@id\":\"https:\/\/www.encontraminasgerais.com.br\/itajuba\/fim-de-semana-marcado-por-tragedias-envolvendo-criancas-no-sul-de-minas\/#primaryimage\"},\"image\":{\"@id\":\"https:\/\/www.encontraminasgerais.com.br\/itajuba\/fim-de-semana-marcado-por-tragedias-envolvendo-criancas-no-sul-de-minas\/#primaryimage\"},\"thumbnailUrl\":\"https:\/\/www.encontraminasgerais.com.br\/itajuba\/wp-content\/uploads\/2026\/03\/fim-de-semana-marcado-por-tragedias-envolvendo-criancas-no-sul-de-minas.webp\",\"datePublished\":\"2026-03-26T09:29:54+00:00\",\"author\":{\"@id\":\"https:\/\/www.encontraminasgerais.com.br\/itajuba\/#\/schema\/person\/d26674c083ec86b440752843a690de33\"},\"inLanguage\":\"pt-BR\",\"potentialAction\":[{\"@type\":\"ReadAction\",\"target\":[\"https:\/\/www.encontraminasgerais.com.br\/itajuba\/fim-de-semana-marcado-por-tragedias-envolvendo-criancas-no-sul-de-minas\/\"]}]},{\"@type\":\"ImageObject\",\"inLanguage\":\"pt-BR\",\"@id\":\"https:\/\/www.encontraminasgerais.com.br\/itajuba\/fim-de-semana-marcado-por-tragedias-envolvendo-criancas-no-sul-de-minas\/#primaryimage\",\"url\":\"https:\/\/www.encontraminasgerais.com.br\/itajuba\/wp-content\/uploads\/2026\/03\/fim-de-semana-marcado-por-tragedias-envolvendo-criancas-no-sul-de-minas.webp\",\"contentUrl\":\"https:\/\/www.encontraminasgerais.com.br\/itajuba\/wp-content\/uploads\/2026\/03\/fim-de-semana-marcado-por-tragedias-envolvendo-criancas-no-sul-de-minas.webp\",\"width\":280,\"height\":280,\"caption\":\"trag\u00e9dias envolvendo crian\u00e7as no Sul de Minas\"},{\"@type\":\"WebSite\",\"@id\":\"https:\/\/www.encontraminasgerais.com.br\/itajuba\/#website\",\"url\":\"https:\/\/www.encontraminasgerais.com.br\/itajuba\/\",\"name\":\"Encontra Itajub\u00e1\",\"description\":\"ENCONTRA ITAJUB\u00c1 - O guia comercial de neg\u00f3cios e empresas, cultura e divers\u00e3o na cidade de Itajub\u00e1. Feito 100% para voc\u00ea morador!\",\"potentialAction\":[{\"@type\":\"SearchAction\",\"target\":{\"@type\":\"EntryPoint\",\"urlTemplate\":\"https:\/\/www.encontraminasgerais.com.br\/itajuba\/?s={search_term_string}\"},\"query-input\":{\"@type\":\"PropertyValueSpecification\",\"valueRequired\":true,\"valueName\":\"search_term_string\"}}],\"inLanguage\":\"pt-BR\"},{\"@type\":\"Person\",\"@id\":\"https:\/\/www.encontraminasgerais.com.br\/itajuba\/#\/schema\/person\/d26674c083ec86b440752843a690de33\",\"name\":\"Encontra Itajub\u00e1\",\"image\":{\"@type\":\"ImageObject\",\"inLanguage\":\"pt-BR\",\"@id\":\"https:\/\/www.encontraminasgerais.com.br\/itajuba\/#\/schema\/person\/image\/\",\"url\":\"https:\/\/secure.gravatar.com\/avatar\/c50c17820bcf322f0a8fd6b110b8c0918141409dc69076470f6fca5fee70a5d4?s=96&d=mm&r=g\",\"contentUrl\":\"https:\/\/secure.gravatar.com\/avatar\/c50c17820bcf322f0a8fd6b110b8c0918141409dc69076470f6fca5fee70a5d4?s=96&d=mm&r=g\",\"caption\":\"Encontra Itajub\u00e1\"},\"url\":\"https:\/\/www.encontraminasgerais.com.br\/itajuba\/author\/eitajuba\/\"}]}<\/script>\n<!-- \/ Yoast SEO plugin. -->","yoast_head_json":{"title":"Fim de semana marcado por trag\u00e9dias envolvendo crian\u00e7as no Sul de Minas | Encontra Itajub\u00e1","robots":{"index":"index","follow":"follow","max-snippet":"max-snippet:-1","max-image-preview":"max-image-preview:large","max-video-preview":"max-video-preview:-1"},"canonical":"https:\/\/www.encontraminasgerais.com.br\/itajuba\/fim-de-semana-marcado-por-tragedias-envolvendo-criancas-no-sul-de-minas\/","og_locale":"pt_BR","og_type":"article","og_title":"Fim de semana marcado por trag\u00e9dias envolvendo crian\u00e7as no Sul de Minas | Encontra Itajub\u00e1","og_description":"Trag\u00e9dias envolvendo crian\u00e7as no Sul de Minas marcam a comunidade.","og_url":"https:\/\/www.encontraminasgerais.com.br\/itajuba\/fim-de-semana-marcado-por-tragedias-envolvendo-criancas-no-sul-de-minas\/","og_site_name":"Encontra Itajub\u00e1","article_published_time":"2026-03-26T09:29:54+00:00","og_image":[{"url":"https:\/\/www.encontraminasgerais.com.br\/itajuba\/wp-content\/uploads\/2026\/03\/fim-de-semana-marcado-por-tragedias-envolvendo-criancas-no-sul-de-minas.webp","type":"","width":"","height":""}],"author":"Encontra Itajub\u00e1","twitter_card":"summary_large_image","twitter_misc":{"Escrito por":"Encontra Itajub\u00e1","Est. tempo de leitura":"4 minutos"},"schema":{"@context":"https:\/\/schema.org","@graph":[{"@type":"WebPage","@id":"https:\/\/www.encontraminasgerais.com.br\/itajuba\/fim-de-semana-marcado-por-tragedias-envolvendo-criancas-no-sul-de-minas\/","url":"https:\/\/www.encontraminasgerais.com.br\/itajuba\/fim-de-semana-marcado-por-tragedias-envolvendo-criancas-no-sul-de-minas\/","name":"Fim de semana marcado por trag\u00e9dias envolvendo crian\u00e7as no Sul de Minas | Encontra Itajub\u00e1","isPartOf":{"@id":"https:\/\/www.encontraminasgerais.com.br\/itajuba\/#website"},"primaryImageOfPage":{"@id":"https:\/\/www.encontraminasgerais.com.br\/itajuba\/fim-de-semana-marcado-por-tragedias-envolvendo-criancas-no-sul-de-minas\/#primaryimage"},"image":{"@id":"https:\/\/www.encontraminasgerais.com.br\/itajuba\/fim-de-semana-marcado-por-tragedias-envolvendo-criancas-no-sul-de-minas\/#primaryimage"},"thumbnailUrl":"https:\/\/www.encontraminasgerais.com.br\/itajuba\/wp-content\/uploads\/2026\/03\/fim-de-semana-marcado-por-tragedias-envolvendo-criancas-no-sul-de-minas.webp","datePublished":"2026-03-26T09:29:54+00:00","author":{"@id":"https:\/\/www.encontraminasgerais.com.br\/itajuba\/#\/schema\/person\/d26674c083ec86b440752843a690de33"},"inLanguage":"pt-BR","potentialAction":[{"@type":"ReadAction","target":["https:\/\/www.encontraminasgerais.com.br\/itajuba\/fim-de-semana-marcado-por-tragedias-envolvendo-criancas-no-sul-de-minas\/"]}]},{"@type":"ImageObject","inLanguage":"pt-BR","@id":"https:\/\/www.encontraminasgerais.com.br\/itajuba\/fim-de-semana-marcado-por-tragedias-envolvendo-criancas-no-sul-de-minas\/#primaryimage","url":"https:\/\/www.encontraminasgerais.com.br\/itajuba\/wp-content\/uploads\/2026\/03\/fim-de-semana-marcado-por-tragedias-envolvendo-criancas-no-sul-de-minas.webp","contentUrl":"https:\/\/www.encontraminasgerais.com.br\/itajuba\/wp-content\/uploads\/2026\/03\/fim-de-semana-marcado-por-tragedias-envolvendo-criancas-no-sul-de-minas.webp","width":280,"height":280,"caption":"trag\u00e9dias envolvendo crian\u00e7as no Sul de Minas"},{"@type":"WebSite","@id":"https:\/\/www.encontraminasgerais.com.br\/itajuba\/#website","url":"https:\/\/www.encontraminasgerais.com.br\/itajuba\/","name":"Encontra Itajub\u00e1","description":"ENCONTRA ITAJUB\u00c1 - O guia comercial de neg\u00f3cios e empresas, cultura e divers\u00e3o na cidade de Itajub\u00e1. Feito 100% para voc\u00ea morador!","potentialAction":[{"@type":"SearchAction","target":{"@type":"EntryPoint","urlTemplate":"https:\/\/www.encontraminasgerais.com.br\/itajuba\/?s={search_term_string}"},"query-input":{"@type":"PropertyValueSpecification","valueRequired":true,"valueName":"search_term_string"}}],"inLanguage":"pt-BR"},{"@type":"Person","@id":"https:\/\/www.encontraminasgerais.com.br\/itajuba\/#\/schema\/person\/d26674c083ec86b440752843a690de33","name":"Encontra Itajub\u00e1","image":{"@type":"ImageObject","inLanguage":"pt-BR","@id":"https:\/\/www.encontraminasgerais.com.br\/itajuba\/#\/schema\/person\/image\/","url":"https:\/\/secure.gravatar.com\/avatar\/c50c17820bcf322f0a8fd6b110b8c0918141409dc69076470f6fca5fee70a5d4?s=96&d=mm&r=g","contentUrl":"https:\/\/secure.gravatar.com\/avatar\/c50c17820bcf322f0a8fd6b110b8c0918141409dc69076470f6fca5fee70a5d4?s=96&d=mm&r=g","caption":"Encontra Itajub\u00e1"},"url":"https:\/\/www.encontraminasgerais.com.br\/itajuba\/author\/eitajuba\/"}]}},"_links":{"self":[{"href":"https:\/\/www.encontraminasgerais.com.br\/itajuba\/wp-json\/wp\/v2\/posts\/4771","targetHints":{"allow":["GET"]}}],"collection":[{"href":"https:\/\/www.encontraminasgerais.com.br\/itajuba\/wp-json\/wp\/v2\/posts"}],"about":[{"href":"https:\/\/www.encontraminasgerais.com.br\/itajuba\/wp-json\/wp\/v2\/types\/post"}],"author":[{"embeddable":true,"href":"https:\/\/www.encontraminasgerais.com.br\/itajuba\/wp-json\/wp\/v2\/users\/1"}],"replies":[{"embeddable":true,"href":"https:\/\/www.encontraminasgerais.com.br\/itajuba\/wp-json\/wp\/v2\/comments?post=4771"}],"version-history":[{"count":0,"href":"https:\/\/www.encontraminasgerais.com.br\/itajuba\/wp-json\/wp\/v2\/posts\/4771\/revisions"}],"wp:featuredmedia":[{"embeddable":true,"href":"https:\/\/www.encontraminasgerais.com.br\/itajuba\/wp-json\/wp\/v2\/media\/4770"}],"wp:attachment":[{"href":"https:\/\/www.encontraminasgerais.com.br\/itajuba\/wp-json\/wp\/v2\/media?parent=4771"}],"wp:term":[{"taxonomy":"category","embeddable":true,"href":"https:\/\/www.encontraminasgerais.com.br\/itajuba\/wp-json\/wp\/v2\/categories?post=4771"},{"taxonomy":"post_tag","embeddable":true,"href":"https:\/\/www.encontraminasgerais.com.br\/itajuba\/wp-json\/wp\/v2\/tags?post=4771"}],"curies":[{"name":"wp","href":"https:\/\/api.w.org\/{rel}","templated":true}]}}