{"id":4775,"date":"2026-03-27T06:30:11","date_gmt":"2026-03-27T09:30:11","guid":{"rendered":"https:\/\/www.encontraminasgerais.com.br\/itajuba\/capivara-criada-com-ia-chama-atencao-e-prefeitura-corrige-problema-de-buraco-em-via-publica-variedades-o-liberal\/"},"modified":"2026-03-27T06:30:11","modified_gmt":"2026-03-27T09:30:11","slug":"capivara-criada-com-ia-chama-atencao-e-prefeitura-corrige-problema-de-buraco-em-via-publica-variedades-o-liberal","status":"publish","type":"post","link":"https:\/\/www.encontraminasgerais.com.br\/itajuba\/capivara-criada-com-ia-chama-atencao-e-prefeitura-corrige-problema-de-buraco-em-via-publica-variedades-o-liberal\/","title":{"rendered":"Capivara criada com IA chama aten\u00e7\u00e3o e prefeitura corrige problema de buraco em via p\u00fablica | Variedades | O Liberal"},"content":{"rendered":"<h2>A Criatividade por Tr\u00e1s da Brincadeira<\/h2>\n<p>Recentemente, uma cena surpreendente chamou a aten\u00e7\u00e3o dos cidad\u00e3os de Itajub\u00e1, em Minas Gerais. Um morador, conhecido como <strong>Gustavo Alves Lima<\/strong>, utilizou intelig\u00eancia artificial para criar uma imagem de uma capivara supostamente descansando em um buraco na via. Essa montagem, que rapidamente se espalhou nas redes sociais e em grupos de WhatsApp, foi uma forma inovadora de criticar a in\u00e9rcia da prefeitura em rela\u00e7\u00e3o a um problema p\u00fablico que j\u00e1 se prolongava por muito tempo.<\/p>\n<p>A ideia original de Gustavo foi n\u00e3o apenas fazer uma brincadeira, mas tamb\u00e9m gerar um impacto positivo na comunidade, destacando a necessidade de aten\u00e7\u00e3o do governo local para as m\u00e1s condi\u00e7\u00f5es das vias p\u00fablicas. Incorporar humor e tecnologia trouxe uma nova dimens\u00e3o \u00e0 quest\u00e3o, refletindo a criatividade do morador ao abordar um tema s\u00e9rio de forma leve.<\/p>\n<h2>Como a Imagem Viralizou em Itajub\u00e1<\/h2>\n<p>A viraliza\u00e7\u00e3o da imagem se d\u00e1 por diversos fatores. Primeiro, o uso de uma capivara, um animal que tem um apelo visual forte e que rapidamente atrai a aten\u00e7\u00e3o, foi uma escolha inteligente. Segundo, a montagem trouxe um elemento de humor a uma situa\u00e7\u00e3o cr\u00edtica, fazendo com que os moradores compartilhassem a imagem n\u00e3o apenas por ser engra\u00e7ada, mas tamb\u00e9m por ressoar com a frustra\u00e7\u00e3o coletiva em rela\u00e7\u00e3o \u00e0 falta de a\u00e7\u00e3o da prefeitura.<\/p>\n<p><img decoding=\"async\" src=\"https:\/\/www.encontraminasgerais.com.br\/itajuba\/wp-content\/uploads\/2026\/03\/capivara-criada-com-ia-chama-atencao-e-prefeitura-corrige-problema-de-buraco-em-via-publica-variedad.webp\" alt=\"capivara\" loading=\"lazy\" \/><\/p>\n<ul>\n<li><strong>Impacto Instant\u00e2neo:<\/strong> A imagem rapidamente capturou a aten\u00e7\u00e3o, com muitos acreditando que se tratava de uma situa\u00e7\u00e3o real.<\/li>\n<li><strong>Discuss\u00f5es Acentuadas:<\/strong> O buraco no asfalto se tornou um ponto central de conversa\u00e7\u00e3o entre os cidad\u00e3os, despertando indigna\u00e7\u00e3o e, ao mesmo tempo, humor.<\/li>\n<li><strong>Companhia do Reparo:<\/strong> A imagem ajudou a colocar press\u00e3o sobre as autoridades locais para que uma a\u00e7\u00e3o fosse tomada.<\/li>\n<\/ul>\n<h2>O Papel da Intelig\u00eancia Artificial na Arte<\/h2>\n<p>O uso de intelig\u00eancia artificial para criar imagens n\u00e3o \u00e9 uma novidade, mas as aplica\u00e7\u00f5es criativas continuam surpreendendo. A tecnologia permite que indiv\u00edduos como Gustavo explorem seus talentos art\u00edsticos de maneira simples e acess\u00edvel. Ao utilizar ferramentas de IA, ele conseguiu transformar uma cr\u00edtica social em arte, mostrando como a tecnologia pode servir n\u00e3o apenas para fins pr\u00e1ticos, mas tamb\u00e9m para comunicar mensagens importantes.<\/p>\n<p>Al\u00e9m disso, \u00e9 interessante notar que a utiliza\u00e7\u00e3o da IA para criar conte\u00fado visual levanta discuss\u00f5es sobre quest\u00f5es \u00e9ticas e de autoria, j\u00e1 que a manipula\u00e7\u00e3o de imagens pode facilmente ser mal interpretada ou utilizada de maneira enganosa.<\/p>\n<h2>A Rea\u00e7\u00e3o da Prefeitura Diante da Montagem<\/h2>\n<p>A rapidez com que a prefeitura de Itajub\u00e1 reagiu \u00e0 situa\u00e7\u00e3o tamb\u00e9m \u00e9 digna de nota. O prefeito <strong>Rodrigo Riera<\/strong> recebeu a imagem e imediatamente se dirigiu ao local para filmar um v\u00eddeo, no qual admitiu que os reparos estavam necess\u00e1rios e j\u00e1 estavam em andamento. Essa abordagem mostra como, mesmo uma brincadeira, pode resultar em a\u00e7\u00f5es concretas e melhorias na infraestrutura urbana.<\/p>\n<ul>\n<li><strong>Visibilidade para o Problema:<\/strong> A montagem fez com que um problema que estava sendo ignorado chamasse aten\u00e7\u00e3o real.<\/li>\n<li><strong>A\u00e7\u00e3o R\u00e1pida:<\/strong> O prefeito demonstrou comprometimento ao visitar o local e reafirmar a continuidade das obras de tapa-buracos.<\/li>\n<li><strong>Impacto em Outras \u00c1reas:<\/strong> As autoridades tamb\u00e9m se comprometeram a verificar outras ruas para solucionar problemas semelhantes.<\/li>\n<\/ul>\n<h2>Impacto na Comunidade Local<\/h2>\n<p>A repercuss\u00e3o da imagem e a resposta da prefeitura tiveram um impacto significativo na comunidade. Os moradores sentiram que sua voz foi ouvida, e a situa\u00e7\u00e3o se transformou em uma oportunidade para que todos se unissem em prol de melhorias na infraestrutura local. Al\u00e9m disso, a situa\u00e7\u00e3o trouxe \u00e0 tona quest\u00f5es sobre a manuten\u00e7\u00e3o das vias p\u00fablicas e os servi\u00e7os que devem ser oferecidos pela administra\u00e7\u00e3o p\u00fablica.<\/p>\n<ul>\n<li><strong>Fortalecimento da Comunidade:<\/strong> A uni\u00e3o em torno de um problema comum ajudou a fortalecer os la\u00e7os entre os moradores.<\/li>\n<li><strong>Conscientiza\u00e7\u00e3o:<\/strong> Essa experi\u00eancia serviu como um lembrete da import\u00e2ncia de se mobilizar e buscar solu\u00e7\u00f5es para as necessidades da comunidade.<\/li>\n<li><strong>Fomento \u00e0 Criatividade:<\/strong> A a\u00e7\u00e3o de Gustavo inspirou outros moradores a usarem a criatividade para abordar quest\u00f5es locais.<\/li>\n<\/ul>\n<h2>Responsabilidade Social e Tecnologia<\/h2>\n<p>A montagem da capivara n\u00e3o foi apenas uma piada; foi um exemplo de como a tecnologia pode ser usada de forma respons\u00e1vel para fazer cr\u00edticas sociais e promover mudan\u00e7as. \u00c9 um lembrete de que, embora as redes sociais possam ser um espa\u00e7o para piadas e memes, elas tamb\u00e9m servem como plataformas poderosas para a mobiliza\u00e7\u00e3o de comunidades em torno de causas importantes.<\/p>\n<ul>\n<li><strong>Fomento ao Debate:<\/strong> A situa\u00e7\u00e3o estimulou discuss\u00f5es sobre a responsabilidade social das autoridades em rela\u00e7\u00e3o \u00e0s condi\u00e7\u00f5es urbanas.<\/li>\n<li><strong>Utiliza\u00e7\u00e3o da Tecnologia para Fins Positivos:<\/strong> A intelig\u00eancia artificial foi utilizada de maneira inovadora para abordar temas pertinentes \u00e0 sociedade.<\/li>\n<li><strong>Aumento da Participa\u00e7\u00e3o Cidad\u00e3:<\/strong> Casos como este incentivam os cidad\u00e3os a se envolverem mais ativamente nas quest\u00f5es locais.<\/li>\n<\/ul>\n<h2>Como a Imagem Foi Criada<\/h2>\n<p>Gustavo utilizou um software de intelig\u00eancia artificial para gerar a imagem da capivara. Essa abordagem n\u00e3o apenas permitiu que ele criasse uma representa\u00e7\u00e3o visual impactante, mas tamb\u00e9m destacou a facilidade com que qualquer pessoa pode acessar e utilizar essas ferramentas avan\u00e7adas. O uso de IA democratiza a capacidade de cria\u00e7\u00e3o art\u00edstica.<\/p>\n<ul>\n<li><strong>Familiaridade com Tecnologia:<\/strong> Muitos usu\u00e1rios hoje em dia t\u00eam acesso a ferramentas de IA que facilitam a manipula\u00e7\u00e3o de imagens.<\/li>\n<li><strong>Processo de Cria\u00e7\u00e3o:<\/strong> Gustavo selecionou a imagem de um buraco na pista e, em seguida, adicionou a capivara, criando uma conex\u00e3o visual instant\u00e2nea entre o problema e a brincadeira.<\/li>\n<li><strong>Transpar\u00eancia:<\/strong> Ele foi claro sobre o uso da tecnologia, o que \u00e9 importante para evitar mal-entendidos na comunidade.<\/li>\n<\/ul>\n<h2>Reparos na Via: O Que Foi Feito?<\/h2>\n<p>Ap\u00f3s a repercuss\u00e3o do ocorrido, a prefeitura iniciou os trabalhos de reparo na via onde a montagem se originou. Esse tipo de a\u00e7\u00e3o \u00e9 fundamental para garantir a seguran\u00e7a dos motoristas e pedestres, al\u00e9m de melhorar a qualidade de vida dos moradores. O compromisso do prefeito de manter os servi\u00e7os de tapa-buracos em andamento \u00e9 um sinal positivo para a comunidade.<\/p>\n<ul>\n<li><strong>Processo de Reparo:<\/strong> A equipe da prefeitura foi enviada ao local para realizar os reparos imediatamente.<\/li>\n<li><strong>Melhorias na Infraestrutura:<\/strong> Al\u00e9m do buraco espec\u00edfico, outras \u00e1reas da cidade tamb\u00e9m foram revisadas para identifica\u00e7\u00e3o de problemas.<\/li>\n<li><strong>Comunica\u00e7\u00e3o Aberta:<\/strong> O prefeito atuou de forma transparente, comunicando aos cidad\u00e3os sobre as melhorias e a sua import\u00e2ncia.<\/li>\n<\/ul>\n<h2>A Import\u00e2ncia de Denunciar Problemas P\u00fablicos<\/h2>\n<p>A situa\u00e7\u00e3o em Itajub\u00e1 nos lembra da import\u00e2ncia de denunciar problemas p\u00fablicos. Quando os cidad\u00e3os se manifestam sobre os problemas e utilizam ferramentas como as redes sociais e a criatividade, isso pode gerar uma resposta r\u00e1pida dos \u00f3rg\u00e3os respons\u00e1veis. A situa\u00e7\u00e3o da capivara \u00e9 um exemplo claro de como a\u00e7\u00f5es simples podem resultar em mudan\u00e7as significativas.<\/p>\n<ul>\n<li><strong>Participa\u00e7\u00e3o Ativa:<\/strong> O envolvimento da popula\u00e7\u00e3o \u00e9 essencial para que os governantes tomem ci\u00eancia dos problemas a serem resolvidos.<\/li>\n<li><strong>Cria\u00e7\u00e3o de Consci\u00eancia Coletiva:<\/strong> Problemas que afetam a comunidade devem ser discutidos abertamente.<\/li>\n<li><strong>Valoriza\u00e7\u00e3o da Voz do Cidad\u00e3o:<\/strong> As redes sociais permitem que cada indiv\u00edduo tenha um papel ativo na cobran\u00e7a de melhorias.<\/li>\n<\/ul>\n<h2>Desmistificando a Intelig\u00eancia Artificial<\/h2>\n<p>Por fim, a utiliza\u00e7\u00e3o da intelig\u00eancia artificial para criar a capivara traz \u00e0 tona a necessidade de desmistificar essa tecnologia. Muitas pessoas ainda t\u00eam receios sobre o uso da IA, associando-a a quest\u00f5es negativas. No entanto, casos como o de Itajub\u00e1 mostram que, quando utilizada de maneira criativa, a IA pode ser uma ferramenta poderosa para o bem.<\/p>\n<ul>\n<li><strong>Educa\u00e7\u00e3o sobre IA:<\/strong> Quanto mais as pessoas aprendem sobre a tecnologia, mais capaz ser\u00e1 a implementa\u00e7\u00e3o de maneiras criativas e ben\u00e9ficas de utiliz\u00e1-la.<\/li>\n<li><strong>Potencial para Inova\u00e7\u00f5es:<\/strong> A IA oferece m\u00faltiplas possibilidades de inova\u00e7\u00e3o, al\u00e9m da arte, como na medicina e na educa\u00e7\u00e3o.<\/li>\n<li><strong>Aproxima\u00e7\u00e3o da Comunidade:<\/strong> Tecnologias que podem ser utilizadas para promover a educa\u00e7\u00e3o e a conscientiza\u00e7\u00e3o tamb\u00e9m ajudam a unir as comunidades.<\/li>\n<\/ul>\n","protected":false},"excerpt":{"rendered":"<p>Capivara criada com IA gera pol\u00eamica e faz a prefeitura agir rapidamente.<\/p>\n","protected":false},"author":1,"featured_media":4774,"comment_status":"open","ping_status":"open","sticky":false,"template":"","format":"standard","meta":{"footnotes":""},"categories":[5],"tags":[],"class_list":["post-4775","post","type-post","status-publish","format-standard","has-post-thumbnail","hentry","category-noticias","has_thumb"],"yoast_head":"<!-- This site is optimized with the Yoast SEO plugin v26.3 - https:\/\/yoast.com\/wordpress\/plugins\/seo\/ -->\n<title>Capivara criada com IA chama aten\u00e7\u00e3o e prefeitura corrige problema de buraco em via p\u00fablica | Variedades | O Liberal | Encontra Itajub\u00e1<\/title>\n<meta name=\"robots\" content=\"index, follow, max-snippet:-1, max-image-preview:large, max-video-preview:-1\" \/>\n<link rel=\"canonical\" href=\"https:\/\/www.encontraminasgerais.com.br\/itajuba\/capivara-criada-com-ia-chama-atencao-e-prefeitura-corrige-problema-de-buraco-em-via-publica-variedades-o-liberal\/\" \/>\n<meta property=\"og:locale\" content=\"pt_BR\" \/>\n<meta property=\"og:type\" content=\"article\" \/>\n<meta property=\"og:title\" content=\"Capivara criada com IA chama aten\u00e7\u00e3o e prefeitura corrige problema de buraco em via p\u00fablica | Variedades | O Liberal | Encontra Itajub\u00e1\" \/>\n<meta property=\"og:description\" content=\"Capivara criada com IA gera pol\u00eamica e faz a prefeitura agir rapidamente.\" \/>\n<meta property=\"og:url\" content=\"https:\/\/www.encontraminasgerais.com.br\/itajuba\/capivara-criada-com-ia-chama-atencao-e-prefeitura-corrige-problema-de-buraco-em-via-publica-variedades-o-liberal\/\" \/>\n<meta property=\"og:site_name\" content=\"Encontra Itajub\u00e1\" \/>\n<meta property=\"article:published_time\" content=\"2026-03-27T09:30:11+00:00\" \/>\n<meta property=\"og:image\" content=\"https:\/\/www.encontraminasgerais.com.br\/itajuba\/wp-content\/uploads\/2026\/03\/capivara-criada-com-ia-chama-atencao-e-prefeitura-corrige-problema-de-buraco-em-via-publica-variedad.webp\" \/>\n<meta name=\"author\" content=\"Encontra Itajub\u00e1\" \/>\n<meta name=\"twitter:card\" content=\"summary_large_image\" \/>\n<meta name=\"twitter:label1\" content=\"Escrito por\" \/>\n\t<meta name=\"twitter:data1\" content=\"Encontra Itajub\u00e1\" \/>\n\t<meta name=\"twitter:label2\" content=\"Est. tempo de leitura\" \/>\n\t<meta name=\"twitter:data2\" content=\"7 minutos\" \/>\n<script type=\"application\/ld+json\" class=\"yoast-schema-graph\">{\"@context\":\"https:\/\/schema.org\",\"@graph\":[{\"@type\":\"WebPage\",\"@id\":\"https:\/\/www.encontraminasgerais.com.br\/itajuba\/capivara-criada-com-ia-chama-atencao-e-prefeitura-corrige-problema-de-buraco-em-via-publica-variedades-o-liberal\/\",\"url\":\"https:\/\/www.encontraminasgerais.com.br\/itajuba\/capivara-criada-com-ia-chama-atencao-e-prefeitura-corrige-problema-de-buraco-em-via-publica-variedades-o-liberal\/\",\"name\":\"Capivara criada com IA chama aten\u00e7\u00e3o e prefeitura corrige problema de buraco em via p\u00fablica | Variedades | O Liberal | Encontra Itajub\u00e1\",\"isPartOf\":{\"@id\":\"https:\/\/www.encontraminasgerais.com.br\/itajuba\/#website\"},\"primaryImageOfPage\":{\"@id\":\"https:\/\/www.encontraminasgerais.com.br\/itajuba\/capivara-criada-com-ia-chama-atencao-e-prefeitura-corrige-problema-de-buraco-em-via-publica-variedades-o-liberal\/#primaryimage\"},\"image\":{\"@id\":\"https:\/\/www.encontraminasgerais.com.br\/itajuba\/capivara-criada-com-ia-chama-atencao-e-prefeitura-corrige-problema-de-buraco-em-via-publica-variedades-o-liberal\/#primaryimage\"},\"thumbnailUrl\":\"https:\/\/www.encontraminasgerais.com.br\/itajuba\/wp-content\/uploads\/2026\/03\/capivara-criada-com-ia-chama-atencao-e-prefeitura-corrige-problema-de-buraco-em-via-publica-variedad.webp\",\"datePublished\":\"2026-03-27T09:30:11+00:00\",\"author\":{\"@id\":\"https:\/\/www.encontraminasgerais.com.br\/itajuba\/#\/schema\/person\/d26674c083ec86b440752843a690de33\"},\"inLanguage\":\"pt-BR\",\"potentialAction\":[{\"@type\":\"ReadAction\",\"target\":[\"https:\/\/www.encontraminasgerais.com.br\/itajuba\/capivara-criada-com-ia-chama-atencao-e-prefeitura-corrige-problema-de-buraco-em-via-publica-variedades-o-liberal\/\"]}]},{\"@type\":\"ImageObject\",\"inLanguage\":\"pt-BR\",\"@id\":\"https:\/\/www.encontraminasgerais.com.br\/itajuba\/capivara-criada-com-ia-chama-atencao-e-prefeitura-corrige-problema-de-buraco-em-via-publica-variedades-o-liberal\/#primaryimage\",\"url\":\"https:\/\/www.encontraminasgerais.com.br\/itajuba\/wp-content\/uploads\/2026\/03\/capivara-criada-com-ia-chama-atencao-e-prefeitura-corrige-problema-de-buraco-em-via-publica-variedad.webp\",\"contentUrl\":\"https:\/\/www.encontraminasgerais.com.br\/itajuba\/wp-content\/uploads\/2026\/03\/capivara-criada-com-ia-chama-atencao-e-prefeitura-corrige-problema-de-buraco-em-via-publica-variedad.webp\",\"width\":280,\"height\":280,\"caption\":\"capivara\"},{\"@type\":\"WebSite\",\"@id\":\"https:\/\/www.encontraminasgerais.com.br\/itajuba\/#website\",\"url\":\"https:\/\/www.encontraminasgerais.com.br\/itajuba\/\",\"name\":\"Encontra Itajub\u00e1\",\"description\":\"ENCONTRA ITAJUB\u00c1 - O guia comercial de neg\u00f3cios e empresas, cultura e divers\u00e3o na cidade de Itajub\u00e1. Feito 100% para voc\u00ea morador!\",\"potentialAction\":[{\"@type\":\"SearchAction\",\"target\":{\"@type\":\"EntryPoint\",\"urlTemplate\":\"https:\/\/www.encontraminasgerais.com.br\/itajuba\/?s={search_term_string}\"},\"query-input\":{\"@type\":\"PropertyValueSpecification\",\"valueRequired\":true,\"valueName\":\"search_term_string\"}}],\"inLanguage\":\"pt-BR\"},{\"@type\":\"Person\",\"@id\":\"https:\/\/www.encontraminasgerais.com.br\/itajuba\/#\/schema\/person\/d26674c083ec86b440752843a690de33\",\"name\":\"Encontra Itajub\u00e1\",\"image\":{\"@type\":\"ImageObject\",\"inLanguage\":\"pt-BR\",\"@id\":\"https:\/\/www.encontraminasgerais.com.br\/itajuba\/#\/schema\/person\/image\/\",\"url\":\"https:\/\/secure.gravatar.com\/avatar\/c50c17820bcf322f0a8fd6b110b8c0918141409dc69076470f6fca5fee70a5d4?s=96&d=mm&r=g\",\"contentUrl\":\"https:\/\/secure.gravatar.com\/avatar\/c50c17820bcf322f0a8fd6b110b8c0918141409dc69076470f6fca5fee70a5d4?s=96&d=mm&r=g\",\"caption\":\"Encontra Itajub\u00e1\"},\"url\":\"https:\/\/www.encontraminasgerais.com.br\/itajuba\/author\/eitajuba\/\"}]}<\/script>\n<!-- \/ Yoast SEO plugin. -->","yoast_head_json":{"title":"Capivara criada com IA chama aten\u00e7\u00e3o e prefeitura corrige problema de buraco em via p\u00fablica | Variedades | O Liberal | Encontra Itajub\u00e1","robots":{"index":"index","follow":"follow","max-snippet":"max-snippet:-1","max-image-preview":"max-image-preview:large","max-video-preview":"max-video-preview:-1"},"canonical":"https:\/\/www.encontraminasgerais.com.br\/itajuba\/capivara-criada-com-ia-chama-atencao-e-prefeitura-corrige-problema-de-buraco-em-via-publica-variedades-o-liberal\/","og_locale":"pt_BR","og_type":"article","og_title":"Capivara criada com IA chama aten\u00e7\u00e3o e prefeitura corrige problema de buraco em via p\u00fablica | Variedades | O Liberal | Encontra Itajub\u00e1","og_description":"Capivara criada com IA gera pol\u00eamica e faz a prefeitura agir rapidamente.","og_url":"https:\/\/www.encontraminasgerais.com.br\/itajuba\/capivara-criada-com-ia-chama-atencao-e-prefeitura-corrige-problema-de-buraco-em-via-publica-variedades-o-liberal\/","og_site_name":"Encontra Itajub\u00e1","article_published_time":"2026-03-27T09:30:11+00:00","og_image":[{"url":"https:\/\/www.encontraminasgerais.com.br\/itajuba\/wp-content\/uploads\/2026\/03\/capivara-criada-com-ia-chama-atencao-e-prefeitura-corrige-problema-de-buraco-em-via-publica-variedad.webp","type":"","width":"","height":""}],"author":"Encontra Itajub\u00e1","twitter_card":"summary_large_image","twitter_misc":{"Escrito por":"Encontra Itajub\u00e1","Est. tempo de leitura":"7 minutos"},"schema":{"@context":"https:\/\/schema.org","@graph":[{"@type":"WebPage","@id":"https:\/\/www.encontraminasgerais.com.br\/itajuba\/capivara-criada-com-ia-chama-atencao-e-prefeitura-corrige-problema-de-buraco-em-via-publica-variedades-o-liberal\/","url":"https:\/\/www.encontraminasgerais.com.br\/itajuba\/capivara-criada-com-ia-chama-atencao-e-prefeitura-corrige-problema-de-buraco-em-via-publica-variedades-o-liberal\/","name":"Capivara criada com IA chama aten\u00e7\u00e3o e prefeitura corrige problema de buraco em via p\u00fablica | Variedades | O Liberal | Encontra Itajub\u00e1","isPartOf":{"@id":"https:\/\/www.encontraminasgerais.com.br\/itajuba\/#website"},"primaryImageOfPage":{"@id":"https:\/\/www.encontraminasgerais.com.br\/itajuba\/capivara-criada-com-ia-chama-atencao-e-prefeitura-corrige-problema-de-buraco-em-via-publica-variedades-o-liberal\/#primaryimage"},"image":{"@id":"https:\/\/www.encontraminasgerais.com.br\/itajuba\/capivara-criada-com-ia-chama-atencao-e-prefeitura-corrige-problema-de-buraco-em-via-publica-variedades-o-liberal\/#primaryimage"},"thumbnailUrl":"https:\/\/www.encontraminasgerais.com.br\/itajuba\/wp-content\/uploads\/2026\/03\/capivara-criada-com-ia-chama-atencao-e-prefeitura-corrige-problema-de-buraco-em-via-publica-variedad.webp","datePublished":"2026-03-27T09:30:11+00:00","author":{"@id":"https:\/\/www.encontraminasgerais.com.br\/itajuba\/#\/schema\/person\/d26674c083ec86b440752843a690de33"},"inLanguage":"pt-BR","potentialAction":[{"@type":"ReadAction","target":["https:\/\/www.encontraminasgerais.com.br\/itajuba\/capivara-criada-com-ia-chama-atencao-e-prefeitura-corrige-problema-de-buraco-em-via-publica-variedades-o-liberal\/"]}]},{"@type":"ImageObject","inLanguage":"pt-BR","@id":"https:\/\/www.encontraminasgerais.com.br\/itajuba\/capivara-criada-com-ia-chama-atencao-e-prefeitura-corrige-problema-de-buraco-em-via-publica-variedades-o-liberal\/#primaryimage","url":"https:\/\/www.encontraminasgerais.com.br\/itajuba\/wp-content\/uploads\/2026\/03\/capivara-criada-com-ia-chama-atencao-e-prefeitura-corrige-problema-de-buraco-em-via-publica-variedad.webp","contentUrl":"https:\/\/www.encontraminasgerais.com.br\/itajuba\/wp-content\/uploads\/2026\/03\/capivara-criada-com-ia-chama-atencao-e-prefeitura-corrige-problema-de-buraco-em-via-publica-variedad.webp","width":280,"height":280,"caption":"capivara"},{"@type":"WebSite","@id":"https:\/\/www.encontraminasgerais.com.br\/itajuba\/#website","url":"https:\/\/www.encontraminasgerais.com.br\/itajuba\/","name":"Encontra Itajub\u00e1","description":"ENCONTRA ITAJUB\u00c1 - O guia comercial de neg\u00f3cios e empresas, cultura e divers\u00e3o na cidade de Itajub\u00e1. Feito 100% para voc\u00ea morador!","potentialAction":[{"@type":"SearchAction","target":{"@type":"EntryPoint","urlTemplate":"https:\/\/www.encontraminasgerais.com.br\/itajuba\/?s={search_term_string}"},"query-input":{"@type":"PropertyValueSpecification","valueRequired":true,"valueName":"search_term_string"}}],"inLanguage":"pt-BR"},{"@type":"Person","@id":"https:\/\/www.encontraminasgerais.com.br\/itajuba\/#\/schema\/person\/d26674c083ec86b440752843a690de33","name":"Encontra Itajub\u00e1","image":{"@type":"ImageObject","inLanguage":"pt-BR","@id":"https:\/\/www.encontraminasgerais.com.br\/itajuba\/#\/schema\/person\/image\/","url":"https:\/\/secure.gravatar.com\/avatar\/c50c17820bcf322f0a8fd6b110b8c0918141409dc69076470f6fca5fee70a5d4?s=96&d=mm&r=g","contentUrl":"https:\/\/secure.gravatar.com\/avatar\/c50c17820bcf322f0a8fd6b110b8c0918141409dc69076470f6fca5fee70a5d4?s=96&d=mm&r=g","caption":"Encontra Itajub\u00e1"},"url":"https:\/\/www.encontraminasgerais.com.br\/itajuba\/author\/eitajuba\/"}]}},"_links":{"self":[{"href":"https:\/\/www.encontraminasgerais.com.br\/itajuba\/wp-json\/wp\/v2\/posts\/4775","targetHints":{"allow":["GET"]}}],"collection":[{"href":"https:\/\/www.encontraminasgerais.com.br\/itajuba\/wp-json\/wp\/v2\/posts"}],"about":[{"href":"https:\/\/www.encontraminasgerais.com.br\/itajuba\/wp-json\/wp\/v2\/types\/post"}],"author":[{"embeddable":true,"href":"https:\/\/www.encontraminasgerais.com.br\/itajuba\/wp-json\/wp\/v2\/users\/1"}],"replies":[{"embeddable":true,"href":"https:\/\/www.encontraminasgerais.com.br\/itajuba\/wp-json\/wp\/v2\/comments?post=4775"}],"version-history":[{"count":0,"href":"https:\/\/www.encontraminasgerais.com.br\/itajuba\/wp-json\/wp\/v2\/posts\/4775\/revisions"}],"wp:featuredmedia":[{"embeddable":true,"href":"https:\/\/www.encontraminasgerais.com.br\/itajuba\/wp-json\/wp\/v2\/media\/4774"}],"wp:attachment":[{"href":"https:\/\/www.encontraminasgerais.com.br\/itajuba\/wp-json\/wp\/v2\/media?parent=4775"}],"wp:term":[{"taxonomy":"category","embeddable":true,"href":"https:\/\/www.encontraminasgerais.com.br\/itajuba\/wp-json\/wp\/v2\/categories?post=4775"},{"taxonomy":"post_tag","embeddable":true,"href":"https:\/\/www.encontraminasgerais.com.br\/itajuba\/wp-json\/wp\/v2\/tags?post=4775"}],"curies":[{"name":"wp","href":"https:\/\/api.w.org\/{rel}","templated":true}]}}