{"id":4797,"date":"2026-03-31T06:28:14","date_gmt":"2026-03-31T09:28:14","guid":{"rendered":"https:\/\/www.encontraminasgerais.com.br\/itajuba\/camara-de-sao-lourenco\/"},"modified":"2026-03-31T06:28:14","modified_gmt":"2026-03-31T09:28:14","slug":"camara-de-sao-lourenco","status":"publish","type":"post","link":"https:\/\/www.encontraminasgerais.com.br\/itajuba\/camara-de-sao-lourenco\/","title":{"rendered":"C\u00e2mara de S\u00e3o Louren\u00e7o"},"content":{"rendered":"<h2>O que \u00e9 o processo seletivo da C\u00e2mara de S\u00e3o Louren\u00e7o?<\/h2>\n<p>A C\u00e2mara Municipal de S\u00e3o Louren\u00e7o, localizada em Minas Gerais, anunciou a abertura de um <strong>processo seletivo simplificado<\/strong>. Esse processo visa preencher vagas tempor\u00e1rias, al\u00e9m de criar um cadastro reserva para futuros cargos, oferecendo oportunidades para diferentes n\u00edveis de escolaridade, que variam do fundamental ao m\u00e9dio.<\/p>\n<h2>Quais cargos est\u00e3o dispon\u00edveis?<\/h2>\n<p>Segundo o edital, as posi\u00e7\u00f5es dispon\u00edveis incluem:<\/p>\n<ul>\n<li><strong>Seguran\u00e7a<\/strong> &#8211; Cadastro Reserva (CR)<\/li>\n<li><strong>Recepcionista<\/strong> &#8211; Cadastro Reserva (CR)<\/li>\n<li><strong>Auxiliar de Servi\u00e7os Gerais<\/strong> &#8211; 1 vaga<\/li>\n<li><strong>Auxiliar de Secretaria<\/strong> &#8211; 2 vagas<\/li>\n<\/ul>\n<h2>Como funciona a jornada de trabalho e remunera\u00e7\u00e3o?<\/h2>\n<p>Todas as fun\u00e7\u00f5es requerem uma jornada de trabalho de 30 horas semanais. As remunera\u00e7\u00f5es mensais variam, podendo chegar at\u00e9 <strong>R$ 4.116,68<\/strong>, dependendo do cargo. Al\u00e9m disso, os contratados receber\u00e3o um <strong>aux\u00edlio-alimenta\u00e7\u00e3o<\/strong> no valor de <strong>R$ 1.184,96<\/strong>.<\/p>\n<p><img decoding=\"async\" src=\"https:\/\/www.encontraminasgerais.com.br\/itajuba\/wp-content\/uploads\/2026\/03\/camara-de-sao-lourenco.webp\" alt=\"C\u00e2mara de S\u00e3o Louren\u00e7o\" loading=\"lazy\" \/><\/p>\n<h2>Benef\u00edcios al\u00e9m do sal\u00e1rio: tudo que voc\u00ea precisa saber<\/h2>\n<p>O aux\u00edlio-alimenta\u00e7\u00e3o \u00e9 uma adi\u00e7\u00e3o importante \u00e0 compensa\u00e7\u00e3o financeira, somando-se ao sal\u00e1rio base dos colaboradores. Esse benef\u00edcio n\u00e3o s\u00f3 melhora a qualidade de vida dos funcion\u00e1rios, mas tamb\u00e9m \u00e9 um incentivo adicional que pode ser um fator determinante na escolha de trabalhar na C\u00e2mara.<\/p>\n<h2>Prazos e etapas para inscri\u00e7\u00e3o<\/h2>\n<p>As inscri\u00e7\u00f5es para o processo seletivo devem ser feitas entre os dias <strong>6 e 10 de abril de 2026<\/strong>. Os interessados podem se inscrever de maneira presencial na sede da C\u00e2mara Municipal ou atrav\u00e9s do e-mail indicado no edital. \u00c9 importante observar que as inscri\u00e7\u00f5es devem ser enviadas at\u00e9 as <strong>23h59 do dia 10 de abril de 2026<\/strong>.<\/p>\n<h2>Crit\u00e9rios de sele\u00e7\u00e3o: o que ser\u00e1 avaliado?<\/h2>\n<p>A sele\u00e7\u00e3o dos candidatos ocorrer\u00e1 por meio de uma an\u00e1lise de t\u00edtulos e tempo de experi\u00eancia, tanto em car\u00e1ter classificat\u00f3rio quanto eliminat\u00f3rio. Isso significa que os candidatos ser\u00e3o avaliados n\u00e3o apenas por seus curr\u00edculos, mas tamb\u00e9m pela relev\u00e2ncia de sua experi\u00eancia anterior nas \u00e1reas correlatas aos cargos dispon\u00edveis.<\/p>\n<h2>Dicas para se preparar para a sele\u00e7\u00e3o<\/h2>\n<p>Antes de se inscrever, \u00e9 aconselh\u00e1vel que os candidatos organizem e atualizem seus curr\u00edculos, destacando experi\u00eancias mais relevantes que se relacionem com a fun\u00e7\u00e3o desejada. Al\u00e9m de se preparar para poss\u00edveis entrevistas, \u00e9 uma boa pr\u00e1tica se familiarizar com as normas e regulamentos da C\u00e2mara Municipal, pois demonstrar conhecimento institucional pode ser um diferencial.<\/p>\n<h2>Como \u00e9 o ambiente de trabalho na C\u00e2mara Municipal?<\/h2>\n<p>O ambiente de trabalho na C\u00e2mara de S\u00e3o Louren\u00e7o \u00e9 geralmente caracterizado por ser colaborativo, com foco na presta\u00e7\u00e3o de servi\u00e7os p\u00fablicos \u00e0 popula\u00e7\u00e3o. Trabalhar em uma c\u00e2mara municipal proporciona aos funcion\u00e1rios uma perspectiva valiosa sobre a administra\u00e7\u00e3o p\u00fablica, bem como a oportunidade de contribuir diretamente para o bem-estar da comunidade local.<\/p>\n<h2>Import\u00e2ncia do aux\u00edlio-alimenta\u00e7\u00e3o no sal\u00e1rio<\/h2>\n<p>A inclus\u00e3o do aux\u00edlio-alimenta\u00e7\u00e3o no pacote de benef\u00edcios \u00e9 uma parte significativa da compensa\u00e7\u00e3o, especialmente em \u00e9pocas de infla\u00e7\u00e3o alta. Esse aux\u00edlio n\u00e3o s\u00f3 oferece suporte na alimenta\u00e7\u00e3o di\u00e1ria, mas tamb\u00e9m \u00e9 um indicativo do compromisso da C\u00e2mara com o bem-estar de seus funcion\u00e1rios, contribuindo para um ambiente de trabalho mais satisfat\u00f3rio e motivador.<\/p>\n<h2>Porque trabalhar na C\u00e2mara de S\u00e3o Louren\u00e7o \u00e9 uma boa escolha<\/h2>\n<p>Escolher trabalhar na C\u00e2mara de S\u00e3o Louren\u00e7o \u00e9 uma decis\u00e3o que pode ter impactos positivos a longo prazo. Al\u00e9m de oferecer um sal\u00e1rio compat\u00edvel com o mercado e benef\u00edcios atrativos, o cargo proporciona a oportunidade de desenvolver habilidades profissionais em um ambiente din\u00e2mico. A valoriza\u00e7\u00e3o da cidadania e do servi\u00e7o p\u00fablico aliada a um ambiente respeitoso e colaborativo tornam essa uma escolha atraente para quem busca uma carreira no setor p\u00fablico.<\/p>\n","protected":false},"excerpt":{"rendered":"<p>C\u00e2mara de S\u00e3o Louren\u00e7o &#8211; MG abre vagas com sal\u00e1rios de at\u00e9 R$ 4,1 mil e benef\u00edcios. Confira!<\/p>\n","protected":false},"author":1,"featured_media":4796,"comment_status":"open","ping_status":"open","sticky":false,"template":"","format":"standard","meta":{"footnotes":""},"categories":[5],"tags":[],"class_list":["post-4797","post","type-post","status-publish","format-standard","has-post-thumbnail","hentry","category-noticias","has_thumb"],"yoast_head":"<!-- This site is optimized with the Yoast SEO plugin v26.3 - https:\/\/yoast.com\/wordpress\/plugins\/seo\/ -->\n<title>C\u00e2mara de S\u00e3o Louren\u00e7o | Encontra Itajub\u00e1<\/title>\n<meta name=\"robots\" content=\"index, follow, max-snippet:-1, max-image-preview:large, max-video-preview:-1\" \/>\n<link rel=\"canonical\" href=\"https:\/\/www.encontraminasgerais.com.br\/itajuba\/camara-de-sao-lourenco\/\" \/>\n<meta property=\"og:locale\" content=\"pt_BR\" \/>\n<meta property=\"og:type\" content=\"article\" \/>\n<meta property=\"og:title\" content=\"C\u00e2mara de S\u00e3o Louren\u00e7o | Encontra Itajub\u00e1\" \/>\n<meta property=\"og:description\" content=\"C\u00e2mara de S\u00e3o Louren\u00e7o - MG abre vagas com sal\u00e1rios de at\u00e9 R$ 4,1 mil e benef\u00edcios. Confira!\" \/>\n<meta property=\"og:url\" content=\"https:\/\/www.encontraminasgerais.com.br\/itajuba\/camara-de-sao-lourenco\/\" \/>\n<meta property=\"og:site_name\" content=\"Encontra Itajub\u00e1\" \/>\n<meta property=\"article:published_time\" content=\"2026-03-31T09:28:14+00:00\" \/>\n<meta property=\"og:image\" content=\"https:\/\/www.encontraminasgerais.com.br\/itajuba\/wp-content\/uploads\/2026\/03\/camara-de-sao-lourenco.webp\" \/>\n<meta name=\"author\" content=\"Encontra Itajub\u00e1\" \/>\n<meta name=\"twitter:card\" content=\"summary_large_image\" \/>\n<meta name=\"twitter:label1\" content=\"Escrito por\" \/>\n\t<meta name=\"twitter:data1\" content=\"Encontra Itajub\u00e1\" \/>\n\t<meta name=\"twitter:label2\" content=\"Est. tempo de leitura\" \/>\n\t<meta name=\"twitter:data2\" content=\"3 minutos\" \/>\n<script type=\"application\/ld+json\" class=\"yoast-schema-graph\">{\"@context\":\"https:\/\/schema.org\",\"@graph\":[{\"@type\":\"WebPage\",\"@id\":\"https:\/\/www.encontraminasgerais.com.br\/itajuba\/camara-de-sao-lourenco\/\",\"url\":\"https:\/\/www.encontraminasgerais.com.br\/itajuba\/camara-de-sao-lourenco\/\",\"name\":\"C\u00e2mara de S\u00e3o Louren\u00e7o | Encontra Itajub\u00e1\",\"isPartOf\":{\"@id\":\"https:\/\/www.encontraminasgerais.com.br\/itajuba\/#website\"},\"primaryImageOfPage\":{\"@id\":\"https:\/\/www.encontraminasgerais.com.br\/itajuba\/camara-de-sao-lourenco\/#primaryimage\"},\"image\":{\"@id\":\"https:\/\/www.encontraminasgerais.com.br\/itajuba\/camara-de-sao-lourenco\/#primaryimage\"},\"thumbnailUrl\":\"https:\/\/www.encontraminasgerais.com.br\/itajuba\/wp-content\/uploads\/2026\/03\/camara-de-sao-lourenco.webp\",\"datePublished\":\"2026-03-31T09:28:14+00:00\",\"author\":{\"@id\":\"https:\/\/www.encontraminasgerais.com.br\/itajuba\/#\/schema\/person\/d26674c083ec86b440752843a690de33\"},\"inLanguage\":\"pt-BR\",\"potentialAction\":[{\"@type\":\"ReadAction\",\"target\":[\"https:\/\/www.encontraminasgerais.com.br\/itajuba\/camara-de-sao-lourenco\/\"]}]},{\"@type\":\"ImageObject\",\"inLanguage\":\"pt-BR\",\"@id\":\"https:\/\/www.encontraminasgerais.com.br\/itajuba\/camara-de-sao-lourenco\/#primaryimage\",\"url\":\"https:\/\/www.encontraminasgerais.com.br\/itajuba\/wp-content\/uploads\/2026\/03\/camara-de-sao-lourenco.webp\",\"contentUrl\":\"https:\/\/www.encontraminasgerais.com.br\/itajuba\/wp-content\/uploads\/2026\/03\/camara-de-sao-lourenco.webp\",\"width\":280,\"height\":280,\"caption\":\"C\u00e2mara de S\u00e3o Louren\u00e7o\"},{\"@type\":\"WebSite\",\"@id\":\"https:\/\/www.encontraminasgerais.com.br\/itajuba\/#website\",\"url\":\"https:\/\/www.encontraminasgerais.com.br\/itajuba\/\",\"name\":\"Encontra Itajub\u00e1\",\"description\":\"ENCONTRA ITAJUB\u00c1 - O guia comercial de neg\u00f3cios e empresas, cultura e divers\u00e3o na cidade de Itajub\u00e1. Feito 100% para voc\u00ea morador!\",\"potentialAction\":[{\"@type\":\"SearchAction\",\"target\":{\"@type\":\"EntryPoint\",\"urlTemplate\":\"https:\/\/www.encontraminasgerais.com.br\/itajuba\/?s={search_term_string}\"},\"query-input\":{\"@type\":\"PropertyValueSpecification\",\"valueRequired\":true,\"valueName\":\"search_term_string\"}}],\"inLanguage\":\"pt-BR\"},{\"@type\":\"Person\",\"@id\":\"https:\/\/www.encontraminasgerais.com.br\/itajuba\/#\/schema\/person\/d26674c083ec86b440752843a690de33\",\"name\":\"Encontra Itajub\u00e1\",\"image\":{\"@type\":\"ImageObject\",\"inLanguage\":\"pt-BR\",\"@id\":\"https:\/\/www.encontraminasgerais.com.br\/itajuba\/#\/schema\/person\/image\/\",\"url\":\"https:\/\/secure.gravatar.com\/avatar\/c50c17820bcf322f0a8fd6b110b8c0918141409dc69076470f6fca5fee70a5d4?s=96&d=mm&r=g\",\"contentUrl\":\"https:\/\/secure.gravatar.com\/avatar\/c50c17820bcf322f0a8fd6b110b8c0918141409dc69076470f6fca5fee70a5d4?s=96&d=mm&r=g\",\"caption\":\"Encontra Itajub\u00e1\"},\"url\":\"https:\/\/www.encontraminasgerais.com.br\/itajuba\/author\/eitajuba\/\"}]}<\/script>\n<!-- \/ Yoast SEO plugin. -->","yoast_head_json":{"title":"C\u00e2mara de S\u00e3o Louren\u00e7o | Encontra Itajub\u00e1","robots":{"index":"index","follow":"follow","max-snippet":"max-snippet:-1","max-image-preview":"max-image-preview:large","max-video-preview":"max-video-preview:-1"},"canonical":"https:\/\/www.encontraminasgerais.com.br\/itajuba\/camara-de-sao-lourenco\/","og_locale":"pt_BR","og_type":"article","og_title":"C\u00e2mara de S\u00e3o Louren\u00e7o | Encontra Itajub\u00e1","og_description":"C\u00e2mara de S\u00e3o Louren\u00e7o - MG abre vagas com sal\u00e1rios de at\u00e9 R$ 4,1 mil e benef\u00edcios. Confira!","og_url":"https:\/\/www.encontraminasgerais.com.br\/itajuba\/camara-de-sao-lourenco\/","og_site_name":"Encontra Itajub\u00e1","article_published_time":"2026-03-31T09:28:14+00:00","og_image":[{"url":"https:\/\/www.encontraminasgerais.com.br\/itajuba\/wp-content\/uploads\/2026\/03\/camara-de-sao-lourenco.webp","type":"","width":"","height":""}],"author":"Encontra Itajub\u00e1","twitter_card":"summary_large_image","twitter_misc":{"Escrito por":"Encontra Itajub\u00e1","Est. tempo de leitura":"3 minutos"},"schema":{"@context":"https:\/\/schema.org","@graph":[{"@type":"WebPage","@id":"https:\/\/www.encontraminasgerais.com.br\/itajuba\/camara-de-sao-lourenco\/","url":"https:\/\/www.encontraminasgerais.com.br\/itajuba\/camara-de-sao-lourenco\/","name":"C\u00e2mara de S\u00e3o Louren\u00e7o | Encontra Itajub\u00e1","isPartOf":{"@id":"https:\/\/www.encontraminasgerais.com.br\/itajuba\/#website"},"primaryImageOfPage":{"@id":"https:\/\/www.encontraminasgerais.com.br\/itajuba\/camara-de-sao-lourenco\/#primaryimage"},"image":{"@id":"https:\/\/www.encontraminasgerais.com.br\/itajuba\/camara-de-sao-lourenco\/#primaryimage"},"thumbnailUrl":"https:\/\/www.encontraminasgerais.com.br\/itajuba\/wp-content\/uploads\/2026\/03\/camara-de-sao-lourenco.webp","datePublished":"2026-03-31T09:28:14+00:00","author":{"@id":"https:\/\/www.encontraminasgerais.com.br\/itajuba\/#\/schema\/person\/d26674c083ec86b440752843a690de33"},"inLanguage":"pt-BR","potentialAction":[{"@type":"ReadAction","target":["https:\/\/www.encontraminasgerais.com.br\/itajuba\/camara-de-sao-lourenco\/"]}]},{"@type":"ImageObject","inLanguage":"pt-BR","@id":"https:\/\/www.encontraminasgerais.com.br\/itajuba\/camara-de-sao-lourenco\/#primaryimage","url":"https:\/\/www.encontraminasgerais.com.br\/itajuba\/wp-content\/uploads\/2026\/03\/camara-de-sao-lourenco.webp","contentUrl":"https:\/\/www.encontraminasgerais.com.br\/itajuba\/wp-content\/uploads\/2026\/03\/camara-de-sao-lourenco.webp","width":280,"height":280,"caption":"C\u00e2mara de S\u00e3o Louren\u00e7o"},{"@type":"WebSite","@id":"https:\/\/www.encontraminasgerais.com.br\/itajuba\/#website","url":"https:\/\/www.encontraminasgerais.com.br\/itajuba\/","name":"Encontra Itajub\u00e1","description":"ENCONTRA ITAJUB\u00c1 - O guia comercial de neg\u00f3cios e empresas, cultura e divers\u00e3o na cidade de Itajub\u00e1. Feito 100% para voc\u00ea morador!","potentialAction":[{"@type":"SearchAction","target":{"@type":"EntryPoint","urlTemplate":"https:\/\/www.encontraminasgerais.com.br\/itajuba\/?s={search_term_string}"},"query-input":{"@type":"PropertyValueSpecification","valueRequired":true,"valueName":"search_term_string"}}],"inLanguage":"pt-BR"},{"@type":"Person","@id":"https:\/\/www.encontraminasgerais.com.br\/itajuba\/#\/schema\/person\/d26674c083ec86b440752843a690de33","name":"Encontra Itajub\u00e1","image":{"@type":"ImageObject","inLanguage":"pt-BR","@id":"https:\/\/www.encontraminasgerais.com.br\/itajuba\/#\/schema\/person\/image\/","url":"https:\/\/secure.gravatar.com\/avatar\/c50c17820bcf322f0a8fd6b110b8c0918141409dc69076470f6fca5fee70a5d4?s=96&d=mm&r=g","contentUrl":"https:\/\/secure.gravatar.com\/avatar\/c50c17820bcf322f0a8fd6b110b8c0918141409dc69076470f6fca5fee70a5d4?s=96&d=mm&r=g","caption":"Encontra Itajub\u00e1"},"url":"https:\/\/www.encontraminasgerais.com.br\/itajuba\/author\/eitajuba\/"}]}},"_links":{"self":[{"href":"https:\/\/www.encontraminasgerais.com.br\/itajuba\/wp-json\/wp\/v2\/posts\/4797","targetHints":{"allow":["GET"]}}],"collection":[{"href":"https:\/\/www.encontraminasgerais.com.br\/itajuba\/wp-json\/wp\/v2\/posts"}],"about":[{"href":"https:\/\/www.encontraminasgerais.com.br\/itajuba\/wp-json\/wp\/v2\/types\/post"}],"author":[{"embeddable":true,"href":"https:\/\/www.encontraminasgerais.com.br\/itajuba\/wp-json\/wp\/v2\/users\/1"}],"replies":[{"embeddable":true,"href":"https:\/\/www.encontraminasgerais.com.br\/itajuba\/wp-json\/wp\/v2\/comments?post=4797"}],"version-history":[{"count":0,"href":"https:\/\/www.encontraminasgerais.com.br\/itajuba\/wp-json\/wp\/v2\/posts\/4797\/revisions"}],"wp:featuredmedia":[{"embeddable":true,"href":"https:\/\/www.encontraminasgerais.com.br\/itajuba\/wp-json\/wp\/v2\/media\/4796"}],"wp:attachment":[{"href":"https:\/\/www.encontraminasgerais.com.br\/itajuba\/wp-json\/wp\/v2\/media?parent=4797"}],"wp:term":[{"taxonomy":"category","embeddable":true,"href":"https:\/\/www.encontraminasgerais.com.br\/itajuba\/wp-json\/wp\/v2\/categories?post=4797"},{"taxonomy":"post_tag","embeddable":true,"href":"https:\/\/www.encontraminasgerais.com.br\/itajuba\/wp-json\/wp\/v2\/tags?post=4797"}],"curies":[{"name":"wp","href":"https:\/\/api.w.org\/{rel}","templated":true}]}}