{"id":4829,"date":"2026-04-07T06:30:56","date_gmt":"2026-04-07T09:30:56","guid":{"rendered":"https:\/\/www.encontraminasgerais.com.br\/itajuba\/itajuba-e-extrema-receberao-novas-unidades-do-colegio-tiradentes\/"},"modified":"2026-04-07T06:30:56","modified_gmt":"2026-04-07T09:30:56","slug":"itajuba-e-extrema-receberao-novas-unidades-do-colegio-tiradentes","status":"publish","type":"post","link":"https:\/\/www.encontraminasgerais.com.br\/itajuba\/itajuba-e-extrema-receberao-novas-unidades-do-colegio-tiradentes\/","title":{"rendered":"Itajub\u00e1 e Extrema receber\u00e3o novas unidades do Col\u00e9gio Tiradentes"},"content":{"rendered":"<h2>Iniciativa do Governo Estadual<\/h2>\n<p>No dia 6 de abril, o governador Mateus Sim\u00f5es anunciou a cria\u00e7\u00e3o de duas novas institui\u00e7\u00f5es do Col\u00e9gio Tiradentes da Pol\u00edcia Militar (CTPM) em Itajub\u00e1 e Extrema, situado no Sul de Minas Gerais. Este an\u00fancio foi feito durante uma cerim\u00f4nia que marcou a transfer\u00eancia da sede do Governo para a cidade de Pouso Alegre. A finalidade dessa iniciativa \u00e9 expandir a rede de ensino militar no estado e refor\u00e7ar a educa\u00e7\u00e3o na regi\u00e3o, garantindo uma infraestrutura adequada para a forma\u00e7\u00e3o de jovens.<\/p>\n<h2>Objetivos da Expans\u00e3o Escolar<\/h2>\n<p>A proposta de implantar essas novas unidades foi definida em colabora\u00e7\u00e3o entre a Secretaria de Estado de Educa\u00e7\u00e3o (SEE\/MG) e a Pol\u00edcia Militar de Minas Gerais (PMMG). A administra\u00e7\u00e3o estadual enfatiza que a adi\u00e7\u00e3o dessas escolas \u00e9 uma estrat\u00e9gia fundamental para elevar a qualidade do ensino b\u00e1sico, promovendo uma educa\u00e7\u00e3o mais robusta e acess\u00edvel aos jovens da localidade. Este projeto est\u00e1 alinhado com as diretrizes do programa denominado &#8220;Governo Presente&#8221;, que visa descentralizar e otimizar os investimentos em educa\u00e7\u00e3o no estado.<\/p>\n<h2>Impacto no Ensino de Itajub\u00e1 e Extrema<\/h2>\n<p>Essa nova proposta de ensino militar tem o potencial de transformar o cen\u00e1rio educacional em Itajub\u00e1 e Extrema, ao possibilitar a inclus\u00e3o de curr\u00edculos diferenciados que mesclam disciplina e forma\u00e7\u00e3o acad\u00eamica. A expectativa \u00e9 que esses col\u00e9gios contribuam significativamente para a forma\u00e7\u00e3o de alunos mais preparados para os desafios do futuro, al\u00e9m de melhorar a oferta educacional na regi\u00e3o.<\/p>\n<p><img decoding=\"async\" src=\"https:\/\/www.encontraminasgerais.com.br\/itajuba\/wp-content\/uploads\/2026\/04\/itajuba-e-extrema-receberao-novas-unidades-do-colegio-tiradentes.webp\" alt=\"Col\u00e9gio Tiradentes em Itajub\u00e1 e Extrema\" loading=\"lazy\" \/><\/p>\n<h2>Benef\u00edcios Diretos para os Estudantes<\/h2>\n<p>Os estudantes que frequentar\u00e3o as novas unidades do Col\u00e9gio Tiradentes ter\u00e3o acesso a um ensino de qualidade, com um foco especial no desenvolvimento de habilidades e valores essenciais, incluindo cidadania, respeito e responsabilidade. A cria\u00e7\u00e3o dessas institui\u00e7\u00f5es tamb\u00e9m se traduz em condi\u00e7\u00f5es mais favor\u00e1veis para o aprisionamento de um ambiente educacional que prioriza a seguran\u00e7a e o bem-estar dos alunos.<\/p>\n<h2>Apoio \u00e0 Seguran\u00e7a P\u00fablica<\/h2>\n<p>O governador Mateus Sim\u00f5es destacou a import\u00e2ncia dessa iniciativa, pois atende a uma demanda que tem sido solicitada por profissionais da seguran\u00e7a p\u00fablica da regi\u00e3o. A instala\u00e7\u00e3o destes col\u00e9gios fornecer\u00e1 um suporte educativo para os dependentes dos policiais militares, oferecendo um espa\u00e7o seguro e qualificado para que seus filhos recebam educa\u00e7\u00e3o de qualidade.<\/p>\n<h2>Hist\u00f3rico da Rede de Col\u00e9gios Tiradentes<\/h2>\n<p>Os Col\u00e9gios Tiradentes s\u00e3o parte de um projeto mais amplo que busca integrar educa\u00e7\u00e3o e seguran\u00e7a, formando uma rede que j\u00e1 existe h\u00e1 anos. Estas institui\u00e7\u00f5es t\u00eam sido reconhecidas por seu compromisso em oferecer um ensino que n\u00e3o s\u00f3 prioriza as compet\u00eancias acad\u00eamicas, mas tamb\u00e9m promove o desenvolvimento de valores morais e sociais nos alunos.<\/p>\n<h2>Como Funcionar\u00e3o as Novas Unidades<\/h2>\n<p>As unidades em Itajub\u00e1 e Extrema ter\u00e3o estrutura semelhante aos outros col\u00e9gios da rede, com equipes docentes capacitados e rigorosos padr\u00f5es administrativos. Ser\u00e3o oferecidas aulas que abordam desde mat\u00e9rias comuns da grade curricular at\u00e9 disciplinas voltadas para a forma\u00e7\u00e3o c\u00edvica e \u00e9tica. Assim, os alunos ter\u00e3o uma forma\u00e7\u00e3o que os prepara n\u00e3o apenas academicamente, mas como cidad\u00e3os ativos na sociedade.<\/p>\n<h2>Expectativas da Comunidade Local<\/h2>\n<p>A chegada dessas novas institui\u00e7\u00f5es \u00e9 vista com otimismo por parte da comunidade local. Os moradores esperam que essa iniciativa n\u00e3o apenas melhore a educa\u00e7\u00e3o, mas tamb\u00e9m traga benef\u00edcios sociais, como o fortalecimento da imagem da Pol\u00edcia Militar na regi\u00e3o e uma maior seguran\u00e7a. A intera\u00e7\u00e3o das fam\u00edlias com a escola tamb\u00e9m \u00e9 esperada como um fator positivo, contribuindo para a integra\u00e7\u00e3o da comunidade.<\/p>\n<h2>Import\u00e2ncia da Educa\u00e7\u00e3o Militar<\/h2>\n<p>A educa\u00e7\u00e3o militar \u00e9 frequentemente associada a uma forma\u00e7\u00e3o completa, que abrange aspectos acad\u00eamicos e disciplinares. Esse estilo de ensino n\u00e3o apenas prepara os alunos para a vida acad\u00eamica, mas tamb\u00e9m os ensina a respeitar hierarquias, a trabalhar em equipe e a valorizar a disciplina, o que \u00e9 essencial para o sucesso em qualquer \u00e1rea profissional.<\/p>\n<h2>Perspectivas Futuras para a Educa\u00e7\u00e3o em Minas<\/h2>\n<p>Com a adi\u00e7\u00e3o dos Col\u00e9gios Tiradentes em Itajub\u00e1 e Extrema, Minas Gerais d\u00e1 mais um passo em dire\u00e7\u00e3o \u00e0 moderniza\u00e7\u00e3o de sua educa\u00e7\u00e3o p\u00fablica. A expectativa \u00e9 que o governo continue a expandir e melhorar a oferta educacional, com esfor\u00e7os que reflitam uma vis\u00e3o de futuro mais inclusiva e de qualidade. Ao integrar a seguran\u00e7a p\u00fablica com a educa\u00e7\u00e3o, o estado se posiciona como um exemplo a ser seguido em todo o pa\u00eds.<\/p>\n","protected":false},"excerpt":{"rendered":"<p>Novas unidades do Col\u00e9gio Tiradentes prometem melhorar o ensino em Itajub\u00e1 e Extrema.<\/p>\n","protected":false},"author":1,"featured_media":4828,"comment_status":"open","ping_status":"open","sticky":false,"template":"","format":"standard","meta":{"footnotes":""},"categories":[5],"tags":[],"class_list":["post-4829","post","type-post","status-publish","format-standard","has-post-thumbnail","hentry","category-noticias","has_thumb"],"yoast_head":"<!-- This site is optimized with the Yoast SEO plugin v26.3 - https:\/\/yoast.com\/wordpress\/plugins\/seo\/ -->\n<title>Itajub\u00e1 e Extrema receber\u00e3o novas unidades do Col\u00e9gio Tiradentes | Encontra Itajub\u00e1<\/title>\n<meta name=\"robots\" content=\"index, follow, max-snippet:-1, max-image-preview:large, max-video-preview:-1\" \/>\n<link rel=\"canonical\" href=\"https:\/\/www.encontraminasgerais.com.br\/itajuba\/itajuba-e-extrema-receberao-novas-unidades-do-colegio-tiradentes\/\" \/>\n<meta property=\"og:locale\" content=\"pt_BR\" \/>\n<meta property=\"og:type\" content=\"article\" \/>\n<meta property=\"og:title\" content=\"Itajub\u00e1 e Extrema receber\u00e3o novas unidades do Col\u00e9gio Tiradentes | Encontra Itajub\u00e1\" \/>\n<meta property=\"og:description\" content=\"Novas unidades do Col\u00e9gio Tiradentes prometem melhorar o ensino em Itajub\u00e1 e Extrema.\" \/>\n<meta property=\"og:url\" content=\"https:\/\/www.encontraminasgerais.com.br\/itajuba\/itajuba-e-extrema-receberao-novas-unidades-do-colegio-tiradentes\/\" \/>\n<meta property=\"og:site_name\" content=\"Encontra Itajub\u00e1\" \/>\n<meta property=\"article:published_time\" content=\"2026-04-07T09:30:56+00:00\" \/>\n<meta property=\"og:image\" content=\"https:\/\/www.encontraminasgerais.com.br\/itajuba\/wp-content\/uploads\/2026\/04\/itajuba-e-extrema-receberao-novas-unidades-do-colegio-tiradentes.webp\" \/>\n<meta name=\"author\" content=\"Encontra Itajub\u00e1\" \/>\n<meta name=\"twitter:card\" content=\"summary_large_image\" \/>\n<meta name=\"twitter:label1\" content=\"Escrito por\" \/>\n\t<meta name=\"twitter:data1\" content=\"Encontra Itajub\u00e1\" \/>\n\t<meta name=\"twitter:label2\" content=\"Est. tempo de leitura\" \/>\n\t<meta name=\"twitter:data2\" content=\"4 minutos\" \/>\n<script type=\"application\/ld+json\" class=\"yoast-schema-graph\">{\"@context\":\"https:\/\/schema.org\",\"@graph\":[{\"@type\":\"WebPage\",\"@id\":\"https:\/\/www.encontraminasgerais.com.br\/itajuba\/itajuba-e-extrema-receberao-novas-unidades-do-colegio-tiradentes\/\",\"url\":\"https:\/\/www.encontraminasgerais.com.br\/itajuba\/itajuba-e-extrema-receberao-novas-unidades-do-colegio-tiradentes\/\",\"name\":\"Itajub\u00e1 e Extrema receber\u00e3o novas unidades do Col\u00e9gio Tiradentes | Encontra Itajub\u00e1\",\"isPartOf\":{\"@id\":\"https:\/\/www.encontraminasgerais.com.br\/itajuba\/#website\"},\"primaryImageOfPage\":{\"@id\":\"https:\/\/www.encontraminasgerais.com.br\/itajuba\/itajuba-e-extrema-receberao-novas-unidades-do-colegio-tiradentes\/#primaryimage\"},\"image\":{\"@id\":\"https:\/\/www.encontraminasgerais.com.br\/itajuba\/itajuba-e-extrema-receberao-novas-unidades-do-colegio-tiradentes\/#primaryimage\"},\"thumbnailUrl\":\"https:\/\/www.encontraminasgerais.com.br\/itajuba\/wp-content\/uploads\/2026\/04\/itajuba-e-extrema-receberao-novas-unidades-do-colegio-tiradentes.webp\",\"datePublished\":\"2026-04-07T09:30:56+00:00\",\"author\":{\"@id\":\"https:\/\/www.encontraminasgerais.com.br\/itajuba\/#\/schema\/person\/d26674c083ec86b440752843a690de33\"},\"inLanguage\":\"pt-BR\",\"potentialAction\":[{\"@type\":\"ReadAction\",\"target\":[\"https:\/\/www.encontraminasgerais.com.br\/itajuba\/itajuba-e-extrema-receberao-novas-unidades-do-colegio-tiradentes\/\"]}]},{\"@type\":\"ImageObject\",\"inLanguage\":\"pt-BR\",\"@id\":\"https:\/\/www.encontraminasgerais.com.br\/itajuba\/itajuba-e-extrema-receberao-novas-unidades-do-colegio-tiradentes\/#primaryimage\",\"url\":\"https:\/\/www.encontraminasgerais.com.br\/itajuba\/wp-content\/uploads\/2026\/04\/itajuba-e-extrema-receberao-novas-unidades-do-colegio-tiradentes.webp\",\"contentUrl\":\"https:\/\/www.encontraminasgerais.com.br\/itajuba\/wp-content\/uploads\/2026\/04\/itajuba-e-extrema-receberao-novas-unidades-do-colegio-tiradentes.webp\",\"width\":280,\"height\":280,\"caption\":\"Col\u00e9gio Tiradentes em Itajub\u00e1 e Extrema\"},{\"@type\":\"WebSite\",\"@id\":\"https:\/\/www.encontraminasgerais.com.br\/itajuba\/#website\",\"url\":\"https:\/\/www.encontraminasgerais.com.br\/itajuba\/\",\"name\":\"Encontra Itajub\u00e1\",\"description\":\"ENCONTRA ITAJUB\u00c1 - O guia comercial de neg\u00f3cios e empresas, cultura e divers\u00e3o na cidade de Itajub\u00e1. Feito 100% para voc\u00ea morador!\",\"potentialAction\":[{\"@type\":\"SearchAction\",\"target\":{\"@type\":\"EntryPoint\",\"urlTemplate\":\"https:\/\/www.encontraminasgerais.com.br\/itajuba\/?s={search_term_string}\"},\"query-input\":{\"@type\":\"PropertyValueSpecification\",\"valueRequired\":true,\"valueName\":\"search_term_string\"}}],\"inLanguage\":\"pt-BR\"},{\"@type\":\"Person\",\"@id\":\"https:\/\/www.encontraminasgerais.com.br\/itajuba\/#\/schema\/person\/d26674c083ec86b440752843a690de33\",\"name\":\"Encontra Itajub\u00e1\",\"image\":{\"@type\":\"ImageObject\",\"inLanguage\":\"pt-BR\",\"@id\":\"https:\/\/www.encontraminasgerais.com.br\/itajuba\/#\/schema\/person\/image\/\",\"url\":\"https:\/\/secure.gravatar.com\/avatar\/c50c17820bcf322f0a8fd6b110b8c0918141409dc69076470f6fca5fee70a5d4?s=96&d=mm&r=g\",\"contentUrl\":\"https:\/\/secure.gravatar.com\/avatar\/c50c17820bcf322f0a8fd6b110b8c0918141409dc69076470f6fca5fee70a5d4?s=96&d=mm&r=g\",\"caption\":\"Encontra Itajub\u00e1\"},\"url\":\"https:\/\/www.encontraminasgerais.com.br\/itajuba\/author\/eitajuba\/\"}]}<\/script>\n<!-- \/ Yoast SEO plugin. -->","yoast_head_json":{"title":"Itajub\u00e1 e Extrema receber\u00e3o novas unidades do Col\u00e9gio Tiradentes | Encontra Itajub\u00e1","robots":{"index":"index","follow":"follow","max-snippet":"max-snippet:-1","max-image-preview":"max-image-preview:large","max-video-preview":"max-video-preview:-1"},"canonical":"https:\/\/www.encontraminasgerais.com.br\/itajuba\/itajuba-e-extrema-receberao-novas-unidades-do-colegio-tiradentes\/","og_locale":"pt_BR","og_type":"article","og_title":"Itajub\u00e1 e Extrema receber\u00e3o novas unidades do Col\u00e9gio Tiradentes | Encontra Itajub\u00e1","og_description":"Novas unidades do Col\u00e9gio Tiradentes prometem melhorar o ensino em Itajub\u00e1 e Extrema.","og_url":"https:\/\/www.encontraminasgerais.com.br\/itajuba\/itajuba-e-extrema-receberao-novas-unidades-do-colegio-tiradentes\/","og_site_name":"Encontra Itajub\u00e1","article_published_time":"2026-04-07T09:30:56+00:00","og_image":[{"url":"https:\/\/www.encontraminasgerais.com.br\/itajuba\/wp-content\/uploads\/2026\/04\/itajuba-e-extrema-receberao-novas-unidades-do-colegio-tiradentes.webp","type":"","width":"","height":""}],"author":"Encontra Itajub\u00e1","twitter_card":"summary_large_image","twitter_misc":{"Escrito por":"Encontra Itajub\u00e1","Est. tempo de leitura":"4 minutos"},"schema":{"@context":"https:\/\/schema.org","@graph":[{"@type":"WebPage","@id":"https:\/\/www.encontraminasgerais.com.br\/itajuba\/itajuba-e-extrema-receberao-novas-unidades-do-colegio-tiradentes\/","url":"https:\/\/www.encontraminasgerais.com.br\/itajuba\/itajuba-e-extrema-receberao-novas-unidades-do-colegio-tiradentes\/","name":"Itajub\u00e1 e Extrema receber\u00e3o novas unidades do Col\u00e9gio Tiradentes | Encontra Itajub\u00e1","isPartOf":{"@id":"https:\/\/www.encontraminasgerais.com.br\/itajuba\/#website"},"primaryImageOfPage":{"@id":"https:\/\/www.encontraminasgerais.com.br\/itajuba\/itajuba-e-extrema-receberao-novas-unidades-do-colegio-tiradentes\/#primaryimage"},"image":{"@id":"https:\/\/www.encontraminasgerais.com.br\/itajuba\/itajuba-e-extrema-receberao-novas-unidades-do-colegio-tiradentes\/#primaryimage"},"thumbnailUrl":"https:\/\/www.encontraminasgerais.com.br\/itajuba\/wp-content\/uploads\/2026\/04\/itajuba-e-extrema-receberao-novas-unidades-do-colegio-tiradentes.webp","datePublished":"2026-04-07T09:30:56+00:00","author":{"@id":"https:\/\/www.encontraminasgerais.com.br\/itajuba\/#\/schema\/person\/d26674c083ec86b440752843a690de33"},"inLanguage":"pt-BR","potentialAction":[{"@type":"ReadAction","target":["https:\/\/www.encontraminasgerais.com.br\/itajuba\/itajuba-e-extrema-receberao-novas-unidades-do-colegio-tiradentes\/"]}]},{"@type":"ImageObject","inLanguage":"pt-BR","@id":"https:\/\/www.encontraminasgerais.com.br\/itajuba\/itajuba-e-extrema-receberao-novas-unidades-do-colegio-tiradentes\/#primaryimage","url":"https:\/\/www.encontraminasgerais.com.br\/itajuba\/wp-content\/uploads\/2026\/04\/itajuba-e-extrema-receberao-novas-unidades-do-colegio-tiradentes.webp","contentUrl":"https:\/\/www.encontraminasgerais.com.br\/itajuba\/wp-content\/uploads\/2026\/04\/itajuba-e-extrema-receberao-novas-unidades-do-colegio-tiradentes.webp","width":280,"height":280,"caption":"Col\u00e9gio Tiradentes em Itajub\u00e1 e Extrema"},{"@type":"WebSite","@id":"https:\/\/www.encontraminasgerais.com.br\/itajuba\/#website","url":"https:\/\/www.encontraminasgerais.com.br\/itajuba\/","name":"Encontra Itajub\u00e1","description":"ENCONTRA ITAJUB\u00c1 - O guia comercial de neg\u00f3cios e empresas, cultura e divers\u00e3o na cidade de Itajub\u00e1. Feito 100% para voc\u00ea morador!","potentialAction":[{"@type":"SearchAction","target":{"@type":"EntryPoint","urlTemplate":"https:\/\/www.encontraminasgerais.com.br\/itajuba\/?s={search_term_string}"},"query-input":{"@type":"PropertyValueSpecification","valueRequired":true,"valueName":"search_term_string"}}],"inLanguage":"pt-BR"},{"@type":"Person","@id":"https:\/\/www.encontraminasgerais.com.br\/itajuba\/#\/schema\/person\/d26674c083ec86b440752843a690de33","name":"Encontra Itajub\u00e1","image":{"@type":"ImageObject","inLanguage":"pt-BR","@id":"https:\/\/www.encontraminasgerais.com.br\/itajuba\/#\/schema\/person\/image\/","url":"https:\/\/secure.gravatar.com\/avatar\/c50c17820bcf322f0a8fd6b110b8c0918141409dc69076470f6fca5fee70a5d4?s=96&d=mm&r=g","contentUrl":"https:\/\/secure.gravatar.com\/avatar\/c50c17820bcf322f0a8fd6b110b8c0918141409dc69076470f6fca5fee70a5d4?s=96&d=mm&r=g","caption":"Encontra Itajub\u00e1"},"url":"https:\/\/www.encontraminasgerais.com.br\/itajuba\/author\/eitajuba\/"}]}},"_links":{"self":[{"href":"https:\/\/www.encontraminasgerais.com.br\/itajuba\/wp-json\/wp\/v2\/posts\/4829","targetHints":{"allow":["GET"]}}],"collection":[{"href":"https:\/\/www.encontraminasgerais.com.br\/itajuba\/wp-json\/wp\/v2\/posts"}],"about":[{"href":"https:\/\/www.encontraminasgerais.com.br\/itajuba\/wp-json\/wp\/v2\/types\/post"}],"author":[{"embeddable":true,"href":"https:\/\/www.encontraminasgerais.com.br\/itajuba\/wp-json\/wp\/v2\/users\/1"}],"replies":[{"embeddable":true,"href":"https:\/\/www.encontraminasgerais.com.br\/itajuba\/wp-json\/wp\/v2\/comments?post=4829"}],"version-history":[{"count":0,"href":"https:\/\/www.encontraminasgerais.com.br\/itajuba\/wp-json\/wp\/v2\/posts\/4829\/revisions"}],"wp:featuredmedia":[{"embeddable":true,"href":"https:\/\/www.encontraminasgerais.com.br\/itajuba\/wp-json\/wp\/v2\/media\/4828"}],"wp:attachment":[{"href":"https:\/\/www.encontraminasgerais.com.br\/itajuba\/wp-json\/wp\/v2\/media?parent=4829"}],"wp:term":[{"taxonomy":"category","embeddable":true,"href":"https:\/\/www.encontraminasgerais.com.br\/itajuba\/wp-json\/wp\/v2\/categories?post=4829"},{"taxonomy":"post_tag","embeddable":true,"href":"https:\/\/www.encontraminasgerais.com.br\/itajuba\/wp-json\/wp\/v2\/tags?post=4829"}],"curies":[{"name":"wp","href":"https:\/\/api.w.org\/{rel}","templated":true}]}}