{"id":4841,"date":"2026-04-10T06:36:58","date_gmt":"2026-04-10T09:36:58","guid":{"rendered":"https:\/\/www.encontraminasgerais.com.br\/itajuba\/presidente-do-pt-de-piquete-sp-protocola-denuncia-contra-vice\/"},"modified":"2026-04-10T06:36:58","modified_gmt":"2026-04-10T09:36:58","slug":"presidente-do-pt-de-piquete-sp-protocola-denuncia-contra-vice","status":"publish","type":"post","link":"https:\/\/www.encontraminasgerais.com.br\/itajuba\/presidente-do-pt-de-piquete-sp-protocola-denuncia-contra-vice\/","title":{"rendered":"Presidente do PT de Piquete, SP protocola den\u00fancia contra vice"},"content":{"rendered":"<h2>Contexto da Den\u00fancia em Piquete<\/h2>\n<p>Recentemente, a pol\u00edtica local em Piquete, S\u00e3o Paulo, tomou um novo rumo ap\u00f3s a den\u00fancia protocolada pelo presidente do Diret\u00f3rio Municipal do Partido dos Trabalhadores (PT), Wilmar Antonio de Oliveira. O foco da den\u00fancia \u00e9 o vice-prefeito Christian Uchoa Pietro, acusado de improbidade administrativa. O pedido foi formalmente apresentado \u00e0 C\u00e2mara Municipal, buscando a abertura de uma comiss\u00e3o processante que possa investigar as alega\u00e7\u00f5es levantadas no documento.<\/p>\n<h2>Quem \u00e9 Wilmar Antonio de Oliveira?<\/h2>\n<p>Wilmar Antonio de Oliveira \u00e9 o representante do PT em Piquete e figura importante na pol\u00edtica local. Ele liderou a iniciativa de protocolar a den\u00fancia, demonstrando um compromisso com a fiscaliza\u00e7\u00e3o das atividades do governo municipal. Sua atua\u00e7\u00e3o no partido e a decis\u00e3o de denunciar o vice-prefeito revelam uma disposi\u00e7\u00e3o para confrontar poss\u00edveis irregularidades na administra\u00e7\u00e3o p\u00fablica, uma postura que pode ser vista como um passo significativo dentro do cen\u00e1rio pol\u00edtico da cidade.<\/p>\n<h2>Entendendo a Improbidade Administrativa<\/h2>\n<p>A improbidade administrativa \u00e9 um termo utilizado para descrever a\u00e7\u00f5es que lesam a administra\u00e7\u00e3o p\u00fablica, sendo frequentemente associada a atos que violam princ\u00edpios de moralidade e legalidade. No contexto da den\u00fancia contra Christian Uchoa Pietro, a improbidade est\u00e1 sendo analisada sob a perspectiva de um uso indevido de bens p\u00fablicos, especificamente um ve\u00edculo oficial da Prefeitura que, segundo a den\u00fancia, foi utilizado para transporte de produtos sem rela\u00e7\u00e3o com as fun\u00e7\u00f5es do cargo ocupante.<\/p>\n<p><img decoding=\"async\" src=\"https:\/\/www.encontraminasgerais.com.br\/itajuba\/wp-content\/uploads\/2026\/04\/presidente-do-pt-de-piquete-sp-protocola-denuncia-contra-vice.webp\" alt=\"den\u00fancia vice-prefeito Piquete\" loading=\"lazy\" \/><\/p>\n<h2>O papel do Minist\u00e9rio P\u00fablico<\/h2>\n<p>O Minist\u00e9rio P\u00fablico do Estado de S\u00e3o Paulo \u00e9 a entidade respons\u00e1vel por investigar e promover a\u00e7\u00f5es relacionadas \u00e0 improbidade administrativa. No caso em quest\u00e3o, ele entrou com uma A\u00e7\u00e3o Civil P\u00fablica, evidenciando que a den\u00fancia de Wilmar Antonio de Oliveira possui um respaldo legal e judicial. O Minist\u00e9rio P\u00fablico, atuando como fiscal da lei, busca garantir que os atos administrativos sejam realizados dentro da legalidade, e a a\u00e7\u00e3o ajuizada demonstra seriedade nas suspeitas que envolvem o vice-prefeito.<\/p>\n<h2>O que \u00e9 uma Comiss\u00e3o Processante?<\/h2>\n<p>A comiss\u00e3o processante \u00e9 um mecanismo previsto na legisla\u00e7\u00e3o municipal, que tem como objetivo investigar infra\u00e7\u00f5es pol\u00edtico-administrativas cometidas por ocupantes de cargos p\u00fablicos. Ao ser aceita a den\u00fancia na C\u00e2mara Municipal, essa comiss\u00e3o poder\u00e1 ser constitu\u00edda, iniciando um processo que inclui o direito \u00e0 defesa, investiga\u00e7\u00f5es e eventual vota\u00e7\u00e3o pelos vereadores. Esse procedimento \u00e9 essencial para garantir que as den\u00fancias sejam apuradas de maneira justa e igualit\u00e1ria.<\/p>\n<h2>Impacto Pol\u00edtico da Den\u00fancia<\/h2>\n<p>A den\u00fancia contra o vice-prefeito Christian Uchoa Pietro n\u00e3o apenas afeta sua imagem pessoal, mas tamb\u00e9m pode ter implica\u00e7\u00f5es significativas na pol\u00edtica local. Um poss\u00edvel processo resultante da den\u00fancia pode provocar uma instabilidade na administra\u00e7\u00e3o municipal, impactando suas atividades e decis\u00f5es cotidianas. Al\u00e9m disso, essa situa\u00e7\u00e3o pode refor\u00e7ar a vigil\u00e2ncia da oposi\u00e7\u00e3o, respondendo a um clamor p\u00fablico por maior transpar\u00eancia e responsabilidade entre os representantes do governo.<\/p>\n<h2>Poss\u00edveis Consequ\u00eancias para o Vice-Prefeito<\/h2>\n<p>Se as alega\u00e7\u00f5es forem confirmadas, as consequ\u00eancias para Christian Uchoa Pietro podem ser severas. Elas podem variar desde san\u00e7\u00f5es administrativas, como a perda do cargo, at\u00e9 implica\u00e7\u00f5es legais mais s\u00e9rias. O processo para apurar as den\u00fancias pode expor o vice-prefeito a uma s\u00e9rie de penalidades, dependendo do resultado das investiga\u00e7\u00f5es em curso e da natureza das provas coletadas.<\/p>\n<h2>Rea\u00e7\u00f5es da Popula\u00e7\u00e3o de Piquete<\/h2>\n<p>A popula\u00e7\u00e3o de Piquete, frente \u00e0s not\u00edcias sobre a den\u00fancia, reagiu de formas variadas. Enquanto alguns cidad\u00e3os expressam apoio \u00e0 iniciativa de Wilmar Antonio de Oliveira, outros manifestam preocupa\u00e7\u00e3o sobre as implica\u00e7\u00f5es que a situa\u00e7\u00e3o pode trazer para a cidade. A transpar\u00eancia e a responsabiliza\u00e7\u00e3o dos l\u00edderes p\u00fablicos s\u00e3o temas cruciais que dominam os di\u00e1logos entre os mun\u00edcipes, refletindo uma sociedade que busca participar ativamente na gest\u00e3o de seus direitos e deveres.<\/p>\n<h2>Pr\u00f3ximos Passos da Tramita\u00e7\u00e3o<\/h2>\n<p>A tramita\u00e7\u00e3o da den\u00fancia na C\u00e2mara Municipal de Piquete requer a an\u00e1lise atenta dos vereadores acerca dos requisitos formais do pedido. Em caso de aceita\u00e7\u00e3o, as etapas previstas para a forma\u00e7\u00e3o da comiss\u00e3o processante ser\u00e3o iniciadas, incluindo a convoca\u00e7\u00e3o de audi\u00eancias p\u00fablicas e a coleta de depoimentos. Esse processo demandar\u00e1 tempo e rigor, sendo fundamental para garantir que todos os aspectos da den\u00fancia sejam adequadamente investigados.<\/p>\n<h2>Expectativas para a Defesa do Vice-Prefeito<\/h2>\n<p>Em meio \u00e0s acusa\u00e7\u00f5es, Christian Uchoa Pietro tem o direito de se defender. Espera-se que sua defesa apresente argumentos s\u00f3lidos e evid\u00eancias que contestem as alega\u00e7\u00f5es de improbidade. A transpar\u00eancia nesse processo ser\u00e1 fundamental para restaurar ou comprometer sua imagem p\u00fablica, al\u00e9m de influenciar a percep\u00e7\u00e3o da popula\u00e7\u00e3o em rela\u00e7\u00e3o \u00e0 administra\u00e7\u00e3o municipal como um todo. A expectativa \u00e9 que, independentemente da situa\u00e7\u00e3o, o processo seja conduzido com a m\u00e1xima seriedade, buscando a verdade e a justi\u00e7a.<\/p>\n","protected":false},"excerpt":{"rendered":"<p>Den\u00fancia contra vice-prefeito de Piquete levanta quest\u00f5es sobre improbidade administrativa.<\/p>\n","protected":false},"author":1,"featured_media":4840,"comment_status":"open","ping_status":"open","sticky":false,"template":"","format":"standard","meta":{"footnotes":""},"categories":[5],"tags":[],"class_list":["post-4841","post","type-post","status-publish","format-standard","has-post-thumbnail","hentry","category-noticias","has_thumb"],"yoast_head":"<!-- This site is optimized with the Yoast SEO plugin v26.3 - https:\/\/yoast.com\/wordpress\/plugins\/seo\/ -->\n<title>Presidente do PT de Piquete, SP protocola den\u00fancia contra vice | Encontra Itajub\u00e1<\/title>\n<meta name=\"robots\" content=\"index, follow, max-snippet:-1, max-image-preview:large, max-video-preview:-1\" \/>\n<link rel=\"canonical\" href=\"https:\/\/www.encontraminasgerais.com.br\/itajuba\/presidente-do-pt-de-piquete-sp-protocola-denuncia-contra-vice\/\" \/>\n<meta property=\"og:locale\" content=\"pt_BR\" \/>\n<meta property=\"og:type\" content=\"article\" \/>\n<meta property=\"og:title\" content=\"Presidente do PT de Piquete, SP protocola den\u00fancia contra vice | Encontra Itajub\u00e1\" \/>\n<meta property=\"og:description\" content=\"Den\u00fancia contra vice-prefeito de Piquete levanta quest\u00f5es sobre improbidade administrativa.\" \/>\n<meta property=\"og:url\" content=\"https:\/\/www.encontraminasgerais.com.br\/itajuba\/presidente-do-pt-de-piquete-sp-protocola-denuncia-contra-vice\/\" \/>\n<meta property=\"og:site_name\" content=\"Encontra Itajub\u00e1\" \/>\n<meta property=\"article:published_time\" content=\"2026-04-10T09:36:58+00:00\" \/>\n<meta property=\"og:image\" content=\"https:\/\/www.encontraminasgerais.com.br\/itajuba\/wp-content\/uploads\/2026\/04\/presidente-do-pt-de-piquete-sp-protocola-denuncia-contra-vice.webp\" \/>\n<meta name=\"author\" content=\"Encontra Itajub\u00e1\" \/>\n<meta name=\"twitter:card\" content=\"summary_large_image\" \/>\n<meta name=\"twitter:label1\" content=\"Escrito por\" \/>\n\t<meta name=\"twitter:data1\" content=\"Encontra Itajub\u00e1\" \/>\n\t<meta name=\"twitter:label2\" content=\"Est. tempo de leitura\" \/>\n\t<meta name=\"twitter:data2\" content=\"4 minutos\" \/>\n<script type=\"application\/ld+json\" class=\"yoast-schema-graph\">{\"@context\":\"https:\/\/schema.org\",\"@graph\":[{\"@type\":\"WebPage\",\"@id\":\"https:\/\/www.encontraminasgerais.com.br\/itajuba\/presidente-do-pt-de-piquete-sp-protocola-denuncia-contra-vice\/\",\"url\":\"https:\/\/www.encontraminasgerais.com.br\/itajuba\/presidente-do-pt-de-piquete-sp-protocola-denuncia-contra-vice\/\",\"name\":\"Presidente do PT de Piquete, SP protocola den\u00fancia contra vice | Encontra Itajub\u00e1\",\"isPartOf\":{\"@id\":\"https:\/\/www.encontraminasgerais.com.br\/itajuba\/#website\"},\"primaryImageOfPage\":{\"@id\":\"https:\/\/www.encontraminasgerais.com.br\/itajuba\/presidente-do-pt-de-piquete-sp-protocola-denuncia-contra-vice\/#primaryimage\"},\"image\":{\"@id\":\"https:\/\/www.encontraminasgerais.com.br\/itajuba\/presidente-do-pt-de-piquete-sp-protocola-denuncia-contra-vice\/#primaryimage\"},\"thumbnailUrl\":\"https:\/\/www.encontraminasgerais.com.br\/itajuba\/wp-content\/uploads\/2026\/04\/presidente-do-pt-de-piquete-sp-protocola-denuncia-contra-vice.webp\",\"datePublished\":\"2026-04-10T09:36:58+00:00\",\"author\":{\"@id\":\"https:\/\/www.encontraminasgerais.com.br\/itajuba\/#\/schema\/person\/d26674c083ec86b440752843a690de33\"},\"inLanguage\":\"pt-BR\",\"potentialAction\":[{\"@type\":\"ReadAction\",\"target\":[\"https:\/\/www.encontraminasgerais.com.br\/itajuba\/presidente-do-pt-de-piquete-sp-protocola-denuncia-contra-vice\/\"]}]},{\"@type\":\"ImageObject\",\"inLanguage\":\"pt-BR\",\"@id\":\"https:\/\/www.encontraminasgerais.com.br\/itajuba\/presidente-do-pt-de-piquete-sp-protocola-denuncia-contra-vice\/#primaryimage\",\"url\":\"https:\/\/www.encontraminasgerais.com.br\/itajuba\/wp-content\/uploads\/2026\/04\/presidente-do-pt-de-piquete-sp-protocola-denuncia-contra-vice.webp\",\"contentUrl\":\"https:\/\/www.encontraminasgerais.com.br\/itajuba\/wp-content\/uploads\/2026\/04\/presidente-do-pt-de-piquete-sp-protocola-denuncia-contra-vice.webp\",\"width\":280,\"height\":280,\"caption\":\"den\u00fancia vice-prefeito Piquete\"},{\"@type\":\"WebSite\",\"@id\":\"https:\/\/www.encontraminasgerais.com.br\/itajuba\/#website\",\"url\":\"https:\/\/www.encontraminasgerais.com.br\/itajuba\/\",\"name\":\"Encontra Itajub\u00e1\",\"description\":\"ENCONTRA ITAJUB\u00c1 - O guia comercial de neg\u00f3cios e empresas, cultura e divers\u00e3o na cidade de Itajub\u00e1. Feito 100% para voc\u00ea morador!\",\"potentialAction\":[{\"@type\":\"SearchAction\",\"target\":{\"@type\":\"EntryPoint\",\"urlTemplate\":\"https:\/\/www.encontraminasgerais.com.br\/itajuba\/?s={search_term_string}\"},\"query-input\":{\"@type\":\"PropertyValueSpecification\",\"valueRequired\":true,\"valueName\":\"search_term_string\"}}],\"inLanguage\":\"pt-BR\"},{\"@type\":\"Person\",\"@id\":\"https:\/\/www.encontraminasgerais.com.br\/itajuba\/#\/schema\/person\/d26674c083ec86b440752843a690de33\",\"name\":\"Encontra Itajub\u00e1\",\"image\":{\"@type\":\"ImageObject\",\"inLanguage\":\"pt-BR\",\"@id\":\"https:\/\/www.encontraminasgerais.com.br\/itajuba\/#\/schema\/person\/image\/\",\"url\":\"https:\/\/secure.gravatar.com\/avatar\/c50c17820bcf322f0a8fd6b110b8c0918141409dc69076470f6fca5fee70a5d4?s=96&d=mm&r=g\",\"contentUrl\":\"https:\/\/secure.gravatar.com\/avatar\/c50c17820bcf322f0a8fd6b110b8c0918141409dc69076470f6fca5fee70a5d4?s=96&d=mm&r=g\",\"caption\":\"Encontra Itajub\u00e1\"},\"url\":\"https:\/\/www.encontraminasgerais.com.br\/itajuba\/author\/eitajuba\/\"}]}<\/script>\n<!-- \/ Yoast SEO plugin. -->","yoast_head_json":{"title":"Presidente do PT de Piquete, SP protocola den\u00fancia contra vice | Encontra Itajub\u00e1","robots":{"index":"index","follow":"follow","max-snippet":"max-snippet:-1","max-image-preview":"max-image-preview:large","max-video-preview":"max-video-preview:-1"},"canonical":"https:\/\/www.encontraminasgerais.com.br\/itajuba\/presidente-do-pt-de-piquete-sp-protocola-denuncia-contra-vice\/","og_locale":"pt_BR","og_type":"article","og_title":"Presidente do PT de Piquete, SP protocola den\u00fancia contra vice | Encontra Itajub\u00e1","og_description":"Den\u00fancia contra vice-prefeito de Piquete levanta quest\u00f5es sobre improbidade administrativa.","og_url":"https:\/\/www.encontraminasgerais.com.br\/itajuba\/presidente-do-pt-de-piquete-sp-protocola-denuncia-contra-vice\/","og_site_name":"Encontra Itajub\u00e1","article_published_time":"2026-04-10T09:36:58+00:00","og_image":[{"url":"https:\/\/www.encontraminasgerais.com.br\/itajuba\/wp-content\/uploads\/2026\/04\/presidente-do-pt-de-piquete-sp-protocola-denuncia-contra-vice.webp","type":"","width":"","height":""}],"author":"Encontra Itajub\u00e1","twitter_card":"summary_large_image","twitter_misc":{"Escrito por":"Encontra Itajub\u00e1","Est. tempo de leitura":"4 minutos"},"schema":{"@context":"https:\/\/schema.org","@graph":[{"@type":"WebPage","@id":"https:\/\/www.encontraminasgerais.com.br\/itajuba\/presidente-do-pt-de-piquete-sp-protocola-denuncia-contra-vice\/","url":"https:\/\/www.encontraminasgerais.com.br\/itajuba\/presidente-do-pt-de-piquete-sp-protocola-denuncia-contra-vice\/","name":"Presidente do PT de Piquete, SP protocola den\u00fancia contra vice | Encontra Itajub\u00e1","isPartOf":{"@id":"https:\/\/www.encontraminasgerais.com.br\/itajuba\/#website"},"primaryImageOfPage":{"@id":"https:\/\/www.encontraminasgerais.com.br\/itajuba\/presidente-do-pt-de-piquete-sp-protocola-denuncia-contra-vice\/#primaryimage"},"image":{"@id":"https:\/\/www.encontraminasgerais.com.br\/itajuba\/presidente-do-pt-de-piquete-sp-protocola-denuncia-contra-vice\/#primaryimage"},"thumbnailUrl":"https:\/\/www.encontraminasgerais.com.br\/itajuba\/wp-content\/uploads\/2026\/04\/presidente-do-pt-de-piquete-sp-protocola-denuncia-contra-vice.webp","datePublished":"2026-04-10T09:36:58+00:00","author":{"@id":"https:\/\/www.encontraminasgerais.com.br\/itajuba\/#\/schema\/person\/d26674c083ec86b440752843a690de33"},"inLanguage":"pt-BR","potentialAction":[{"@type":"ReadAction","target":["https:\/\/www.encontraminasgerais.com.br\/itajuba\/presidente-do-pt-de-piquete-sp-protocola-denuncia-contra-vice\/"]}]},{"@type":"ImageObject","inLanguage":"pt-BR","@id":"https:\/\/www.encontraminasgerais.com.br\/itajuba\/presidente-do-pt-de-piquete-sp-protocola-denuncia-contra-vice\/#primaryimage","url":"https:\/\/www.encontraminasgerais.com.br\/itajuba\/wp-content\/uploads\/2026\/04\/presidente-do-pt-de-piquete-sp-protocola-denuncia-contra-vice.webp","contentUrl":"https:\/\/www.encontraminasgerais.com.br\/itajuba\/wp-content\/uploads\/2026\/04\/presidente-do-pt-de-piquete-sp-protocola-denuncia-contra-vice.webp","width":280,"height":280,"caption":"den\u00fancia vice-prefeito Piquete"},{"@type":"WebSite","@id":"https:\/\/www.encontraminasgerais.com.br\/itajuba\/#website","url":"https:\/\/www.encontraminasgerais.com.br\/itajuba\/","name":"Encontra Itajub\u00e1","description":"ENCONTRA ITAJUB\u00c1 - O guia comercial de neg\u00f3cios e empresas, cultura e divers\u00e3o na cidade de Itajub\u00e1. Feito 100% para voc\u00ea morador!","potentialAction":[{"@type":"SearchAction","target":{"@type":"EntryPoint","urlTemplate":"https:\/\/www.encontraminasgerais.com.br\/itajuba\/?s={search_term_string}"},"query-input":{"@type":"PropertyValueSpecification","valueRequired":true,"valueName":"search_term_string"}}],"inLanguage":"pt-BR"},{"@type":"Person","@id":"https:\/\/www.encontraminasgerais.com.br\/itajuba\/#\/schema\/person\/d26674c083ec86b440752843a690de33","name":"Encontra Itajub\u00e1","image":{"@type":"ImageObject","inLanguage":"pt-BR","@id":"https:\/\/www.encontraminasgerais.com.br\/itajuba\/#\/schema\/person\/image\/","url":"https:\/\/secure.gravatar.com\/avatar\/c50c17820bcf322f0a8fd6b110b8c0918141409dc69076470f6fca5fee70a5d4?s=96&d=mm&r=g","contentUrl":"https:\/\/secure.gravatar.com\/avatar\/c50c17820bcf322f0a8fd6b110b8c0918141409dc69076470f6fca5fee70a5d4?s=96&d=mm&r=g","caption":"Encontra Itajub\u00e1"},"url":"https:\/\/www.encontraminasgerais.com.br\/itajuba\/author\/eitajuba\/"}]}},"_links":{"self":[{"href":"https:\/\/www.encontraminasgerais.com.br\/itajuba\/wp-json\/wp\/v2\/posts\/4841","targetHints":{"allow":["GET"]}}],"collection":[{"href":"https:\/\/www.encontraminasgerais.com.br\/itajuba\/wp-json\/wp\/v2\/posts"}],"about":[{"href":"https:\/\/www.encontraminasgerais.com.br\/itajuba\/wp-json\/wp\/v2\/types\/post"}],"author":[{"embeddable":true,"href":"https:\/\/www.encontraminasgerais.com.br\/itajuba\/wp-json\/wp\/v2\/users\/1"}],"replies":[{"embeddable":true,"href":"https:\/\/www.encontraminasgerais.com.br\/itajuba\/wp-json\/wp\/v2\/comments?post=4841"}],"version-history":[{"count":0,"href":"https:\/\/www.encontraminasgerais.com.br\/itajuba\/wp-json\/wp\/v2\/posts\/4841\/revisions"}],"wp:featuredmedia":[{"embeddable":true,"href":"https:\/\/www.encontraminasgerais.com.br\/itajuba\/wp-json\/wp\/v2\/media\/4840"}],"wp:attachment":[{"href":"https:\/\/www.encontraminasgerais.com.br\/itajuba\/wp-json\/wp\/v2\/media?parent=4841"}],"wp:term":[{"taxonomy":"category","embeddable":true,"href":"https:\/\/www.encontraminasgerais.com.br\/itajuba\/wp-json\/wp\/v2\/categories?post=4841"},{"taxonomy":"post_tag","embeddable":true,"href":"https:\/\/www.encontraminasgerais.com.br\/itajuba\/wp-json\/wp\/v2\/tags?post=4841"}],"curies":[{"name":"wp","href":"https:\/\/api.w.org\/{rel}","templated":true}]}}