{"id":4847,"date":"2026-04-11T06:29:14","date_gmt":"2026-04-11T09:29:14","guid":{"rendered":"https:\/\/www.encontraminasgerais.com.br\/itajuba\/agenda-cultural-do-sul-de-minas-tem-artistas-locais-festival-de-danca-sertanejo-raiz-e-encontro-de-motos-veja-programacao\/"},"modified":"2026-04-11T06:29:14","modified_gmt":"2026-04-11T09:29:14","slug":"agenda-cultural-do-sul-de-minas-tem-artistas-locais-festival-de-danca-sertanejo-raiz-e-encontro-de-motos-veja-programacao","status":"publish","type":"post","link":"https:\/\/www.encontraminasgerais.com.br\/itajuba\/agenda-cultural-do-sul-de-minas-tem-artistas-locais-festival-de-danca-sertanejo-raiz-e-encontro-de-motos-veja-programacao\/","title":{"rendered":"Agenda cultural do Sul de Minas tem artistas locais, festival de dan\u00e7a, sertanejo raiz e encontro de motos; veja programa\u00e7\u00e3o"},"content":{"rendered":"<h2>Artistas Locais em Destaque<\/h2>\n<p>No territ\u00f3rio do Sul de Minas, a cena art\u00edstica \u00e9 vibrante e cheia de talentos. Durante o fim de semana, diversos artistas locais ir\u00e3o se apresentar, proporcionando oportunidades para o p\u00fablico desfrutar da cultura regional. O destaque vai para Mununu, um artista que tem ganhado espa\u00e7o e admiradores com sua m\u00fasica, e que iniciar\u00e1 a temporada do projeto M\u00fasica no Quintal em Po\u00e7os de Caldas. Esse tipo de iniciativa \u00e9 fundamental para a valoriza\u00e7\u00e3o dos artistas da regi\u00e3o e a promo\u00e7\u00e3o da m\u00fasica autoral.<\/p>\n<h2>Festival Dan\u00e7a Brasil<\/h2>\n<p>O Festival Dan\u00e7a Brasil, que ocorrer\u00e1 em Pouso Alegre, promete ser um verdadeiro espet\u00e1culo para os amantes da dan\u00e7a. Este evento reunir\u00e1 estudantes e profissionais de v\u00e1rias cidades para uma s\u00e9rie de apresenta\u00e7\u00f5es que variam entre estilos como ballet, jazz e dan\u00e7as contempor\u00e2neas. Al\u00e9m das competi\u00e7\u00f5es, o festival proporcionar\u00e1 masterclasses que visam o aprimoramento e a forma\u00e7\u00e3o t\u00e9cnica dos participantes, enriquecendo ainda mais o cen\u00e1rio cultural da \u00e1rea.<\/p>\n<h2>Encontro de Motos em Itajub\u00e1<\/h2>\n<p>Para os apaixonados por motociclismo, o Motosul 2026 em Itajub\u00e1 se destaca como um evento imperd\u00edvel. Durante dois dias, os participantes poder\u00e3o desfrutar de diversas experi\u00eancias, incluindo test rides, apresenta\u00e7\u00f5es musicais e a famosa gastronomia mineira. Este encontro \u00e9 uma celebra\u00e7\u00e3o do estilo de vida motoqueiro e contribuir\u00e1 para a promo\u00e7\u00e3o da cultura biker na regi\u00e3o, reunindo aficionados em um ambiente festivo.<\/p>\n<p><img decoding=\"async\" src=\"https:\/\/www.encontraminasgerais.com.br\/itajuba\/wp-content\/uploads\/2026\/04\/agenda-cultural-do-sul-de-minas-tem-artistas-locais-festival-de-danca-sertanejo-raiz-e-encontro-de-m.webp\" alt=\"agenda cultural Sul de Minas\" loading=\"lazy\" \/><\/p>\n<h2>M\u00fasica no Quintal de Po\u00e7os de Caldas<\/h2>\n<p>O projeto M\u00fasica no Quintal, que come\u00e7ou em Po\u00e7os de Caldas, tem como objetivo destacar a m\u00fasica autoral local e criar um espa\u00e7o para a intera\u00e7\u00e3o entre artistas e o p\u00fablico. No evento, Mununu se apresentar\u00e1, trazendo suas can\u00e7\u00f5es que refletem a ess\u00eancia da cultura mineira. Com entrada gratuita e um ambiente acolhedor, o projeto tem atra\u00eddo muitas pessoas, elevando a cena musical da cidade.<\/p>\n<h2>Trio Parada Dura em Ipui\u00fana<\/h2>\n<p>Um dos grandes \u00edcones da m\u00fasica sertaneja, o Trio Parada Dura, estar\u00e1 presente no tradicional Desfile de Carreiros em Ipui\u00fana. Este evento, que celebra a cultura rural e os costumes locais, promete uma noite de muito sertanejo raiz com uma atmosfera descontra\u00edda que encanta todas as faixas et\u00e1rias. A participa\u00e7\u00e3o do trio, conhecido por suas m\u00fasicas que retratam a vida do campo, \u00e9 uma atra\u00e7\u00e3o que certamente ir\u00e1 cativar o p\u00fablico presente.<\/p>\n<h2>Desfile de Carreiros Tradicionais<\/h2>\n<p>No dia 12 de abril, o Grande Desfile de Carreiros ser\u00e1 o ponto alto das festividades em Ipui\u00fana. A programa\u00e7\u00e3o inclui o Concurso da Rainha, Princesa e Madrinha dos Carreiros e Cavaleiros, que ocorrer\u00e1 na noite anterior, e, no dia seguinte, o desfile que reunir\u00e1 bel\u00edssimas carro\u00e7as decoradas e a participa\u00e7\u00e3o de diversas comitivas. Este evento \u00e9 uma vitrine da rica tradi\u00e7\u00e3o do interior de Minas, promovendo a cultura local e a confraterniza\u00e7\u00e3o entre os participantes.<\/p>\n<h2>Gastronomia e Boa M\u00fasica<\/h2>\n<p>N\u00e3o se pode falar do Sul de Minas sem mencionar sua rica gastronomia, que ser\u00e1 um dos atrativos em diversos eventos do fim de semana. Desde pratos t\u00edpicos at\u00e9 op\u00e7\u00f5es mais contempor\u00e2neas, a culin\u00e1ria local ser\u00e1 muito bem representada no Motosul 2026 e no M\u00fasica no Quintal. Os visitantes ter\u00e3o a chance de saborear del\u00edcias da cozinha mineira, como o famoso p\u00e3o de queijo, feij\u00e3o tropeiro e doces caseiros, rodeados de boa m\u00fasica e um ambiente amig\u00e1vel.<\/p>\n<h2>Eventos Gratuitos para Todos<\/h2>\n<p>Os eventos culturais programados para este fim de semana s\u00e3o excelentes oportunidades para a comunidade se reunir e aproveitar o melhor da cultura local sem custo. Al\u00e9m do M\u00fasica no Quintal e do desfile em Ipui\u00fana, o Festival Dan\u00e7a Brasil e as atividades do Motosul tamb\u00e9m participam dessa proposta de acessibilidade cultural. A entrada franca permite que mais pessoas curtam as atra\u00e7\u00f5es, conhecendo a arte e a cultura do Sul de Minas.<\/p>\n<h2>Programa\u00e7\u00e3o Completa do Fim de Semana<\/h2>\n<p>A programa\u00e7\u00e3o cultural no Sul de Minas est\u00e1 repleta de op\u00e7\u00f5es para todos os gostos e idades. Os destaques incluem:<\/p>\n<ul>\n<li><strong>Itajub\u00e1:<\/strong> Encontro de Motociclistas, dias 11 e 12, no Parque da Cidade.<\/li>\n<li><strong>Ipui\u00fana:<\/strong> 33\u00b0 Desfile de Carreiros, com concurso de beleza no dia 11 e desfile no dia 12.<\/li>\n<li><strong>Po\u00e7os de Caldas:<\/strong> M\u00fasica no Quintal com Mununu, dia 12 a partir das 15h.<\/li>\n<li><strong>Pouso Alegre:<\/strong> Festival Dan\u00e7a Brasil nos dias 11 e 12, destacando variados estilos de dan\u00e7a.<\/li>\n<\/ul>\n<h2>Atra\u00e7\u00f5es Imperd\u00edveis em Pouso Alegre<\/h2>\n<p>No Festival Dan\u00e7a Brasil, uma s\u00e9rie de performances de dan\u00e7a vai agitar o Teatro Municipal, com apresenta\u00e7\u00f5es que exploram diversas linguagens do corpo e ritmos. As masterclasses oferecidas tamb\u00e9m permitir\u00e3o que os participantes aprimorem suas habilidades, com instrutores renomados na \u00e1rea de dan\u00e7a. Esse evento \u00e9 ideal para aqueles que buscam uma experi\u00eancia art\u00edstica rica e diversificada.<\/p>\n","protected":false},"excerpt":{"rendered":"<p>Agenda cultural do Sul de Minas traz festival de dan\u00e7a, m\u00fasica e motos.<\/p>\n","protected":false},"author":1,"featured_media":4846,"comment_status":"open","ping_status":"open","sticky":false,"template":"","format":"standard","meta":{"footnotes":""},"categories":[5],"tags":[],"class_list":["post-4847","post","type-post","status-publish","format-standard","has-post-thumbnail","hentry","category-noticias","has_thumb"],"yoast_head":"<!-- This site is optimized with the Yoast SEO plugin v26.3 - https:\/\/yoast.com\/wordpress\/plugins\/seo\/ -->\n<title>Agenda cultural do Sul de Minas tem artistas locais, festival de dan\u00e7a, sertanejo raiz e encontro de motos; veja programa\u00e7\u00e3o | Encontra Itajub\u00e1<\/title>\n<meta name=\"robots\" content=\"index, follow, max-snippet:-1, max-image-preview:large, max-video-preview:-1\" \/>\n<link rel=\"canonical\" href=\"https:\/\/www.encontraminasgerais.com.br\/itajuba\/agenda-cultural-do-sul-de-minas-tem-artistas-locais-festival-de-danca-sertanejo-raiz-e-encontro-de-motos-veja-programacao\/\" \/>\n<meta property=\"og:locale\" content=\"pt_BR\" \/>\n<meta property=\"og:type\" content=\"article\" \/>\n<meta property=\"og:title\" content=\"Agenda cultural do Sul de Minas tem artistas locais, festival de dan\u00e7a, sertanejo raiz e encontro de motos; veja programa\u00e7\u00e3o | Encontra Itajub\u00e1\" \/>\n<meta property=\"og:description\" content=\"Agenda cultural do Sul de Minas traz festival de dan\u00e7a, m\u00fasica e motos.\" \/>\n<meta property=\"og:url\" content=\"https:\/\/www.encontraminasgerais.com.br\/itajuba\/agenda-cultural-do-sul-de-minas-tem-artistas-locais-festival-de-danca-sertanejo-raiz-e-encontro-de-motos-veja-programacao\/\" \/>\n<meta property=\"og:site_name\" content=\"Encontra Itajub\u00e1\" \/>\n<meta property=\"article:published_time\" content=\"2026-04-11T09:29:14+00:00\" \/>\n<meta property=\"og:image\" content=\"https:\/\/www.encontraminasgerais.com.br\/itajuba\/wp-content\/uploads\/2026\/04\/agenda-cultural-do-sul-de-minas-tem-artistas-locais-festival-de-danca-sertanejo-raiz-e-encontro-de-m.webp\" \/>\n<meta name=\"author\" content=\"Encontra Itajub\u00e1\" \/>\n<meta name=\"twitter:card\" content=\"summary_large_image\" \/>\n<meta name=\"twitter:label1\" content=\"Escrito por\" \/>\n\t<meta name=\"twitter:data1\" content=\"Encontra Itajub\u00e1\" \/>\n\t<meta name=\"twitter:label2\" content=\"Est. tempo de leitura\" \/>\n\t<meta name=\"twitter:data2\" content=\"4 minutos\" \/>\n<script type=\"application\/ld+json\" class=\"yoast-schema-graph\">{\"@context\":\"https:\/\/schema.org\",\"@graph\":[{\"@type\":\"WebPage\",\"@id\":\"https:\/\/www.encontraminasgerais.com.br\/itajuba\/agenda-cultural-do-sul-de-minas-tem-artistas-locais-festival-de-danca-sertanejo-raiz-e-encontro-de-motos-veja-programacao\/\",\"url\":\"https:\/\/www.encontraminasgerais.com.br\/itajuba\/agenda-cultural-do-sul-de-minas-tem-artistas-locais-festival-de-danca-sertanejo-raiz-e-encontro-de-motos-veja-programacao\/\",\"name\":\"Agenda cultural do Sul de Minas tem artistas locais, festival de dan\u00e7a, sertanejo raiz e encontro de motos; veja programa\u00e7\u00e3o | Encontra Itajub\u00e1\",\"isPartOf\":{\"@id\":\"https:\/\/www.encontraminasgerais.com.br\/itajuba\/#website\"},\"primaryImageOfPage\":{\"@id\":\"https:\/\/www.encontraminasgerais.com.br\/itajuba\/agenda-cultural-do-sul-de-minas-tem-artistas-locais-festival-de-danca-sertanejo-raiz-e-encontro-de-motos-veja-programacao\/#primaryimage\"},\"image\":{\"@id\":\"https:\/\/www.encontraminasgerais.com.br\/itajuba\/agenda-cultural-do-sul-de-minas-tem-artistas-locais-festival-de-danca-sertanejo-raiz-e-encontro-de-motos-veja-programacao\/#primaryimage\"},\"thumbnailUrl\":\"https:\/\/www.encontraminasgerais.com.br\/itajuba\/wp-content\/uploads\/2026\/04\/agenda-cultural-do-sul-de-minas-tem-artistas-locais-festival-de-danca-sertanejo-raiz-e-encontro-de-m.webp\",\"datePublished\":\"2026-04-11T09:29:14+00:00\",\"author\":{\"@id\":\"https:\/\/www.encontraminasgerais.com.br\/itajuba\/#\/schema\/person\/d26674c083ec86b440752843a690de33\"},\"inLanguage\":\"pt-BR\",\"potentialAction\":[{\"@type\":\"ReadAction\",\"target\":[\"https:\/\/www.encontraminasgerais.com.br\/itajuba\/agenda-cultural-do-sul-de-minas-tem-artistas-locais-festival-de-danca-sertanejo-raiz-e-encontro-de-motos-veja-programacao\/\"]}]},{\"@type\":\"ImageObject\",\"inLanguage\":\"pt-BR\",\"@id\":\"https:\/\/www.encontraminasgerais.com.br\/itajuba\/agenda-cultural-do-sul-de-minas-tem-artistas-locais-festival-de-danca-sertanejo-raiz-e-encontro-de-motos-veja-programacao\/#primaryimage\",\"url\":\"https:\/\/www.encontraminasgerais.com.br\/itajuba\/wp-content\/uploads\/2026\/04\/agenda-cultural-do-sul-de-minas-tem-artistas-locais-festival-de-danca-sertanejo-raiz-e-encontro-de-m.webp\",\"contentUrl\":\"https:\/\/www.encontraminasgerais.com.br\/itajuba\/wp-content\/uploads\/2026\/04\/agenda-cultural-do-sul-de-minas-tem-artistas-locais-festival-de-danca-sertanejo-raiz-e-encontro-de-m.webp\",\"width\":280,\"height\":280,\"caption\":\"agenda cultural Sul de Minas\"},{\"@type\":\"WebSite\",\"@id\":\"https:\/\/www.encontraminasgerais.com.br\/itajuba\/#website\",\"url\":\"https:\/\/www.encontraminasgerais.com.br\/itajuba\/\",\"name\":\"Encontra Itajub\u00e1\",\"description\":\"ENCONTRA ITAJUB\u00c1 - O guia comercial de neg\u00f3cios e empresas, cultura e divers\u00e3o na cidade de Itajub\u00e1. Feito 100% para voc\u00ea morador!\",\"potentialAction\":[{\"@type\":\"SearchAction\",\"target\":{\"@type\":\"EntryPoint\",\"urlTemplate\":\"https:\/\/www.encontraminasgerais.com.br\/itajuba\/?s={search_term_string}\"},\"query-input\":{\"@type\":\"PropertyValueSpecification\",\"valueRequired\":true,\"valueName\":\"search_term_string\"}}],\"inLanguage\":\"pt-BR\"},{\"@type\":\"Person\",\"@id\":\"https:\/\/www.encontraminasgerais.com.br\/itajuba\/#\/schema\/person\/d26674c083ec86b440752843a690de33\",\"name\":\"Encontra Itajub\u00e1\",\"image\":{\"@type\":\"ImageObject\",\"inLanguage\":\"pt-BR\",\"@id\":\"https:\/\/www.encontraminasgerais.com.br\/itajuba\/#\/schema\/person\/image\/\",\"url\":\"https:\/\/secure.gravatar.com\/avatar\/c50c17820bcf322f0a8fd6b110b8c0918141409dc69076470f6fca5fee70a5d4?s=96&d=mm&r=g\",\"contentUrl\":\"https:\/\/secure.gravatar.com\/avatar\/c50c17820bcf322f0a8fd6b110b8c0918141409dc69076470f6fca5fee70a5d4?s=96&d=mm&r=g\",\"caption\":\"Encontra Itajub\u00e1\"},\"url\":\"https:\/\/www.encontraminasgerais.com.br\/itajuba\/author\/eitajuba\/\"}]}<\/script>\n<!-- \/ Yoast SEO plugin. -->","yoast_head_json":{"title":"Agenda cultural do Sul de Minas tem artistas locais, festival de dan\u00e7a, sertanejo raiz e encontro de motos; veja programa\u00e7\u00e3o | Encontra Itajub\u00e1","robots":{"index":"index","follow":"follow","max-snippet":"max-snippet:-1","max-image-preview":"max-image-preview:large","max-video-preview":"max-video-preview:-1"},"canonical":"https:\/\/www.encontraminasgerais.com.br\/itajuba\/agenda-cultural-do-sul-de-minas-tem-artistas-locais-festival-de-danca-sertanejo-raiz-e-encontro-de-motos-veja-programacao\/","og_locale":"pt_BR","og_type":"article","og_title":"Agenda cultural do Sul de Minas tem artistas locais, festival de dan\u00e7a, sertanejo raiz e encontro de motos; veja programa\u00e7\u00e3o | Encontra Itajub\u00e1","og_description":"Agenda cultural do Sul de Minas traz festival de dan\u00e7a, m\u00fasica e motos.","og_url":"https:\/\/www.encontraminasgerais.com.br\/itajuba\/agenda-cultural-do-sul-de-minas-tem-artistas-locais-festival-de-danca-sertanejo-raiz-e-encontro-de-motos-veja-programacao\/","og_site_name":"Encontra Itajub\u00e1","article_published_time":"2026-04-11T09:29:14+00:00","og_image":[{"url":"https:\/\/www.encontraminasgerais.com.br\/itajuba\/wp-content\/uploads\/2026\/04\/agenda-cultural-do-sul-de-minas-tem-artistas-locais-festival-de-danca-sertanejo-raiz-e-encontro-de-m.webp","type":"","width":"","height":""}],"author":"Encontra Itajub\u00e1","twitter_card":"summary_large_image","twitter_misc":{"Escrito por":"Encontra Itajub\u00e1","Est. tempo de leitura":"4 minutos"},"schema":{"@context":"https:\/\/schema.org","@graph":[{"@type":"WebPage","@id":"https:\/\/www.encontraminasgerais.com.br\/itajuba\/agenda-cultural-do-sul-de-minas-tem-artistas-locais-festival-de-danca-sertanejo-raiz-e-encontro-de-motos-veja-programacao\/","url":"https:\/\/www.encontraminasgerais.com.br\/itajuba\/agenda-cultural-do-sul-de-minas-tem-artistas-locais-festival-de-danca-sertanejo-raiz-e-encontro-de-motos-veja-programacao\/","name":"Agenda cultural do Sul de Minas tem artistas locais, festival de dan\u00e7a, sertanejo raiz e encontro de motos; veja programa\u00e7\u00e3o | Encontra Itajub\u00e1","isPartOf":{"@id":"https:\/\/www.encontraminasgerais.com.br\/itajuba\/#website"},"primaryImageOfPage":{"@id":"https:\/\/www.encontraminasgerais.com.br\/itajuba\/agenda-cultural-do-sul-de-minas-tem-artistas-locais-festival-de-danca-sertanejo-raiz-e-encontro-de-motos-veja-programacao\/#primaryimage"},"image":{"@id":"https:\/\/www.encontraminasgerais.com.br\/itajuba\/agenda-cultural-do-sul-de-minas-tem-artistas-locais-festival-de-danca-sertanejo-raiz-e-encontro-de-motos-veja-programacao\/#primaryimage"},"thumbnailUrl":"https:\/\/www.encontraminasgerais.com.br\/itajuba\/wp-content\/uploads\/2026\/04\/agenda-cultural-do-sul-de-minas-tem-artistas-locais-festival-de-danca-sertanejo-raiz-e-encontro-de-m.webp","datePublished":"2026-04-11T09:29:14+00:00","author":{"@id":"https:\/\/www.encontraminasgerais.com.br\/itajuba\/#\/schema\/person\/d26674c083ec86b440752843a690de33"},"inLanguage":"pt-BR","potentialAction":[{"@type":"ReadAction","target":["https:\/\/www.encontraminasgerais.com.br\/itajuba\/agenda-cultural-do-sul-de-minas-tem-artistas-locais-festival-de-danca-sertanejo-raiz-e-encontro-de-motos-veja-programacao\/"]}]},{"@type":"ImageObject","inLanguage":"pt-BR","@id":"https:\/\/www.encontraminasgerais.com.br\/itajuba\/agenda-cultural-do-sul-de-minas-tem-artistas-locais-festival-de-danca-sertanejo-raiz-e-encontro-de-motos-veja-programacao\/#primaryimage","url":"https:\/\/www.encontraminasgerais.com.br\/itajuba\/wp-content\/uploads\/2026\/04\/agenda-cultural-do-sul-de-minas-tem-artistas-locais-festival-de-danca-sertanejo-raiz-e-encontro-de-m.webp","contentUrl":"https:\/\/www.encontraminasgerais.com.br\/itajuba\/wp-content\/uploads\/2026\/04\/agenda-cultural-do-sul-de-minas-tem-artistas-locais-festival-de-danca-sertanejo-raiz-e-encontro-de-m.webp","width":280,"height":280,"caption":"agenda cultural Sul de Minas"},{"@type":"WebSite","@id":"https:\/\/www.encontraminasgerais.com.br\/itajuba\/#website","url":"https:\/\/www.encontraminasgerais.com.br\/itajuba\/","name":"Encontra Itajub\u00e1","description":"ENCONTRA ITAJUB\u00c1 - O guia comercial de neg\u00f3cios e empresas, cultura e divers\u00e3o na cidade de Itajub\u00e1. Feito 100% para voc\u00ea morador!","potentialAction":[{"@type":"SearchAction","target":{"@type":"EntryPoint","urlTemplate":"https:\/\/www.encontraminasgerais.com.br\/itajuba\/?s={search_term_string}"},"query-input":{"@type":"PropertyValueSpecification","valueRequired":true,"valueName":"search_term_string"}}],"inLanguage":"pt-BR"},{"@type":"Person","@id":"https:\/\/www.encontraminasgerais.com.br\/itajuba\/#\/schema\/person\/d26674c083ec86b440752843a690de33","name":"Encontra Itajub\u00e1","image":{"@type":"ImageObject","inLanguage":"pt-BR","@id":"https:\/\/www.encontraminasgerais.com.br\/itajuba\/#\/schema\/person\/image\/","url":"https:\/\/secure.gravatar.com\/avatar\/c50c17820bcf322f0a8fd6b110b8c0918141409dc69076470f6fca5fee70a5d4?s=96&d=mm&r=g","contentUrl":"https:\/\/secure.gravatar.com\/avatar\/c50c17820bcf322f0a8fd6b110b8c0918141409dc69076470f6fca5fee70a5d4?s=96&d=mm&r=g","caption":"Encontra Itajub\u00e1"},"url":"https:\/\/www.encontraminasgerais.com.br\/itajuba\/author\/eitajuba\/"}]}},"_links":{"self":[{"href":"https:\/\/www.encontraminasgerais.com.br\/itajuba\/wp-json\/wp\/v2\/posts\/4847","targetHints":{"allow":["GET"]}}],"collection":[{"href":"https:\/\/www.encontraminasgerais.com.br\/itajuba\/wp-json\/wp\/v2\/posts"}],"about":[{"href":"https:\/\/www.encontraminasgerais.com.br\/itajuba\/wp-json\/wp\/v2\/types\/post"}],"author":[{"embeddable":true,"href":"https:\/\/www.encontraminasgerais.com.br\/itajuba\/wp-json\/wp\/v2\/users\/1"}],"replies":[{"embeddable":true,"href":"https:\/\/www.encontraminasgerais.com.br\/itajuba\/wp-json\/wp\/v2\/comments?post=4847"}],"version-history":[{"count":0,"href":"https:\/\/www.encontraminasgerais.com.br\/itajuba\/wp-json\/wp\/v2\/posts\/4847\/revisions"}],"wp:featuredmedia":[{"embeddable":true,"href":"https:\/\/www.encontraminasgerais.com.br\/itajuba\/wp-json\/wp\/v2\/media\/4846"}],"wp:attachment":[{"href":"https:\/\/www.encontraminasgerais.com.br\/itajuba\/wp-json\/wp\/v2\/media?parent=4847"}],"wp:term":[{"taxonomy":"category","embeddable":true,"href":"https:\/\/www.encontraminasgerais.com.br\/itajuba\/wp-json\/wp\/v2\/categories?post=4847"},{"taxonomy":"post_tag","embeddable":true,"href":"https:\/\/www.encontraminasgerais.com.br\/itajuba\/wp-json\/wp\/v2\/tags?post=4847"}],"curies":[{"name":"wp","href":"https:\/\/api.w.org\/{rel}","templated":true}]}}