{"id":4853,"date":"2026-04-13T06:35:54","date_gmt":"2026-04-13T09:35:54","guid":{"rendered":"https:\/\/www.encontraminasgerais.com.br\/itajuba\/pouso-alegre-recebe-governador-que-anuncia-novos-colegios-tiradentes-para-o-sul-de-minas\/"},"modified":"2026-04-13T06:35:54","modified_gmt":"2026-04-13T09:35:54","slug":"pouso-alegre-recebe-governador-que-anuncia-novos-colegios-tiradentes-para-o-sul-de-minas","status":"publish","type":"post","link":"https:\/\/www.encontraminasgerais.com.br\/itajuba\/pouso-alegre-recebe-governador-que-anuncia-novos-colegios-tiradentes-para-o-sul-de-minas\/","title":{"rendered":"Pouso Alegre recebe governador que anuncia novos Col\u00e9gios Tiradentes para o Sul de Minas"},"content":{"rendered":"<h2>Pouso Alegre se Torna a Capital Simb\u00f3lica<\/h2>\n<p>No dia 6 de abril de 2026, Pouso Alegre foi reconhecida como a capital simb\u00f3lica de Minas Gerais. Este evento ocorreu em uma cerim\u00f4nia realizada no Teatro Municipal, com a transfer\u00eancia tempor\u00e1ria da sede do governo estadual, que se estender\u00e1 at\u00e9 o dia 7 de abril. A decis\u00e3o foi formalizada pelo governador Mateus Sim\u00f5es, que esteve na cidade junto ao prefeito Coronel Dimas e a representantes da Assembleia Legislativa.<\/p>\n<h2>An\u00fancio de Novos Col\u00e9gios Tiradentes<\/h2>\n<p>Durante o evento, o governador anunciou a cria\u00e7\u00e3o de duas novas unidades do Col\u00e9gio Tiradentes da Pol\u00edcia Militar, a serem instaladas nas cidades de Itajub\u00e1 e Extrema. Essa iniciativa \u00e9 fruto de uma colabora\u00e7\u00e3o entre a Secretaria de Estado de Educa\u00e7\u00e3o e a Pol\u00edcia Militar de Minas Gerais. O objetivo \u00e9 expandir a rede de ensino militar na regi\u00e3o, garantindo um ambiente educacional que reflita a qualidade e rigor das institui\u00e7\u00f5es de seguran\u00e7a p\u00fablica.<\/p>\n<h2>Import\u00e2ncia da Educa\u00e7\u00e3o no Sul de Minas<\/h2>\n<p>A educa\u00e7\u00e3o \u00e9 um pilar fundamental para o desenvolvimento das comunidades, e a expans\u00e3o dos Col\u00e9gios Tiradentes visa n\u00e3o apenas aprimorar a qualidade do ensino, mas tamb\u00e9m oferecer um apoio significativo \u00e0s fam\u00edlias de policiais militares. A inser\u00e7\u00e3o dessas unidades educacionais \u00e9 vista como uma estrat\u00e9gia para fortalecer o sistema educacional da regi\u00e3o, promovendo um ensino que combina disciplina e prepara\u00e7\u00e3o para a vida civil.<\/p>\n<h2>Governador Mateus Sim\u00f5es e sua Visita<\/h2>\n<p>No discurso, o governador ressaltou a import\u00e2ncia de Pouso Alegre como um centro estrat\u00e9gico para o desenvolvimento regional. Ele mencionou que a fun\u00e7\u00e3o tempor\u00e1ria da cidade como capital \u00e9 um reconhecimento dos desafios e das necessidades locais, aproximando a administra\u00e7\u00e3o p\u00fablica dos cidad\u00e3os. O evento tamb\u00e9m serviu como uma plataforma para ouvir demandas e sugest\u00f5es da comunidade e autoridades locais.<\/p>\n<h2>A\u00e7\u00f5es do Governo Presente<\/h2>\n<p>O programa &#8220;Governo Presente&#8221; foi criado para tornar a administra\u00e7\u00e3o estadual mais acess\u00edvel, levando servi\u00e7os e a\u00e7\u00f5es diretamente para as comunidades. A proposta \u00e9 que a sede do governo se desloque temporariamente para diferentes cidades de Minas, onde as necessidades locais podem ser discutidas e, na medida do poss\u00edvel, atendidas pelo governo. Essa a\u00e7\u00e3o aproxima a popula\u00e7\u00e3o dos gestores estaduais, favorecendo a resolu\u00e7\u00e3o de problemas regionais.<\/p>\n<h2>Fortalecimento do Ensino na Regi\u00e3o<\/h2>\n<p>O governador enfatizou que a cria\u00e7\u00e3o das novas unidades do Col\u00e9gio Tiradentes ajudar\u00e1 a elevar o padr\u00e3o educacional da regi\u00e3o Sul de Minas. Al\u00e9m de proporcionar um ensino de alta qualidade, as escolas tamb\u00e9m atuar\u00e3o como um suporte para os filhos de policiais, oferecendo um ambiente educacional disciplinado que complementa a forma\u00e7\u00e3o de jovens cidad\u00e3os respons\u00e1veis.<\/p>\n<h2>Pouso Alegre como Centro de Desenvolvimento<\/h2>\n<p>O prefeito Coronel Dimas abordou a relev\u00e2ncia hist\u00f3rica de Pouso Alegre, ressaltando seu papel como hub no setor de sa\u00fade e outros servi\u00e7os essenciais para cidades vizinhas, como Bom Repouso, Ouro Fino e Camanducaia. Ele afirmou que a cidade tem sido um centro vital que proporciona assist\u00eancia a v\u00e1rias localidades, refor\u00e7ando a interliga\u00e7\u00e3o entre os munic\u00edpios e a import\u00e2ncia de colaborar na resolu\u00e7\u00e3o de quest\u00f5es comuns.<\/p>\n<h2>Servi\u00e7os Dispon\u00edveis Durante a Transfer\u00eancia<\/h2>\n<p>Como parte das atividades programadas para a transfer\u00eancia da capital, a Pra\u00e7a de Esportes Prefeito Alvarim Vieira Rios ser\u00e1 palco de um conjunto de servi\u00e7os disponibilizados \u00e0s comunidades nos dias 7 e 8 de abril. Entre os servi\u00e7os oferecidos, destacam-se:<\/p>\n<ul>\n<li><strong>Emiss\u00e3o da Carteira de Identidade Nacional:<\/strong> Facilita\u00e7\u00e3o no acesso a documentos essenciais.<\/li>\n<li><strong>Atendimentos do Detran:<\/strong> Servi\u00e7os de habilita\u00e7\u00e3o e registro de ve\u00edculos, entre outros.<\/li>\n<li><strong>Vacina\u00e7\u00e3o:<\/strong> Campanhas de imuniza\u00e7\u00e3o para a popula\u00e7\u00e3o.<\/li>\n<li><strong>Aferi\u00e7\u00e3o de Press\u00e3o e Glicemia:<\/strong> Servi\u00e7os de sa\u00fade preventiva.<\/li>\n<li><strong>Intermedia\u00e7\u00e3o de Empregos:<\/strong> Apoio ao trabalhador por meio do Sine.<\/li>\n<li><strong>Apoio ao Produtor Rural:<\/strong> Assessoramento atrav\u00e9s da Emater.<\/li>\n<li><strong>Negocia\u00e7\u00e3o de D\u00e9bitos:<\/strong> Facilita\u00e7\u00e3o na negocia\u00e7\u00e3o de d\u00edvidas com empresas p\u00fablicas.<\/li>\n<\/ul>\n<p>Esses servi\u00e7os ser\u00e3o disponibilizados das 9h \u00e0s 16h, com uma equipe dedicada do governo para atender \u00e0s demandas da popula\u00e7\u00e3o local.<\/p>\n<h2>Hist\u00f3ria e Significado Cultural<\/h2>\n<p>O prefeito Dimas tamb\u00e9m fez um link hist\u00f3rico com a transfer\u00eancia simb\u00f3lica da capital, lembrando o legado da Inconfid\u00eancia Mineira e figuras como Tiradentes, que foram fundamentais para a hist\u00f3ria do Estado. Este momento n\u00e3o \u00e9 apenas uma formalidade, mas sim uma forma de reafirmar a identidade de Minas e fortalecer os v\u00ednculos culturais dentro da sociedade.<\/p>\n<h2>Expectativas para o Futuro da Educa\u00e7\u00e3o<\/h2>\n<p>Com o surgimento dessas novas institui\u00e7\u00f5es, a expectativa \u00e9 que a qualidade da educa\u00e7\u00e3o no Sul de Minas se eleve ainda mais, preparando jovens para futuros desafiadores com uma base s\u00f3lida. O comprometimento do governo em investir em educa\u00e7\u00e3o \u00e9 um passo claro para um futuro mais seguro e promissor.<br \/>\nO crescimento do n\u00famero de Col\u00e9gios Tiradentes representa um investimento n\u00e3o apenas em infraestrutura, mas na forma\u00e7\u00e3o de cidad\u00e3os conscientes e preparados para enfrentar os desafios da sociedade contempor\u00e2nea.<\/p>\n","protected":false},"excerpt":{"rendered":"<p>Pouso Alegre ser\u00e1 sede de novos Col\u00e9gios Tiradentes na regi\u00e3o.<\/p>\n","protected":false},"author":1,"featured_media":0,"comment_status":"open","ping_status":"open","sticky":false,"template":"","format":"standard","meta":{"footnotes":""},"categories":[5],"tags":[],"class_list":["post-4853","post","type-post","status-publish","format-standard","hentry","category-noticias"],"yoast_head":"<!-- This site is optimized with the Yoast SEO plugin v26.3 - https:\/\/yoast.com\/wordpress\/plugins\/seo\/ -->\n<title>Pouso Alegre recebe governador que anuncia novos Col\u00e9gios Tiradentes para o Sul de Minas | Encontra Itajub\u00e1<\/title>\n<meta name=\"robots\" content=\"index, follow, max-snippet:-1, max-image-preview:large, max-video-preview:-1\" \/>\n<link rel=\"canonical\" href=\"https:\/\/www.encontraminasgerais.com.br\/itajuba\/pouso-alegre-recebe-governador-que-anuncia-novos-colegios-tiradentes-para-o-sul-de-minas\/\" \/>\n<meta property=\"og:locale\" content=\"pt_BR\" \/>\n<meta property=\"og:type\" content=\"article\" \/>\n<meta property=\"og:title\" content=\"Pouso Alegre recebe governador que anuncia novos Col\u00e9gios Tiradentes para o Sul de Minas | Encontra Itajub\u00e1\" \/>\n<meta property=\"og:description\" content=\"Pouso Alegre ser\u00e1 sede de novos Col\u00e9gios Tiradentes na regi\u00e3o.\" \/>\n<meta property=\"og:url\" content=\"https:\/\/www.encontraminasgerais.com.br\/itajuba\/pouso-alegre-recebe-governador-que-anuncia-novos-colegios-tiradentes-para-o-sul-de-minas\/\" \/>\n<meta property=\"og:site_name\" content=\"Encontra Itajub\u00e1\" \/>\n<meta property=\"article:published_time\" content=\"2026-04-13T09:35:54+00:00\" \/>\n<meta name=\"author\" content=\"Encontra Itajub\u00e1\" \/>\n<meta name=\"twitter:card\" content=\"summary_large_image\" \/>\n<meta name=\"twitter:label1\" content=\"Escrito por\" \/>\n\t<meta name=\"twitter:data1\" content=\"Encontra Itajub\u00e1\" \/>\n\t<meta name=\"twitter:label2\" content=\"Est. tempo de leitura\" \/>\n\t<meta name=\"twitter:data2\" content=\"4 minutos\" \/>\n<script type=\"application\/ld+json\" class=\"yoast-schema-graph\">{\"@context\":\"https:\/\/schema.org\",\"@graph\":[{\"@type\":\"WebPage\",\"@id\":\"https:\/\/www.encontraminasgerais.com.br\/itajuba\/pouso-alegre-recebe-governador-que-anuncia-novos-colegios-tiradentes-para-o-sul-de-minas\/\",\"url\":\"https:\/\/www.encontraminasgerais.com.br\/itajuba\/pouso-alegre-recebe-governador-que-anuncia-novos-colegios-tiradentes-para-o-sul-de-minas\/\",\"name\":\"Pouso Alegre recebe governador que anuncia novos Col\u00e9gios Tiradentes para o Sul de Minas | Encontra Itajub\u00e1\",\"isPartOf\":{\"@id\":\"https:\/\/www.encontraminasgerais.com.br\/itajuba\/#website\"},\"datePublished\":\"2026-04-13T09:35:54+00:00\",\"author\":{\"@id\":\"https:\/\/www.encontraminasgerais.com.br\/itajuba\/#\/schema\/person\/d26674c083ec86b440752843a690de33\"},\"inLanguage\":\"pt-BR\",\"potentialAction\":[{\"@type\":\"ReadAction\",\"target\":[\"https:\/\/www.encontraminasgerais.com.br\/itajuba\/pouso-alegre-recebe-governador-que-anuncia-novos-colegios-tiradentes-para-o-sul-de-minas\/\"]}]},{\"@type\":\"WebSite\",\"@id\":\"https:\/\/www.encontraminasgerais.com.br\/itajuba\/#website\",\"url\":\"https:\/\/www.encontraminasgerais.com.br\/itajuba\/\",\"name\":\"Encontra Itajub\u00e1\",\"description\":\"ENCONTRA ITAJUB\u00c1 - O guia comercial de neg\u00f3cios e empresas, cultura e divers\u00e3o na cidade de Itajub\u00e1. Feito 100% para voc\u00ea morador!\",\"potentialAction\":[{\"@type\":\"SearchAction\",\"target\":{\"@type\":\"EntryPoint\",\"urlTemplate\":\"https:\/\/www.encontraminasgerais.com.br\/itajuba\/?s={search_term_string}\"},\"query-input\":{\"@type\":\"PropertyValueSpecification\",\"valueRequired\":true,\"valueName\":\"search_term_string\"}}],\"inLanguage\":\"pt-BR\"},{\"@type\":\"Person\",\"@id\":\"https:\/\/www.encontraminasgerais.com.br\/itajuba\/#\/schema\/person\/d26674c083ec86b440752843a690de33\",\"name\":\"Encontra Itajub\u00e1\",\"image\":{\"@type\":\"ImageObject\",\"inLanguage\":\"pt-BR\",\"@id\":\"https:\/\/www.encontraminasgerais.com.br\/itajuba\/#\/schema\/person\/image\/\",\"url\":\"https:\/\/secure.gravatar.com\/avatar\/c50c17820bcf322f0a8fd6b110b8c0918141409dc69076470f6fca5fee70a5d4?s=96&d=mm&r=g\",\"contentUrl\":\"https:\/\/secure.gravatar.com\/avatar\/c50c17820bcf322f0a8fd6b110b8c0918141409dc69076470f6fca5fee70a5d4?s=96&d=mm&r=g\",\"caption\":\"Encontra Itajub\u00e1\"},\"url\":\"https:\/\/www.encontraminasgerais.com.br\/itajuba\/author\/eitajuba\/\"}]}<\/script>\n<!-- \/ Yoast SEO plugin. -->","yoast_head_json":{"title":"Pouso Alegre recebe governador que anuncia novos Col\u00e9gios Tiradentes para o Sul de Minas | Encontra Itajub\u00e1","robots":{"index":"index","follow":"follow","max-snippet":"max-snippet:-1","max-image-preview":"max-image-preview:large","max-video-preview":"max-video-preview:-1"},"canonical":"https:\/\/www.encontraminasgerais.com.br\/itajuba\/pouso-alegre-recebe-governador-que-anuncia-novos-colegios-tiradentes-para-o-sul-de-minas\/","og_locale":"pt_BR","og_type":"article","og_title":"Pouso Alegre recebe governador que anuncia novos Col\u00e9gios Tiradentes para o Sul de Minas | Encontra Itajub\u00e1","og_description":"Pouso Alegre ser\u00e1 sede de novos Col\u00e9gios Tiradentes na regi\u00e3o.","og_url":"https:\/\/www.encontraminasgerais.com.br\/itajuba\/pouso-alegre-recebe-governador-que-anuncia-novos-colegios-tiradentes-para-o-sul-de-minas\/","og_site_name":"Encontra Itajub\u00e1","article_published_time":"2026-04-13T09:35:54+00:00","author":"Encontra Itajub\u00e1","twitter_card":"summary_large_image","twitter_misc":{"Escrito por":"Encontra Itajub\u00e1","Est. tempo de leitura":"4 minutos"},"schema":{"@context":"https:\/\/schema.org","@graph":[{"@type":"WebPage","@id":"https:\/\/www.encontraminasgerais.com.br\/itajuba\/pouso-alegre-recebe-governador-que-anuncia-novos-colegios-tiradentes-para-o-sul-de-minas\/","url":"https:\/\/www.encontraminasgerais.com.br\/itajuba\/pouso-alegre-recebe-governador-que-anuncia-novos-colegios-tiradentes-para-o-sul-de-minas\/","name":"Pouso Alegre recebe governador que anuncia novos Col\u00e9gios Tiradentes para o Sul de Minas | Encontra Itajub\u00e1","isPartOf":{"@id":"https:\/\/www.encontraminasgerais.com.br\/itajuba\/#website"},"datePublished":"2026-04-13T09:35:54+00:00","author":{"@id":"https:\/\/www.encontraminasgerais.com.br\/itajuba\/#\/schema\/person\/d26674c083ec86b440752843a690de33"},"inLanguage":"pt-BR","potentialAction":[{"@type":"ReadAction","target":["https:\/\/www.encontraminasgerais.com.br\/itajuba\/pouso-alegre-recebe-governador-que-anuncia-novos-colegios-tiradentes-para-o-sul-de-minas\/"]}]},{"@type":"WebSite","@id":"https:\/\/www.encontraminasgerais.com.br\/itajuba\/#website","url":"https:\/\/www.encontraminasgerais.com.br\/itajuba\/","name":"Encontra Itajub\u00e1","description":"ENCONTRA ITAJUB\u00c1 - O guia comercial de neg\u00f3cios e empresas, cultura e divers\u00e3o na cidade de Itajub\u00e1. Feito 100% para voc\u00ea morador!","potentialAction":[{"@type":"SearchAction","target":{"@type":"EntryPoint","urlTemplate":"https:\/\/www.encontraminasgerais.com.br\/itajuba\/?s={search_term_string}"},"query-input":{"@type":"PropertyValueSpecification","valueRequired":true,"valueName":"search_term_string"}}],"inLanguage":"pt-BR"},{"@type":"Person","@id":"https:\/\/www.encontraminasgerais.com.br\/itajuba\/#\/schema\/person\/d26674c083ec86b440752843a690de33","name":"Encontra Itajub\u00e1","image":{"@type":"ImageObject","inLanguage":"pt-BR","@id":"https:\/\/www.encontraminasgerais.com.br\/itajuba\/#\/schema\/person\/image\/","url":"https:\/\/secure.gravatar.com\/avatar\/c50c17820bcf322f0a8fd6b110b8c0918141409dc69076470f6fca5fee70a5d4?s=96&d=mm&r=g","contentUrl":"https:\/\/secure.gravatar.com\/avatar\/c50c17820bcf322f0a8fd6b110b8c0918141409dc69076470f6fca5fee70a5d4?s=96&d=mm&r=g","caption":"Encontra Itajub\u00e1"},"url":"https:\/\/www.encontraminasgerais.com.br\/itajuba\/author\/eitajuba\/"}]}},"_links":{"self":[{"href":"https:\/\/www.encontraminasgerais.com.br\/itajuba\/wp-json\/wp\/v2\/posts\/4853","targetHints":{"allow":["GET"]}}],"collection":[{"href":"https:\/\/www.encontraminasgerais.com.br\/itajuba\/wp-json\/wp\/v2\/posts"}],"about":[{"href":"https:\/\/www.encontraminasgerais.com.br\/itajuba\/wp-json\/wp\/v2\/types\/post"}],"author":[{"embeddable":true,"href":"https:\/\/www.encontraminasgerais.com.br\/itajuba\/wp-json\/wp\/v2\/users\/1"}],"replies":[{"embeddable":true,"href":"https:\/\/www.encontraminasgerais.com.br\/itajuba\/wp-json\/wp\/v2\/comments?post=4853"}],"version-history":[{"count":0,"href":"https:\/\/www.encontraminasgerais.com.br\/itajuba\/wp-json\/wp\/v2\/posts\/4853\/revisions"}],"wp:attachment":[{"href":"https:\/\/www.encontraminasgerais.com.br\/itajuba\/wp-json\/wp\/v2\/media?parent=4853"}],"wp:term":[{"taxonomy":"category","embeddable":true,"href":"https:\/\/www.encontraminasgerais.com.br\/itajuba\/wp-json\/wp\/v2\/categories?post=4853"},{"taxonomy":"post_tag","embeddable":true,"href":"https:\/\/www.encontraminasgerais.com.br\/itajuba\/wp-json\/wp\/v2\/tags?post=4853"}],"curies":[{"name":"wp","href":"https:\/\/api.w.org\/{rel}","templated":true}]}}