{"id":4856,"date":"2026-04-14T06:34:58","date_gmt":"2026-04-14T09:34:58","guid":{"rendered":"https:\/\/www.encontraminasgerais.com.br\/itajuba\/escolha-de-reitores-e-politica-de-estado-em-favor-da-autonomia-universitaria\/"},"modified":"2026-04-14T06:34:58","modified_gmt":"2026-04-14T09:34:58","slug":"escolha-de-reitores-e-politica-de-estado-em-favor-da-autonomia-universitaria","status":"publish","type":"post","link":"https:\/\/www.encontraminasgerais.com.br\/itajuba\/escolha-de-reitores-e-politica-de-estado-em-favor-da-autonomia-universitaria\/","title":{"rendered":"Escolha de reitores \u00e9 pol\u00edtica de Estado em favor da autonomia universit\u00e1ria"},"content":{"rendered":"<h2>A Revolu\u00e7\u00e3o na Escolha de Reitores<\/h2>\n<p>Recentemente, o Senado brasileiro aprovou um projeto de lei que aboliu a exig\u00eancia da apresenta\u00e7\u00e3o de uma lista tr\u00edplice para a nomea\u00e7\u00e3o de reitores nas institui\u00e7\u00f5es de ensino superior federais. Essa modifica\u00e7\u00e3o n\u00e3o se trata apenas de uma mudan\u00e7a administrativa; \u00e9 uma reafirma\u00e7\u00e3o da autonomia das universidades, uma componente essencial para o avan\u00e7o do conhecimento, da ci\u00eancia e da inova\u00e7\u00e3o no pa\u00eds.<\/p>\n<h2>Impactos da Autonomia Universit\u00e1ria<\/h2>\n<p>A autonomia das institui\u00e7\u00f5es educacionais \u00e9 fundamental para que estas possam operar como espa\u00e7os de reflex\u00e3o cr\u00edtica e de produ\u00e7\u00e3o cient\u00edfica. Para que as universidades mantenham sua fun\u00e7\u00e3o, elas devem ser estruturas robustas, independentes e aptas a resistir a mudan\u00e7as de governo. A liberdade acad\u00eamica, que est\u00e1 diretamente relacionada com a capacidade de questionar e explorar novas ideias, \u00e9 vital. Essa liberdade \u00e9 garantida, em larga medida, pela confian\u00e7a que a comunidade acad\u00eamica deposita em seus l\u00edderes.<\/p>\n<h2>Liberdade Acad\u00eamica e Inova\u00e7\u00e3o<\/h2>\n<p>A liberdade acad\u00eamica n\u00e3o \u00e9 um mero detalhe administrativo; ela se conecta \u00e0 ess\u00eancia da pr\u00f3pria academia. Sem a liberdade para pesquisar e debater, n\u00e3o h\u00e1 como desenvolver solu\u00e7\u00f5es inovadoras que atendam \u00e0s necessidades da sociedade. As universidades precisam de l\u00edderes que inspirem confian\u00e7a, e a escolha desses l\u00edderes deve ser feita pelas pr\u00f3prias comunidades acad\u00eamicas, o que \u00e9 um pr\u00e9-requisito para a efic\u00e1cia institucional.<\/p>\n<h2>A Necessidade de Mudan\u00e7a<\/h2>\n<p>No contexto brasileiro, a autonomia universit\u00e1ria se faz ainda mais necess\u00e1ria, uma vez que n\u00e3o temos um projeto de Estado bem definido para a educa\u00e7\u00e3o superior, ao contr\u00e1rio de outras na\u00e7\u00f5es. Nossas universidades est\u00e3o constantemente sujeitas a interven\u00e7\u00f5es pol\u00edticas, que mudam a cada novo governo. Historicamente, essa vulnerabilidade j\u00e1 levou a situa\u00e7\u00f5es problem\u00e1ticas, como a perda da liberdade acad\u00eamica durante per\u00edodos de autoritarismo, quando muitos acad\u00eamicos foram afastados por suas ideias.<\/p>\n<h2>O Fim da Depend\u00eancia Governamental<\/h2>\n<p>Com a nova legisla\u00e7\u00e3o, a ant\u00edtese dessa depend\u00eancia \u00e9 agora mais evidente. O hist\u00f3rico de interfer\u00eancias governamentais na sele\u00e7\u00e3o de dirigentes acad\u00eamicos era uma tentativa de minar a autonomia, mas a mudan\u00e7a recentemente aprovada marca um passo significativo na dire\u00e7\u00e3o correta. A universidade n\u00e3o deve se submeter \u00e0 vontade pol\u00edtica, mas sim ter o direito de auto-organiza\u00e7\u00e3o e auto-administra\u00e7\u00e3o.<\/p>\n<h2>Como a Autonomia Fortalece as Universidades<\/h2>\n<p>A autonomia n\u00e3o representa um privil\u00e9gio exclusivo das institui\u00e7\u00f5es de ensino, mas sim um investimento estrat\u00e9gico em toda a sociedade brasileira. Universidades p\u00fablicas t\u00eam gerado inova\u00e7\u00f5es que beneficiam diretamente diversos setores. Por exemplo, pesquisas realizadas nas universidades t\u00eam contribu\u00eddo para o avan\u00e7o em \u00e1reas como a agricultura e a sa\u00fade p\u00fablica.<\/p>\n<h2>A Import\u00e2ncia da Confian\u00e7a na Lideran\u00e7a<\/h2>\n<p>A confian\u00e7a na lideran\u00e7a est\u00e1 intrinsecamente ligada \u00e0 capacidade das universidades de prosperar. Quando a comunidade acad\u00eamica e os estudantes t\u00eam a percep\u00e7\u00e3o de que os l\u00edderes eleitos s\u00e3o representantes confi\u00e1veis e capacitados, a imers\u00e3o em projetos de pesquisa e o comprometimento com a educa\u00e7\u00e3o aumentam substancialmente.<\/p>\n<h2>Contribui\u00e7\u00f5es das Universidades para a Sociedade<\/h2>\n<p>As contribui\u00e7\u00f5es das universidades para a sociedade s\u00e3o vastas. Elas s\u00e3o respons\u00e1veis por descobertas que transformaram a maneira como lidamos com quest\u00f5es estrat\u00e9gicas, como doen\u00e7as, tecnologias emergentes e m\u00e9todos de produ\u00e7\u00e3o. O conhecimento gerado dentro dessas institui\u00e7\u00f5es muitas vezes resulta em solu\u00e7\u00f5es pr\u00e1ticas que impactam positivamente a vida dos cidad\u00e3os.<\/p>\n<h2>Um Novo Modelo para a Educa\u00e7\u00e3o Superior<\/h2>\n<p>A aprova\u00e7\u00e3o da nova legisla\u00e7\u00e3o pelo Senado sinaliza um modelo educativo que promove a democracia e participa\u00e7\u00e3o comunit\u00e1ria activa. O fortalecimento das universidades passa por um compromisso com educa\u00e7\u00e3o de qualidade, que n\u00e3o apenas atende \u00e0s demandas do presente, mas tamb\u00e9m se antecipa \u00e0s necessidades futuras do Brasil.<\/p>\n<h2>Democracia e Ci\u00eancia no Brasil<\/h2>\n<p>Estamos diante de um momento crucial na hist\u00f3ria das universidades brasileiras. Com a confirma\u00e7\u00e3o que a autonomia institucional vai al\u00e9m do simples ato de escolha de reitores, reafirmamos a import\u00e2ncia da educa\u00e7\u00e3o nas decis\u00f5es fundamentais que moldam o futuro do nosso pa\u00eds. Agora \u00e9 o momento para que a ci\u00eancia, a consci\u00eancia e a democracia andem juntas, visando no que h\u00e1 de melhor para a forma\u00e7\u00e3o das novas gera\u00e7\u00f5es.<\/p>\n","protected":false},"excerpt":{"rendered":"<p>Escolha de reitores e a autonomia universit\u00e1ria est\u00e3o em evid\u00eancia na nova pol\u00edtica de Estado.<\/p>\n","protected":false},"author":1,"featured_media":0,"comment_status":"open","ping_status":"open","sticky":false,"template":"","format":"standard","meta":{"footnotes":""},"categories":[5],"tags":[],"class_list":["post-4856","post","type-post","status-publish","format-standard","hentry","category-noticias"],"yoast_head":"<!-- This site is optimized with the Yoast SEO plugin v26.3 - https:\/\/yoast.com\/wordpress\/plugins\/seo\/ -->\n<title>Escolha de reitores \u00e9 pol\u00edtica de Estado em favor da autonomia universit\u00e1ria | Encontra Itajub\u00e1<\/title>\n<meta name=\"robots\" content=\"index, follow, max-snippet:-1, max-image-preview:large, max-video-preview:-1\" \/>\n<link rel=\"canonical\" href=\"https:\/\/www.encontraminasgerais.com.br\/itajuba\/escolha-de-reitores-e-politica-de-estado-em-favor-da-autonomia-universitaria\/\" \/>\n<meta property=\"og:locale\" content=\"pt_BR\" \/>\n<meta property=\"og:type\" content=\"article\" \/>\n<meta property=\"og:title\" content=\"Escolha de reitores \u00e9 pol\u00edtica de Estado em favor da autonomia universit\u00e1ria | Encontra Itajub\u00e1\" \/>\n<meta property=\"og:description\" content=\"Escolha de reitores e a autonomia universit\u00e1ria est\u00e3o em evid\u00eancia na nova pol\u00edtica de Estado.\" \/>\n<meta property=\"og:url\" content=\"https:\/\/www.encontraminasgerais.com.br\/itajuba\/escolha-de-reitores-e-politica-de-estado-em-favor-da-autonomia-universitaria\/\" \/>\n<meta property=\"og:site_name\" content=\"Encontra Itajub\u00e1\" \/>\n<meta property=\"article:published_time\" content=\"2026-04-14T09:34:58+00:00\" \/>\n<meta name=\"author\" content=\"Encontra Itajub\u00e1\" \/>\n<meta name=\"twitter:card\" content=\"summary_large_image\" \/>\n<meta name=\"twitter:label1\" content=\"Escrito por\" \/>\n\t<meta name=\"twitter:data1\" content=\"Encontra Itajub\u00e1\" \/>\n\t<meta name=\"twitter:label2\" content=\"Est. tempo de leitura\" \/>\n\t<meta name=\"twitter:data2\" content=\"4 minutos\" \/>\n<script type=\"application\/ld+json\" class=\"yoast-schema-graph\">{\"@context\":\"https:\/\/schema.org\",\"@graph\":[{\"@type\":\"WebPage\",\"@id\":\"https:\/\/www.encontraminasgerais.com.br\/itajuba\/escolha-de-reitores-e-politica-de-estado-em-favor-da-autonomia-universitaria\/\",\"url\":\"https:\/\/www.encontraminasgerais.com.br\/itajuba\/escolha-de-reitores-e-politica-de-estado-em-favor-da-autonomia-universitaria\/\",\"name\":\"Escolha de reitores \u00e9 pol\u00edtica de Estado em favor da autonomia universit\u00e1ria | Encontra Itajub\u00e1\",\"isPartOf\":{\"@id\":\"https:\/\/www.encontraminasgerais.com.br\/itajuba\/#website\"},\"datePublished\":\"2026-04-14T09:34:58+00:00\",\"author\":{\"@id\":\"https:\/\/www.encontraminasgerais.com.br\/itajuba\/#\/schema\/person\/d26674c083ec86b440752843a690de33\"},\"inLanguage\":\"pt-BR\",\"potentialAction\":[{\"@type\":\"ReadAction\",\"target\":[\"https:\/\/www.encontraminasgerais.com.br\/itajuba\/escolha-de-reitores-e-politica-de-estado-em-favor-da-autonomia-universitaria\/\"]}]},{\"@type\":\"WebSite\",\"@id\":\"https:\/\/www.encontraminasgerais.com.br\/itajuba\/#website\",\"url\":\"https:\/\/www.encontraminasgerais.com.br\/itajuba\/\",\"name\":\"Encontra Itajub\u00e1\",\"description\":\"ENCONTRA ITAJUB\u00c1 - O guia comercial de neg\u00f3cios e empresas, cultura e divers\u00e3o na cidade de Itajub\u00e1. Feito 100% para voc\u00ea morador!\",\"potentialAction\":[{\"@type\":\"SearchAction\",\"target\":{\"@type\":\"EntryPoint\",\"urlTemplate\":\"https:\/\/www.encontraminasgerais.com.br\/itajuba\/?s={search_term_string}\"},\"query-input\":{\"@type\":\"PropertyValueSpecification\",\"valueRequired\":true,\"valueName\":\"search_term_string\"}}],\"inLanguage\":\"pt-BR\"},{\"@type\":\"Person\",\"@id\":\"https:\/\/www.encontraminasgerais.com.br\/itajuba\/#\/schema\/person\/d26674c083ec86b440752843a690de33\",\"name\":\"Encontra Itajub\u00e1\",\"image\":{\"@type\":\"ImageObject\",\"inLanguage\":\"pt-BR\",\"@id\":\"https:\/\/www.encontraminasgerais.com.br\/itajuba\/#\/schema\/person\/image\/\",\"url\":\"https:\/\/secure.gravatar.com\/avatar\/c50c17820bcf322f0a8fd6b110b8c0918141409dc69076470f6fca5fee70a5d4?s=96&d=mm&r=g\",\"contentUrl\":\"https:\/\/secure.gravatar.com\/avatar\/c50c17820bcf322f0a8fd6b110b8c0918141409dc69076470f6fca5fee70a5d4?s=96&d=mm&r=g\",\"caption\":\"Encontra Itajub\u00e1\"},\"url\":\"https:\/\/www.encontraminasgerais.com.br\/itajuba\/author\/eitajuba\/\"}]}<\/script>\n<!-- \/ Yoast SEO plugin. -->","yoast_head_json":{"title":"Escolha de reitores \u00e9 pol\u00edtica de Estado em favor da autonomia universit\u00e1ria | Encontra Itajub\u00e1","robots":{"index":"index","follow":"follow","max-snippet":"max-snippet:-1","max-image-preview":"max-image-preview:large","max-video-preview":"max-video-preview:-1"},"canonical":"https:\/\/www.encontraminasgerais.com.br\/itajuba\/escolha-de-reitores-e-politica-de-estado-em-favor-da-autonomia-universitaria\/","og_locale":"pt_BR","og_type":"article","og_title":"Escolha de reitores \u00e9 pol\u00edtica de Estado em favor da autonomia universit\u00e1ria | Encontra Itajub\u00e1","og_description":"Escolha de reitores e a autonomia universit\u00e1ria est\u00e3o em evid\u00eancia na nova pol\u00edtica de Estado.","og_url":"https:\/\/www.encontraminasgerais.com.br\/itajuba\/escolha-de-reitores-e-politica-de-estado-em-favor-da-autonomia-universitaria\/","og_site_name":"Encontra Itajub\u00e1","article_published_time":"2026-04-14T09:34:58+00:00","author":"Encontra Itajub\u00e1","twitter_card":"summary_large_image","twitter_misc":{"Escrito por":"Encontra Itajub\u00e1","Est. tempo de leitura":"4 minutos"},"schema":{"@context":"https:\/\/schema.org","@graph":[{"@type":"WebPage","@id":"https:\/\/www.encontraminasgerais.com.br\/itajuba\/escolha-de-reitores-e-politica-de-estado-em-favor-da-autonomia-universitaria\/","url":"https:\/\/www.encontraminasgerais.com.br\/itajuba\/escolha-de-reitores-e-politica-de-estado-em-favor-da-autonomia-universitaria\/","name":"Escolha de reitores \u00e9 pol\u00edtica de Estado em favor da autonomia universit\u00e1ria | Encontra Itajub\u00e1","isPartOf":{"@id":"https:\/\/www.encontraminasgerais.com.br\/itajuba\/#website"},"datePublished":"2026-04-14T09:34:58+00:00","author":{"@id":"https:\/\/www.encontraminasgerais.com.br\/itajuba\/#\/schema\/person\/d26674c083ec86b440752843a690de33"},"inLanguage":"pt-BR","potentialAction":[{"@type":"ReadAction","target":["https:\/\/www.encontraminasgerais.com.br\/itajuba\/escolha-de-reitores-e-politica-de-estado-em-favor-da-autonomia-universitaria\/"]}]},{"@type":"WebSite","@id":"https:\/\/www.encontraminasgerais.com.br\/itajuba\/#website","url":"https:\/\/www.encontraminasgerais.com.br\/itajuba\/","name":"Encontra Itajub\u00e1","description":"ENCONTRA ITAJUB\u00c1 - O guia comercial de neg\u00f3cios e empresas, cultura e divers\u00e3o na cidade de Itajub\u00e1. Feito 100% para voc\u00ea morador!","potentialAction":[{"@type":"SearchAction","target":{"@type":"EntryPoint","urlTemplate":"https:\/\/www.encontraminasgerais.com.br\/itajuba\/?s={search_term_string}"},"query-input":{"@type":"PropertyValueSpecification","valueRequired":true,"valueName":"search_term_string"}}],"inLanguage":"pt-BR"},{"@type":"Person","@id":"https:\/\/www.encontraminasgerais.com.br\/itajuba\/#\/schema\/person\/d26674c083ec86b440752843a690de33","name":"Encontra Itajub\u00e1","image":{"@type":"ImageObject","inLanguage":"pt-BR","@id":"https:\/\/www.encontraminasgerais.com.br\/itajuba\/#\/schema\/person\/image\/","url":"https:\/\/secure.gravatar.com\/avatar\/c50c17820bcf322f0a8fd6b110b8c0918141409dc69076470f6fca5fee70a5d4?s=96&d=mm&r=g","contentUrl":"https:\/\/secure.gravatar.com\/avatar\/c50c17820bcf322f0a8fd6b110b8c0918141409dc69076470f6fca5fee70a5d4?s=96&d=mm&r=g","caption":"Encontra Itajub\u00e1"},"url":"https:\/\/www.encontraminasgerais.com.br\/itajuba\/author\/eitajuba\/"}]}},"_links":{"self":[{"href":"https:\/\/www.encontraminasgerais.com.br\/itajuba\/wp-json\/wp\/v2\/posts\/4856","targetHints":{"allow":["GET"]}}],"collection":[{"href":"https:\/\/www.encontraminasgerais.com.br\/itajuba\/wp-json\/wp\/v2\/posts"}],"about":[{"href":"https:\/\/www.encontraminasgerais.com.br\/itajuba\/wp-json\/wp\/v2\/types\/post"}],"author":[{"embeddable":true,"href":"https:\/\/www.encontraminasgerais.com.br\/itajuba\/wp-json\/wp\/v2\/users\/1"}],"replies":[{"embeddable":true,"href":"https:\/\/www.encontraminasgerais.com.br\/itajuba\/wp-json\/wp\/v2\/comments?post=4856"}],"version-history":[{"count":0,"href":"https:\/\/www.encontraminasgerais.com.br\/itajuba\/wp-json\/wp\/v2\/posts\/4856\/revisions"}],"wp:attachment":[{"href":"https:\/\/www.encontraminasgerais.com.br\/itajuba\/wp-json\/wp\/v2\/media?parent=4856"}],"wp:term":[{"taxonomy":"category","embeddable":true,"href":"https:\/\/www.encontraminasgerais.com.br\/itajuba\/wp-json\/wp\/v2\/categories?post=4856"},{"taxonomy":"post_tag","embeddable":true,"href":"https:\/\/www.encontraminasgerais.com.br\/itajuba\/wp-json\/wp\/v2\/tags?post=4856"}],"curies":[{"name":"wp","href":"https:\/\/api.w.org\/{rel}","templated":true}]}}