{"id":4866,"date":"2026-04-17T06:39:41","date_gmt":"2026-04-17T09:39:41","guid":{"rendered":"https:\/\/www.encontraminasgerais.com.br\/itajuba\/terminam-em-21-04-as-inscricoes-para-o-mestrado-profissional-em-gestao-e-regulacao-de-recursos-hidricos\/"},"modified":"2026-04-17T06:39:41","modified_gmt":"2026-04-17T09:39:41","slug":"terminam-em-21-04-as-inscricoes-para-o-mestrado-profissional-em-gestao-e-regulacao-de-recursos-hidricos","status":"publish","type":"post","link":"https:\/\/www.encontraminasgerais.com.br\/itajuba\/terminam-em-21-04-as-inscricoes-para-o-mestrado-profissional-em-gestao-e-regulacao-de-recursos-hidricos\/","title":{"rendered":"Terminam em 21\/04 as inscri\u00e7\u00f5es para o Mestrado Profissional em Gest\u00e3o e Regula\u00e7\u00e3o de Recursos H\u00eddricos"},"content":{"rendered":"<h2>O que \u00e9 o Mestrado Profissional em Gest\u00e3o e Regula\u00e7\u00e3o de Recursos H\u00eddricos?<\/h2>\n<p>O Mestrado Profissional em Gest\u00e3o e Regula\u00e7\u00e3o de Recursos H\u00eddricos, conhecido como Prof\u00c1gua, se destina a capacitar profissionais para atuarem na gest\u00e3o sustent\u00e1vel de recursos h\u00eddricos no Brasil. Este curso \u00e9 desenhado para fornecer aos alunos conhecimentos abrangentes sobre as pol\u00edticas e pr\u00e1ticas que regem a utiliza\u00e7\u00e3o da \u00e1gua, enfatizando a import\u00e2ncia de uma gest\u00e3o integrada e regulat\u00f3ria.<\/p>\n<h2>Institui\u00e7\u00f5es Participantes do Mestrado Prof\u00c1gua 2026<\/h2>\n<p>Este mestrado \u00e9 fruto de uma colabora\u00e7\u00e3o entre diversas institui\u00e7\u00f5es de ensino superior em todo o Brasil. Abaixo est\u00e3o listadas algumas das universidades que fazem parte deste projeto:<\/p>\n<ul>\n<li><strong>UFRR<\/strong> &#8211; Universidade Federal de Roraima, Boa Vista &#8211; RR<\/li>\n<li><strong>UFS<\/strong> &#8211; Universidade Federal de Sergipe, S\u00e3o Crist\u00f3v\u00e3o &#8211; SE<\/li>\n<li><strong>UFT<\/strong> &#8211; Universidade Federal do Tocantins, Palmas &#8211; TO<\/li>\n<li><strong>UNB<\/strong> &#8211; Universidade de Bras\u00edlia, Planaltina &#8211; DF<\/li>\n<li><strong>UNEAL<\/strong> &#8211; Universidade Estadual de Alagoas, Palmeira dos \u00cdndios &#8211; AL<\/li>\n<li><strong>UNEMAT<\/strong> &#8211; Universidade do Estado de Mato Grosso, Cuiab\u00e1 &#8211; MT<\/li>\n<li><strong>UNESP<\/strong> &#8211; Universidade Estadual Paulista &#8220;J\u00falio de Mesquita Filho&#8221;, Ilha Solteira &#8211; SP<\/li>\n<li><strong>UNIFAP<\/strong> &#8211; Universidade Federal do Amap\u00e1, Macap\u00e1 &#8211; AP<\/li>\n<li><strong>UNIFEI<\/strong> &#8211; Universidade Federal de Itajub\u00e1, Itabira &#8211; MG<\/li>\n<li><strong>UNIR<\/strong> &#8211; Universidade Federal de Rond\u00f4nia, Ji-Paran\u00e1 &#8211; RO<\/li>\n<li><strong>UDESC<\/strong> &#8211; Universidade do Estado de Santa Catarina, Ibirama &#8211; SC<\/li>\n<li><strong>UEA<\/strong> &#8211; Universidade do Estado do Amazonas, Manaus &#8211; AM e Parintins &#8211; AM<\/li>\n<li><strong>UEG<\/strong> &#8211; Universidade Estadual de Goi\u00e1s, Ipor\u00e1 &#8211; GO<\/li>\n<li><strong>UFERSA<\/strong> &#8211; Universidade Federal Rural do Semi-\u00c1rido, Pau dos Ferros &#8211; RN<\/li>\n<li><strong>UFES<\/strong> &#8211; Universidade Federal do Esp\u00edrito Santo, Vit\u00f3ria &#8211; ES<\/li>\n<li><strong>UFOPA<\/strong> &#8211; Universidade Federal do Oeste do Par\u00e1, Santar\u00e9m &#8211; PA<\/li>\n<li><strong>UFPE<\/strong> &#8211; Universidade Federal de Pernambuco, Recife &#8211; PE<\/li>\n<li><strong>UFPI<\/strong> &#8211; Universidade Federal do Piau\u00ed, Teresina &#8211; PI<\/li>\n<li><strong>UFRGS<\/strong> &#8211; Universidade Federal do Rio Grande do Sul, Porto Alegre &#8211; RS<\/li>\n<li><strong>UEMA<\/strong> &#8211; Universidade Estadual do Maranh\u00e3o, S\u00e3o Lu\u00eds &#8211; MA<\/li>\n<li><strong>UEMS<\/strong> &#8211; Universidade Estadual de Mato Grosso do Sul, Campo Grande &#8211; MS<\/li>\n<li><strong>UERJ<\/strong> &#8211; Universidade do Estado do Rio de Janeiro, Rio de Janeiro &#8211; RJ<\/li>\n<li><strong>UFBA<\/strong> &#8211; Universidade Federal da Bahia, Salvador &#8211; BA<\/li>\n<li><strong>UFC<\/strong> &#8211; Universidade Federal do Cear\u00e1, Crate\u00fas &#8211; CE<\/li>\n<li><strong>UFCG<\/strong> &#8211; Universidade Federal de Campina Grande, Sum\u00e9 &#8211; PB<\/li>\n<li><strong>UTFPR<\/strong> &#8211; Universidade Tecnol\u00f3gica Federal do Paran\u00e1, Campo Mour\u00e3o &#8211; PR<\/li>\n<\/ul>\n<h2>Vagas Dispon\u00edveis e Linhas de Pesquisa<\/h2>\n<p>Para o ano de 2026, est\u00e3o sendo disponibilizadas 493 vagas para o Mestrado Prof\u00c1gua. Os alunos poder\u00e3o escolher entre diferentes \u00e1reas de concentra\u00e7\u00e3o e linhas de pesquisa, que incluem:<\/p>\n<p><img decoding=\"async\" src=\"https:\/\/www.encontraminasgerais.com.br\/itajuba\/wp-content\/uploads\/2026\/04\/terminam-em-21-04-as-inscricoes-para-o-mestrado-profissional-em-gestao-e-regulacao-de-recursos-hidri.webp\" alt=\"Mestrado Profissional em Gest\u00e3o e Regula\u00e7\u00e3o de Recursos H\u00eddricos\" loading=\"lazy\" \/><\/p>\n<ul>\n<li><strong>Ferramentas Aplicadas aos Instrumentos de Gest\u00e3o de Recursos H\u00eddricos<\/strong><\/li>\n<li><strong>Metodologias para Implementa\u00e7\u00e3o dos Instrumentos de Gest\u00e3o de Recursos H\u00eddricos<\/strong><\/li>\n<li><strong>Regula\u00e7\u00e3o e Governan\u00e7a de Recursos H\u00eddricos<\/strong><\/li>\n<li><strong>Planejamento e Gest\u00e3o de Recursos H\u00eddricos<\/strong><\/li>\n<li><strong>Seguran\u00e7a H\u00eddrica e Usos M\u00faltiplos da \u00c1gua<\/strong><\/li>\n<\/ul>\n<h2>Processo Seletivo e Inscri\u00e7\u00f5es<\/h2>\n<p>Os interessados em se inscrever no Mestrado Profissional em Gest\u00e3o e Regula\u00e7\u00e3o de Recursos H\u00eddricos podem se candidatar at\u00e9 o dia 21 de abril de 2026. O processo seletivo requer a submiss\u00e3o de documentos e an\u00e1lise de curr\u00edculos, conforme as regras descritas no edital.<\/p>\n<h2>Requisitos para Candidatura<\/h2>\n<p>Os candidatos devem atender aos seguintes crit\u00e9rios para se inscrever:<\/p>\n<ul>\n<li>Possuir gradua\u00e7\u00e3o em curso reconhecido pelo MEC.<\/li>\n<li>Estar disposto a se comprometer com as atividades do mestrado, que incluem tanto aulas presenciais quanto online.<\/li>\n<li>Leitura atenta do edital dispon\u00edvel no site oficial.<\/li>\n<\/ul>\n<h2>Dura\u00e7\u00e3o e Modalidade do Curso<\/h2>\n<p>O Mestrado Prof\u00c1gua tem dura\u00e7\u00e3o total de 24 meses, durante os quais os participantes t\u00eam acesso a aulas te\u00f3ricas e pr\u00e1ticas, al\u00e9m de conte\u00fado online. Os alunos devem comparecer regularmente \u00e0s aulas presenciais na institui\u00e7\u00e3o \u00e0 qual est\u00e3o matriculados.<\/p>\n<h2>Atividades Presenciais e Conte\u00fado Online<\/h2>\n<p>A estrutura do mestrado inclui uma combina\u00e7\u00e3o de aprendizados presenciais e imers\u00f5es em ambientes online. Os alunos t\u00eam a oportunidade de interagir com especialistas e colegas, al\u00e9m de desenvolver projetos pr\u00e1ticos que podem ser implementados em situa\u00e7\u00f5es reais de gest\u00e3o de recursos h\u00eddricos.<\/p>\n<h2>Benef\u00edcios do Mestrado para a Carreira<\/h2>\n<p>Os graduados no Mestrado Profissional em Gest\u00e3o e Regula\u00e7\u00e3o de Recursos H\u00eddricos encontram vantagens significativas ao ingressar no mercado de trabalho, como:<\/p>\n<ul>\n<li><strong>Certifica\u00e7\u00e3o reconhecida:<\/strong> O t\u00edtulo \u00e9 valorizado em v\u00e1rios setores que lidam com recursos h\u00eddricos.<\/li>\n<li><strong>Aumento de oportunidades:<\/strong> Este mestrado abre portas para cargos em institui\u00e7\u00f5es p\u00fablicas e privadas.<\/li>\n<li><strong>Rede de contatos:<\/strong> Os alunos t\u00eam a chance de se conectar com outros profissionais da \u00e1rea.<\/li>\n<\/ul>\n<h2>Import\u00e2ncia da Regula\u00e7\u00e3o de Recursos H\u00eddricos<\/h2>\n<p>A regula\u00e7\u00e3o eficaz dos recursos h\u00eddricos \u00e9 fundamental para garantir o acesso \u00e0 \u00e1gua de qualidade a todos os cidad\u00e3os, promovendo um equil\u00edbrio entre a demanda e a oferta h\u00eddrica. Estudos apontam que a falta de uma gest\u00e3o adequada pode resultar em crises h\u00eddricas severas, afeta a sa\u00fade p\u00fablica e compromete o desenvolvimento sustent\u00e1vel.<\/p>\n<h2>Depoimentos de Alunos e Egressos<\/h2>\n<p>Alunos que j\u00e1 passaram pelo programa revelam o impacto positivo que o Mestrado Prof\u00c1gua teve em suas carreiras. As opini\u00f5es frequentemente destacam:<\/p>\n<ul>\n<li>O aprofundamento em conhecimento t\u00e9cnico e pr\u00e1tico sobre gest\u00e3o h\u00eddrica.<\/li>\n<li>A qualidade das aulas e a experi\u00eancia dos professores.<\/li>\n<li>A possibilidade de desenvolver projetos relevantes para a sociedade.<\/li>\n<\/ul>\n<p>Ademais, muitos ex-alunos relatam como a forma\u00e7\u00e3o influenciou suas trajet\u00f3rias profissionais, permitindo que assumissem posi\u00e7\u00f5es de lideran\u00e7a em projetos relacionados a recursos h\u00eddricos.<\/p>\n","protected":false},"excerpt":{"rendered":"<p>Inscri\u00e7\u00f5es para o Mestrado em Gest\u00e3o e Regula\u00e7\u00e3o de Recursos H\u00eddricos terminam em 21 de abril de 2026.<\/p>\n","protected":false},"author":1,"featured_media":4865,"comment_status":"open","ping_status":"open","sticky":false,"template":"","format":"standard","meta":{"footnotes":""},"categories":[5],"tags":[],"class_list":["post-4866","post","type-post","status-publish","format-standard","has-post-thumbnail","hentry","category-noticias","has_thumb"],"yoast_head":"<!-- This site is optimized with the Yoast SEO plugin v26.3 - https:\/\/yoast.com\/wordpress\/plugins\/seo\/ -->\n<title>Terminam em 21\/04 as inscri\u00e7\u00f5es para o Mestrado Profissional em Gest\u00e3o e Regula\u00e7\u00e3o de Recursos H\u00eddricos | Encontra Itajub\u00e1<\/title>\n<meta name=\"robots\" content=\"index, follow, max-snippet:-1, max-image-preview:large, max-video-preview:-1\" \/>\n<link rel=\"canonical\" href=\"https:\/\/www.encontraminasgerais.com.br\/itajuba\/terminam-em-21-04-as-inscricoes-para-o-mestrado-profissional-em-gestao-e-regulacao-de-recursos-hidricos\/\" \/>\n<meta property=\"og:locale\" content=\"pt_BR\" \/>\n<meta property=\"og:type\" content=\"article\" \/>\n<meta property=\"og:title\" content=\"Terminam em 21\/04 as inscri\u00e7\u00f5es para o Mestrado Profissional em Gest\u00e3o e Regula\u00e7\u00e3o de Recursos H\u00eddricos | Encontra Itajub\u00e1\" \/>\n<meta property=\"og:description\" content=\"Inscri\u00e7\u00f5es para o Mestrado em Gest\u00e3o e Regula\u00e7\u00e3o de Recursos H\u00eddricos terminam em 21 de abril de 2026.\" \/>\n<meta property=\"og:url\" content=\"https:\/\/www.encontraminasgerais.com.br\/itajuba\/terminam-em-21-04-as-inscricoes-para-o-mestrado-profissional-em-gestao-e-regulacao-de-recursos-hidricos\/\" \/>\n<meta property=\"og:site_name\" content=\"Encontra Itajub\u00e1\" \/>\n<meta property=\"article:published_time\" content=\"2026-04-17T09:39:41+00:00\" \/>\n<meta property=\"og:image\" content=\"https:\/\/www.encontraminasgerais.com.br\/itajuba\/wp-content\/uploads\/2026\/04\/terminam-em-21-04-as-inscricoes-para-o-mestrado-profissional-em-gestao-e-regulacao-de-recursos-hidri.webp\" \/>\n<meta name=\"author\" content=\"Encontra Itajub\u00e1\" \/>\n<meta name=\"twitter:card\" content=\"summary_large_image\" \/>\n<meta name=\"twitter:label1\" content=\"Escrito por\" \/>\n\t<meta name=\"twitter:data1\" content=\"Encontra Itajub\u00e1\" \/>\n\t<meta name=\"twitter:label2\" content=\"Est. tempo de leitura\" \/>\n\t<meta name=\"twitter:data2\" content=\"5 minutos\" \/>\n<script type=\"application\/ld+json\" class=\"yoast-schema-graph\">{\"@context\":\"https:\/\/schema.org\",\"@graph\":[{\"@type\":\"WebPage\",\"@id\":\"https:\/\/www.encontraminasgerais.com.br\/itajuba\/terminam-em-21-04-as-inscricoes-para-o-mestrado-profissional-em-gestao-e-regulacao-de-recursos-hidricos\/\",\"url\":\"https:\/\/www.encontraminasgerais.com.br\/itajuba\/terminam-em-21-04-as-inscricoes-para-o-mestrado-profissional-em-gestao-e-regulacao-de-recursos-hidricos\/\",\"name\":\"Terminam em 21\/04 as inscri\u00e7\u00f5es para o Mestrado Profissional em Gest\u00e3o e Regula\u00e7\u00e3o de Recursos H\u00eddricos | Encontra Itajub\u00e1\",\"isPartOf\":{\"@id\":\"https:\/\/www.encontraminasgerais.com.br\/itajuba\/#website\"},\"primaryImageOfPage\":{\"@id\":\"https:\/\/www.encontraminasgerais.com.br\/itajuba\/terminam-em-21-04-as-inscricoes-para-o-mestrado-profissional-em-gestao-e-regulacao-de-recursos-hidricos\/#primaryimage\"},\"image\":{\"@id\":\"https:\/\/www.encontraminasgerais.com.br\/itajuba\/terminam-em-21-04-as-inscricoes-para-o-mestrado-profissional-em-gestao-e-regulacao-de-recursos-hidricos\/#primaryimage\"},\"thumbnailUrl\":\"https:\/\/www.encontraminasgerais.com.br\/itajuba\/wp-content\/uploads\/2026\/04\/terminam-em-21-04-as-inscricoes-para-o-mestrado-profissional-em-gestao-e-regulacao-de-recursos-hidri.webp\",\"datePublished\":\"2026-04-17T09:39:41+00:00\",\"author\":{\"@id\":\"https:\/\/www.encontraminasgerais.com.br\/itajuba\/#\/schema\/person\/d26674c083ec86b440752843a690de33\"},\"inLanguage\":\"pt-BR\",\"potentialAction\":[{\"@type\":\"ReadAction\",\"target\":[\"https:\/\/www.encontraminasgerais.com.br\/itajuba\/terminam-em-21-04-as-inscricoes-para-o-mestrado-profissional-em-gestao-e-regulacao-de-recursos-hidricos\/\"]}]},{\"@type\":\"ImageObject\",\"inLanguage\":\"pt-BR\",\"@id\":\"https:\/\/www.encontraminasgerais.com.br\/itajuba\/terminam-em-21-04-as-inscricoes-para-o-mestrado-profissional-em-gestao-e-regulacao-de-recursos-hidricos\/#primaryimage\",\"url\":\"https:\/\/www.encontraminasgerais.com.br\/itajuba\/wp-content\/uploads\/2026\/04\/terminam-em-21-04-as-inscricoes-para-o-mestrado-profissional-em-gestao-e-regulacao-de-recursos-hidri.webp\",\"contentUrl\":\"https:\/\/www.encontraminasgerais.com.br\/itajuba\/wp-content\/uploads\/2026\/04\/terminam-em-21-04-as-inscricoes-para-o-mestrado-profissional-em-gestao-e-regulacao-de-recursos-hidri.webp\",\"width\":280,\"height\":280,\"caption\":\"Mestrado Profissional em Gest\u00e3o e Regula\u00e7\u00e3o de Recursos H\u00eddricos\"},{\"@type\":\"WebSite\",\"@id\":\"https:\/\/www.encontraminasgerais.com.br\/itajuba\/#website\",\"url\":\"https:\/\/www.encontraminasgerais.com.br\/itajuba\/\",\"name\":\"Encontra Itajub\u00e1\",\"description\":\"ENCONTRA ITAJUB\u00c1 - O guia comercial de neg\u00f3cios e empresas, cultura e divers\u00e3o na cidade de Itajub\u00e1. Feito 100% para voc\u00ea morador!\",\"potentialAction\":[{\"@type\":\"SearchAction\",\"target\":{\"@type\":\"EntryPoint\",\"urlTemplate\":\"https:\/\/www.encontraminasgerais.com.br\/itajuba\/?s={search_term_string}\"},\"query-input\":{\"@type\":\"PropertyValueSpecification\",\"valueRequired\":true,\"valueName\":\"search_term_string\"}}],\"inLanguage\":\"pt-BR\"},{\"@type\":\"Person\",\"@id\":\"https:\/\/www.encontraminasgerais.com.br\/itajuba\/#\/schema\/person\/d26674c083ec86b440752843a690de33\",\"name\":\"Encontra Itajub\u00e1\",\"image\":{\"@type\":\"ImageObject\",\"inLanguage\":\"pt-BR\",\"@id\":\"https:\/\/www.encontraminasgerais.com.br\/itajuba\/#\/schema\/person\/image\/\",\"url\":\"https:\/\/secure.gravatar.com\/avatar\/c50c17820bcf322f0a8fd6b110b8c0918141409dc69076470f6fca5fee70a5d4?s=96&d=mm&r=g\",\"contentUrl\":\"https:\/\/secure.gravatar.com\/avatar\/c50c17820bcf322f0a8fd6b110b8c0918141409dc69076470f6fca5fee70a5d4?s=96&d=mm&r=g\",\"caption\":\"Encontra Itajub\u00e1\"},\"url\":\"https:\/\/www.encontraminasgerais.com.br\/itajuba\/author\/eitajuba\/\"}]}<\/script>\n<!-- \/ Yoast SEO plugin. -->","yoast_head_json":{"title":"Terminam em 21\/04 as inscri\u00e7\u00f5es para o Mestrado Profissional em Gest\u00e3o e Regula\u00e7\u00e3o de Recursos H\u00eddricos | Encontra Itajub\u00e1","robots":{"index":"index","follow":"follow","max-snippet":"max-snippet:-1","max-image-preview":"max-image-preview:large","max-video-preview":"max-video-preview:-1"},"canonical":"https:\/\/www.encontraminasgerais.com.br\/itajuba\/terminam-em-21-04-as-inscricoes-para-o-mestrado-profissional-em-gestao-e-regulacao-de-recursos-hidricos\/","og_locale":"pt_BR","og_type":"article","og_title":"Terminam em 21\/04 as inscri\u00e7\u00f5es para o Mestrado Profissional em Gest\u00e3o e Regula\u00e7\u00e3o de Recursos H\u00eddricos | Encontra Itajub\u00e1","og_description":"Inscri\u00e7\u00f5es para o Mestrado em Gest\u00e3o e Regula\u00e7\u00e3o de Recursos H\u00eddricos terminam em 21 de abril de 2026.","og_url":"https:\/\/www.encontraminasgerais.com.br\/itajuba\/terminam-em-21-04-as-inscricoes-para-o-mestrado-profissional-em-gestao-e-regulacao-de-recursos-hidricos\/","og_site_name":"Encontra Itajub\u00e1","article_published_time":"2026-04-17T09:39:41+00:00","og_image":[{"url":"https:\/\/www.encontraminasgerais.com.br\/itajuba\/wp-content\/uploads\/2026\/04\/terminam-em-21-04-as-inscricoes-para-o-mestrado-profissional-em-gestao-e-regulacao-de-recursos-hidri.webp","type":"","width":"","height":""}],"author":"Encontra Itajub\u00e1","twitter_card":"summary_large_image","twitter_misc":{"Escrito por":"Encontra Itajub\u00e1","Est. tempo de leitura":"5 minutos"},"schema":{"@context":"https:\/\/schema.org","@graph":[{"@type":"WebPage","@id":"https:\/\/www.encontraminasgerais.com.br\/itajuba\/terminam-em-21-04-as-inscricoes-para-o-mestrado-profissional-em-gestao-e-regulacao-de-recursos-hidricos\/","url":"https:\/\/www.encontraminasgerais.com.br\/itajuba\/terminam-em-21-04-as-inscricoes-para-o-mestrado-profissional-em-gestao-e-regulacao-de-recursos-hidricos\/","name":"Terminam em 21\/04 as inscri\u00e7\u00f5es para o Mestrado Profissional em Gest\u00e3o e Regula\u00e7\u00e3o de Recursos H\u00eddricos | Encontra Itajub\u00e1","isPartOf":{"@id":"https:\/\/www.encontraminasgerais.com.br\/itajuba\/#website"},"primaryImageOfPage":{"@id":"https:\/\/www.encontraminasgerais.com.br\/itajuba\/terminam-em-21-04-as-inscricoes-para-o-mestrado-profissional-em-gestao-e-regulacao-de-recursos-hidricos\/#primaryimage"},"image":{"@id":"https:\/\/www.encontraminasgerais.com.br\/itajuba\/terminam-em-21-04-as-inscricoes-para-o-mestrado-profissional-em-gestao-e-regulacao-de-recursos-hidricos\/#primaryimage"},"thumbnailUrl":"https:\/\/www.encontraminasgerais.com.br\/itajuba\/wp-content\/uploads\/2026\/04\/terminam-em-21-04-as-inscricoes-para-o-mestrado-profissional-em-gestao-e-regulacao-de-recursos-hidri.webp","datePublished":"2026-04-17T09:39:41+00:00","author":{"@id":"https:\/\/www.encontraminasgerais.com.br\/itajuba\/#\/schema\/person\/d26674c083ec86b440752843a690de33"},"inLanguage":"pt-BR","potentialAction":[{"@type":"ReadAction","target":["https:\/\/www.encontraminasgerais.com.br\/itajuba\/terminam-em-21-04-as-inscricoes-para-o-mestrado-profissional-em-gestao-e-regulacao-de-recursos-hidricos\/"]}]},{"@type":"ImageObject","inLanguage":"pt-BR","@id":"https:\/\/www.encontraminasgerais.com.br\/itajuba\/terminam-em-21-04-as-inscricoes-para-o-mestrado-profissional-em-gestao-e-regulacao-de-recursos-hidricos\/#primaryimage","url":"https:\/\/www.encontraminasgerais.com.br\/itajuba\/wp-content\/uploads\/2026\/04\/terminam-em-21-04-as-inscricoes-para-o-mestrado-profissional-em-gestao-e-regulacao-de-recursos-hidri.webp","contentUrl":"https:\/\/www.encontraminasgerais.com.br\/itajuba\/wp-content\/uploads\/2026\/04\/terminam-em-21-04-as-inscricoes-para-o-mestrado-profissional-em-gestao-e-regulacao-de-recursos-hidri.webp","width":280,"height":280,"caption":"Mestrado Profissional em Gest\u00e3o e Regula\u00e7\u00e3o de Recursos H\u00eddricos"},{"@type":"WebSite","@id":"https:\/\/www.encontraminasgerais.com.br\/itajuba\/#website","url":"https:\/\/www.encontraminasgerais.com.br\/itajuba\/","name":"Encontra Itajub\u00e1","description":"ENCONTRA ITAJUB\u00c1 - O guia comercial de neg\u00f3cios e empresas, cultura e divers\u00e3o na cidade de Itajub\u00e1. Feito 100% para voc\u00ea morador!","potentialAction":[{"@type":"SearchAction","target":{"@type":"EntryPoint","urlTemplate":"https:\/\/www.encontraminasgerais.com.br\/itajuba\/?s={search_term_string}"},"query-input":{"@type":"PropertyValueSpecification","valueRequired":true,"valueName":"search_term_string"}}],"inLanguage":"pt-BR"},{"@type":"Person","@id":"https:\/\/www.encontraminasgerais.com.br\/itajuba\/#\/schema\/person\/d26674c083ec86b440752843a690de33","name":"Encontra Itajub\u00e1","image":{"@type":"ImageObject","inLanguage":"pt-BR","@id":"https:\/\/www.encontraminasgerais.com.br\/itajuba\/#\/schema\/person\/image\/","url":"https:\/\/secure.gravatar.com\/avatar\/c50c17820bcf322f0a8fd6b110b8c0918141409dc69076470f6fca5fee70a5d4?s=96&d=mm&r=g","contentUrl":"https:\/\/secure.gravatar.com\/avatar\/c50c17820bcf322f0a8fd6b110b8c0918141409dc69076470f6fca5fee70a5d4?s=96&d=mm&r=g","caption":"Encontra Itajub\u00e1"},"url":"https:\/\/www.encontraminasgerais.com.br\/itajuba\/author\/eitajuba\/"}]}},"_links":{"self":[{"href":"https:\/\/www.encontraminasgerais.com.br\/itajuba\/wp-json\/wp\/v2\/posts\/4866","targetHints":{"allow":["GET"]}}],"collection":[{"href":"https:\/\/www.encontraminasgerais.com.br\/itajuba\/wp-json\/wp\/v2\/posts"}],"about":[{"href":"https:\/\/www.encontraminasgerais.com.br\/itajuba\/wp-json\/wp\/v2\/types\/post"}],"author":[{"embeddable":true,"href":"https:\/\/www.encontraminasgerais.com.br\/itajuba\/wp-json\/wp\/v2\/users\/1"}],"replies":[{"embeddable":true,"href":"https:\/\/www.encontraminasgerais.com.br\/itajuba\/wp-json\/wp\/v2\/comments?post=4866"}],"version-history":[{"count":0,"href":"https:\/\/www.encontraminasgerais.com.br\/itajuba\/wp-json\/wp\/v2\/posts\/4866\/revisions"}],"wp:featuredmedia":[{"embeddable":true,"href":"https:\/\/www.encontraminasgerais.com.br\/itajuba\/wp-json\/wp\/v2\/media\/4865"}],"wp:attachment":[{"href":"https:\/\/www.encontraminasgerais.com.br\/itajuba\/wp-json\/wp\/v2\/media?parent=4866"}],"wp:term":[{"taxonomy":"category","embeddable":true,"href":"https:\/\/www.encontraminasgerais.com.br\/itajuba\/wp-json\/wp\/v2\/categories?post=4866"},{"taxonomy":"post_tag","embeddable":true,"href":"https:\/\/www.encontraminasgerais.com.br\/itajuba\/wp-json\/wp\/v2\/tags?post=4866"}],"curies":[{"name":"wp","href":"https:\/\/api.w.org\/{rel}","templated":true}]}}