{"id":4896,"date":"2026-04-26T06:38:05","date_gmt":"2026-04-26T09:38:05","guid":{"rendered":"https:\/\/www.encontraminasgerais.com.br\/itajuba\/circuito-nacional-da-5a-autentica-mostra-cinemas-do-brasil-chega-a-salvador-na-sala-de-cinema-walter-da-silveira\/"},"modified":"2026-04-26T06:38:05","modified_gmt":"2026-04-26T09:38:05","slug":"circuito-nacional-da-5a-autentica-mostra-cinemas-do-brasil-chega-a-salvador-na-sala-de-cinema-walter-da-silveira","status":"publish","type":"post","link":"https:\/\/www.encontraminasgerais.com.br\/itajuba\/circuito-nacional-da-5a-autentica-mostra-cinemas-do-brasil-chega-a-salvador-na-sala-de-cinema-walter-da-silveira\/","title":{"rendered":"Circuito nacional da 5\u00aa Aut\u00eantica Mostra Cinemas do Brasil chega a Salvador, na Sala de Cinema Walter da Silveira"},"content":{"rendered":"<h2>O que \u00e9 a 5\u00aa Mostra Cinemas do Brasil?<\/h2>\n<p>A <strong>5\u00aa Aut\u00eantica Mostra Cinemas do Brasil<\/strong> \u00e9 um evento cinematogr\u00e1fico dedicado \u00e0 preserva\u00e7\u00e3o da mem\u00f3ria e \u00e0 valoriza\u00e7\u00e3o das salas de cinema que marcaram a hist\u00f3ria do audiovisual no pa\u00eds. Nesta edi\u00e7\u00e3o, o tema central \u00e9 <strong>Reminisc\u00eancias do Passado Hist\u00f3rico<\/strong>, e o evento destaca a import\u00e2ncia dos cinemas de rua, espa\u00e7os onde muitos brasileiros vivenciaram experi\u00eancias culturais significativas.<\/p>\n<h2>Datas e local do evento<\/h2>\n<p>O evento ocorrer\u00e1 na <strong>Sala de Cinema Walter da Silveira<\/strong>, em Salvador, nos dias <strong>22 a 24 de abril de 2026<\/strong>. Durante esses dias, ser\u00e3o realizadas diversas exibi\u00e7\u00f5es gratuitas que visam proporcionar ao p\u00fablico um contato mais pr\u00f3ximo com a hist\u00f3ria do cinema brasileiro.<\/p>\n<h2>Programa\u00e7\u00e3o gratuita para o p\u00fablico<\/h2>\n<p>A Mostra oferece uma programa\u00e7\u00e3o variada e inteiramente gratuita, com a inten\u00e7\u00e3o de envolver a comunidade e promover um di\u00e1logo sobre a import\u00e2ncia cultural do cinema. As sess\u00f5es t\u00eam como foco a mem\u00f3ria hist\u00f3rica, promovendo reflex\u00f5es sobre o papel das salas de exibi\u00e7\u00e3o e a evolu\u00e7\u00e3o do cinema ao longo do tempo.<\/p>\n<p><img decoding=\"async\" src=\"https:\/\/www.encontraminasgerais.com.br\/itajuba\/wp-content\/uploads\/2026\/04\/circuito-nacional-da-5-autentica-mostra-cinemas-do-brasil-chega-a-salvador-na-sala-de-cinema-walter-.webp\" alt=\"5\u00aa Mostra Cinemas do Brasil\" loading=\"lazy\" \/><\/p>\n<h2>As sess\u00f5es tem\u00e1ticas da mostra<\/h2>\n<p>As sess\u00f5es foram organizadas em temas que abordam v\u00e1rias narrativas do cinema, incluindo:<\/p>\n<ul>\n<li><strong>Mem\u00f3ria Hist\u00f3rica das Salas de Cinema:<\/strong> Exibi\u00e7\u00f5es de imagens raras e documentos do Centro T\u00e9cnico Audiovisual (CTAv).<\/li>\n<li><strong>Mem\u00f3ria em Cartaz: Cinemas de Rua:<\/strong> Filmes que discutem a resist\u00eancia cultural e a import\u00e2ncia dos cinemas de rua na forma\u00e7\u00e3o da identidade local.<\/li>\n<li><strong>O Que Restou do Cinema:<\/strong> Uma investiga\u00e7\u00e3o sobre os antigos espa\u00e7os de exibi\u00e7\u00e3o e as mem\u00f3rias que permeiam cada um deles.<\/li>\n<li><strong>Quando a Vida Vira Cinema:<\/strong> Explora\u00e7\u00e3o das conex\u00f5es entre a experi\u00eancia de vida e a linguagem audiovisual.<\/li>\n<\/ul>\n<h2>Import\u00e2ncia cultural do cinema de rua<\/h2>\n<p>Os cinemas de rua t\u00eam um papel fundamental na forma\u00e7\u00e3o da cultura popular brasileira, servindo n\u00e3o apenas como locais de exposi\u00e7\u00e3o de filmes, mas tamb\u00e9m como espa\u00e7os de socializa\u00e7\u00e3o e compartilhamento de experi\u00eancias. A Mostra destaca esses espa\u00e7os, trazendo \u00e0 tona suas hist\u00f3rias e a relev\u00e2ncia que tiveram na constru\u00e7\u00e3o da identidade cultural das comunidades.<\/p>\n<h2>Cineastas em destaque na programa\u00e7\u00e3o<\/h2>\n<p>O cineasta <strong>Eudaldo Mon\u00e7\u00e3o Jr.<\/strong>, idealizador e curador do projeto, ter\u00e1 suas obras em destaque na Mostra. Ele \u00e9 conhecido por seus document\u00e1rios que relatam a experi\u00eancia dos cinemas de rua e a import\u00e2ncia da mem\u00f3ria cultural no audiovisual. Suas produ\u00e7\u00f5es refletem a rica hist\u00f3ria do cinema em diferentes contextos brasileiros.<\/p>\n<h2>Como participar do evento<\/h2>\n<p>Para participar do evento, o p\u00fablico pode comparecer \u00e0 Sala de Cinema Walter da Silveira durante os dias da Mostra. N\u00e3o \u00e9 necess\u00e1rio realizar inscri\u00e7\u00e3o pr\u00e9via, uma vez que todas as sess\u00f5es s\u00e3o gratuitas e abertas ao p\u00fablico. \u00c9 uma oportunidade \u00fanica para os amantes do cinema e para aqueles que desejam conhecer mais sobre a hist\u00f3ria audiovisual do Brasil.<\/p>\n<h2>Apoios e parcerias da mostra<\/h2>\n<p>A Aut\u00eantica Mostra Cinemas do Brasil conta com o apoio de diversas institui\u00e7\u00f5es culturais e governamentais, incluindo as Embaixadas do Brasil na Cidade do M\u00e9xico, em S\u00e3o Salvador e em Man\u00e1gua. Al\u00e9m disso, a iniciativa \u00e9 apoiada por organiza\u00e7\u00f5es como o CTAv, IRDEB (Instituto de Radiodifus\u00e3o Educativa da Bahia), e outras parceiras que contribuem para a realiza\u00e7\u00e3o deste importante evento.<\/p>\n<h2>Expectativas entre o p\u00fablico baiano<\/h2>\n<p>O p\u00fablico baiano espera com grande entusiasmo a chegada da Mostra. Com uma programa\u00e7\u00e3o rica e diversificada, a expectativa \u00e9 que tanto os amantes do cinema quanto os novos espectadores possam se conectar com a hist\u00f3ria e as narrativas que moldaram a cultura cinematogr\u00e1fica brasileira. A Mostra \u00e9 uma chance de redescobrir a import\u00e2ncia destas mem\u00f3rias e refletir sobre o futuro do cinema no Brasil.<\/p>\n<h2>O futuro do cinema no Brasil<\/h2>\n<p>O futuro do cinema no Brasil est\u00e1 em constante evolu\u00e7\u00e3o. Estruturas digitais e novas plataformas de distribui\u00e7\u00e3o est\u00e3o redefinindo a forma como o cinema \u00e9 consumido. No entanto, a preserva\u00e7\u00e3o da mem\u00f3ria e dos cinemas tradicionais permanece crucial. A 5\u00aa Aut\u00eantica Mostra Cinemas do Brasil \u00e9 um passo importante para manter vivas essas lembran\u00e7as e promissoras narrativas que continuam a inspirar novas gera\u00e7\u00f5es no campo audiovisual.<\/p>\n","protected":false},"excerpt":{"rendered":"<p>Circuito Nacional traz a 5\u00aa Mostra Cinemas do Brasil para Salvador.<\/p>\n","protected":false},"author":1,"featured_media":4895,"comment_status":"open","ping_status":"open","sticky":false,"template":"","format":"standard","meta":{"footnotes":""},"categories":[5],"tags":[],"class_list":["post-4896","post","type-post","status-publish","format-standard","has-post-thumbnail","hentry","category-noticias","has_thumb"],"yoast_head":"<!-- This site is optimized with the Yoast SEO plugin v26.3 - https:\/\/yoast.com\/wordpress\/plugins\/seo\/ -->\n<title>Circuito nacional da 5\u00aa Aut\u00eantica Mostra Cinemas do Brasil chega a Salvador, na Sala de Cinema Walter da Silveira | Encontra Itajub\u00e1<\/title>\n<meta name=\"robots\" content=\"index, follow, max-snippet:-1, max-image-preview:large, max-video-preview:-1\" \/>\n<link rel=\"canonical\" href=\"https:\/\/www.encontraminasgerais.com.br\/itajuba\/circuito-nacional-da-5a-autentica-mostra-cinemas-do-brasil-chega-a-salvador-na-sala-de-cinema-walter-da-silveira\/\" \/>\n<meta property=\"og:locale\" content=\"pt_BR\" \/>\n<meta property=\"og:type\" content=\"article\" \/>\n<meta property=\"og:title\" content=\"Circuito nacional da 5\u00aa Aut\u00eantica Mostra Cinemas do Brasil chega a Salvador, na Sala de Cinema Walter da Silveira | Encontra Itajub\u00e1\" \/>\n<meta property=\"og:description\" content=\"Circuito Nacional traz a 5\u00aa Mostra Cinemas do Brasil para Salvador.\" \/>\n<meta property=\"og:url\" content=\"https:\/\/www.encontraminasgerais.com.br\/itajuba\/circuito-nacional-da-5a-autentica-mostra-cinemas-do-brasil-chega-a-salvador-na-sala-de-cinema-walter-da-silveira\/\" \/>\n<meta property=\"og:site_name\" content=\"Encontra Itajub\u00e1\" \/>\n<meta property=\"article:published_time\" content=\"2026-04-26T09:38:05+00:00\" \/>\n<meta property=\"og:image\" content=\"https:\/\/www.encontraminasgerais.com.br\/itajuba\/wp-content\/uploads\/2026\/04\/circuito-nacional-da-5-autentica-mostra-cinemas-do-brasil-chega-a-salvador-na-sala-de-cinema-walter-.webp\" \/>\n<meta name=\"author\" content=\"Encontra Itajub\u00e1\" \/>\n<meta name=\"twitter:card\" content=\"summary_large_image\" \/>\n<meta name=\"twitter:label1\" content=\"Escrito por\" \/>\n\t<meta name=\"twitter:data1\" content=\"Encontra Itajub\u00e1\" \/>\n\t<meta name=\"twitter:label2\" content=\"Est. tempo de leitura\" \/>\n\t<meta name=\"twitter:data2\" content=\"4 minutos\" \/>\n<script type=\"application\/ld+json\" class=\"yoast-schema-graph\">{\"@context\":\"https:\/\/schema.org\",\"@graph\":[{\"@type\":\"WebPage\",\"@id\":\"https:\/\/www.encontraminasgerais.com.br\/itajuba\/circuito-nacional-da-5a-autentica-mostra-cinemas-do-brasil-chega-a-salvador-na-sala-de-cinema-walter-da-silveira\/\",\"url\":\"https:\/\/www.encontraminasgerais.com.br\/itajuba\/circuito-nacional-da-5a-autentica-mostra-cinemas-do-brasil-chega-a-salvador-na-sala-de-cinema-walter-da-silveira\/\",\"name\":\"Circuito nacional da 5\u00aa Aut\u00eantica Mostra Cinemas do Brasil chega a Salvador, na Sala de Cinema Walter da Silveira | Encontra Itajub\u00e1\",\"isPartOf\":{\"@id\":\"https:\/\/www.encontraminasgerais.com.br\/itajuba\/#website\"},\"primaryImageOfPage\":{\"@id\":\"https:\/\/www.encontraminasgerais.com.br\/itajuba\/circuito-nacional-da-5a-autentica-mostra-cinemas-do-brasil-chega-a-salvador-na-sala-de-cinema-walter-da-silveira\/#primaryimage\"},\"image\":{\"@id\":\"https:\/\/www.encontraminasgerais.com.br\/itajuba\/circuito-nacional-da-5a-autentica-mostra-cinemas-do-brasil-chega-a-salvador-na-sala-de-cinema-walter-da-silveira\/#primaryimage\"},\"thumbnailUrl\":\"https:\/\/www.encontraminasgerais.com.br\/itajuba\/wp-content\/uploads\/2026\/04\/circuito-nacional-da-5-autentica-mostra-cinemas-do-brasil-chega-a-salvador-na-sala-de-cinema-walter-.webp\",\"datePublished\":\"2026-04-26T09:38:05+00:00\",\"author\":{\"@id\":\"https:\/\/www.encontraminasgerais.com.br\/itajuba\/#\/schema\/person\/d26674c083ec86b440752843a690de33\"},\"inLanguage\":\"pt-BR\",\"potentialAction\":[{\"@type\":\"ReadAction\",\"target\":[\"https:\/\/www.encontraminasgerais.com.br\/itajuba\/circuito-nacional-da-5a-autentica-mostra-cinemas-do-brasil-chega-a-salvador-na-sala-de-cinema-walter-da-silveira\/\"]}]},{\"@type\":\"ImageObject\",\"inLanguage\":\"pt-BR\",\"@id\":\"https:\/\/www.encontraminasgerais.com.br\/itajuba\/circuito-nacional-da-5a-autentica-mostra-cinemas-do-brasil-chega-a-salvador-na-sala-de-cinema-walter-da-silveira\/#primaryimage\",\"url\":\"https:\/\/www.encontraminasgerais.com.br\/itajuba\/wp-content\/uploads\/2026\/04\/circuito-nacional-da-5-autentica-mostra-cinemas-do-brasil-chega-a-salvador-na-sala-de-cinema-walter-.webp\",\"contentUrl\":\"https:\/\/www.encontraminasgerais.com.br\/itajuba\/wp-content\/uploads\/2026\/04\/circuito-nacional-da-5-autentica-mostra-cinemas-do-brasil-chega-a-salvador-na-sala-de-cinema-walter-.webp\",\"width\":280,\"height\":280,\"caption\":\"5\u00aa Mostra Cinemas do Brasil\"},{\"@type\":\"WebSite\",\"@id\":\"https:\/\/www.encontraminasgerais.com.br\/itajuba\/#website\",\"url\":\"https:\/\/www.encontraminasgerais.com.br\/itajuba\/\",\"name\":\"Encontra Itajub\u00e1\",\"description\":\"ENCONTRA ITAJUB\u00c1 - O guia comercial de neg\u00f3cios e empresas, cultura e divers\u00e3o na cidade de Itajub\u00e1. Feito 100% para voc\u00ea morador!\",\"potentialAction\":[{\"@type\":\"SearchAction\",\"target\":{\"@type\":\"EntryPoint\",\"urlTemplate\":\"https:\/\/www.encontraminasgerais.com.br\/itajuba\/?s={search_term_string}\"},\"query-input\":{\"@type\":\"PropertyValueSpecification\",\"valueRequired\":true,\"valueName\":\"search_term_string\"}}],\"inLanguage\":\"pt-BR\"},{\"@type\":\"Person\",\"@id\":\"https:\/\/www.encontraminasgerais.com.br\/itajuba\/#\/schema\/person\/d26674c083ec86b440752843a690de33\",\"name\":\"Encontra Itajub\u00e1\",\"image\":{\"@type\":\"ImageObject\",\"inLanguage\":\"pt-BR\",\"@id\":\"https:\/\/www.encontraminasgerais.com.br\/itajuba\/#\/schema\/person\/image\/\",\"url\":\"https:\/\/secure.gravatar.com\/avatar\/c50c17820bcf322f0a8fd6b110b8c0918141409dc69076470f6fca5fee70a5d4?s=96&d=mm&r=g\",\"contentUrl\":\"https:\/\/secure.gravatar.com\/avatar\/c50c17820bcf322f0a8fd6b110b8c0918141409dc69076470f6fca5fee70a5d4?s=96&d=mm&r=g\",\"caption\":\"Encontra Itajub\u00e1\"},\"url\":\"https:\/\/www.encontraminasgerais.com.br\/itajuba\/author\/eitajuba\/\"}]}<\/script>\n<!-- \/ Yoast SEO plugin. -->","yoast_head_json":{"title":"Circuito nacional da 5\u00aa Aut\u00eantica Mostra Cinemas do Brasil chega a Salvador, na Sala de Cinema Walter da Silveira | Encontra Itajub\u00e1","robots":{"index":"index","follow":"follow","max-snippet":"max-snippet:-1","max-image-preview":"max-image-preview:large","max-video-preview":"max-video-preview:-1"},"canonical":"https:\/\/www.encontraminasgerais.com.br\/itajuba\/circuito-nacional-da-5a-autentica-mostra-cinemas-do-brasil-chega-a-salvador-na-sala-de-cinema-walter-da-silveira\/","og_locale":"pt_BR","og_type":"article","og_title":"Circuito nacional da 5\u00aa Aut\u00eantica Mostra Cinemas do Brasil chega a Salvador, na Sala de Cinema Walter da Silveira | Encontra Itajub\u00e1","og_description":"Circuito Nacional traz a 5\u00aa Mostra Cinemas do Brasil para Salvador.","og_url":"https:\/\/www.encontraminasgerais.com.br\/itajuba\/circuito-nacional-da-5a-autentica-mostra-cinemas-do-brasil-chega-a-salvador-na-sala-de-cinema-walter-da-silveira\/","og_site_name":"Encontra Itajub\u00e1","article_published_time":"2026-04-26T09:38:05+00:00","og_image":[{"url":"https:\/\/www.encontraminasgerais.com.br\/itajuba\/wp-content\/uploads\/2026\/04\/circuito-nacional-da-5-autentica-mostra-cinemas-do-brasil-chega-a-salvador-na-sala-de-cinema-walter-.webp","type":"","width":"","height":""}],"author":"Encontra Itajub\u00e1","twitter_card":"summary_large_image","twitter_misc":{"Escrito por":"Encontra Itajub\u00e1","Est. tempo de leitura":"4 minutos"},"schema":{"@context":"https:\/\/schema.org","@graph":[{"@type":"WebPage","@id":"https:\/\/www.encontraminasgerais.com.br\/itajuba\/circuito-nacional-da-5a-autentica-mostra-cinemas-do-brasil-chega-a-salvador-na-sala-de-cinema-walter-da-silveira\/","url":"https:\/\/www.encontraminasgerais.com.br\/itajuba\/circuito-nacional-da-5a-autentica-mostra-cinemas-do-brasil-chega-a-salvador-na-sala-de-cinema-walter-da-silveira\/","name":"Circuito nacional da 5\u00aa Aut\u00eantica Mostra Cinemas do Brasil chega a Salvador, na Sala de Cinema Walter da Silveira | Encontra Itajub\u00e1","isPartOf":{"@id":"https:\/\/www.encontraminasgerais.com.br\/itajuba\/#website"},"primaryImageOfPage":{"@id":"https:\/\/www.encontraminasgerais.com.br\/itajuba\/circuito-nacional-da-5a-autentica-mostra-cinemas-do-brasil-chega-a-salvador-na-sala-de-cinema-walter-da-silveira\/#primaryimage"},"image":{"@id":"https:\/\/www.encontraminasgerais.com.br\/itajuba\/circuito-nacional-da-5a-autentica-mostra-cinemas-do-brasil-chega-a-salvador-na-sala-de-cinema-walter-da-silveira\/#primaryimage"},"thumbnailUrl":"https:\/\/www.encontraminasgerais.com.br\/itajuba\/wp-content\/uploads\/2026\/04\/circuito-nacional-da-5-autentica-mostra-cinemas-do-brasil-chega-a-salvador-na-sala-de-cinema-walter-.webp","datePublished":"2026-04-26T09:38:05+00:00","author":{"@id":"https:\/\/www.encontraminasgerais.com.br\/itajuba\/#\/schema\/person\/d26674c083ec86b440752843a690de33"},"inLanguage":"pt-BR","potentialAction":[{"@type":"ReadAction","target":["https:\/\/www.encontraminasgerais.com.br\/itajuba\/circuito-nacional-da-5a-autentica-mostra-cinemas-do-brasil-chega-a-salvador-na-sala-de-cinema-walter-da-silveira\/"]}]},{"@type":"ImageObject","inLanguage":"pt-BR","@id":"https:\/\/www.encontraminasgerais.com.br\/itajuba\/circuito-nacional-da-5a-autentica-mostra-cinemas-do-brasil-chega-a-salvador-na-sala-de-cinema-walter-da-silveira\/#primaryimage","url":"https:\/\/www.encontraminasgerais.com.br\/itajuba\/wp-content\/uploads\/2026\/04\/circuito-nacional-da-5-autentica-mostra-cinemas-do-brasil-chega-a-salvador-na-sala-de-cinema-walter-.webp","contentUrl":"https:\/\/www.encontraminasgerais.com.br\/itajuba\/wp-content\/uploads\/2026\/04\/circuito-nacional-da-5-autentica-mostra-cinemas-do-brasil-chega-a-salvador-na-sala-de-cinema-walter-.webp","width":280,"height":280,"caption":"5\u00aa Mostra Cinemas do Brasil"},{"@type":"WebSite","@id":"https:\/\/www.encontraminasgerais.com.br\/itajuba\/#website","url":"https:\/\/www.encontraminasgerais.com.br\/itajuba\/","name":"Encontra Itajub\u00e1","description":"ENCONTRA ITAJUB\u00c1 - O guia comercial de neg\u00f3cios e empresas, cultura e divers\u00e3o na cidade de Itajub\u00e1. Feito 100% para voc\u00ea morador!","potentialAction":[{"@type":"SearchAction","target":{"@type":"EntryPoint","urlTemplate":"https:\/\/www.encontraminasgerais.com.br\/itajuba\/?s={search_term_string}"},"query-input":{"@type":"PropertyValueSpecification","valueRequired":true,"valueName":"search_term_string"}}],"inLanguage":"pt-BR"},{"@type":"Person","@id":"https:\/\/www.encontraminasgerais.com.br\/itajuba\/#\/schema\/person\/d26674c083ec86b440752843a690de33","name":"Encontra Itajub\u00e1","image":{"@type":"ImageObject","inLanguage":"pt-BR","@id":"https:\/\/www.encontraminasgerais.com.br\/itajuba\/#\/schema\/person\/image\/","url":"https:\/\/secure.gravatar.com\/avatar\/c50c17820bcf322f0a8fd6b110b8c0918141409dc69076470f6fca5fee70a5d4?s=96&d=mm&r=g","contentUrl":"https:\/\/secure.gravatar.com\/avatar\/c50c17820bcf322f0a8fd6b110b8c0918141409dc69076470f6fca5fee70a5d4?s=96&d=mm&r=g","caption":"Encontra Itajub\u00e1"},"url":"https:\/\/www.encontraminasgerais.com.br\/itajuba\/author\/eitajuba\/"}]}},"_links":{"self":[{"href":"https:\/\/www.encontraminasgerais.com.br\/itajuba\/wp-json\/wp\/v2\/posts\/4896","targetHints":{"allow":["GET"]}}],"collection":[{"href":"https:\/\/www.encontraminasgerais.com.br\/itajuba\/wp-json\/wp\/v2\/posts"}],"about":[{"href":"https:\/\/www.encontraminasgerais.com.br\/itajuba\/wp-json\/wp\/v2\/types\/post"}],"author":[{"embeddable":true,"href":"https:\/\/www.encontraminasgerais.com.br\/itajuba\/wp-json\/wp\/v2\/users\/1"}],"replies":[{"embeddable":true,"href":"https:\/\/www.encontraminasgerais.com.br\/itajuba\/wp-json\/wp\/v2\/comments?post=4896"}],"version-history":[{"count":0,"href":"https:\/\/www.encontraminasgerais.com.br\/itajuba\/wp-json\/wp\/v2\/posts\/4896\/revisions"}],"wp:featuredmedia":[{"embeddable":true,"href":"https:\/\/www.encontraminasgerais.com.br\/itajuba\/wp-json\/wp\/v2\/media\/4895"}],"wp:attachment":[{"href":"https:\/\/www.encontraminasgerais.com.br\/itajuba\/wp-json\/wp\/v2\/media?parent=4896"}],"wp:term":[{"taxonomy":"category","embeddable":true,"href":"https:\/\/www.encontraminasgerais.com.br\/itajuba\/wp-json\/wp\/v2\/categories?post=4896"},{"taxonomy":"post_tag","embeddable":true,"href":"https:\/\/www.encontraminasgerais.com.br\/itajuba\/wp-json\/wp\/v2\/tags?post=4896"}],"curies":[{"name":"wp","href":"https:\/\/api.w.org\/{rel}","templated":true}]}}