{"id":4097,"date":"2025-11-16T07:59:00","date_gmt":"2025-11-16T10:59:00","guid":{"rendered":"https:\/\/www.encontraminasgerais.com.br\/ouro-preto\/solenidades-ufop\/"},"modified":"2025-11-16T07:59:00","modified_gmt":"2025-11-16T10:59:00","slug":"solenidades-ufop","status":"publish","type":"post","link":"https:\/\/www.encontraminasgerais.com.br\/ouro-preto\/solenidades-ufop\/","title":{"rendered":"Solenidades UFOP"},"content":{"rendered":"<h2>Data e Local das Solenidades<\/h2>\n<p>A Universidade Federal de Ouro Preto (UFOP) realizar\u00e1 uma s\u00e9rie de solenidades nos dias <strong>25 e 26 de novembro de 2025<\/strong>. Esses eventos s\u00e3o de grande import\u00e2ncia para a comunidade acad\u00eamica e local, sendo realizados no Centro de Artes e Conven\u00e7\u00f5es da UFOP e na Reitoria. As solenidades t\u00eam como objetivo celebrar conquistas, homenagear personalidades e refor\u00e7ar os la\u00e7os entre a universidade e a sociedade. A din\u00e2mica desses eventos \u00e9 planejada com cuidado, buscando incorporar a participa\u00e7\u00e3o de diversos segmentos da comunidade, refletindo a import\u00e2ncia da institui\u00e7\u00e3o no cen\u00e1rio educacional e cultural do Brasil.<\/p>\n<h2>Homenagem a Personalidades<\/h2>\n<p>Um dos principais focos das solenidades \u00e9 a homenagem a personalidades que se destacaram em suas \u00e1reas de atua\u00e7\u00e3o e que contribu\u00edram significativamente para a sociedade. Neste ano, a UFOP conferir\u00e1 o t\u00edtulo de Doutor Honoris Causa a tr\u00eas figuras proeminentes: <strong>Maca\u00e9 Evaristo<\/strong>, ex-ministra e defensora dos direitos humanos; <strong>Nilm\u00e1rio Miranda<\/strong>, primeiro ministro dos Direitos Humanos do Brasil; e <strong>\u00c2ngelo Oswaldo<\/strong>, ex-prefeito de Ouro Preto e membro da Academia Mineira de Letras. Essa honraria \u00e9 a maior distin\u00e7\u00e3o da universidade e reflete o reconhecimento pelas importantes contribui\u00e7\u00f5es dessas personalidades para as ci\u00eancias, artes e cultura.<\/p>\n<h2>Programa\u00e7\u00e3o do Evento<\/h2>\n<p>A programa\u00e7\u00e3o das solenidades \u00e9 vasta e cuidadosamente estruturada, oferecendo uma variedade de atividades ao longo dos dois dias. No dia <strong>25 de novembro<\/strong>, a cerim\u00f4nia de certifica\u00e7\u00e3o da posse dos diretores das Unidades Acad\u00eamicas est\u00e1 prevista para as <strong>13h<\/strong>, seguido pela sess\u00e3o solene do Conselho Universit\u00e1rio, onde Medalhas UFOP ser\u00e3o entregues a servidores em reconhecimento \u00e0 sua dedica\u00e7\u00e3o e trabalho junto \u00e0 universidade. \u00c0s <strong>18h30<\/strong>, ocorre esta sess\u00e3o solene no mesmo espa\u00e7o. No dia <strong>26 de novembro<\/strong>, a programa\u00e7\u00e3o continua com a inaugura\u00e7\u00e3o do retrato da ex-reitora Cl\u00e1udia Aparecida Marli\u00e9re de Lima na Galeria dos Antigos Reitores, \u00e0s <strong>11h<\/strong>, e finaliza com a solene outorga dos t\u00edtulos \u00e0s <strong>17h30<\/strong>. Essa programa\u00e7\u00e3o completa reflete bem a diversidade e a import\u00e2ncia dos envolvidos e os momentos hist\u00f3ricos que ser\u00e3o celebrados.<\/p>\n<p><img decoding=\"async\" src=\"https:\/\/www.encontraminasgerais.com.br\/ouro-preto\/wp-content\/uploads\/2025\/11\/solenidades-ufop.webp\" alt=\"Solenidades UFOP\" loading=\"lazy\" \/><\/p>\n<h2>Descritivo das Personalidades Homenageadas<\/h2>\n<p>As personalidades homenageadas neste evento s\u00e3o reconhecidas por suas not\u00e1veis contribui\u00e7\u00f5es em suas \u00e1reas de especializa\u00e7\u00e3o. <strong>Maca\u00e9 Evaristo<\/strong>, nascida em 1965, destaca-se pela sua atua\u00e7\u00e3o na educa\u00e7\u00e3o e na defesa dos direitos humanos, onde desempenhou pap\u00e9is chave em diversas governan\u00e7aseducacionais. Al\u00e9m de ser uma influente assistente social e professora, sua trajet\u00f3ria inclui a lideran\u00e7a em programas que garantiram acesso e inclus\u00e3o para minorias no sistema educacional brasileiro. <strong>Nilm\u00e1rio Miranda<\/strong>, que nasceu em 1947, \u00e9 lembrado por sua luta cont\u00ednua pelos direitos humanos e por ter atuado como um pol\u00edtico ativo durante a ditadura militar no Brasil, passando seis anos em situa\u00e7\u00f5es extremas de repress\u00e3o. Sua contribui\u00e7\u00e3o ao campo dos direitos humanos \u00e9 amplamente reconhecida, tornando-se uma refer\u00eancia em v\u00e1rias discuss\u00f5es sociais. J\u00e1 <strong>\u00c2ngelo Oswaldo<\/strong>, com uma carreira pol\u00edtica extensa e de longo alcance, trouxe melhorias significativas \u00e0 cultura local e estadual, ocupando postos importantes que sempre estiveram voltados para a promo\u00e7\u00e3o da cultura e do turismo. Cada um deles, com suas hist\u00f3rias de vida e realiza\u00e7\u00f5es, exemplifica o que a UFOP valoriza em seus homenageados.<\/p>\n<h2>Import\u00e2ncia do T\u00edtulo Honoris Causa<\/h2>\n<p>O t\u00edtulo de Doutor Honoris Causa \u00e9 mais do que uma simples homenagem; \u00e9 um reconhecimento das contribui\u00e7\u00f5es excepcionais de um indiv\u00edduo em prol da sociedade e das ci\u00eancias. Este t\u00edtulo perpetua a verdade cr\u00edvel de que a academia confere valor \u00e0 aplica\u00e7\u00e3o dos conhecimentos em favor da coletividade. Assim, ao conceder essa honraria, a UFOP n\u00e3o apenas celebra os feitos dos homenageados, mas tamb\u00e9m reafirma seu compromisso com a promo\u00e7\u00e3o dos direitos humanos, da justi\u00e7a social e da educa\u00e7\u00e3o inclusiva. O ato de outorgar esse t\u00edtulo \u00e9 um s\u00edmbolo da responsabilidade social que as institui\u00e7\u00f5es de ensino superior t\u00eam no desenvolvimento da sociedade como um todo.<\/p>\n<h2>Vagas Limitadas para Participa\u00e7\u00e3o<\/h2>\n<p>Dada a natureza das solenidades e a necessidade de respeitar as diretrizes de seguran\u00e7a e conforto, a participa\u00e7\u00e3o presencial nos eventos ser\u00e1 limitada. Os interessados devem se inscrever e garantir sua presen\u00e7a, uma vez que o espa\u00e7o f\u00edsico do Centro de Artes e Conven\u00e7\u00f5es e da Reitoria possui um n\u00famero m\u00e1ximo de participantes. Essa \u00e9 uma pr\u00e1tica comum em eventos de grande porte, onde a organiza\u00e7\u00e3o busca assegurar a melhor experi\u00eancia poss\u00edvel para todos os presentes. A inscri\u00e7\u00e3o pr\u00e9via \u00e9 fundamental para que a universidade possa acomodar os convidados adequadamente e garantir que todos tenham a oportunidade de participar destes momentos significativos.<\/p>\n<h2>Transmiss\u00e3o Ao Vivo do Evento<\/h2>\n<p>Para promover a m\u00e1xima inclusividade, as solenidades tamb\u00e9m ser\u00e3o transmitidas ao vivo. Essa iniciativa visa permitir que todos aqueles que n\u00e3o possam comparecer fisicamente aos eventos, devido \u00e0s limita\u00e7\u00f5es de espa\u00e7o ou quaisquer outras raz\u00f5es, ainda possam acompanhar as celebra\u00e7\u00f5es. A transmiss\u00e3o ao vivo \u00e9 uma maneira de incorporar todos os interessados, permitindo que a comunidade acad\u00eamica e o p\u00fablico externo estejam unidos em um momento que \u00e9uar para ser parte da hist\u00f3ria. Assim, a UFOP demonstra seu compromisso em tornar eventos significativos acess\u00edveis a uma audi\u00eancia mais ampla, utilizando a tecnologia para derrubar barreiras geogr\u00e1ficas.<\/p>\n<h2>Certifica\u00e7\u00e3o de Diretores Acad\u00eamicos<\/h2>\n<p>No dia 25 de novembro, \u00e0s <strong>13h<\/strong>, a UFOP realizar\u00e1 a cerim\u00f4nia de certifica\u00e7\u00e3o da posse dos diretores das Unidades Acad\u00eamicas. Este momento \u00e9 crucial n\u00e3o apenas para os novos diretores, mas tamb\u00e9m para a comunidade acad\u00eamica como um todo, pois simboliza uma nova fase de lideran\u00e7a dentro das unidades. Os novos diretores trazem consigo perspectivas e ideias inovadoras que podem contribuir para o desenvolvimento educacional e administrativo da universidade. Essa cerim\u00f4nia \u00e9 uma oportunidade para a comunidade aprender sobre as novas dire\u00e7\u00f5es que esses l\u00edderes pretendem tomar em suas respectivas \u00e1reas, al\u00e9m de reconhecer o trabalho realizado pelos que saem das dire\u00e7\u00f5es acad\u00eamicas. O processo de certifica\u00e7\u00e3o representa, assim, a continuidade do esfor\u00e7o coletivo em busca de uma educa\u00e7\u00e3o ainda mais qualificada e inclusiva.<\/p>\n<h2>Sess\u00e3o Solene do Conselho Universit\u00e1rio<\/h2>\n<p>Uma das partes mais emocionantes das solenidades ser\u00e1 a sess\u00e3o solene do Conselho Universit\u00e1rio, onde Medalhas UFOP ser\u00e3o entregues a servidores que destacaram-se por seu trabalho e dedica\u00e7\u00e3o. As homenagens a esses servidores \u00e9 uma forma de reconhecimento do esfor\u00e7o e comprometimento de todos que fazem parte da institui\u00e7\u00e3o. Durante essa sess\u00e3o, os homenageados t\u00eam a oportunidade de compartilhar momentos de suas trajet\u00f3rias e refletir sobre suas experi\u00eancias, refor\u00e7ando a vis\u00e3o de que o trabalho na universidade n\u00e3o \u00e9 apenas um emprego, mas uma voca\u00e7\u00e3o. Esta celebra\u00e7\u00e3o \u00e9 um convite \u00e0 valoriza\u00e7\u00e3o do v\u00ednculo que une os servidores \u00e0 UFOP e \u00e0 import\u00e2ncia de seu papel na forma\u00e7\u00e3o e na administra\u00e7\u00e3o da institui\u00e7\u00e3o.<\/p>\n<h2>Hist\u00f3ria da Universidade Federal de Ouro Preto<\/h2>\n<p>A Universidade Federal de Ouro Preto, fundada em 1969, \u00e9 uma das institui\u00e7\u00f5es mais respeitadas do Brasil, tendo iniciado sua trajet\u00f3ria como uma das primeiras universidades federais do pa\u00eds. Desde suas origens, a UFOP tem se destacado pela excel\u00eancia em ensino, pesquisa e extens\u00e3o, sendo refer\u00eancia em v\u00e1rias \u00e1reas do conhecimento. O campus hist\u00f3rico, localizado em Ouro Preto, cidade rica em cultura e patrim\u00f4nio, oferece um pano de fundo \u00fanico e inspirador para os estudantes e docentes. A universidade se modernizou ao longo das d\u00e9cadas, adaptando-se \u00e0s exig\u00eancias do s\u00e9culo XXI e buscando sempre inovar. Com o comprometimento em promover a inclus\u00e3o e a diversidade, a UFOP se revela como um espa\u00e7o que n\u00e3o apenas forma profissionais, mas cidad\u00e3os conscientes de suas responsabilidades sociais.<\/p>\n","protected":false},"excerpt":{"rendered":"<p>Solenidades UFOP celebram importantes personalidades e eventos nos dias 25 e 26 de novembro.<\/p>\n","protected":false},"author":1,"featured_media":4096,"comment_status":"open","ping_status":"open","sticky":false,"template":"","format":"standard","meta":{"footnotes":""},"categories":[5],"tags":[],"class_list":["post-4097","post","type-post","status-publish","format-standard","has-post-thumbnail","hentry","category-noticias","has_thumb"],"yoast_head":"<!-- This site is optimized with the Yoast SEO plugin v27.2 - https:\/\/yoast.com\/product\/yoast-seo-wordpress\/ -->\n<title>Solenidades UFOP | Guia Comercial de Ouro Preto MG<\/title>\n<meta name=\"robots\" content=\"index, follow, max-snippet:-1, max-image-preview:large, max-video-preview:-1\" \/>\n<link rel=\"canonical\" href=\"https:\/\/www.encontraminasgerais.com.br\/ouro-preto\/solenidades-ufop\/\" \/>\n<meta property=\"og:locale\" content=\"pt_BR\" \/>\n<meta property=\"og:type\" content=\"article\" \/>\n<meta property=\"og:title\" content=\"Solenidades UFOP | Guia Comercial de Ouro Preto MG\" \/>\n<meta property=\"og:description\" content=\"Solenidades UFOP celebram importantes personalidades e eventos nos dias 25 e 26 de novembro.\" \/>\n<meta property=\"og:url\" content=\"https:\/\/www.encontraminasgerais.com.br\/ouro-preto\/solenidades-ufop\/\" \/>\n<meta property=\"og:site_name\" content=\"Guia Comercial de Ouro Preto MG\" \/>\n<meta property=\"article:published_time\" content=\"2025-11-16T10:59:00+00:00\" \/>\n<meta property=\"og:image\" content=\"https:\/\/www.encontraminasgerais.com.br\/ouro-preto\/wp-content\/uploads\/2025\/11\/solenidades-ufop.webp\" \/>\n<meta name=\"author\" content=\"Encontra Ouro Preto\" \/>\n<meta name=\"twitter:card\" content=\"summary_large_image\" \/>\n<meta name=\"twitter:label1\" content=\"Escrito por\" \/>\n\t<meta name=\"twitter:data1\" content=\"Encontra Ouro Preto\" \/>\n\t<meta name=\"twitter:label2\" content=\"Est. tempo de leitura\" \/>\n\t<meta name=\"twitter:data2\" content=\"7 minutos\" \/>\n<script type=\"application\/ld+json\" class=\"yoast-schema-graph\">{\"@context\":\"https:\/\/schema.org\",\"@graph\":[{\"@type\":\"Article\",\"@id\":\"https:\/\/www.encontraminasgerais.com.br\/ouro-preto\/solenidades-ufop\/#article\",\"isPartOf\":{\"@id\":\"https:\/\/www.encontraminasgerais.com.br\/ouro-preto\/solenidades-ufop\/\"},\"author\":{\"name\":\"Encontra Ouro Preto\",\"@id\":\"https:\/\/www.encontraminasgerais.com.br\/ouro-preto\/#\/schema\/person\/d55d0e79e38dd7d6474efd815b181c4d\"},\"headline\":\"Solenidades UFOP\",\"datePublished\":\"2025-11-16T10:59:00+00:00\",\"mainEntityOfPage\":{\"@id\":\"https:\/\/www.encontraminasgerais.com.br\/ouro-preto\/solenidades-ufop\/\"},\"wordCount\":1346,\"commentCount\":0,\"image\":{\"@id\":\"https:\/\/www.encontraminasgerais.com.br\/ouro-preto\/solenidades-ufop\/#primaryimage\"},\"thumbnailUrl\":\"https:\/\/www.encontraminasgerais.com.br\/ouro-preto\/wp-content\/uploads\/2025\/11\/solenidades-ufop.webp\",\"articleSection\":[\"Not\u00edcias Ouro Preto\"],\"inLanguage\":\"pt-BR\",\"potentialAction\":[{\"@type\":\"CommentAction\",\"name\":\"Comment\",\"target\":[\"https:\/\/www.encontraminasgerais.com.br\/ouro-preto\/solenidades-ufop\/#respond\"]}]},{\"@type\":\"WebPage\",\"@id\":\"https:\/\/www.encontraminasgerais.com.br\/ouro-preto\/solenidades-ufop\/\",\"url\":\"https:\/\/www.encontraminasgerais.com.br\/ouro-preto\/solenidades-ufop\/\",\"name\":\"Solenidades UFOP | Guia Comercial de Ouro Preto MG\",\"isPartOf\":{\"@id\":\"https:\/\/www.encontraminasgerais.com.br\/ouro-preto\/#website\"},\"primaryImageOfPage\":{\"@id\":\"https:\/\/www.encontraminasgerais.com.br\/ouro-preto\/solenidades-ufop\/#primaryimage\"},\"image\":{\"@id\":\"https:\/\/www.encontraminasgerais.com.br\/ouro-preto\/solenidades-ufop\/#primaryimage\"},\"thumbnailUrl\":\"https:\/\/www.encontraminasgerais.com.br\/ouro-preto\/wp-content\/uploads\/2025\/11\/solenidades-ufop.webp\",\"datePublished\":\"2025-11-16T10:59:00+00:00\",\"author\":{\"@id\":\"https:\/\/www.encontraminasgerais.com.br\/ouro-preto\/#\/schema\/person\/d55d0e79e38dd7d6474efd815b181c4d\"},\"inLanguage\":\"pt-BR\",\"potentialAction\":[{\"@type\":\"ReadAction\",\"target\":[\"https:\/\/www.encontraminasgerais.com.br\/ouro-preto\/solenidades-ufop\/\"]}]},{\"@type\":\"ImageObject\",\"inLanguage\":\"pt-BR\",\"@id\":\"https:\/\/www.encontraminasgerais.com.br\/ouro-preto\/solenidades-ufop\/#primaryimage\",\"url\":\"https:\/\/www.encontraminasgerais.com.br\/ouro-preto\/wp-content\/uploads\/2025\/11\/solenidades-ufop.webp\",\"contentUrl\":\"https:\/\/www.encontraminasgerais.com.br\/ouro-preto\/wp-content\/uploads\/2025\/11\/solenidades-ufop.webp\",\"width\":320,\"height\":280,\"caption\":\"Solenidades UFOP\"},{\"@type\":\"WebSite\",\"@id\":\"https:\/\/www.encontraminasgerais.com.br\/ouro-preto\/#website\",\"url\":\"https:\/\/www.encontraminasgerais.com.br\/ouro-preto\/\",\"name\":\"Guia Comercial de Ouro Preto MG\",\"description\":\"O Encontra Ouro Preto \u00e9 o guia mais completo da cidade Ouro Preto com com\u00e9rcios, servi\u00e7os, noticias, jornal, hist\u00f3ria e lazer da cidade.\",\"potentialAction\":[{\"@type\":\"SearchAction\",\"target\":{\"@type\":\"EntryPoint\",\"urlTemplate\":\"https:\/\/www.encontraminasgerais.com.br\/ouro-preto\/?s={search_term_string}\"},\"query-input\":{\"@type\":\"PropertyValueSpecification\",\"valueRequired\":true,\"valueName\":\"search_term_string\"}}],\"inLanguage\":\"pt-BR\"},{\"@type\":\"Person\",\"@id\":\"https:\/\/www.encontraminasgerais.com.br\/ouro-preto\/#\/schema\/person\/d55d0e79e38dd7d6474efd815b181c4d\",\"name\":\"Encontra Ouro Preto\",\"image\":{\"@type\":\"ImageObject\",\"inLanguage\":\"pt-BR\",\"@id\":\"https:\/\/secure.gravatar.com\/avatar\/c50c17820bcf322f0a8fd6b110b8c0918141409dc69076470f6fca5fee70a5d4?s=96&d=mm&r=g\",\"url\":\"https:\/\/secure.gravatar.com\/avatar\/c50c17820bcf322f0a8fd6b110b8c0918141409dc69076470f6fca5fee70a5d4?s=96&d=mm&r=g\",\"contentUrl\":\"https:\/\/secure.gravatar.com\/avatar\/c50c17820bcf322f0a8fd6b110b8c0918141409dc69076470f6fca5fee70a5d4?s=96&d=mm&r=g\",\"caption\":\"Encontra Ouro Preto\"},\"url\":\"https:\/\/www.encontraminasgerais.com.br\/ouro-preto\/author\/encontraouropreto\/\"}]}<\/script>\n<!-- \/ Yoast SEO plugin. -->","yoast_head_json":{"title":"Solenidades UFOP | Guia Comercial de Ouro Preto MG","robots":{"index":"index","follow":"follow","max-snippet":"max-snippet:-1","max-image-preview":"max-image-preview:large","max-video-preview":"max-video-preview:-1"},"canonical":"https:\/\/www.encontraminasgerais.com.br\/ouro-preto\/solenidades-ufop\/","og_locale":"pt_BR","og_type":"article","og_title":"Solenidades UFOP | Guia Comercial de Ouro Preto MG","og_description":"Solenidades UFOP celebram importantes personalidades e eventos nos dias 25 e 26 de novembro.","og_url":"https:\/\/www.encontraminasgerais.com.br\/ouro-preto\/solenidades-ufop\/","og_site_name":"Guia Comercial de Ouro Preto MG","article_published_time":"2025-11-16T10:59:00+00:00","og_image":[{"url":"https:\/\/www.encontraminasgerais.com.br\/ouro-preto\/wp-content\/uploads\/2025\/11\/solenidades-ufop.webp","type":"","width":"","height":""}],"author":"Encontra Ouro Preto","twitter_card":"summary_large_image","twitter_misc":{"Escrito por":"Encontra Ouro Preto","Est. tempo de leitura":"7 minutos"},"schema":{"@context":"https:\/\/schema.org","@graph":[{"@type":"Article","@id":"https:\/\/www.encontraminasgerais.com.br\/ouro-preto\/solenidades-ufop\/#article","isPartOf":{"@id":"https:\/\/www.encontraminasgerais.com.br\/ouro-preto\/solenidades-ufop\/"},"author":{"name":"Encontra Ouro Preto","@id":"https:\/\/www.encontraminasgerais.com.br\/ouro-preto\/#\/schema\/person\/d55d0e79e38dd7d6474efd815b181c4d"},"headline":"Solenidades UFOP","datePublished":"2025-11-16T10:59:00+00:00","mainEntityOfPage":{"@id":"https:\/\/www.encontraminasgerais.com.br\/ouro-preto\/solenidades-ufop\/"},"wordCount":1346,"commentCount":0,"image":{"@id":"https:\/\/www.encontraminasgerais.com.br\/ouro-preto\/solenidades-ufop\/#primaryimage"},"thumbnailUrl":"https:\/\/www.encontraminasgerais.com.br\/ouro-preto\/wp-content\/uploads\/2025\/11\/solenidades-ufop.webp","articleSection":["Not\u00edcias Ouro Preto"],"inLanguage":"pt-BR","potentialAction":[{"@type":"CommentAction","name":"Comment","target":["https:\/\/www.encontraminasgerais.com.br\/ouro-preto\/solenidades-ufop\/#respond"]}]},{"@type":"WebPage","@id":"https:\/\/www.encontraminasgerais.com.br\/ouro-preto\/solenidades-ufop\/","url":"https:\/\/www.encontraminasgerais.com.br\/ouro-preto\/solenidades-ufop\/","name":"Solenidades UFOP | Guia Comercial de Ouro Preto MG","isPartOf":{"@id":"https:\/\/www.encontraminasgerais.com.br\/ouro-preto\/#website"},"primaryImageOfPage":{"@id":"https:\/\/www.encontraminasgerais.com.br\/ouro-preto\/solenidades-ufop\/#primaryimage"},"image":{"@id":"https:\/\/www.encontraminasgerais.com.br\/ouro-preto\/solenidades-ufop\/#primaryimage"},"thumbnailUrl":"https:\/\/www.encontraminasgerais.com.br\/ouro-preto\/wp-content\/uploads\/2025\/11\/solenidades-ufop.webp","datePublished":"2025-11-16T10:59:00+00:00","author":{"@id":"https:\/\/www.encontraminasgerais.com.br\/ouro-preto\/#\/schema\/person\/d55d0e79e38dd7d6474efd815b181c4d"},"inLanguage":"pt-BR","potentialAction":[{"@type":"ReadAction","target":["https:\/\/www.encontraminasgerais.com.br\/ouro-preto\/solenidades-ufop\/"]}]},{"@type":"ImageObject","inLanguage":"pt-BR","@id":"https:\/\/www.encontraminasgerais.com.br\/ouro-preto\/solenidades-ufop\/#primaryimage","url":"https:\/\/www.encontraminasgerais.com.br\/ouro-preto\/wp-content\/uploads\/2025\/11\/solenidades-ufop.webp","contentUrl":"https:\/\/www.encontraminasgerais.com.br\/ouro-preto\/wp-content\/uploads\/2025\/11\/solenidades-ufop.webp","width":320,"height":280,"caption":"Solenidades UFOP"},{"@type":"WebSite","@id":"https:\/\/www.encontraminasgerais.com.br\/ouro-preto\/#website","url":"https:\/\/www.encontraminasgerais.com.br\/ouro-preto\/","name":"Guia Comercial de Ouro Preto MG","description":"O Encontra Ouro Preto \u00e9 o guia mais completo da cidade Ouro Preto com com\u00e9rcios, servi\u00e7os, noticias, jornal, hist\u00f3ria e lazer da cidade.","potentialAction":[{"@type":"SearchAction","target":{"@type":"EntryPoint","urlTemplate":"https:\/\/www.encontraminasgerais.com.br\/ouro-preto\/?s={search_term_string}"},"query-input":{"@type":"PropertyValueSpecification","valueRequired":true,"valueName":"search_term_string"}}],"inLanguage":"pt-BR"},{"@type":"Person","@id":"https:\/\/www.encontraminasgerais.com.br\/ouro-preto\/#\/schema\/person\/d55d0e79e38dd7d6474efd815b181c4d","name":"Encontra Ouro Preto","image":{"@type":"ImageObject","inLanguage":"pt-BR","@id":"https:\/\/secure.gravatar.com\/avatar\/c50c17820bcf322f0a8fd6b110b8c0918141409dc69076470f6fca5fee70a5d4?s=96&d=mm&r=g","url":"https:\/\/secure.gravatar.com\/avatar\/c50c17820bcf322f0a8fd6b110b8c0918141409dc69076470f6fca5fee70a5d4?s=96&d=mm&r=g","contentUrl":"https:\/\/secure.gravatar.com\/avatar\/c50c17820bcf322f0a8fd6b110b8c0918141409dc69076470f6fca5fee70a5d4?s=96&d=mm&r=g","caption":"Encontra Ouro Preto"},"url":"https:\/\/www.encontraminasgerais.com.br\/ouro-preto\/author\/encontraouropreto\/"}]}},"_links":{"self":[{"href":"https:\/\/www.encontraminasgerais.com.br\/ouro-preto\/wp-json\/wp\/v2\/posts\/4097","targetHints":{"allow":["GET"]}}],"collection":[{"href":"https:\/\/www.encontraminasgerais.com.br\/ouro-preto\/wp-json\/wp\/v2\/posts"}],"about":[{"href":"https:\/\/www.encontraminasgerais.com.br\/ouro-preto\/wp-json\/wp\/v2\/types\/post"}],"author":[{"embeddable":true,"href":"https:\/\/www.encontraminasgerais.com.br\/ouro-preto\/wp-json\/wp\/v2\/users\/1"}],"replies":[{"embeddable":true,"href":"https:\/\/www.encontraminasgerais.com.br\/ouro-preto\/wp-json\/wp\/v2\/comments?post=4097"}],"version-history":[{"count":0,"href":"https:\/\/www.encontraminasgerais.com.br\/ouro-preto\/wp-json\/wp\/v2\/posts\/4097\/revisions"}],"wp:featuredmedia":[{"embeddable":true,"href":"https:\/\/www.encontraminasgerais.com.br\/ouro-preto\/wp-json\/wp\/v2\/media\/4096"}],"wp:attachment":[{"href":"https:\/\/www.encontraminasgerais.com.br\/ouro-preto\/wp-json\/wp\/v2\/media?parent=4097"}],"wp:term":[{"taxonomy":"category","embeddable":true,"href":"https:\/\/www.encontraminasgerais.com.br\/ouro-preto\/wp-json\/wp\/v2\/categories?post=4097"},{"taxonomy":"post_tag","embeddable":true,"href":"https:\/\/www.encontraminasgerais.com.br\/ouro-preto\/wp-json\/wp\/v2\/tags?post=4097"}],"curies":[{"name":"wp","href":"https:\/\/api.w.org\/{rel}","templated":true}]}}