{"id":4099,"date":"2025-11-16T11:41:00","date_gmt":"2025-11-16T14:41:00","guid":{"rendered":"https:\/\/www.encontraminasgerais.com.br\/ouro-preto\/paisagem-na-janela-resort-em-ouro-preto-tem-vistas-poeticas-e-cachoeira\/"},"modified":"2025-11-16T11:41:00","modified_gmt":"2025-11-16T14:41:00","slug":"paisagem-na-janela-resort-em-ouro-preto-tem-vistas-poeticas-e-cachoeira","status":"publish","type":"post","link":"https:\/\/www.encontraminasgerais.com.br\/ouro-preto\/paisagem-na-janela-resort-em-ouro-preto-tem-vistas-poeticas-e-cachoeira\/","title":{"rendered":"Paisagem na janela: resort em Ouro Preto tem vistas po\u00e9ticas e cachoeira"},"content":{"rendered":"<h2>Experi\u00eancia \u00danica em Ouro Preto<\/h2>\n<p>A cidade de Ouro Preto, um dos maiores patrim\u00f4nios culturais do Brasil, n\u00e3o \u00e9 apenas conhecida por sua rica hist\u00f3ria, mas tamb\u00e9m por oferecer uma experi\u00eancia \u00fanica que combina cultura, natureza e conforto. O <strong>Vila Gal\u00e9 Collection Ouro Preto<\/strong> \u00e9 um destaque nesse cen\u00e1rio, proporcionando uma hospedagem que une a tradi\u00e7\u00e3o mineira com modernidade e luxo. Localizado a apenas 10 km do centro hist\u00f3rico, o resort \u00e9 um convite para que visitantes se imerjam na beleza e na hist\u00f3ria dessa cidade \u00fanica.<\/p>\n<p>Ao chegar ao <em>Vila Gal\u00e9 Collection<\/em>, os h\u00f3spedes s\u00e3o recebidos por uma arquitetura que preserva elementos hist\u00f3ricos, uma homenagem ao antigo <strong>Col\u00e9gio Salesiano Dom Bosco<\/strong>, onde o hotel est\u00e1 instalado. Este empreendimento renovado tem 365 janelas, cada uma oferecendo uma vista deslumbrante para o entorno montanhoso e as belezas naturais da regi\u00e3o, criando uma atmosfera de tranquilidade e contempla\u00e7\u00e3o.<\/p>\n<p>O resort vai al\u00e9m de uma simples acomoda\u00e7\u00e3o; ele representa um mergulho na cultura local. Cada detalhe, desde a decora\u00e7\u00e3o at\u00e9 o contato com elementos como a gastronomia e as tradi\u00e7\u00f5es mineiras, foi pensado para que os visitantes se sintam parte da rica heran\u00e7a cultural de Minas Gerais. Os h\u00f3spedes podem esperar um atendimento personalizado que faz com que cada estadia seja inesquec\u00edvel, reafirmando o compromisso do Vila Gal\u00e9 com a excel\u00eancia.<\/p>\n<p><img decoding=\"async\" src=\"https:\/\/www.encontraminasgerais.com.br\/ouro-preto\/wp-content\/uploads\/2025\/11\/paisagem-na-janela-resort-em-ouro-preto-tem-vistas-poeticas-e-cachoeira.webp\" alt=\"resort em Ouro Preto\" loading=\"lazy\" \/><\/p>\n<h2>Uma Imers\u00e3o na Hist\u00f3ria<\/h2>\n<p>A hist\u00f3ria de Ouro Preto \u00e9 fascinante e repleta de acontecimentos significativos da \u00e9poca colonial. O <strong>Vila Gal\u00e9 Collection Ouro Preto<\/strong> n\u00e3o \u00e9 apenas um local de descanso, mas um lugar que permite uma imers\u00e3o total nessa narrativa rica. Os visitantes t\u00eam acesso a passeios guiados que exploram a cidade e seus monumentos, como a <strong>Igreja de S\u00e3o Francisco de Assis<\/strong> e o <strong>Teatro Municipal<\/strong>, ambos exemplos de arte barroca que marcam a identidade cultural da cidade.<\/p>\n<p>A hist\u00f3ria da minera\u00e7\u00e3o e da busca pelo ouro s\u00e3o temas centrais na narrativa de Ouro Preto. O resort organiza excurs\u00f5es que levam os h\u00f3spedes a locais hist\u00f3ricos, como as antigas minas e as capelas erigidas pelos primeiros colonizadores. Essas atividades s\u00e3o enriquecedoras, pois proporcionam uma profunda reflex\u00e3o sobre a import\u00e2ncia da cidade na forma\u00e7\u00e3o do Brasil contempor\u00e2neo e ajudam a entender o papel de Minas Gerais na hist\u00f3ria colonial.<\/p>\n<p>Al\u00e9m disso, o museu equestre recentemente inaugurado no resort oferece uma abordagem \u00fanica sobre a hist\u00f3ria militar e a tradi\u00e7\u00e3o da cavalaria em Minas Gerais. Ele abriga um acervo de uniformes e equipamentos hist\u00f3ricos, proporcionando uma vis\u00e3o ainda mais ampla da heran\u00e7a cultural que envolve a cidade e sua popula\u00e7\u00e3o. Essa conex\u00e3o com o passado torna a experi\u00eancia ainda mais rica e significativa.<\/p>\n<h2>O Charme das Su\u00edtes Tem\u00e1ticas<\/h2>\n<p>As acomoda\u00e7\u00f5es do <strong>Vila Gal\u00e9 Collection Ouro Preto<\/strong> v\u00e3o al\u00e9m de simples su\u00edtes; elas s\u00e3o um convite ao descanso com um toque de charme mineiro. O resort disp\u00f5e de 311 su\u00edtes amplas, cada uma projetada para oferecer conforto e uma atmosfera acolhedora. As su\u00edtes s\u00e3o decoradas com elementos que refletem o barroco e a hist\u00f3ria local, criando um ambiente que \u00e9 tanto aut\u00eantico quanto contempor\u00e2neo.<\/p>\n<p>A variedade das su\u00edtes inclui op\u00e7\u00f5es deluxe, familiares e acess\u00edveis, todas equipadas com as comodidades modernas que um viajante exige hoje em dia. A vista da Serra do Espinha\u00e7o, dispon\u00edvel da maioria das janelas, permite que os h\u00f3spedes desfrutem de um panorama espetacular do amanhecer ao entardecer, fazendo da estadia uma experi\u00eancia verdadeiramente memor\u00e1vel.<\/p>\n<p>Al\u00e9m disso, as su\u00edtes s\u00e3o projetadas para proporcionar um descanso de qualidade, com camas confort\u00e1veis e um ambiente silencioso. Cada quarto \u00e9 um santu\u00e1rio que integra o conforto moderno ao esp\u00edrito hist\u00f3rico da cidade, permitindo que os visitantes se sintam em casa e conectados ao patrim\u00f4nio local.<\/p>\n<h2>Atra\u00e7\u00f5es para Toda a Fam\u00edlia<\/h2>\n<p>Um dos pontos altos do <strong>Vila Gal\u00e9 Collection Ouro Preto<\/strong> \u00e9 a diversidade de atra\u00e7\u00f5es que atende a todas as idades, tornando-o um destino ideal para fam\u00edlias. O resort conta com uma estrutura de lazer completa, com cinco piscinas aquecidas, incluindo uma \u00e1rea dedicada \u00e0s crian\u00e7as. O parque aqu\u00e1tico infantil \u00e9 um verdadeiro sucesso entre os pequenos, proporcionando momentos de divers\u00e3o em um ambiente seguro e gracioso.<\/p>\n<p>Os adultos, por sua vez, podem relaxar em um spa ou explorar as trilhas e a natureza exuberante que cercam o resort. As atividades ao ar livre s\u00e3o abundantemente oferecidas, como passeios a cavalo, caminhadas guiadas e circuitos de bicicleta, promovendo uma conex\u00e3o profunda com a natureza e a cultura locais.<\/p>\n<p>O <strong>Centro Equestre<\/strong>, que abriga cavalos da ra\u00e7a Lusitana, oferece experi\u00eancias \u00fanicas para os amantes de equita\u00e7\u00e3o. Os h\u00f3spedes podem participar de passeios a cavalo por trilhas pitorescas, conhecendo mais sobre a fauna e a flora locais, al\u00e9m de aprender a cuidar e montar os cavalos. Essas experi\u00eancias n\u00e3o apenas divertem, mas tamb\u00e9m educam, proporcionando um entendimento mais profundo sobre a cultura e a tradi\u00e7\u00e3o de Minas Gerais.<\/p>\n<h2>Gastronomia com Sabor Mineiro<\/h2>\n<p>Um aspecto essencial da estadia no <strong>Vila Gal\u00e9 Collection Ouro Preto<\/strong> \u00e9 a experi\u00eancia gastron\u00f4mica. O resort oferece tr\u00eas restaurantes que celebram a rica culin\u00e1ria mineira, assim como a tradi\u00e7\u00e3o portuguesa e op\u00e7\u00f5es internacionais. Cada restaurante tem um card\u00e1pio cuidadosamente elaborado, que inclui pratos t\u00edpicos, como o famoso tutu \u00e0 mineira e o queijo canastra.<\/p>\n<p>A proposta gastron\u00f4mica busca valorizar os ingredientes locais, e muitos dos produtos utilizados v\u00eam de propriedades vizinhas, estimulando a economia regional e garantindo frescor nas prepara\u00e7\u00f5es. Os h\u00f3spedes podem degustar petiscos saborosos acompanhados de cacha\u00e7as premiadas nos bares do resort, criando uma verdadeira festa de sabores.<\/p>\n<p>Al\u00e9m disso, o resort introduziu olivais e vinhedos pr\u00f3prios, uma novidade que permitir\u00e1 a produ\u00e7\u00e3o de azeites e vinhos de qualidade em breve, simbolizando a uni\u00e3o da heran\u00e7a mineira com a cultura portuguesa. As iniciativas de enologia e produ\u00e7\u00e3o de azeite n\u00e3o s\u00f3 enriquecem a experi\u00eancia gastron\u00f4mica, mas tamb\u00e9m oferecem uma dimens\u00e3o de sustentabilidade e autenticidade que \u00e9 muito valorizada nos dias atuais.<\/p>\n<h2>Centro Equestre e Museu Inovadores<\/h2>\n<p>O <strong>Centro Equestre e Museu Equestre<\/strong> do <strong>Vila Gal\u00e9 Collection Ouro Preto<\/strong> \u00e9 um marco significativo na promo\u00e7\u00e3o da cultura equestre portuguesa em Minas Gerais. Este espa\u00e7o inovador n\u00e3o s\u00f3 preserva a hist\u00f3ria da cavalaria portuguesa, mas tamb\u00e9m se dedica \u00e0 educa\u00e7\u00e3o e \u00e0 participa\u00e7\u00e3o do p\u00fablico em experi\u00eancias relacionadas ao mundo equestre.<\/p>\n<p>Ao visitar o museu, os h\u00f3spedes podem ver uma cole\u00e7\u00e3o extraordin\u00e1ria de artefatos hist\u00f3ricos, incluindo selas, uniformes e documentos que remontam ao s\u00e9culo XVIII. A variedade de exibi\u00e7\u00f5es torna a visita ao museu uma viagem no tempo, proporcionando uma rica compreens\u00e3o do papel da cavalaria na hist\u00f3ria do Brasil.<\/p>\n<p>Al\u00e9m disso, o Centro Equestre oferece programas interativos onde os visitantes podem se envolver ativamente, como aulas de equita\u00e7\u00e3o para iniciantes e tours guiados que informam sobre as tradi\u00e7\u00f5es de manuseio de cavalos na cultura local. Essa abordagem pr\u00e1tica e educativa faz do centro um lugar excepcional para fam\u00edlias e entusiastas dos animais.<\/p>\n<h2>Cachoeira Dom Bosco: Um Para\u00edso Natural<\/h2>\n<p>A Cachoeira Dom Bosco \u00e9 uma das joias naturais que cercam o <strong>Vila Gal\u00e9 Collection Ouro Preto<\/strong>. Localizada em meio a uma exuberante vegeta\u00e7\u00e3o, a cachoeira oferece um cen\u00e1rio perfeito para o ecoturismo. O resort est\u00e1 desenvolvendo uma trilha ecol\u00f3gica de 2,5 km que liga diretamente o complexo \u00e0 cachoeira, proporcionando aos h\u00f3spedes um acesso f\u00e1cil a esse maravilhoso ponto tur\u00edstico.<\/p>\n<p>A trilha \u00e9 uma oportunidade fant\u00e1stica para caminhadas, permitindo que os visitantes explorem a fauna e a flora locais. Com pain\u00e9is interpretativos ao longo do caminho, os h\u00f3spedes aprendem sobre a biodiversidade da regi\u00e3o, enriquecendo a experi\u00eancia. O que n\u00e3o falta \u00e9 o que apreciar, como a vegeta\u00e7\u00e3o nativa e os sons da natureza.<\/p>\n<p>Chegando \u00e0 Cachoeira, os visitantes podem relaxar em um cen\u00e1rio natural espetacular, ideal para piqueniques em fam\u00edlia ou simplesmente para contemplar a beleza do lugar. Esse tipo de conex\u00e3o com a natureza \u00e9 vital, ao mesmo tempo que atende ao crescente interesse por turismo sustent\u00e1vel e ecologicamente respons\u00e1vel.<\/p>\n<h2>Atividades de Ecoturismo Imperd\u00edveis<\/h2>\n<p>O ecoturismo \u00e9 uma das principais caracter\u00edsticas que o <strong>Vila Gal\u00e9 Collection Ouro Preto<\/strong> oferece aos seus visitantes. As atividades propostas incluem passeios de bal\u00e3o, trilhas guiadas e aluguel de bicicletas, permitindo uma descoberta ampla da beleza e dos encantos naturais da regi\u00e3o. Os passeios de bal\u00e3o s\u00e3o uma experi\u00eancia \u00fanica, onde os h\u00f3spedes podem admirar a vista panor\u00e2mica da Serra do Espinha\u00e7o ao amanhecer.<\/p>\n<p>Al\u00e9m disso, o resort proporciona circuitos de quadriciclo por jardins hist\u00f3ricos e cachoeiras vizinhas, uma aventura emocionante para aqueles que buscam um pouco mais de adrenalina durante a estadia. A diversidade de atividades promove n\u00e3o apenas o divertimento, mas tamb\u00e9m a direta conex\u00e3o com o meio ambiente, incentivando pr\u00e1ticas de turismo sustent\u00e1vel.<\/p>\n<p>O compromisso do resort com o ecoturismo \u00e9 evidente em todos os aspectos, desde a educa\u00e7\u00e3o ambiental at\u00e9 a promo\u00e7\u00e3o do turismo respons\u00e1vel. As experi\u00eancias oferecidas s\u00e3o projetadas para sensibilizar os visitantes sobre a import\u00e2ncia da preserva\u00e7\u00e3o ambiental, criando uma consci\u00eancia cr\u00edtica sobre a beleza que Minas Gerais tem a oferecer.<\/p>\n<h2>Eventos e Conven\u00e7\u00f5es em Contexto Hist\u00f3rico<\/h2>\n<p>O <strong>Vila Gal\u00e9 Collection Ouro Preto<\/strong> posiciona-se tamb\u00e9m como um hub para eventos corporativos e culturais, com centros de conven\u00e7\u00f5es que suportam at\u00e9 1.000 pessoas. Estes espa\u00e7os s\u00e3o ideais para congressos, feiras e eventos de grande porte, sempre em um contexto que respira hist\u00f3ria e tradi\u00e7\u00e3o.<\/p>\n<p>Os sal\u00f5es modulares do resort s\u00e3o equipados com tecnologia de ponta, assegurando que as necessidades de eventos modernos sejam atendidas sem perder o charme e a autenticidade da cidade. A ambienta\u00e7\u00e3o proporciona um clima de produtividade e inspira\u00e7\u00e3o, criando um ambiente ideal para troca de ideias e networking.<\/p>\n<p>Al\u00e9m disso, o resort se integra ao calend\u00e1rio cultural de Ouro Preto, oferecendo aos visitantes a oportunidade de viver eventos e festivais locais que ocorrem ao longo do ano. Isso enriquece ainda mais a experi\u00eancia, pois os h\u00f3spedes podem vivenciar a cultura local de forma intensa, ao mesmo tempo que participam de atividades empresariais.<\/p>\n<h2>Reservas e Hospedagem no Vila Gal\u00e9<\/h2>\n<p>Reservar uma estadia no <strong>Vila Gal\u00e9 Collection Ouro Preto<\/strong> \u00e9 simples e pode ser feito por meio de seu site oficial, onde os h\u00f3spedes podem encontrar informa\u00e7\u00f5es sobre tarifas, disponibilidade e pacotes especiais. A partir de R$ 800 a di\u00e1ria para duas pessoas, incluindo caf\u00e9 da manh\u00e3, a experi\u00eancia de hospedagem se torna n\u00e3o s\u00f3 um convite \u00e0 explora\u00e7\u00e3o da rica hist\u00f3ria da cidade, mas tamb\u00e9m uma oportunidade de aprimorar a qualidade do tempo passado em fam\u00edlia.<\/p>\n<p>Durante a alta temporada, especialmente em dezembro, a ocupa\u00e7\u00e3o do resort j\u00e1 supera 70%. Portanto, \u00e9 aconselh\u00e1vel realizar a reserva com anteced\u00eancia para garantir uma estadia confort\u00e1vel e inesquec\u00edvel.<\/p>\n<p>Ao considerar Ouro Preto como destino de viagem, o <em>Vila Gal\u00e9 Collection<\/em> surge como uma excelente escolha, combinando luxo, cultura e natureza em um s\u00f3 lugar, oferecendo aos visitantes uma experi\u00eancia verdadeiramente inesquec\u00edvel.<\/p>\n","protected":false},"excerpt":{"rendered":"<p>Descubra como o Vila Gal\u00e9 Collection Ouro Preto traz vistas incr\u00edveis e uma cascata deslumbrante.<\/p>\n","protected":false},"author":1,"featured_media":4098,"comment_status":"open","ping_status":"open","sticky":false,"template":"","format":"standard","meta":{"footnotes":""},"categories":[5],"tags":[],"class_list":["post-4099","post","type-post","status-publish","format-standard","has-post-thumbnail","hentry","category-noticias","has_thumb"],"yoast_head":"<!-- This site is optimized with the Yoast SEO plugin v27.2 - https:\/\/yoast.com\/product\/yoast-seo-wordpress\/ -->\n<title>Paisagem na janela: resort em Ouro Preto tem vistas po\u00e9ticas e cachoeira | Guia Comercial de Ouro Preto MG<\/title>\n<meta name=\"robots\" content=\"index, follow, max-snippet:-1, max-image-preview:large, max-video-preview:-1\" \/>\n<link rel=\"canonical\" href=\"https:\/\/www.encontraminasgerais.com.br\/ouro-preto\/paisagem-na-janela-resort-em-ouro-preto-tem-vistas-poeticas-e-cachoeira\/\" \/>\n<meta property=\"og:locale\" content=\"pt_BR\" \/>\n<meta property=\"og:type\" content=\"article\" \/>\n<meta property=\"og:title\" content=\"Paisagem na janela: resort em Ouro Preto tem vistas po\u00e9ticas e cachoeira | Guia Comercial de Ouro Preto MG\" \/>\n<meta property=\"og:description\" content=\"Descubra como o Vila Gal\u00e9 Collection Ouro Preto traz vistas incr\u00edveis e uma cascata deslumbrante.\" \/>\n<meta property=\"og:url\" content=\"https:\/\/www.encontraminasgerais.com.br\/ouro-preto\/paisagem-na-janela-resort-em-ouro-preto-tem-vistas-poeticas-e-cachoeira\/\" \/>\n<meta property=\"og:site_name\" content=\"Guia Comercial de Ouro Preto MG\" \/>\n<meta property=\"article:published_time\" content=\"2025-11-16T14:41:00+00:00\" \/>\n<meta property=\"og:image\" content=\"https:\/\/www.encontraminasgerais.com.br\/ouro-preto\/wp-content\/uploads\/2025\/11\/paisagem-na-janela-resort-em-ouro-preto-tem-vistas-poeticas-e-cachoeira.webp\" \/>\n<meta name=\"author\" content=\"Encontra Ouro Preto\" \/>\n<meta name=\"twitter:card\" content=\"summary_large_image\" \/>\n<meta name=\"twitter:label1\" content=\"Escrito por\" \/>\n\t<meta name=\"twitter:data1\" content=\"Encontra Ouro Preto\" \/>\n\t<meta name=\"twitter:label2\" content=\"Est. tempo de leitura\" \/>\n\t<meta name=\"twitter:data2\" content=\"10 minutos\" \/>\n<script type=\"application\/ld+json\" class=\"yoast-schema-graph\">{\"@context\":\"https:\/\/schema.org\",\"@graph\":[{\"@type\":\"Article\",\"@id\":\"https:\/\/www.encontraminasgerais.com.br\/ouro-preto\/paisagem-na-janela-resort-em-ouro-preto-tem-vistas-poeticas-e-cachoeira\/#article\",\"isPartOf\":{\"@id\":\"https:\/\/www.encontraminasgerais.com.br\/ouro-preto\/paisagem-na-janela-resort-em-ouro-preto-tem-vistas-poeticas-e-cachoeira\/\"},\"author\":{\"name\":\"Encontra Ouro Preto\",\"@id\":\"https:\/\/www.encontraminasgerais.com.br\/ouro-preto\/#\/schema\/person\/d55d0e79e38dd7d6474efd815b181c4d\"},\"headline\":\"Paisagem na janela: resort em Ouro Preto tem vistas po\u00e9ticas e cachoeira\",\"datePublished\":\"2025-11-16T14:41:00+00:00\",\"mainEntityOfPage\":{\"@id\":\"https:\/\/www.encontraminasgerais.com.br\/ouro-preto\/paisagem-na-janela-resort-em-ouro-preto-tem-vistas-poeticas-e-cachoeira\/\"},\"wordCount\":1965,\"commentCount\":0,\"image\":{\"@id\":\"https:\/\/www.encontraminasgerais.com.br\/ouro-preto\/paisagem-na-janela-resort-em-ouro-preto-tem-vistas-poeticas-e-cachoeira\/#primaryimage\"},\"thumbnailUrl\":\"https:\/\/www.encontraminasgerais.com.br\/ouro-preto\/wp-content\/uploads\/2025\/11\/paisagem-na-janela-resort-em-ouro-preto-tem-vistas-poeticas-e-cachoeira.webp\",\"articleSection\":[\"Not\u00edcias Ouro Preto\"],\"inLanguage\":\"pt-BR\",\"potentialAction\":[{\"@type\":\"CommentAction\",\"name\":\"Comment\",\"target\":[\"https:\/\/www.encontraminasgerais.com.br\/ouro-preto\/paisagem-na-janela-resort-em-ouro-preto-tem-vistas-poeticas-e-cachoeira\/#respond\"]}]},{\"@type\":\"WebPage\",\"@id\":\"https:\/\/www.encontraminasgerais.com.br\/ouro-preto\/paisagem-na-janela-resort-em-ouro-preto-tem-vistas-poeticas-e-cachoeira\/\",\"url\":\"https:\/\/www.encontraminasgerais.com.br\/ouro-preto\/paisagem-na-janela-resort-em-ouro-preto-tem-vistas-poeticas-e-cachoeira\/\",\"name\":\"Paisagem na janela: resort em Ouro Preto tem vistas po\u00e9ticas e cachoeira | Guia Comercial de Ouro Preto MG\",\"isPartOf\":{\"@id\":\"https:\/\/www.encontraminasgerais.com.br\/ouro-preto\/#website\"},\"primaryImageOfPage\":{\"@id\":\"https:\/\/www.encontraminasgerais.com.br\/ouro-preto\/paisagem-na-janela-resort-em-ouro-preto-tem-vistas-poeticas-e-cachoeira\/#primaryimage\"},\"image\":{\"@id\":\"https:\/\/www.encontraminasgerais.com.br\/ouro-preto\/paisagem-na-janela-resort-em-ouro-preto-tem-vistas-poeticas-e-cachoeira\/#primaryimage\"},\"thumbnailUrl\":\"https:\/\/www.encontraminasgerais.com.br\/ouro-preto\/wp-content\/uploads\/2025\/11\/paisagem-na-janela-resort-em-ouro-preto-tem-vistas-poeticas-e-cachoeira.webp\",\"datePublished\":\"2025-11-16T14:41:00+00:00\",\"author\":{\"@id\":\"https:\/\/www.encontraminasgerais.com.br\/ouro-preto\/#\/schema\/person\/d55d0e79e38dd7d6474efd815b181c4d\"},\"inLanguage\":\"pt-BR\",\"potentialAction\":[{\"@type\":\"ReadAction\",\"target\":[\"https:\/\/www.encontraminasgerais.com.br\/ouro-preto\/paisagem-na-janela-resort-em-ouro-preto-tem-vistas-poeticas-e-cachoeira\/\"]}]},{\"@type\":\"ImageObject\",\"inLanguage\":\"pt-BR\",\"@id\":\"https:\/\/www.encontraminasgerais.com.br\/ouro-preto\/paisagem-na-janela-resort-em-ouro-preto-tem-vistas-poeticas-e-cachoeira\/#primaryimage\",\"url\":\"https:\/\/www.encontraminasgerais.com.br\/ouro-preto\/wp-content\/uploads\/2025\/11\/paisagem-na-janela-resort-em-ouro-preto-tem-vistas-poeticas-e-cachoeira.webp\",\"contentUrl\":\"https:\/\/www.encontraminasgerais.com.br\/ouro-preto\/wp-content\/uploads\/2025\/11\/paisagem-na-janela-resort-em-ouro-preto-tem-vistas-poeticas-e-cachoeira.webp\",\"width\":320,\"height\":280,\"caption\":\"resort em Ouro Preto\"},{\"@type\":\"WebSite\",\"@id\":\"https:\/\/www.encontraminasgerais.com.br\/ouro-preto\/#website\",\"url\":\"https:\/\/www.encontraminasgerais.com.br\/ouro-preto\/\",\"name\":\"Guia Comercial de Ouro Preto MG\",\"description\":\"O Encontra Ouro Preto \u00e9 o guia mais completo da cidade Ouro Preto com com\u00e9rcios, servi\u00e7os, noticias, jornal, hist\u00f3ria e lazer da cidade.\",\"potentialAction\":[{\"@type\":\"SearchAction\",\"target\":{\"@type\":\"EntryPoint\",\"urlTemplate\":\"https:\/\/www.encontraminasgerais.com.br\/ouro-preto\/?s={search_term_string}\"},\"query-input\":{\"@type\":\"PropertyValueSpecification\",\"valueRequired\":true,\"valueName\":\"search_term_string\"}}],\"inLanguage\":\"pt-BR\"},{\"@type\":\"Person\",\"@id\":\"https:\/\/www.encontraminasgerais.com.br\/ouro-preto\/#\/schema\/person\/d55d0e79e38dd7d6474efd815b181c4d\",\"name\":\"Encontra Ouro Preto\",\"image\":{\"@type\":\"ImageObject\",\"inLanguage\":\"pt-BR\",\"@id\":\"https:\/\/secure.gravatar.com\/avatar\/c50c17820bcf322f0a8fd6b110b8c0918141409dc69076470f6fca5fee70a5d4?s=96&d=mm&r=g\",\"url\":\"https:\/\/secure.gravatar.com\/avatar\/c50c17820bcf322f0a8fd6b110b8c0918141409dc69076470f6fca5fee70a5d4?s=96&d=mm&r=g\",\"contentUrl\":\"https:\/\/secure.gravatar.com\/avatar\/c50c17820bcf322f0a8fd6b110b8c0918141409dc69076470f6fca5fee70a5d4?s=96&d=mm&r=g\",\"caption\":\"Encontra Ouro Preto\"},\"url\":\"https:\/\/www.encontraminasgerais.com.br\/ouro-preto\/author\/encontraouropreto\/\"}]}<\/script>\n<!-- \/ Yoast SEO plugin. -->","yoast_head_json":{"title":"Paisagem na janela: resort em Ouro Preto tem vistas po\u00e9ticas e cachoeira | Guia Comercial de Ouro Preto MG","robots":{"index":"index","follow":"follow","max-snippet":"max-snippet:-1","max-image-preview":"max-image-preview:large","max-video-preview":"max-video-preview:-1"},"canonical":"https:\/\/www.encontraminasgerais.com.br\/ouro-preto\/paisagem-na-janela-resort-em-ouro-preto-tem-vistas-poeticas-e-cachoeira\/","og_locale":"pt_BR","og_type":"article","og_title":"Paisagem na janela: resort em Ouro Preto tem vistas po\u00e9ticas e cachoeira | Guia Comercial de Ouro Preto MG","og_description":"Descubra como o Vila Gal\u00e9 Collection Ouro Preto traz vistas incr\u00edveis e uma cascata deslumbrante.","og_url":"https:\/\/www.encontraminasgerais.com.br\/ouro-preto\/paisagem-na-janela-resort-em-ouro-preto-tem-vistas-poeticas-e-cachoeira\/","og_site_name":"Guia Comercial de Ouro Preto MG","article_published_time":"2025-11-16T14:41:00+00:00","og_image":[{"url":"https:\/\/www.encontraminasgerais.com.br\/ouro-preto\/wp-content\/uploads\/2025\/11\/paisagem-na-janela-resort-em-ouro-preto-tem-vistas-poeticas-e-cachoeira.webp","type":"","width":"","height":""}],"author":"Encontra Ouro Preto","twitter_card":"summary_large_image","twitter_misc":{"Escrito por":"Encontra Ouro Preto","Est. tempo de leitura":"10 minutos"},"schema":{"@context":"https:\/\/schema.org","@graph":[{"@type":"Article","@id":"https:\/\/www.encontraminasgerais.com.br\/ouro-preto\/paisagem-na-janela-resort-em-ouro-preto-tem-vistas-poeticas-e-cachoeira\/#article","isPartOf":{"@id":"https:\/\/www.encontraminasgerais.com.br\/ouro-preto\/paisagem-na-janela-resort-em-ouro-preto-tem-vistas-poeticas-e-cachoeira\/"},"author":{"name":"Encontra Ouro Preto","@id":"https:\/\/www.encontraminasgerais.com.br\/ouro-preto\/#\/schema\/person\/d55d0e79e38dd7d6474efd815b181c4d"},"headline":"Paisagem na janela: resort em Ouro Preto tem vistas po\u00e9ticas e cachoeira","datePublished":"2025-11-16T14:41:00+00:00","mainEntityOfPage":{"@id":"https:\/\/www.encontraminasgerais.com.br\/ouro-preto\/paisagem-na-janela-resort-em-ouro-preto-tem-vistas-poeticas-e-cachoeira\/"},"wordCount":1965,"commentCount":0,"image":{"@id":"https:\/\/www.encontraminasgerais.com.br\/ouro-preto\/paisagem-na-janela-resort-em-ouro-preto-tem-vistas-poeticas-e-cachoeira\/#primaryimage"},"thumbnailUrl":"https:\/\/www.encontraminasgerais.com.br\/ouro-preto\/wp-content\/uploads\/2025\/11\/paisagem-na-janela-resort-em-ouro-preto-tem-vistas-poeticas-e-cachoeira.webp","articleSection":["Not\u00edcias Ouro Preto"],"inLanguage":"pt-BR","potentialAction":[{"@type":"CommentAction","name":"Comment","target":["https:\/\/www.encontraminasgerais.com.br\/ouro-preto\/paisagem-na-janela-resort-em-ouro-preto-tem-vistas-poeticas-e-cachoeira\/#respond"]}]},{"@type":"WebPage","@id":"https:\/\/www.encontraminasgerais.com.br\/ouro-preto\/paisagem-na-janela-resort-em-ouro-preto-tem-vistas-poeticas-e-cachoeira\/","url":"https:\/\/www.encontraminasgerais.com.br\/ouro-preto\/paisagem-na-janela-resort-em-ouro-preto-tem-vistas-poeticas-e-cachoeira\/","name":"Paisagem na janela: resort em Ouro Preto tem vistas po\u00e9ticas e cachoeira | Guia Comercial de Ouro Preto MG","isPartOf":{"@id":"https:\/\/www.encontraminasgerais.com.br\/ouro-preto\/#website"},"primaryImageOfPage":{"@id":"https:\/\/www.encontraminasgerais.com.br\/ouro-preto\/paisagem-na-janela-resort-em-ouro-preto-tem-vistas-poeticas-e-cachoeira\/#primaryimage"},"image":{"@id":"https:\/\/www.encontraminasgerais.com.br\/ouro-preto\/paisagem-na-janela-resort-em-ouro-preto-tem-vistas-poeticas-e-cachoeira\/#primaryimage"},"thumbnailUrl":"https:\/\/www.encontraminasgerais.com.br\/ouro-preto\/wp-content\/uploads\/2025\/11\/paisagem-na-janela-resort-em-ouro-preto-tem-vistas-poeticas-e-cachoeira.webp","datePublished":"2025-11-16T14:41:00+00:00","author":{"@id":"https:\/\/www.encontraminasgerais.com.br\/ouro-preto\/#\/schema\/person\/d55d0e79e38dd7d6474efd815b181c4d"},"inLanguage":"pt-BR","potentialAction":[{"@type":"ReadAction","target":["https:\/\/www.encontraminasgerais.com.br\/ouro-preto\/paisagem-na-janela-resort-em-ouro-preto-tem-vistas-poeticas-e-cachoeira\/"]}]},{"@type":"ImageObject","inLanguage":"pt-BR","@id":"https:\/\/www.encontraminasgerais.com.br\/ouro-preto\/paisagem-na-janela-resort-em-ouro-preto-tem-vistas-poeticas-e-cachoeira\/#primaryimage","url":"https:\/\/www.encontraminasgerais.com.br\/ouro-preto\/wp-content\/uploads\/2025\/11\/paisagem-na-janela-resort-em-ouro-preto-tem-vistas-poeticas-e-cachoeira.webp","contentUrl":"https:\/\/www.encontraminasgerais.com.br\/ouro-preto\/wp-content\/uploads\/2025\/11\/paisagem-na-janela-resort-em-ouro-preto-tem-vistas-poeticas-e-cachoeira.webp","width":320,"height":280,"caption":"resort em Ouro Preto"},{"@type":"WebSite","@id":"https:\/\/www.encontraminasgerais.com.br\/ouro-preto\/#website","url":"https:\/\/www.encontraminasgerais.com.br\/ouro-preto\/","name":"Guia Comercial de Ouro Preto MG","description":"O Encontra Ouro Preto \u00e9 o guia mais completo da cidade Ouro Preto com com\u00e9rcios, servi\u00e7os, noticias, jornal, hist\u00f3ria e lazer da cidade.","potentialAction":[{"@type":"SearchAction","target":{"@type":"EntryPoint","urlTemplate":"https:\/\/www.encontraminasgerais.com.br\/ouro-preto\/?s={search_term_string}"},"query-input":{"@type":"PropertyValueSpecification","valueRequired":true,"valueName":"search_term_string"}}],"inLanguage":"pt-BR"},{"@type":"Person","@id":"https:\/\/www.encontraminasgerais.com.br\/ouro-preto\/#\/schema\/person\/d55d0e79e38dd7d6474efd815b181c4d","name":"Encontra Ouro Preto","image":{"@type":"ImageObject","inLanguage":"pt-BR","@id":"https:\/\/secure.gravatar.com\/avatar\/c50c17820bcf322f0a8fd6b110b8c0918141409dc69076470f6fca5fee70a5d4?s=96&d=mm&r=g","url":"https:\/\/secure.gravatar.com\/avatar\/c50c17820bcf322f0a8fd6b110b8c0918141409dc69076470f6fca5fee70a5d4?s=96&d=mm&r=g","contentUrl":"https:\/\/secure.gravatar.com\/avatar\/c50c17820bcf322f0a8fd6b110b8c0918141409dc69076470f6fca5fee70a5d4?s=96&d=mm&r=g","caption":"Encontra Ouro Preto"},"url":"https:\/\/www.encontraminasgerais.com.br\/ouro-preto\/author\/encontraouropreto\/"}]}},"_links":{"self":[{"href":"https:\/\/www.encontraminasgerais.com.br\/ouro-preto\/wp-json\/wp\/v2\/posts\/4099","targetHints":{"allow":["GET"]}}],"collection":[{"href":"https:\/\/www.encontraminasgerais.com.br\/ouro-preto\/wp-json\/wp\/v2\/posts"}],"about":[{"href":"https:\/\/www.encontraminasgerais.com.br\/ouro-preto\/wp-json\/wp\/v2\/types\/post"}],"author":[{"embeddable":true,"href":"https:\/\/www.encontraminasgerais.com.br\/ouro-preto\/wp-json\/wp\/v2\/users\/1"}],"replies":[{"embeddable":true,"href":"https:\/\/www.encontraminasgerais.com.br\/ouro-preto\/wp-json\/wp\/v2\/comments?post=4099"}],"version-history":[{"count":0,"href":"https:\/\/www.encontraminasgerais.com.br\/ouro-preto\/wp-json\/wp\/v2\/posts\/4099\/revisions"}],"wp:featuredmedia":[{"embeddable":true,"href":"https:\/\/www.encontraminasgerais.com.br\/ouro-preto\/wp-json\/wp\/v2\/media\/4098"}],"wp:attachment":[{"href":"https:\/\/www.encontraminasgerais.com.br\/ouro-preto\/wp-json\/wp\/v2\/media?parent=4099"}],"wp:term":[{"taxonomy":"category","embeddable":true,"href":"https:\/\/www.encontraminasgerais.com.br\/ouro-preto\/wp-json\/wp\/v2\/categories?post=4099"},{"taxonomy":"post_tag","embeddable":true,"href":"https:\/\/www.encontraminasgerais.com.br\/ouro-preto\/wp-json\/wp\/v2\/tags?post=4099"}],"curies":[{"name":"wp","href":"https:\/\/api.w.org\/{rel}","templated":true}]}}