{"id":4101,"date":"2025-11-18T12:07:00","date_gmt":"2025-11-18T15:07:00","guid":{"rendered":"https:\/\/www.encontraminasgerais.com.br\/ouro-preto\/memorial-pink-floyd-de-ouro-preto-recebe-fragmento-original-do-muro-de-berlim-em-cerimonia-historica\/"},"modified":"2025-11-18T12:07:00","modified_gmt":"2025-11-18T15:07:00","slug":"memorial-pink-floyd-de-ouro-preto-recebe-fragmento-original-do-muro-de-berlim-em-cerimonia-historica","status":"publish","type":"post","link":"https:\/\/www.encontraminasgerais.com.br\/ouro-preto\/memorial-pink-floyd-de-ouro-preto-recebe-fragmento-original-do-muro-de-berlim-em-cerimonia-historica\/","title":{"rendered":"Memorial Pink Floyd de Ouro Preto recebe fragmento original do Muro de Berlim em cerim\u00f4nia hist\u00f3rica"},"content":{"rendered":"<h2>A Celebra\u00e7\u00e3o no Memorial Pink Floyd<\/h2>\n<p>O Memorial Pink Floyd, situado na hist\u00f3rica cidade de Ouro Preto, Minas Gerais, \u00e9 um espa\u00e7o que transcende a mera exibi\u00e7\u00e3o de artefatos; \u00e9 um verdadeiro tributo \u00e0 cultura e \u00e0 hist\u00f3ria de uma das bandas mais influentes da m\u00fasica rock. No dia 14 de novembro de 2025, o memorial protagonizou uma cerim\u00f4nia emblem\u00e1tica com a entrega de um fragmento original do Muro de Berlim, um s\u00edmbolo poderoso de divis\u00e3o e, ao mesmo tempo, de uni\u00e3o. Essa celebra\u00e7\u00e3o n\u00e3o s\u00f3 marca a adi\u00e7\u00e3o de mais uma pe\u00e7a significativa ao acervo, mas tamb\u00e9m refor\u00e7a a conex\u00e3o hist\u00f3rica entre a banda e o mural que, durante d\u00e9cadas, separou a Alemanha e simbolizou a Guerra Fria.<\/p>\n<p>A cerim\u00f4nia foi cuidadosamente orquestrada, reunindo f\u00e3s da banda, locais e turistas, todos ansiosos para testemunhar esse momento singular. A entrega do fragmento foi n\u00e3o apenas uma cerim\u00f4nia formal, mas uma celebra\u00e7\u00e3o da m\u00fasica, da hist\u00f3ria e da capacidade que a arte tem de transformar e conectar as pessoas. Esse evento, amplamente divulgado nas redes sociais, especialmente no Instagram, tamb\u00e9m destacou a import\u00e2ncia do memorial como um centro cultural em Ouro Preto, atraindo n\u00e3o apenas f\u00e3s de Pink Floyd, mas todos aqueles interessados em compreender melhor as liga\u00e7\u00f5es entre m\u00fasica, hist\u00f3ria e as mudan\u00e7as sociais ao longo das d\u00e9cadas.<\/p>\n<h2>Significado do Muro de Berlim<\/h2>\n<p>O Muro de Berlim, erguido em 1961, tornou-se um dos \u00edcones mais poderosos da Guerra Fria, simbolizando a divis\u00e3o n\u00e3o apenas entre duas partes de Berlim, mas entre ideologias contrastantes: o capitalismo e o comunismo. Durante os 28 anos em que esteve em vigor, o muro representou a opress\u00e3o e a luta por liberdade e direitos humanos. A sua queda, em 1989, foi um momento de celebra\u00e7\u00e3o global, sinalizando o fim de uma era de conflito e a possibilidade de reunifica\u00e7\u00e3o n\u00e3o apenas da Alemanha, mas de um mundo que parecia eternamente dividido.<\/p>\n<p><img decoding=\"async\" src=\"https:\/\/www.encontraminasgerais.com.br\/ouro-preto\/wp-content\/uploads\/2025\/11\/memorial-pink-floyd-de-ouro-preto-recebe-fragmento-original-do-muro-de-berlim-em-cerimonia-historica.webp\" alt=\"\" loading=\"lazy\" \/><\/p>\n<p>A rela\u00e7\u00e3o do Muro de Berlim com Pink Floyd se torna particularmente relevante ao considerarmos a obra-prima do \u00e1lbum &#8220;The Wall&#8221;. Esta obra aborda temas de isolamento, aliena\u00e7\u00e3o e as barreiras que podemos construir ao nosso redor. A m\u00fasica e o espet\u00e1culo que surgiram desse \u00e1lbum capturaram o esp\u00edrito da \u00e9poca, refletindo as preocupa\u00e7\u00f5es sociais e pol\u00edticas tanto na Europa quanto em outras partes do mundo. O pr\u00f3prio Roger Waters, um dos fundadores da banda, se tornou um porta-voz das causas sociais, usando sua plataforma para discutir e criticar injusti\u00e7as, n\u00e3o apenas em sua m\u00fasica, mas tamb\u00e9m na vida real.<\/p>\n<h2>Hist\u00f3ria do Show &#8216;The Wall&#8217;<\/h2>\n<p>Em 1990, Roger Waters realizou um show monumental intitulado &#8220;The Wall \u2013 Live in Berlin&#8221;. Este evento n\u00e3o foi apenas um concerto; foi uma afirma\u00e7\u00e3o poderosa de que mudan\u00e7as eram poss\u00edveis e que a m\u00fasica poderia ser um catalisador para a liberdade e para os direitos humanos. O espet\u00e1culo foi realizado no mesmo local onde o muro um dia esteve em p\u00e9, e sua mensagem foi clara: as barreiras que separam as pessoas devem ser desmanteladas, e a uni\u00e3o deve prevalecer.<\/p>\n<p>Com uma produ\u00e7\u00e3o grandiosa, este show incluiu uma s\u00e9rie de artistas convidados e destacou a for\u00e7a da colabora\u00e7\u00e3o na busca por um mundo melhor. A performance buscou n\u00e3o apenas entreter, mas tamb\u00e9m provocar reflex\u00e3o sobre a condi\u00e7\u00e3o humana, o que transformou o evento em um marco na hist\u00f3ria do rock e da luta pela liberdade. Ao reproduzir esse evento hist\u00f3rico, o Memorial Pink Floyd continua a manter viva essa mensagem de uni\u00e3o e de luta contra a opress\u00e3o, criando um espa\u00e7o significativo para di\u00e1logos sobre a sociedade contempor\u00e2nea e suas lutas.<\/p>\n<h2>Pe\u00e7as Raras no Acervo<\/h2>\n<p>O Memorial Pink Floyd se destaca por seu acervo not\u00e1vel, que inclui pe\u00e7as raras e aut\u00eanticas ligadas \u00e0 hist\u00f3ria da banda. Cada item na cole\u00e7\u00e3o conta uma hist\u00f3ria, e o fragmento do Muro de Berlim agora acrescenta uma nova camada de profundidade ao relato que o memorial oferece. Outras pe\u00e7as de destaque incluem um aut\u00f3grafo de Roger Waters, obtido pessoalmente por Wesley Floyd, e baquetas autografadas por Nick Mason, o baterista da banda.<\/p>\n<p>Al\u00e9m disso, o memorial possui itens hist\u00f3ricos relacionados ao ic\u00f4nico show &#8220;The Wall&#8221;, realizado no Brasil, como tijolos que tiveram uso durante a apresenta\u00e7\u00e3o. Estes artefatos n\u00e3o apenas atraem os f\u00e3s da banda, mas tamb\u00e9m os estudiosos da hist\u00f3ria, proporcionando um espa\u00e7o onde se pode explorar a intersec\u00e7\u00e3o entre a m\u00fasica, a pol\u00edtica e a cultura popular. A curadoria cuidadosa e a abordagem respeitosa em rela\u00e7\u00e3o a esses itens fazem do Memorial Pink Floyd uma parada obrigat\u00f3ria para qualquer visitante de Ouro Preto.<\/p>\n<h2>A Conex\u00e3o Entre a Banda e a Hist\u00f3ria<\/h2>\n<p>O significado do Memorial Pink Floyd em Ouro Preto \u00e9 profundamente interligado com a hist\u00f3ria da banda e o impacto cultural que ela teve ao longo dos anos. Pink Floyd n\u00e3o \u00e9 apenas uma banda de rock; \u00e9 uma entidade cultural que desafiou conven\u00e7\u00f5es e fez a sociedade refletir sobre quest\u00f5es fundamentais. A m\u00fasica de Pink Floyd, rica em simbolismo e narrativa, tem a capacidade de ressoar em diversas gera\u00e7\u00f5es, e a conex\u00e3o com eventos hist\u00f3ricos, como a queda do Muro de Berlim, refor\u00e7a essa relev\u00e2ncia.<\/p>\n<p>O memorial se torna, assim, um local de encontro onde os jovens podem aprender sobre a hist\u00f3ria recente atrav\u00e9s da lente da m\u00fasica, e os mais velhos podem revisitar mem\u00f3rias de tempos passados, unindo diferentes gera\u00e7\u00f5es. Atrav\u00e9s desse espa\u00e7o, o legado de Pink Floyd continua vivo, incentivando debates sobre liberdade, individualidade e os desafios que ainda persistem em nossa sociedade.<\/p>\n<h2>Cerim\u00f4nia de Entrega ao Vivo<\/h2>\n<p>Uma das caracter\u00edsticas marcantes da cerim\u00f4nia foi sua transmiss\u00e3o ao vivo pelo Instagram, permitindo que f\u00e3s de todo o mundo participassem desse evento hist\u00f3rico em tempo real. Esta abordagem moderna n\u00e3o apenas ampliou o alcance da cerim\u00f4nia, mas tamb\u00e9m demonstrou como as redes sociais podem ser utilizadas para conectar pessoas em torno de uma causa comum. Durante a transmiss\u00e3o, os organizadores interagiram com os seguidores, promovendo um di\u00e1logo ativo sobre a mensagem por tr\u00e1s do fragmento do Muro de Berlim.<\/p>\n<p>Os coment\u00e1rios de espectadores de diferentes partes do mundo enfatizavam a import\u00e2ncia de manter viva a mem\u00f3ria do passado e a necessidade de continua luta pela liberdade. Este evento transmitiu uma sensa\u00e7\u00e3o de comunidade e pertencimento, refor\u00e7ando a ideia de que a m\u00fasica e a arte t\u00eam o poder de unir pessoas, independentemente de fronteiras geogr\u00e1ficas ou ideol\u00f3gicas.<\/p>\n<h2>O Papel de Wesley Floyd<\/h2>\n<p>Wesley Floyd, o fundador do Memorial Pink Floyd, desempenhou um papel crucial na cria\u00e7\u00e3o deste espa\u00e7o de celebra\u00e7\u00e3o e reflex\u00e3o. Como um colecionador dedicado e f\u00e3 fervoroso da banda, ele n\u00e3o apenas reuniu um acervo impressionante, mas tamb\u00e9m estabeleceu um espa\u00e7o onde a narrativa da banda pode ser explorada e apreciada. Sua paix\u00e3o por Pink Floyd e sua compreens\u00e3o da import\u00e2ncia cultural da banda foram fundamentais para transformar sua vis\u00e3o em realidade.<\/p>\n<p>Atrav\u00e9s do Memorial, Wesley compartilha sua experi\u00eancia e conhecimento sobre a banda, educando visitantes sobre a hist\u00f3ria rica e complexa de Pink Floyd. Seu trabalho n\u00e3o se limita apenas a coletar itens; ele promove eventos, exposi\u00e7\u00f5es e discuss\u00f5es que ajudam a conectar os f\u00e3s com a hist\u00f3ria da m\u00fasica e suas interse\u00e7\u00f5es com eventos hist\u00f3ricos e sociais.<\/p>\n<h2>Impacto Cultural de Ouro Preto<\/h2>\n<p>A cidade de Ouro Preto, al\u00e9m de ser um Patrim\u00f4nio Mundial da UNESCO, \u00e9 um ponto focal para a cultura e a hist\u00f3ria no Brasil. Com ruas de pedra, rica hist\u00f3ria colonial e arquitetura deslumbrante, a cidade oferece um pano de fundo perfeito para um local que homenageia a m\u00fasica e a luta pela liberdade. O Memorial Pink Floyd contribui para o status cultural de Ouro Preto, atraindo turistas e estudiosos de diversas partes do mundo.<\/p>\n<p>Esse espa\u00e7o cultural se torna um ponto de partida para discuss\u00f5es sobre a import\u00e2ncia da m\u00fasica na sociedade, incentivando os visitantes a refletirem sobre o papel que a arte desempenha em suas vidas e em suas comunidades. Al\u00e9m disso, o memorial fomenta o turismo cultural na regi\u00e3o, que se beneficia economicamente com a visita\u00e7\u00e3o e a realiza\u00e7\u00e3o de eventos que promovem a cultura local.<\/p>\n<h2>Como Visitar o Memorial<\/h2>\n<p>Visitar o Memorial Pink Floyd \u00e9 uma experi\u00eancia que oferece mais do que apenas a observa\u00e7\u00e3o de itens de colecionador; \u00e9 uma imers\u00e3o na hist\u00f3ria da m\u00fasica e das lutas sociais. O memorial est\u00e1 localizado em uma regi\u00e3o de f\u00e1cil acesso na cidade de Ouro Preto, e os visitantes podem desfrutar de uma visita guiada que inclui detalhes sobre cada pe\u00e7a do acervo e a hist\u00f3ria da banda.<\/p>\n<p>O memorial tamb\u00e9m realiza eventos peri\u00f3dicos, palestras e exibi\u00e7\u00f5es tempor\u00e1rias que expandem a experi\u00eancia dos visitantes, permitindo uma conex\u00e3o mais profunda com os temas abordados pela banda. \u00c9 recomend\u00e1vel que os visitantes verifiquem a programa\u00e7\u00e3o antes da sua visita para n\u00e3o perderem as oportunidades de participar de discuss\u00f5es e eventos especiais.<\/p>\n<h2>Futuras Atra\u00e7\u00f5es no Memorial<\/h2>\n<p>O futuro do Memorial Pink Floyd parece promissor, com planos para expandir sua programa\u00e7\u00e3o cultural e suas atividades educacionais. Os organizadores est\u00e3o explorando a possibilidade de trazer artistas e palestrantes para discuss\u00f5es que abordem temas de liberdade, criatividade e os desafios atuais enfrentados na sociedade. Al\u00e9m disso, h\u00e1 planos para desenvolver parcerias com escolas e universidades para promover ofertas educacionais que integrem a m\u00fasica como uma ferramenta de aprendizado.<\/p>\n<p>Ao olhar para o futuro, o Memorial Pink Floyd se posiciona n\u00e3o apenas como um espa\u00e7o de celebra\u00e7\u00e3o da hist\u00f3ria da banda, mas tamb\u00e9m como um centro de aprendizado e di\u00e1logo sobre quest\u00f5es sociais, criando um legado duradouro para as gera\u00e7\u00f5es futuras.<\/p>\n","protected":false},"excerpt":{"rendered":"<p>Memorial Pink Floyd de Ouro Preto recebe fragmento hist\u00f3rico do Muro de Berlim.<\/p>\n","protected":false},"author":1,"featured_media":4100,"comment_status":"open","ping_status":"open","sticky":false,"template":"","format":"standard","meta":{"footnotes":""},"categories":[5],"tags":[],"class_list":["post-4101","post","type-post","status-publish","format-standard","has-post-thumbnail","hentry","category-noticias","has_thumb"],"yoast_head":"<!-- This site is optimized with the Yoast SEO plugin v27.2 - https:\/\/yoast.com\/product\/yoast-seo-wordpress\/ -->\n<title>Memorial Pink Floyd de Ouro Preto recebe fragmento original do Muro de Berlim em cerim\u00f4nia hist\u00f3rica | Guia Comercial de Ouro Preto MG<\/title>\n<meta name=\"robots\" content=\"index, follow, max-snippet:-1, max-image-preview:large, max-video-preview:-1\" \/>\n<link rel=\"canonical\" href=\"https:\/\/www.encontraminasgerais.com.br\/ouro-preto\/memorial-pink-floyd-de-ouro-preto-recebe-fragmento-original-do-muro-de-berlim-em-cerimonia-historica\/\" \/>\n<meta property=\"og:locale\" content=\"pt_BR\" \/>\n<meta property=\"og:type\" content=\"article\" \/>\n<meta property=\"og:title\" content=\"Memorial Pink Floyd de Ouro Preto recebe fragmento original do Muro de Berlim em cerim\u00f4nia hist\u00f3rica | Guia Comercial de Ouro Preto MG\" \/>\n<meta property=\"og:description\" content=\"Memorial Pink Floyd de Ouro Preto recebe fragmento hist\u00f3rico do Muro de Berlim.\" \/>\n<meta property=\"og:url\" content=\"https:\/\/www.encontraminasgerais.com.br\/ouro-preto\/memorial-pink-floyd-de-ouro-preto-recebe-fragmento-original-do-muro-de-berlim-em-cerimonia-historica\/\" \/>\n<meta property=\"og:site_name\" content=\"Guia Comercial de Ouro Preto MG\" \/>\n<meta property=\"article:published_time\" content=\"2025-11-18T15:07:00+00:00\" \/>\n<meta property=\"og:image\" content=\"https:\/\/www.encontraminasgerais.com.br\/ouro-preto\/wp-content\/uploads\/2025\/11\/memorial-pink-floyd-de-ouro-preto-recebe-fragmento-original-do-muro-de-berlim-em-cerimonia-historica.webp\" \/>\n<meta name=\"author\" content=\"Encontra Ouro Preto\" \/>\n<meta name=\"twitter:card\" content=\"summary_large_image\" \/>\n<meta name=\"twitter:label1\" content=\"Escrito por\" \/>\n\t<meta name=\"twitter:data1\" content=\"Encontra Ouro Preto\" \/>\n\t<meta name=\"twitter:label2\" content=\"Est. tempo de leitura\" \/>\n\t<meta name=\"twitter:data2\" content=\"9 minutos\" \/>\n<script type=\"application\/ld+json\" class=\"yoast-schema-graph\">{\"@context\":\"https:\/\/schema.org\",\"@graph\":[{\"@type\":\"Article\",\"@id\":\"https:\/\/www.encontraminasgerais.com.br\/ouro-preto\/memorial-pink-floyd-de-ouro-preto-recebe-fragmento-original-do-muro-de-berlim-em-cerimonia-historica\/#article\",\"isPartOf\":{\"@id\":\"https:\/\/www.encontraminasgerais.com.br\/ouro-preto\/memorial-pink-floyd-de-ouro-preto-recebe-fragmento-original-do-muro-de-berlim-em-cerimonia-historica\/\"},\"author\":{\"name\":\"Encontra Ouro Preto\",\"@id\":\"https:\/\/www.encontraminasgerais.com.br\/ouro-preto\/#\/schema\/person\/d55d0e79e38dd7d6474efd815b181c4d\"},\"headline\":\"Memorial Pink Floyd de Ouro Preto recebe fragmento original do Muro de Berlim em cerim\u00f4nia hist\u00f3rica\",\"datePublished\":\"2025-11-18T15:07:00+00:00\",\"mainEntityOfPage\":{\"@id\":\"https:\/\/www.encontraminasgerais.com.br\/ouro-preto\/memorial-pink-floyd-de-ouro-preto-recebe-fragmento-original-do-muro-de-berlim-em-cerimonia-historica\/\"},\"wordCount\":1774,\"commentCount\":0,\"image\":{\"@id\":\"https:\/\/www.encontraminasgerais.com.br\/ouro-preto\/memorial-pink-floyd-de-ouro-preto-recebe-fragmento-original-do-muro-de-berlim-em-cerimonia-historica\/#primaryimage\"},\"thumbnailUrl\":\"https:\/\/www.encontraminasgerais.com.br\/ouro-preto\/wp-content\/uploads\/2025\/11\/memorial-pink-floyd-de-ouro-preto-recebe-fragmento-original-do-muro-de-berlim-em-cerimonia-historica.webp\",\"articleSection\":[\"Not\u00edcias Ouro Preto\"],\"inLanguage\":\"pt-BR\",\"potentialAction\":[{\"@type\":\"CommentAction\",\"name\":\"Comment\",\"target\":[\"https:\/\/www.encontraminasgerais.com.br\/ouro-preto\/memorial-pink-floyd-de-ouro-preto-recebe-fragmento-original-do-muro-de-berlim-em-cerimonia-historica\/#respond\"]}]},{\"@type\":\"WebPage\",\"@id\":\"https:\/\/www.encontraminasgerais.com.br\/ouro-preto\/memorial-pink-floyd-de-ouro-preto-recebe-fragmento-original-do-muro-de-berlim-em-cerimonia-historica\/\",\"url\":\"https:\/\/www.encontraminasgerais.com.br\/ouro-preto\/memorial-pink-floyd-de-ouro-preto-recebe-fragmento-original-do-muro-de-berlim-em-cerimonia-historica\/\",\"name\":\"Memorial Pink Floyd de Ouro Preto recebe fragmento original do Muro de Berlim em cerim\u00f4nia hist\u00f3rica | Guia Comercial de Ouro Preto MG\",\"isPartOf\":{\"@id\":\"https:\/\/www.encontraminasgerais.com.br\/ouro-preto\/#website\"},\"primaryImageOfPage\":{\"@id\":\"https:\/\/www.encontraminasgerais.com.br\/ouro-preto\/memorial-pink-floyd-de-ouro-preto-recebe-fragmento-original-do-muro-de-berlim-em-cerimonia-historica\/#primaryimage\"},\"image\":{\"@id\":\"https:\/\/www.encontraminasgerais.com.br\/ouro-preto\/memorial-pink-floyd-de-ouro-preto-recebe-fragmento-original-do-muro-de-berlim-em-cerimonia-historica\/#primaryimage\"},\"thumbnailUrl\":\"https:\/\/www.encontraminasgerais.com.br\/ouro-preto\/wp-content\/uploads\/2025\/11\/memorial-pink-floyd-de-ouro-preto-recebe-fragmento-original-do-muro-de-berlim-em-cerimonia-historica.webp\",\"datePublished\":\"2025-11-18T15:07:00+00:00\",\"author\":{\"@id\":\"https:\/\/www.encontraminasgerais.com.br\/ouro-preto\/#\/schema\/person\/d55d0e79e38dd7d6474efd815b181c4d\"},\"inLanguage\":\"pt-BR\",\"potentialAction\":[{\"@type\":\"ReadAction\",\"target\":[\"https:\/\/www.encontraminasgerais.com.br\/ouro-preto\/memorial-pink-floyd-de-ouro-preto-recebe-fragmento-original-do-muro-de-berlim-em-cerimonia-historica\/\"]}]},{\"@type\":\"ImageObject\",\"inLanguage\":\"pt-BR\",\"@id\":\"https:\/\/www.encontraminasgerais.com.br\/ouro-preto\/memorial-pink-floyd-de-ouro-preto-recebe-fragmento-original-do-muro-de-berlim-em-cerimonia-historica\/#primaryimage\",\"url\":\"https:\/\/www.encontraminasgerais.com.br\/ouro-preto\/wp-content\/uploads\/2025\/11\/memorial-pink-floyd-de-ouro-preto-recebe-fragmento-original-do-muro-de-berlim-em-cerimonia-historica.webp\",\"contentUrl\":\"https:\/\/www.encontraminasgerais.com.br\/ouro-preto\/wp-content\/uploads\/2025\/11\/memorial-pink-floyd-de-ouro-preto-recebe-fragmento-original-do-muro-de-berlim-em-cerimonia-historica.webp\",\"width\":320,\"height\":280},{\"@type\":\"WebSite\",\"@id\":\"https:\/\/www.encontraminasgerais.com.br\/ouro-preto\/#website\",\"url\":\"https:\/\/www.encontraminasgerais.com.br\/ouro-preto\/\",\"name\":\"Guia Comercial de Ouro Preto MG\",\"description\":\"O Encontra Ouro Preto \u00e9 o guia mais completo da cidade Ouro Preto com com\u00e9rcios, servi\u00e7os, noticias, jornal, hist\u00f3ria e lazer da cidade.\",\"potentialAction\":[{\"@type\":\"SearchAction\",\"target\":{\"@type\":\"EntryPoint\",\"urlTemplate\":\"https:\/\/www.encontraminasgerais.com.br\/ouro-preto\/?s={search_term_string}\"},\"query-input\":{\"@type\":\"PropertyValueSpecification\",\"valueRequired\":true,\"valueName\":\"search_term_string\"}}],\"inLanguage\":\"pt-BR\"},{\"@type\":\"Person\",\"@id\":\"https:\/\/www.encontraminasgerais.com.br\/ouro-preto\/#\/schema\/person\/d55d0e79e38dd7d6474efd815b181c4d\",\"name\":\"Encontra Ouro Preto\",\"image\":{\"@type\":\"ImageObject\",\"inLanguage\":\"pt-BR\",\"@id\":\"https:\/\/secure.gravatar.com\/avatar\/c50c17820bcf322f0a8fd6b110b8c0918141409dc69076470f6fca5fee70a5d4?s=96&d=mm&r=g\",\"url\":\"https:\/\/secure.gravatar.com\/avatar\/c50c17820bcf322f0a8fd6b110b8c0918141409dc69076470f6fca5fee70a5d4?s=96&d=mm&r=g\",\"contentUrl\":\"https:\/\/secure.gravatar.com\/avatar\/c50c17820bcf322f0a8fd6b110b8c0918141409dc69076470f6fca5fee70a5d4?s=96&d=mm&r=g\",\"caption\":\"Encontra Ouro Preto\"},\"url\":\"https:\/\/www.encontraminasgerais.com.br\/ouro-preto\/author\/encontraouropreto\/\"}]}<\/script>\n<!-- \/ Yoast SEO plugin. -->","yoast_head_json":{"title":"Memorial Pink Floyd de Ouro Preto recebe fragmento original do Muro de Berlim em cerim\u00f4nia hist\u00f3rica | Guia Comercial de Ouro Preto MG","robots":{"index":"index","follow":"follow","max-snippet":"max-snippet:-1","max-image-preview":"max-image-preview:large","max-video-preview":"max-video-preview:-1"},"canonical":"https:\/\/www.encontraminasgerais.com.br\/ouro-preto\/memorial-pink-floyd-de-ouro-preto-recebe-fragmento-original-do-muro-de-berlim-em-cerimonia-historica\/","og_locale":"pt_BR","og_type":"article","og_title":"Memorial Pink Floyd de Ouro Preto recebe fragmento original do Muro de Berlim em cerim\u00f4nia hist\u00f3rica | Guia Comercial de Ouro Preto MG","og_description":"Memorial Pink Floyd de Ouro Preto recebe fragmento hist\u00f3rico do Muro de Berlim.","og_url":"https:\/\/www.encontraminasgerais.com.br\/ouro-preto\/memorial-pink-floyd-de-ouro-preto-recebe-fragmento-original-do-muro-de-berlim-em-cerimonia-historica\/","og_site_name":"Guia Comercial de Ouro Preto MG","article_published_time":"2025-11-18T15:07:00+00:00","og_image":[{"url":"https:\/\/www.encontraminasgerais.com.br\/ouro-preto\/wp-content\/uploads\/2025\/11\/memorial-pink-floyd-de-ouro-preto-recebe-fragmento-original-do-muro-de-berlim-em-cerimonia-historica.webp","type":"","width":"","height":""}],"author":"Encontra Ouro Preto","twitter_card":"summary_large_image","twitter_misc":{"Escrito por":"Encontra Ouro Preto","Est. tempo de leitura":"9 minutos"},"schema":{"@context":"https:\/\/schema.org","@graph":[{"@type":"Article","@id":"https:\/\/www.encontraminasgerais.com.br\/ouro-preto\/memorial-pink-floyd-de-ouro-preto-recebe-fragmento-original-do-muro-de-berlim-em-cerimonia-historica\/#article","isPartOf":{"@id":"https:\/\/www.encontraminasgerais.com.br\/ouro-preto\/memorial-pink-floyd-de-ouro-preto-recebe-fragmento-original-do-muro-de-berlim-em-cerimonia-historica\/"},"author":{"name":"Encontra Ouro Preto","@id":"https:\/\/www.encontraminasgerais.com.br\/ouro-preto\/#\/schema\/person\/d55d0e79e38dd7d6474efd815b181c4d"},"headline":"Memorial Pink Floyd de Ouro Preto recebe fragmento original do Muro de Berlim em cerim\u00f4nia hist\u00f3rica","datePublished":"2025-11-18T15:07:00+00:00","mainEntityOfPage":{"@id":"https:\/\/www.encontraminasgerais.com.br\/ouro-preto\/memorial-pink-floyd-de-ouro-preto-recebe-fragmento-original-do-muro-de-berlim-em-cerimonia-historica\/"},"wordCount":1774,"commentCount":0,"image":{"@id":"https:\/\/www.encontraminasgerais.com.br\/ouro-preto\/memorial-pink-floyd-de-ouro-preto-recebe-fragmento-original-do-muro-de-berlim-em-cerimonia-historica\/#primaryimage"},"thumbnailUrl":"https:\/\/www.encontraminasgerais.com.br\/ouro-preto\/wp-content\/uploads\/2025\/11\/memorial-pink-floyd-de-ouro-preto-recebe-fragmento-original-do-muro-de-berlim-em-cerimonia-historica.webp","articleSection":["Not\u00edcias Ouro Preto"],"inLanguage":"pt-BR","potentialAction":[{"@type":"CommentAction","name":"Comment","target":["https:\/\/www.encontraminasgerais.com.br\/ouro-preto\/memorial-pink-floyd-de-ouro-preto-recebe-fragmento-original-do-muro-de-berlim-em-cerimonia-historica\/#respond"]}]},{"@type":"WebPage","@id":"https:\/\/www.encontraminasgerais.com.br\/ouro-preto\/memorial-pink-floyd-de-ouro-preto-recebe-fragmento-original-do-muro-de-berlim-em-cerimonia-historica\/","url":"https:\/\/www.encontraminasgerais.com.br\/ouro-preto\/memorial-pink-floyd-de-ouro-preto-recebe-fragmento-original-do-muro-de-berlim-em-cerimonia-historica\/","name":"Memorial Pink Floyd de Ouro Preto recebe fragmento original do Muro de Berlim em cerim\u00f4nia hist\u00f3rica | Guia Comercial de Ouro Preto MG","isPartOf":{"@id":"https:\/\/www.encontraminasgerais.com.br\/ouro-preto\/#website"},"primaryImageOfPage":{"@id":"https:\/\/www.encontraminasgerais.com.br\/ouro-preto\/memorial-pink-floyd-de-ouro-preto-recebe-fragmento-original-do-muro-de-berlim-em-cerimonia-historica\/#primaryimage"},"image":{"@id":"https:\/\/www.encontraminasgerais.com.br\/ouro-preto\/memorial-pink-floyd-de-ouro-preto-recebe-fragmento-original-do-muro-de-berlim-em-cerimonia-historica\/#primaryimage"},"thumbnailUrl":"https:\/\/www.encontraminasgerais.com.br\/ouro-preto\/wp-content\/uploads\/2025\/11\/memorial-pink-floyd-de-ouro-preto-recebe-fragmento-original-do-muro-de-berlim-em-cerimonia-historica.webp","datePublished":"2025-11-18T15:07:00+00:00","author":{"@id":"https:\/\/www.encontraminasgerais.com.br\/ouro-preto\/#\/schema\/person\/d55d0e79e38dd7d6474efd815b181c4d"},"inLanguage":"pt-BR","potentialAction":[{"@type":"ReadAction","target":["https:\/\/www.encontraminasgerais.com.br\/ouro-preto\/memorial-pink-floyd-de-ouro-preto-recebe-fragmento-original-do-muro-de-berlim-em-cerimonia-historica\/"]}]},{"@type":"ImageObject","inLanguage":"pt-BR","@id":"https:\/\/www.encontraminasgerais.com.br\/ouro-preto\/memorial-pink-floyd-de-ouro-preto-recebe-fragmento-original-do-muro-de-berlim-em-cerimonia-historica\/#primaryimage","url":"https:\/\/www.encontraminasgerais.com.br\/ouro-preto\/wp-content\/uploads\/2025\/11\/memorial-pink-floyd-de-ouro-preto-recebe-fragmento-original-do-muro-de-berlim-em-cerimonia-historica.webp","contentUrl":"https:\/\/www.encontraminasgerais.com.br\/ouro-preto\/wp-content\/uploads\/2025\/11\/memorial-pink-floyd-de-ouro-preto-recebe-fragmento-original-do-muro-de-berlim-em-cerimonia-historica.webp","width":320,"height":280},{"@type":"WebSite","@id":"https:\/\/www.encontraminasgerais.com.br\/ouro-preto\/#website","url":"https:\/\/www.encontraminasgerais.com.br\/ouro-preto\/","name":"Guia Comercial de Ouro Preto MG","description":"O Encontra Ouro Preto \u00e9 o guia mais completo da cidade Ouro Preto com com\u00e9rcios, servi\u00e7os, noticias, jornal, hist\u00f3ria e lazer da cidade.","potentialAction":[{"@type":"SearchAction","target":{"@type":"EntryPoint","urlTemplate":"https:\/\/www.encontraminasgerais.com.br\/ouro-preto\/?s={search_term_string}"},"query-input":{"@type":"PropertyValueSpecification","valueRequired":true,"valueName":"search_term_string"}}],"inLanguage":"pt-BR"},{"@type":"Person","@id":"https:\/\/www.encontraminasgerais.com.br\/ouro-preto\/#\/schema\/person\/d55d0e79e38dd7d6474efd815b181c4d","name":"Encontra Ouro Preto","image":{"@type":"ImageObject","inLanguage":"pt-BR","@id":"https:\/\/secure.gravatar.com\/avatar\/c50c17820bcf322f0a8fd6b110b8c0918141409dc69076470f6fca5fee70a5d4?s=96&d=mm&r=g","url":"https:\/\/secure.gravatar.com\/avatar\/c50c17820bcf322f0a8fd6b110b8c0918141409dc69076470f6fca5fee70a5d4?s=96&d=mm&r=g","contentUrl":"https:\/\/secure.gravatar.com\/avatar\/c50c17820bcf322f0a8fd6b110b8c0918141409dc69076470f6fca5fee70a5d4?s=96&d=mm&r=g","caption":"Encontra Ouro Preto"},"url":"https:\/\/www.encontraminasgerais.com.br\/ouro-preto\/author\/encontraouropreto\/"}]}},"_links":{"self":[{"href":"https:\/\/www.encontraminasgerais.com.br\/ouro-preto\/wp-json\/wp\/v2\/posts\/4101","targetHints":{"allow":["GET"]}}],"collection":[{"href":"https:\/\/www.encontraminasgerais.com.br\/ouro-preto\/wp-json\/wp\/v2\/posts"}],"about":[{"href":"https:\/\/www.encontraminasgerais.com.br\/ouro-preto\/wp-json\/wp\/v2\/types\/post"}],"author":[{"embeddable":true,"href":"https:\/\/www.encontraminasgerais.com.br\/ouro-preto\/wp-json\/wp\/v2\/users\/1"}],"replies":[{"embeddable":true,"href":"https:\/\/www.encontraminasgerais.com.br\/ouro-preto\/wp-json\/wp\/v2\/comments?post=4101"}],"version-history":[{"count":0,"href":"https:\/\/www.encontraminasgerais.com.br\/ouro-preto\/wp-json\/wp\/v2\/posts\/4101\/revisions"}],"wp:featuredmedia":[{"embeddable":true,"href":"https:\/\/www.encontraminasgerais.com.br\/ouro-preto\/wp-json\/wp\/v2\/media\/4100"}],"wp:attachment":[{"href":"https:\/\/www.encontraminasgerais.com.br\/ouro-preto\/wp-json\/wp\/v2\/media?parent=4101"}],"wp:term":[{"taxonomy":"category","embeddable":true,"href":"https:\/\/www.encontraminasgerais.com.br\/ouro-preto\/wp-json\/wp\/v2\/categories?post=4101"},{"taxonomy":"post_tag","embeddable":true,"href":"https:\/\/www.encontraminasgerais.com.br\/ouro-preto\/wp-json\/wp\/v2\/tags?post=4101"}],"curies":[{"name":"wp","href":"https:\/\/api.w.org\/{rel}","templated":true}]}}