{"id":4156,"date":"2025-12-16T07:35:00","date_gmt":"2025-12-16T10:35:00","guid":{"rendered":"https:\/\/www.encontraminasgerais.com.br\/ouro-preto\/ouro-preto-deve-ter-um-dia-com-muitas-nuvens-pancadas-de-chuva-e-possivel-queda-de-granizo-neste-sabado-13\/"},"modified":"2025-12-16T07:35:00","modified_gmt":"2025-12-16T10:35:00","slug":"ouro-preto-deve-ter-um-dia-com-muitas-nuvens-pancadas-de-chuva-e-possivel-queda-de-granizo-neste-sabado-13","status":"publish","type":"post","link":"https:\/\/www.encontraminasgerais.com.br\/ouro-preto\/ouro-preto-deve-ter-um-dia-com-muitas-nuvens-pancadas-de-chuva-e-possivel-queda-de-granizo-neste-sabado-13\/","title":{"rendered":"Ouro Preto deve ter um dia com muitas nuvens pancadas de chuva e poss\u00edvel queda de granizo neste s\u00e1bado (13)"},"content":{"rendered":"<h2>Expectativa de Pancadas de \u00c1gua durante o Dia<\/h2>\n<p>Hoje, Ouro Preto se prepara para um dia caracterizado por<strong> pancadas de chuva<\/strong> ao longo de v\u00e1rias horas. Isso se deve \u00e0 presen\u00e7a de um sistema de baixa press\u00e3o atmosf\u00e9rica que influencia a regi\u00e3o, misturando condi\u00e7\u00f5es quentes e \u00famidas, propensas a gerar chuvas repentinas. Os meteorologistas preveem que as precipita\u00e7\u00f5es podem se intensificar especialmente nas horas da tarde, atingindo o pico na transi\u00e7\u00e3o para a noite. Em hor\u00e1rios espec\u00edficos, como entre 14h e 17h, \u00e9 previsto que a intensidade das chuvas aumente, podendo ocasionar alagamentos em pontos cr\u00edticos da cidade.<\/p>\n<p>A recomenda\u00e7\u00e3o aos moradores \u00e9 que se preparem para essas poss\u00edveis interdi\u00e7\u00f5es tempor\u00e1rias e que mantenham aten\u00e7\u00e3o \u00e0s altera\u00e7\u00f5es nas condi\u00e7\u00f5es meteorol\u00f3gicas. \u00c9 prudente ficar de olho em atualiza\u00e7\u00f5es de tempo real das autoridades meteorol\u00f3gicas e de emerg\u00eancia local, que frequentemente emitem alertas sobre as condi\u00e7\u00f5es do clima. Al\u00e9m disso, chuva forte n\u00e3o apenas afeta o cotidiano, mas tamb\u00e9m a mobilidade urbana, podendo influenciar na rotina das escolas e do trabalho. Portanto, levar guarda-chuvas ou capas de chuva \u00e9 uma medida sensata.<\/p>\n<h2>An\u00e1lise da Umidade Relativa do Ar<\/h2>\n<p>A umidade relativa do ar em Ouro Preto, durante este dia, \u00e9 um fator que complementa o aspecto das pancadas de chuva. Prev\u00ea-se que a umidade atinja valores pr\u00f3ximos de <strong>100%<\/strong> em determinados momentos, especialmente durante a manh\u00e3 e \u00e0 noite, quando o ar frio se condensa. Um ambiente \u00famido n\u00e3o apenas propicia o conforto t\u00e9rmico, mas tamb\u00e9m pode aumentar a sensa\u00e7\u00e3o de calor durante o dia, especialmente nas horas em que as temperaturas se elevam.<\/p>\n<p>Essa alta umidade costuma ser um sinal de que as chuvas est\u00e3o por vir, visto que o ar mais quente e \u00famido pode ser for\u00e7ado a subir, resfriando e condensando-se em gotas de \u00e1gua. Esse fen\u00f4meno \u00e9 observado claramente em Ouro Preto, onde a altitude e a localiza\u00e7\u00e3o geogr\u00e1fica contribuem para a forma\u00e7\u00e3o de microclimas que afetam diretamente a umidade do ar. Mantenha sempre um calend\u00e1rio atualizado sobre a previs\u00e3o do tempo para que voc\u00ea possa planejar suas atividades externas de acordo com a umidade esperada, evitando assim o desconforto de eventos clim\u00e1ticos inesperados.<\/p>\n<h2>Dire\u00e7\u00e3o e Intensidade do Vento<\/h2>\n<p>A dire\u00e7\u00e3o e a intensidade do vento em Ouro Preto hoje tamb\u00e9m desempenham um papel crucial nas condi\u00e7\u00f5es clim\u00e1ticas. A estimativa \u00e9 que os ventos sejam predominantemente <strong>fracos<\/strong>, soprando do <strong>noroeste para o norte<\/strong>. Com a velocidade m\u00e9dia variando de 10 a 20 km\/h, eles n\u00e3o devem causar grandes perturba\u00e7\u00f5es, mas poder\u00e3o contribuir para a sensa\u00e7\u00e3o de frescor em momentos de calor intenso. A presen\u00e7a de ventos moderados pode ajudar a dispersar algumas nuvens, mas tamb\u00e9m pode aumentar a sensa\u00e7\u00e3o de frio quando a chuva come\u00e7a a cair.<\/p>\n<p>Ao levar em conta a dire\u00e7\u00e3o do vento no planejamento di\u00e1rio, as pessoas podem se preparar melhor para eventuais mudan\u00e7as de temperatura e decidir o que vestir. Al\u00e9m disso, em situa\u00e7\u00f5es em que h\u00e1 risco de chuvas intensas, \u00e9 importante ter cuidado com galhos e outros objetos que possam ser levados pelos ventos durante tempestades. Em servidores de internet e propriedades gerais, o impacto e a dire\u00e7\u00e3o do vento s\u00e3o fatores que ajudam a determinar a necessidade de manuten\u00e7\u00e3o preventiva de telhados e outras estruturas.<\/p>\n<h2>Temperaturas ao Longo do Dia<\/h2>\n<p>As temperaturas em Ouro Preto ir\u00e3o variar entre 18\u00b0C e 32\u00b0C hoje. A temperatura come\u00e7ar\u00e1 em torno de 18\u00b0C na madrugada, caracterizando um in\u00edcio de dia refrescante. Com o passar das horas, o calor se intensifica, alcan\u00e7ando a m\u00e1xima esperada de 32\u00b0C durante a tarde. A diferen\u00e7a nas temperaturas da manh\u00e3 e da tarde \u00e9 um exemplo cl\u00e1ssico do que se chama de <strong>amplitude t\u00e9rmica<\/strong>, uma caracter\u00edstica comum da regi\u00e3o, propiciada pela sua altitude e clima local.<\/p>\n<p>\u00c0 medida que a temperatura sobe, os moradores e visitantes devem estar alertas \u00e0 mudan\u00e7a no clima, especialmente porque a varia\u00e7\u00e3o r\u00e1pida entre frio e calor pode afetar a sa\u00fade. Portanto, o uso de roupa leve pela manh\u00e3 e a adi\u00e7\u00e3o de camadas durante a noite s\u00e3o pr\u00e1ticas recomendadas. O calor v\u00e1rio no dia pode interferir nos planos de atividades ao ar livre, exigindo que as pessoas considerem a melhor hora para realizar passeios, evitando o sol forte do per\u00edodo da tarde e se preparando para a possibilidade de chuvas.<\/p>\n<h2>Comparativo de Dias Anteriores<\/h2>\n<p>Quando observamos o clima de Ouro Preto nos \u00faltimos dias, percebemos uma tend\u00eancia de instabilidades clim\u00e1ticas, com algumas tardes sendo mais chuvosas do que outras. A compara\u00e7\u00e3o com dias anteriores mostra um padr\u00e3o visual nos gr\u00e1ficos de temperatura, umidade e precipita\u00e7\u00e3o. Por exemplo, se nos \u00faltimos tr\u00eas dias teve varia\u00e7\u00f5es como 20\u00b0C a 28\u00b0C, hoje, com uma expectativa de at\u00e9 32\u00b0C, reflete um aumento gradual na temperatura.<\/p>\n<p>Al\u00e9m disso, o dia anterior teve um \u00edndice de chuvas menores, possivelmente dando uma pausa na vegeta\u00e7\u00e3o local antes da nova frente de umidade. Essa altern\u00e2ncia entre chuvas e temperaturas elevadas \u00e9 um aspecto peculiar de Ouro Preto, que se deve ao per\u00edodo de transi\u00e7\u00e3o entre as esta\u00e7\u00f5es. Historicamente, o momento entre o final do ver\u00e3o e o in\u00edcio do outono traz consigo frequentes chuvas, o que influencia a agricultura e as atividades do dia a dia.<\/p>\n<h2>Efeitos das Condi\u00e7\u00f5es Clim\u00e1ticas na Regi\u00e3o<\/h2>\n<p>As condi\u00e7\u00f5es clim\u00e1ticas em Ouro Preto t\u00eam efeitos abrangentes sobre v\u00e1rios aspectos da regi\u00e3o. Primeiro, as chuvas s\u00e3o essenciais para a manuten\u00e7\u00e3o da vegeta\u00e7\u00e3o nativa, que, por sua vez, sustenta a fauna local. A agricultura familiar depende muito deste ciclo, pois uma boa quantidade de chuva pode garantir colheitas satisfat\u00f3rias, influenciando diretamente a economia local.<\/p>\n<p>Al\u00e9m disso, os dias de alto calor e umidade contam muito na regularidade dos afazeres e eventos sociais, uma vez que as pessoas s\u00e3o levadas a mudar a rotina em fun\u00e7\u00e3o do clima. Muitos eventos culturais e festivais, que s\u00e3o comuns na cidade hist\u00f3rica, tamb\u00e9m se veem envolvidos nas condi\u00e7\u00f5es clim\u00e1ticas, onde a chuva pode significar a suspens\u00e3o de atividades. Outro aspecto relevante \u00e9 que estas condi\u00e7\u00f5es podem afetar at\u00e9 mesmo o turismo, pois muitos visitantes planejam suas viagens com base nas previs\u00f5es do tempo.<\/p>\n<h2>Previs\u00e3o para os Pr\u00f3ximos Dias<\/h2>\n<p>A previs\u00e3o do tempo para os pr\u00f3ximos dias em Ouro Preto indica que as chuvas continuar\u00e3o a ser uma constante. Amanh\u00e3, haver\u00e1 chuva localizada pela manh\u00e3 e chuviscos \u00e0 tarde, com temperaturas variando entre 19\u00b0C e 30\u00b0C. Na segunda-feira, as condi\u00e7\u00f5es clim\u00e1ticas tendem a piorar com a expectativa de <strong>pancadas fortes e r\u00e1pidas<\/strong>, o que pode gerar complica\u00e7\u00f5es na mobilidade e projetos externos.<\/p>\n<p>A ter\u00e7a-feira e a quarta-feira n\u00e3o apresentam uma melhora significativa, com m\u00ednimas chegando a 16\u00b0C e m\u00e1ximas de 27\u00b0C, mantendo a tend\u00eancia de chuvas. Portanto, \u00e9 recomend\u00e1vel que a popula\u00e7\u00e3o continue atenta \u00e0s previs\u00f5es di\u00e1rias, enquanto se organiza para enfrentar as condi\u00e7\u00f5es que se apresentam. Um planejamento cuidadoso ajuda a minimizar os imprevistos que podem ocorrer devido ao clima.<\/p>\n<h2>Roupas Ideais para o Clima de Hoje<\/h2>\n<p>Diante dessas condi\u00e7\u00f5es clim\u00e1ticas, \u00e9 importante escolher roupas adequadas. Com temperaturas que variam entre calor e chuva, recomenda-se o uso de roupas leves, de tecidos que permitem a respirabilidade do corpo, como algod\u00e3o e linho. Adicionalmente, \u00e9 essencial ter <strong>acess\u00f3rios imperme\u00e1veis<\/strong> \u00e0 m\u00e3o, como capas de chuva e guarda-chuvas, para combater os efeitos das pancadas esperadas. Durante o dia, em \u00e1reas externas, o uso de protetor solar e roupas de mangas longas pode ajudar nos hor\u00e1rios mais quentes, prevenindo a exposi\u00e7\u00e3o direta ao sol.<\/p>\n<p>Nos per\u00edodos mais frios da manh\u00e3 e da noite, roupas de manga longa e um casaco leve podem ser prudentes, principalmente em ambientes que podem ser mais suscet\u00edveis ao vento frio. Est\u00e1 claro que as condi\u00e7\u00f5es clim\u00e1ticas influenciam n\u00e3o apenas a escolha das vestimentas, mas tamb\u00e9m a sensa\u00e7\u00e3o de conforto e bem-estar durante as atividades do dia. Considerar todos esses fatores \u00e9 essencial para garantir que as condi\u00e7\u00f5es clim\u00e1ticas n\u00e3o atrapalhem o dia.<\/p>\n<h2>Como as Mudan\u00e7as Clim\u00e1ticas Afetam a Previs\u00e3o<\/h2>\n<p>As mudan\u00e7as clim\u00e1ticas s\u00e3o uma realidade que est\u00e1 passando a impactar as previs\u00f5es do tempo em Ouro Preto. O aquecimento global tem agregado cada vez mais incertezas nas previs\u00f5es, levando a per\u00edodos de chuvas extremos ou secas prolongadas. Com a presen\u00e7a de derrubadas nas florestas locais e urbaniza\u00e7\u00e3o crescente, observa-se um processo de altera\u00e7\u00e3o nos padr\u00f5es de precipita\u00e7\u00e3o e temperatura.<\/p>\n<p>Os anos recentes trouxeram eventos de chuvas intensas que trazem preocupa\u00e7\u00f5es para as infraestruturas j\u00e1 presentes, revelando a necessidade de planejamento e adapta\u00e7\u00e3o do desenvolvimento urbano. Estruturas de drenagem foram projetadas para suportar um volume de \u00e1gua menor do que o que vem se apresentando em algumas situa\u00e7\u00f5es. Portanto, uma prepara\u00e7\u00e3o adequada \u00e9 fundamental para lidar com os efeitos j\u00e1 evidentes nas condi\u00e7\u00f5es clim\u00e1ticas atuais.<\/p>\n<h2>Hist\u00f3rico de Tempo em Ouro Preto<\/h2>\n<p>Ouro Preto possui um hist\u00f3rico meteorol\u00f3gico rico que proporciona uma base para entender as condi\u00e7\u00f5es clim\u00e1ticas atuais. A cidade, com sua localiza\u00e7\u00e3o em uma regi\u00e3o montanhosa, apresenta um clima que pode ser classificado como tropical de altitude. Isso resulta em um ciclo de chuvas bem definido, predominantemente concentrado entre os meses de novembro a mar\u00e7o, onde se observa um aumento da umidade e da temperatura.<\/p>\n<p>Baseando-se nos registros hist\u00f3ricos, \u00e9 poss\u00edvel notar que as tempestades de ver\u00e3o s\u00e3o frequentes e muitas vezes intensas. Nos anos recentes, fen\u00f4menos como El Ni\u00f1o e La Ni\u00f1a t\u00eam movimentado as expectativas clim\u00e1ticas, fazendo com que o comportamento da chuva mude consideravelmente. O monitoramento continuo dos padr\u00f5es clim\u00e1ticos vem se mostrando essencial para aqueles que dependem do tempo, seja para o com\u00e9rcio, agricultura ou turismo em Ouro Preto. A compreens\u00e3o desse hist\u00f3rico \u00e9 essencial para fazer previs\u00f5es mais acertadas e indicadores que ajudem a popula\u00e7\u00e3o a se preparar para qualquer eventualidade.<\/p>\n","protected":false},"excerpt":{"rendered":"<p>Ouro Preto ter\u00e1 um dia nublado com pancadas de chuva e possibilidade de granizo.<\/p>\n","protected":false},"author":1,"featured_media":0,"comment_status":"open","ping_status":"open","sticky":false,"template":"","format":"standard","meta":{"footnotes":""},"categories":[5],"tags":[],"class_list":["post-4156","post","type-post","status-publish","format-standard","hentry","category-noticias"],"yoast_head":"<!-- This site is optimized with the Yoast SEO plugin v27.2 - https:\/\/yoast.com\/product\/yoast-seo-wordpress\/ -->\n<title>Ouro Preto deve ter um dia com muitas nuvens pancadas de chuva e poss\u00edvel queda de granizo neste s\u00e1bado (13) | Guia Comercial de Ouro Preto MG<\/title>\n<meta name=\"robots\" content=\"index, follow, max-snippet:-1, max-image-preview:large, max-video-preview:-1\" \/>\n<link rel=\"canonical\" href=\"https:\/\/www.encontraminasgerais.com.br\/ouro-preto\/ouro-preto-deve-ter-um-dia-com-muitas-nuvens-pancadas-de-chuva-e-possivel-queda-de-granizo-neste-sabado-13\/\" \/>\n<meta property=\"og:locale\" content=\"pt_BR\" \/>\n<meta property=\"og:type\" content=\"article\" \/>\n<meta property=\"og:title\" content=\"Ouro Preto deve ter um dia com muitas nuvens pancadas de chuva e poss\u00edvel queda de granizo neste s\u00e1bado (13) | Guia Comercial de Ouro Preto MG\" \/>\n<meta property=\"og:description\" content=\"Ouro Preto ter\u00e1 um dia nublado com pancadas de chuva e possibilidade de granizo.\" \/>\n<meta property=\"og:url\" content=\"https:\/\/www.encontraminasgerais.com.br\/ouro-preto\/ouro-preto-deve-ter-um-dia-com-muitas-nuvens-pancadas-de-chuva-e-possivel-queda-de-granizo-neste-sabado-13\/\" \/>\n<meta property=\"og:site_name\" content=\"Guia Comercial de Ouro Preto MG\" \/>\n<meta property=\"article:published_time\" content=\"2025-12-16T10:35:00+00:00\" \/>\n<meta name=\"author\" content=\"Encontra Ouro Preto\" \/>\n<meta name=\"twitter:card\" content=\"summary_large_image\" \/>\n<meta name=\"twitter:label1\" content=\"Escrito por\" \/>\n\t<meta name=\"twitter:data1\" content=\"Encontra Ouro Preto\" \/>\n\t<meta name=\"twitter:label2\" content=\"Est. tempo de leitura\" \/>\n\t<meta name=\"twitter:data2\" content=\"9 minutos\" \/>\n<script type=\"application\/ld+json\" class=\"yoast-schema-graph\">{\"@context\":\"https:\/\/schema.org\",\"@graph\":[{\"@type\":\"Article\",\"@id\":\"https:\/\/www.encontraminasgerais.com.br\/ouro-preto\/ouro-preto-deve-ter-um-dia-com-muitas-nuvens-pancadas-de-chuva-e-possivel-queda-de-granizo-neste-sabado-13\/#article\",\"isPartOf\":{\"@id\":\"https:\/\/www.encontraminasgerais.com.br\/ouro-preto\/ouro-preto-deve-ter-um-dia-com-muitas-nuvens-pancadas-de-chuva-e-possivel-queda-de-granizo-neste-sabado-13\/\"},\"author\":{\"name\":\"Encontra Ouro Preto\",\"@id\":\"https:\/\/www.encontraminasgerais.com.br\/ouro-preto\/#\/schema\/person\/d55d0e79e38dd7d6474efd815b181c4d\"},\"headline\":\"Ouro Preto deve ter um dia com muitas nuvens pancadas de chuva e poss\u00edvel queda de granizo neste s\u00e1bado (13)\",\"datePublished\":\"2025-12-16T10:35:00+00:00\",\"mainEntityOfPage\":{\"@id\":\"https:\/\/www.encontraminasgerais.com.br\/ouro-preto\/ouro-preto-deve-ter-um-dia-com-muitas-nuvens-pancadas-de-chuva-e-possivel-queda-de-granizo-neste-sabado-13\/\"},\"wordCount\":1783,\"commentCount\":0,\"articleSection\":[\"Not\u00edcias Ouro Preto\"],\"inLanguage\":\"pt-BR\",\"potentialAction\":[{\"@type\":\"CommentAction\",\"name\":\"Comment\",\"target\":[\"https:\/\/www.encontraminasgerais.com.br\/ouro-preto\/ouro-preto-deve-ter-um-dia-com-muitas-nuvens-pancadas-de-chuva-e-possivel-queda-de-granizo-neste-sabado-13\/#respond\"]}]},{\"@type\":\"WebPage\",\"@id\":\"https:\/\/www.encontraminasgerais.com.br\/ouro-preto\/ouro-preto-deve-ter-um-dia-com-muitas-nuvens-pancadas-de-chuva-e-possivel-queda-de-granizo-neste-sabado-13\/\",\"url\":\"https:\/\/www.encontraminasgerais.com.br\/ouro-preto\/ouro-preto-deve-ter-um-dia-com-muitas-nuvens-pancadas-de-chuva-e-possivel-queda-de-granizo-neste-sabado-13\/\",\"name\":\"Ouro Preto deve ter um dia com muitas nuvens pancadas de chuva e poss\u00edvel queda de granizo neste s\u00e1bado (13) | Guia Comercial de Ouro Preto MG\",\"isPartOf\":{\"@id\":\"https:\/\/www.encontraminasgerais.com.br\/ouro-preto\/#website\"},\"datePublished\":\"2025-12-16T10:35:00+00:00\",\"author\":{\"@id\":\"https:\/\/www.encontraminasgerais.com.br\/ouro-preto\/#\/schema\/person\/d55d0e79e38dd7d6474efd815b181c4d\"},\"inLanguage\":\"pt-BR\",\"potentialAction\":[{\"@type\":\"ReadAction\",\"target\":[\"https:\/\/www.encontraminasgerais.com.br\/ouro-preto\/ouro-preto-deve-ter-um-dia-com-muitas-nuvens-pancadas-de-chuva-e-possivel-queda-de-granizo-neste-sabado-13\/\"]}]},{\"@type\":\"WebSite\",\"@id\":\"https:\/\/www.encontraminasgerais.com.br\/ouro-preto\/#website\",\"url\":\"https:\/\/www.encontraminasgerais.com.br\/ouro-preto\/\",\"name\":\"Guia Comercial de Ouro Preto MG\",\"description\":\"O Encontra Ouro Preto \u00e9 o guia mais completo da cidade Ouro Preto com com\u00e9rcios, servi\u00e7os, noticias, jornal, hist\u00f3ria e lazer da cidade.\",\"potentialAction\":[{\"@type\":\"SearchAction\",\"target\":{\"@type\":\"EntryPoint\",\"urlTemplate\":\"https:\/\/www.encontraminasgerais.com.br\/ouro-preto\/?s={search_term_string}\"},\"query-input\":{\"@type\":\"PropertyValueSpecification\",\"valueRequired\":true,\"valueName\":\"search_term_string\"}}],\"inLanguage\":\"pt-BR\"},{\"@type\":\"Person\",\"@id\":\"https:\/\/www.encontraminasgerais.com.br\/ouro-preto\/#\/schema\/person\/d55d0e79e38dd7d6474efd815b181c4d\",\"name\":\"Encontra Ouro Preto\",\"image\":{\"@type\":\"ImageObject\",\"inLanguage\":\"pt-BR\",\"@id\":\"https:\/\/secure.gravatar.com\/avatar\/c50c17820bcf322f0a8fd6b110b8c0918141409dc69076470f6fca5fee70a5d4?s=96&d=mm&r=g\",\"url\":\"https:\/\/secure.gravatar.com\/avatar\/c50c17820bcf322f0a8fd6b110b8c0918141409dc69076470f6fca5fee70a5d4?s=96&d=mm&r=g\",\"contentUrl\":\"https:\/\/secure.gravatar.com\/avatar\/c50c17820bcf322f0a8fd6b110b8c0918141409dc69076470f6fca5fee70a5d4?s=96&d=mm&r=g\",\"caption\":\"Encontra Ouro Preto\"},\"url\":\"https:\/\/www.encontraminasgerais.com.br\/ouro-preto\/author\/encontraouropreto\/\"}]}<\/script>\n<!-- \/ Yoast SEO plugin. -->","yoast_head_json":{"title":"Ouro Preto deve ter um dia com muitas nuvens pancadas de chuva e poss\u00edvel queda de granizo neste s\u00e1bado (13) | Guia Comercial de Ouro Preto MG","robots":{"index":"index","follow":"follow","max-snippet":"max-snippet:-1","max-image-preview":"max-image-preview:large","max-video-preview":"max-video-preview:-1"},"canonical":"https:\/\/www.encontraminasgerais.com.br\/ouro-preto\/ouro-preto-deve-ter-um-dia-com-muitas-nuvens-pancadas-de-chuva-e-possivel-queda-de-granizo-neste-sabado-13\/","og_locale":"pt_BR","og_type":"article","og_title":"Ouro Preto deve ter um dia com muitas nuvens pancadas de chuva e poss\u00edvel queda de granizo neste s\u00e1bado (13) | Guia Comercial de Ouro Preto MG","og_description":"Ouro Preto ter\u00e1 um dia nublado com pancadas de chuva e possibilidade de granizo.","og_url":"https:\/\/www.encontraminasgerais.com.br\/ouro-preto\/ouro-preto-deve-ter-um-dia-com-muitas-nuvens-pancadas-de-chuva-e-possivel-queda-de-granizo-neste-sabado-13\/","og_site_name":"Guia Comercial de Ouro Preto MG","article_published_time":"2025-12-16T10:35:00+00:00","author":"Encontra Ouro Preto","twitter_card":"summary_large_image","twitter_misc":{"Escrito por":"Encontra Ouro Preto","Est. tempo de leitura":"9 minutos"},"schema":{"@context":"https:\/\/schema.org","@graph":[{"@type":"Article","@id":"https:\/\/www.encontraminasgerais.com.br\/ouro-preto\/ouro-preto-deve-ter-um-dia-com-muitas-nuvens-pancadas-de-chuva-e-possivel-queda-de-granizo-neste-sabado-13\/#article","isPartOf":{"@id":"https:\/\/www.encontraminasgerais.com.br\/ouro-preto\/ouro-preto-deve-ter-um-dia-com-muitas-nuvens-pancadas-de-chuva-e-possivel-queda-de-granizo-neste-sabado-13\/"},"author":{"name":"Encontra Ouro Preto","@id":"https:\/\/www.encontraminasgerais.com.br\/ouro-preto\/#\/schema\/person\/d55d0e79e38dd7d6474efd815b181c4d"},"headline":"Ouro Preto deve ter um dia com muitas nuvens pancadas de chuva e poss\u00edvel queda de granizo neste s\u00e1bado (13)","datePublished":"2025-12-16T10:35:00+00:00","mainEntityOfPage":{"@id":"https:\/\/www.encontraminasgerais.com.br\/ouro-preto\/ouro-preto-deve-ter-um-dia-com-muitas-nuvens-pancadas-de-chuva-e-possivel-queda-de-granizo-neste-sabado-13\/"},"wordCount":1783,"commentCount":0,"articleSection":["Not\u00edcias Ouro Preto"],"inLanguage":"pt-BR","potentialAction":[{"@type":"CommentAction","name":"Comment","target":["https:\/\/www.encontraminasgerais.com.br\/ouro-preto\/ouro-preto-deve-ter-um-dia-com-muitas-nuvens-pancadas-de-chuva-e-possivel-queda-de-granizo-neste-sabado-13\/#respond"]}]},{"@type":"WebPage","@id":"https:\/\/www.encontraminasgerais.com.br\/ouro-preto\/ouro-preto-deve-ter-um-dia-com-muitas-nuvens-pancadas-de-chuva-e-possivel-queda-de-granizo-neste-sabado-13\/","url":"https:\/\/www.encontraminasgerais.com.br\/ouro-preto\/ouro-preto-deve-ter-um-dia-com-muitas-nuvens-pancadas-de-chuva-e-possivel-queda-de-granizo-neste-sabado-13\/","name":"Ouro Preto deve ter um dia com muitas nuvens pancadas de chuva e poss\u00edvel queda de granizo neste s\u00e1bado (13) | Guia Comercial de Ouro Preto MG","isPartOf":{"@id":"https:\/\/www.encontraminasgerais.com.br\/ouro-preto\/#website"},"datePublished":"2025-12-16T10:35:00+00:00","author":{"@id":"https:\/\/www.encontraminasgerais.com.br\/ouro-preto\/#\/schema\/person\/d55d0e79e38dd7d6474efd815b181c4d"},"inLanguage":"pt-BR","potentialAction":[{"@type":"ReadAction","target":["https:\/\/www.encontraminasgerais.com.br\/ouro-preto\/ouro-preto-deve-ter-um-dia-com-muitas-nuvens-pancadas-de-chuva-e-possivel-queda-de-granizo-neste-sabado-13\/"]}]},{"@type":"WebSite","@id":"https:\/\/www.encontraminasgerais.com.br\/ouro-preto\/#website","url":"https:\/\/www.encontraminasgerais.com.br\/ouro-preto\/","name":"Guia Comercial de Ouro Preto MG","description":"O Encontra Ouro Preto \u00e9 o guia mais completo da cidade Ouro Preto com com\u00e9rcios, servi\u00e7os, noticias, jornal, hist\u00f3ria e lazer da cidade.","potentialAction":[{"@type":"SearchAction","target":{"@type":"EntryPoint","urlTemplate":"https:\/\/www.encontraminasgerais.com.br\/ouro-preto\/?s={search_term_string}"},"query-input":{"@type":"PropertyValueSpecification","valueRequired":true,"valueName":"search_term_string"}}],"inLanguage":"pt-BR"},{"@type":"Person","@id":"https:\/\/www.encontraminasgerais.com.br\/ouro-preto\/#\/schema\/person\/d55d0e79e38dd7d6474efd815b181c4d","name":"Encontra Ouro Preto","image":{"@type":"ImageObject","inLanguage":"pt-BR","@id":"https:\/\/secure.gravatar.com\/avatar\/c50c17820bcf322f0a8fd6b110b8c0918141409dc69076470f6fca5fee70a5d4?s=96&d=mm&r=g","url":"https:\/\/secure.gravatar.com\/avatar\/c50c17820bcf322f0a8fd6b110b8c0918141409dc69076470f6fca5fee70a5d4?s=96&d=mm&r=g","contentUrl":"https:\/\/secure.gravatar.com\/avatar\/c50c17820bcf322f0a8fd6b110b8c0918141409dc69076470f6fca5fee70a5d4?s=96&d=mm&r=g","caption":"Encontra Ouro Preto"},"url":"https:\/\/www.encontraminasgerais.com.br\/ouro-preto\/author\/encontraouropreto\/"}]}},"_links":{"self":[{"href":"https:\/\/www.encontraminasgerais.com.br\/ouro-preto\/wp-json\/wp\/v2\/posts\/4156","targetHints":{"allow":["GET"]}}],"collection":[{"href":"https:\/\/www.encontraminasgerais.com.br\/ouro-preto\/wp-json\/wp\/v2\/posts"}],"about":[{"href":"https:\/\/www.encontraminasgerais.com.br\/ouro-preto\/wp-json\/wp\/v2\/types\/post"}],"author":[{"embeddable":true,"href":"https:\/\/www.encontraminasgerais.com.br\/ouro-preto\/wp-json\/wp\/v2\/users\/1"}],"replies":[{"embeddable":true,"href":"https:\/\/www.encontraminasgerais.com.br\/ouro-preto\/wp-json\/wp\/v2\/comments?post=4156"}],"version-history":[{"count":0,"href":"https:\/\/www.encontraminasgerais.com.br\/ouro-preto\/wp-json\/wp\/v2\/posts\/4156\/revisions"}],"wp:attachment":[{"href":"https:\/\/www.encontraminasgerais.com.br\/ouro-preto\/wp-json\/wp\/v2\/media?parent=4156"}],"wp:term":[{"taxonomy":"category","embeddable":true,"href":"https:\/\/www.encontraminasgerais.com.br\/ouro-preto\/wp-json\/wp\/v2\/categories?post=4156"},{"taxonomy":"post_tag","embeddable":true,"href":"https:\/\/www.encontraminasgerais.com.br\/ouro-preto\/wp-json\/wp\/v2\/tags?post=4156"}],"curies":[{"name":"wp","href":"https:\/\/api.w.org\/{rel}","templated":true}]}}