{"id":4207,"date":"2026-01-14T06:51:57","date_gmt":"2026-01-14T09:51:57","guid":{"rendered":"https:\/\/www.encontraminasgerais.com.br\/ouro-preto\/consorcio-rota-da-liberdade-e-governo-de-minas-assinam-concessao-da-br\/"},"modified":"2026-01-14T06:51:57","modified_gmt":"2026-01-14T09:51:57","slug":"consorcio-rota-da-liberdade-e-governo-de-minas-assinam-concessao-da-br","status":"publish","type":"post","link":"https:\/\/www.encontraminasgerais.com.br\/ouro-preto\/consorcio-rota-da-liberdade-e-governo-de-minas-assinam-concessao-da-br\/","title":{"rendered":"Cons\u00f3rcio Rota da Liberdade e Governo de Minas assinam concess\u00e3o da BR"},"content":{"rendered":"<h2>O que \u00e9 a concess\u00e3o da BR-356?<\/h2>\n<p>A concess\u00e3o da BR-356, especificamente o lote que conecta Ouro Preto a Mariana, foi formalizada entre o <strong>Cons\u00f3rcio Rota da Liberdade<\/strong> e o Governo de Minas Gerais. Iniciada por meio de um leil\u00e3o realizado em setembro de 2025, essa concess\u00e3o visa modernizar e operar cerca de 190 quil\u00f4metros de rodovias que t\u00eam um papel crucial na mobilidade da regi\u00e3o e no desenvolvimento econ\u00f4mico das \u00e1reas circunvizinhas.<\/p>\n<p>A partir da assinatura do contrato realizada em janeiro de 2026, a expectativa \u00e9 que a gest\u00e3o da rodovia se inicie em at\u00e9 60 dias. Este projeto \u00e9 parte de um movimento estrat\u00e9gico para melhorar a infraestrutura rodovi\u00e1ria de Minas Gerais, que, por sua vez, visa facilitar o transporte e melhorar a seguran\u00e7a para motoristas e viajantes.<\/p>\n<p>O governador Romeu Zema e outros altos funcion\u00e1rios, como o vice-governador Mateus Sim\u00f5es, enfatizaram a import\u00e2ncia dessa concess\u00e3o, que se alinha aos esfor\u00e7os de recupera\u00e7\u00e3o e desenvolvimento econ\u00f4mico do estado, al\u00e9m de visibilizar o potencial tur\u00edstico da regi\u00e3o barroca.<\/p>\n<p><img decoding=\"async\" src=\"https:\/\/www.encontraminasgerais.com.br\/ouro-preto\/wp-content\/uploads\/2026\/01\/consorcio-rota-da-liberdade-e-governo-de-minas-assinam-concessao-da-br.webp\" alt=\"Cons\u00f3rcio Rota da Liberdade\" loading=\"lazy\" \/><\/p>\n<h2>Impactos do Cons\u00f3rcio Rota da Liberdade<\/h2>\n<p>O impacto do <strong>Cons\u00f3rcio Rota da Liberdade<\/strong> na regi\u00e3o pode ser visto em v\u00e1rias frentes. Primeiramente, a concess\u00e3o representa um investimento de aproximadamente R$ 5 bilh\u00f5es, sendo R$ 1,7 bilh\u00e3o oriundos do Acordo de Repara\u00e7\u00e3o do Rio Doce, resultante dos desastres ambientais que o estado enfrentou. Este investimento \u00e9 vital n\u00e3o s\u00f3 para a melhoria das estradas, mas tamb\u00e9m para a promo\u00e7\u00e3o de seguran\u00e7a e facilita\u00e7\u00e3o de transporte no local. <\/p>\n<p>Al\u00e9m disso, a expectativa \u00e9 que a opera\u00e7\u00e3o da rodovia n\u00e3o apenas ajude a criar um ambiente mais seguro para os motoristas \u2014 atrav\u00e9s da implanta\u00e7\u00e3o de acostamentos, duplica\u00e7\u00f5es e novos pontos de parada \u2014 mas tamb\u00e9m estimule a economia local, gerando empregos e promovendo o turismo.<\/p>\n<p>Os impactos econ\u00f4micos se estendem \u00e0 cria\u00e7\u00e3o de novas oportunidades de neg\u00f3cios, tanto na cadeia de bens e servi\u00e7os vinculados ao setor de transporte quanto em setores correlatos, como turismo e com\u00e9rcio, atraindo mais visitantes para as ricas cidades hist\u00f3ricas de Ouro Preto e Mariana.<\/p>\n<h2>Como a concess\u00e3o vai impulsionar o turismo?<\/h2>\n<p>A conex\u00e3o entre Ouro Preto e Mariana \u00e9 uma das mais importantes rotas tur\u00edsticas de Minas Gerais, considerando que ambas as cidades s\u00e3o Patrim\u00f4nios Mundiais da UNESCO e abrigam um rico legado hist\u00f3rico e cultural. A concess\u00e3o da BR-356 promete revitalizar essa rota, atrair um maior n\u00famero de visitantes e otimizar o acesso \u00e0s atra\u00e7\u00f5es hist\u00f3ricas e naturais da regi\u00e3o.<\/p>\n<p>Uma das metas do cons\u00f3rcio \u00e9 desenvolver infraestrutura que suporte um fluxo tur\u00edstico crescente, incluindo \u00e1reas de descanso e pontos de apoio para os viajantes. O melhoramento da estrada facilitar\u00e1 visitas a importantes locais hist\u00f3ricos, igrejas barrocas e museus, al\u00e9m de eventos culturais que atraem tanto turistas quanto moradores. Ao facilitar o tr\u00e2nsito de visitantes, espera-se que o turismo se torne um motor de crescimento econ\u00f4mico significativo para a infraestrutura e a revitaliza\u00e7\u00e3o cultural de cidades como Ouro Preto e Mariana.<\/p>\n<h2>Perspectivas de investimentos e melhorias<\/h2>\n<p>Os compromissos deste projeto incluem uma s\u00e9rie de <strong>melhorias significativas<\/strong> na rodovia, tais como:<\/p>\n<ul>\n<li>Duplica\u00e7\u00e3o total da BR-356, com a cria\u00e7\u00e3o de 78,7 km de trechos duplicados.<\/li>\n<li>Constru\u00e7\u00e3o de 40,66 km de terceiras faixas, permitindo um melhor fluxo de tr\u00e1fego.<\/li>\n<li>Implanta\u00e7\u00e3o de acostamentos em todo o tra\u00e7ado da rodovia para maior seguran\u00e7a.<\/li>\n<li>Cria\u00e7\u00e3o de um contorno vi\u00e1rio ao redor de Cachoeira do Campo, aumentando o acesso seguro \u00e0 popula\u00e7\u00e3o local.<\/li>\n<\/ul>\n<p>Essas melhorias s\u00e3o n\u00e3o apenas uma resposta a demandas de tempo, mas tamb\u00e9m uma necessidade para garantir a <strong>seguran\u00e7a<\/strong> dos usu\u00e1rios da via. Al\u00e9m disso, um centro de controle operacional e bases de emerg\u00eancia estar\u00e3o presentes ao longo da rodovia, garantindo assist\u00eancia 24 horas para motoristas e proporcionando um aux\u00edlio r\u00e1pido em caso de incidentes.<\/p>\n<h2>O papel do Governo de Minas nessa concess\u00e3o<\/h2>\n<p>O <strong>Governo de Minas Gerais<\/strong>, atrav\u00e9s da Secretaria de Estado de Infraestrutura, Mobilidade e Parcerias, tem desempenhado um papel vital na realiza\u00e7\u00e3o dessa concess\u00e3o. O governo facilitou e mediou todo o processo, al\u00e9m de garantir que os interesses da popula\u00e7\u00e3o fossem considerados durante a formula\u00e7\u00e3o do contrato. O governador Romeu Zema destacou a signific\u00e2ncia deste projeto, que n\u00e3o s\u00f3 promove infraestrutura, mas, principalmente, traz desenvolvimento social e econ\u00f4mico.<\/p>\n<p>Al\u00e9m de propiciar um ambiente seguro e bem estruturado para motoristas e cidad\u00e3os, o governo busca garantir que a execu\u00e7\u00e3o desse projeto beneficie a popula\u00e7\u00e3o local, oferecendo emprego e capacita\u00e7\u00e3o para os moradores da regi\u00e3o inserida no tra\u00e7ado da rodovia.<\/p>\n<h2>Trafegar pela BR-356: o que mudar?<\/h2>\n<p>Com a nova concess\u00e3o, espera-se que <strong>trafegar pela BR-356<\/strong> se torne significativamente mais seguro e eficiente. Os motoristas sentir\u00e3o as melhorias j\u00e1 mencionadas, como o aumento da capacidade de tr\u00e1fego, o que deve, em ess\u00eancia, reduzir os tempos de viagem. <\/p>\n<p>Al\u00e9m do mais, a ado\u00e7\u00e3o de novas tecnologias e sistemas de monitoramento ao longo da rodovia garantir\u00e1 uma experi\u00eancia de condu\u00e7\u00e3o mais tranquila e segura. O p\u00fablico ter\u00e1 acesso a informa\u00e7\u00f5es em tempo real sobre condi\u00e7\u00f5es de tr\u00e1fego, possibilidade de acidentes e outros fatores que possam impactar a viagem.<\/p>\n<h2>A import\u00e2ncia da concess\u00e3o para a economia local<\/h2>\n<p>A concess\u00e3o da BR-356 far\u00e1 um impacto direto na economia local. A previs\u00e3o \u00e9 que a implementa\u00e7\u00e3o do projeto gere milhares de empregos diretos e indiretos, desde a constru\u00e7\u00e3o at\u00e9 a opera\u00e7\u00e3o da rodovia ao longo dos pr\u00f3ximos anos.<\/p>\n<p>Ademais, a otimiza\u00e7\u00e3o da rodovia deve permitir o aumento na circula\u00e7\u00e3o de produtos e servi\u00e7os entre cidades e regi\u00f5es, possibilitando que as empresas locais se beneficiem com maior facilidade de acesso e um fluxo constante de clientes. Essa nova abordagem tamb\u00e9m pode incentivar o surgimento de novos neg\u00f3cios ao longo do percurso, impulsionando o com\u00e9rcio e o turismo.<\/p>\n<p>Expandir o potencial econ\u00f4mico da regi\u00e3o \u00e9 fundamental, especialmente para \u00e1reas que j\u00e1 possuem um legado cultural e tur\u00edstico vasto. O governo e o cons\u00f3rcio se comprometem a utilizar esses impactos positivos para promover uma regi\u00e3o mais din\u00e2mica e pr\u00f3spera para todos os mineiros.<\/p>\n<h2>Seguran\u00e7a e servi\u00e7os previstos para os usu\u00e1rios<\/h2>\n<p>Um dos pilares do projeto de concess\u00e3o \u00e9 a seguran\u00e7a no tr\u00e1fego rodovi\u00e1rio. Espera-se que o aumento do n\u00famero de servi\u00e7os de apoio e seguran\u00e7a ao longo da BR-356 reduza incidentes e melhore o atendimento \u00e0s emerg\u00eancias. As principais a\u00e7\u00f5es incluem:<\/p>\n<ul>\n<li>Pontos de Parada e Descanso (PPD) para motoristas, assegurando um local seguro para descanso.<\/li>\n<li>\u00c1reas de escape projetadas para prevenir acidentes na descida da Serra da Santa, em Itabirito.<\/li>\n<li>Assist\u00eancia 24 horas, que incluir\u00e1 suporte m\u00e9dico e socorro mec\u00e2nico \u00e0 beira da estrada.<\/li>\n<li>Centros de Controle Operacional, que monitorar\u00e3o continuamente a rodovia para garantir uma resposta r\u00e1pida a emerg\u00eancias.<\/li>\n<\/ul>\n<p>Esses servi\u00e7os s\u00e3o fundamentais para proporcionar n\u00e3o apenas seguran\u00e7a, mas tamb\u00e9m conforto e um sentimento de prote\u00e7\u00e3o aos motoristas que utilizam a rodovia.<\/p>\n<h2>O que esperar dos novos ped\u00e1gios<\/h2>\n<p>Com a concess\u00e3o da BR-356, espera-se a introdu\u00e7\u00e3o de novos ped\u00e1gios para os motoristas, com um valor estimado em R$ 11,16, que ser\u00e1 cobrado em duas tarifas de R$ 5,58 ap\u00f3s a conclus\u00e3o das obras de duplica\u00e7\u00e3o. Essa tarifa tem como objetivo n\u00e3o apenas manter a rodovia em boas condi\u00e7\u00f5es, mas tamb\u00e9m financiar a opera\u00e7\u00e3o cont\u00ednua e a manuten\u00e7\u00e3o da infra-estrutura.<\/p>\n<p>Apesar do aumento nos custos de tr\u00e2nsito, o retorno em qualidade e seguran\u00e7a deve ser not\u00e1vel. O valor dos ped\u00e1gios ser\u00e1 um ganhos para a opera\u00e7\u00e3o e manuten\u00e7\u00e3o da rodovia, visando garantir que os usu\u00e1rios desfrutem de uma viagem mais segura e confort\u00e1vel.<\/p>\n<h2>Hist\u00f3ria e futuro da BR-356<\/h2>\n<p>A <strong>BR-356<\/strong> possui uma hist\u00f3ria rica, sendo uma das rodovias mais importantes para a regi\u00e3o, conectando cidades com forte heran\u00e7a cultural e econ\u00f4mica. O futuro da rodovia, sob a nova administra\u00e7\u00e3o do Cons\u00f3rcio Rota da Liberdade, \u00e9 visto com otimismo; espera-se que se torne um s\u00edmbolo da moderniza\u00e7\u00e3o e desenvolvimento rodovi\u00e1rio de Minas Gerais.<\/p>\n<p>\u00c0 medida que as melhorias se concretizam, a BR-356 dever\u00e1 n\u00e3o apenas atender \u00e0s necessidades imediatas de tr\u00e1fego e seguran\u00e7a, mas tamb\u00e9m se tornar vital para a expans\u00e3o e fortalecimento da economia regional. O novo conceito de concess\u00e3o reflete um compromisso com a excel\u00eancia e inova\u00e7\u00e3o na gest\u00e3o de infraestrutura, posicionando Minas Gerais como um exemplo de desenvolvimento sustent\u00e1vel e econ\u00f4mico.<\/p>\n","protected":false},"excerpt":{"rendered":"<p>A concess\u00e3o da BR-356 pelo Cons\u00f3rcio Rota da Liberdade transforma a mobilidade em Minas.<\/p>\n","protected":false},"author":1,"featured_media":4206,"comment_status":"open","ping_status":"open","sticky":false,"template":"","format":"standard","meta":{"footnotes":""},"categories":[5],"tags":[],"class_list":["post-4207","post","type-post","status-publish","format-standard","has-post-thumbnail","hentry","category-noticias","has_thumb"],"yoast_head":"<!-- This site is optimized with the Yoast SEO plugin v27.2 - https:\/\/yoast.com\/product\/yoast-seo-wordpress\/ -->\n<title>Cons\u00f3rcio Rota da Liberdade e Governo de Minas assinam concess\u00e3o da BR | Guia Comercial de Ouro Preto MG<\/title>\n<meta name=\"robots\" content=\"index, follow, max-snippet:-1, max-image-preview:large, max-video-preview:-1\" \/>\n<link rel=\"canonical\" href=\"https:\/\/www.encontraminasgerais.com.br\/ouro-preto\/consorcio-rota-da-liberdade-e-governo-de-minas-assinam-concessao-da-br\/\" \/>\n<meta property=\"og:locale\" content=\"pt_BR\" \/>\n<meta property=\"og:type\" content=\"article\" \/>\n<meta property=\"og:title\" content=\"Cons\u00f3rcio Rota da Liberdade e Governo de Minas assinam concess\u00e3o da BR | Guia Comercial de Ouro Preto MG\" \/>\n<meta property=\"og:description\" content=\"A concess\u00e3o da BR-356 pelo Cons\u00f3rcio Rota da Liberdade transforma a mobilidade em Minas.\" \/>\n<meta property=\"og:url\" content=\"https:\/\/www.encontraminasgerais.com.br\/ouro-preto\/consorcio-rota-da-liberdade-e-governo-de-minas-assinam-concessao-da-br\/\" \/>\n<meta property=\"og:site_name\" content=\"Guia Comercial de Ouro Preto MG\" \/>\n<meta property=\"article:published_time\" content=\"2026-01-14T09:51:57+00:00\" \/>\n<meta property=\"og:image\" content=\"https:\/\/www.encontraminasgerais.com.br\/ouro-preto\/wp-content\/uploads\/2026\/01\/consorcio-rota-da-liberdade-e-governo-de-minas-assinam-concessao-da-br.webp\" \/>\n<meta name=\"author\" content=\"Encontra Ouro Preto\" \/>\n<meta name=\"twitter:card\" content=\"summary_large_image\" \/>\n<meta name=\"twitter:label1\" content=\"Escrito por\" \/>\n\t<meta name=\"twitter:data1\" content=\"Encontra Ouro Preto\" \/>\n\t<meta name=\"twitter:label2\" content=\"Est. tempo de leitura\" \/>\n\t<meta name=\"twitter:data2\" content=\"8 minutos\" \/>\n<script type=\"application\/ld+json\" class=\"yoast-schema-graph\">{\"@context\":\"https:\/\/schema.org\",\"@graph\":[{\"@type\":\"Article\",\"@id\":\"https:\/\/www.encontraminasgerais.com.br\/ouro-preto\/consorcio-rota-da-liberdade-e-governo-de-minas-assinam-concessao-da-br\/#article\",\"isPartOf\":{\"@id\":\"https:\/\/www.encontraminasgerais.com.br\/ouro-preto\/consorcio-rota-da-liberdade-e-governo-de-minas-assinam-concessao-da-br\/\"},\"author\":{\"name\":\"Encontra Ouro Preto\",\"@id\":\"https:\/\/www.encontraminasgerais.com.br\/ouro-preto\/#\/schema\/person\/d55d0e79e38dd7d6474efd815b181c4d\"},\"headline\":\"Cons\u00f3rcio Rota da Liberdade e Governo de Minas assinam concess\u00e3o da BR\",\"datePublished\":\"2026-01-14T09:51:57+00:00\",\"mainEntityOfPage\":{\"@id\":\"https:\/\/www.encontraminasgerais.com.br\/ouro-preto\/consorcio-rota-da-liberdade-e-governo-de-minas-assinam-concessao-da-br\/\"},\"wordCount\":1526,\"commentCount\":0,\"image\":{\"@id\":\"https:\/\/www.encontraminasgerais.com.br\/ouro-preto\/consorcio-rota-da-liberdade-e-governo-de-minas-assinam-concessao-da-br\/#primaryimage\"},\"thumbnailUrl\":\"https:\/\/www.encontraminasgerais.com.br\/ouro-preto\/wp-content\/uploads\/2026\/01\/consorcio-rota-da-liberdade-e-governo-de-minas-assinam-concessao-da-br.webp\",\"articleSection\":[\"Not\u00edcias Ouro Preto\"],\"inLanguage\":\"pt-BR\",\"potentialAction\":[{\"@type\":\"CommentAction\",\"name\":\"Comment\",\"target\":[\"https:\/\/www.encontraminasgerais.com.br\/ouro-preto\/consorcio-rota-da-liberdade-e-governo-de-minas-assinam-concessao-da-br\/#respond\"]}]},{\"@type\":\"WebPage\",\"@id\":\"https:\/\/www.encontraminasgerais.com.br\/ouro-preto\/consorcio-rota-da-liberdade-e-governo-de-minas-assinam-concessao-da-br\/\",\"url\":\"https:\/\/www.encontraminasgerais.com.br\/ouro-preto\/consorcio-rota-da-liberdade-e-governo-de-minas-assinam-concessao-da-br\/\",\"name\":\"Cons\u00f3rcio Rota da Liberdade e Governo de Minas assinam concess\u00e3o da BR | Guia Comercial de Ouro Preto MG\",\"isPartOf\":{\"@id\":\"https:\/\/www.encontraminasgerais.com.br\/ouro-preto\/#website\"},\"primaryImageOfPage\":{\"@id\":\"https:\/\/www.encontraminasgerais.com.br\/ouro-preto\/consorcio-rota-da-liberdade-e-governo-de-minas-assinam-concessao-da-br\/#primaryimage\"},\"image\":{\"@id\":\"https:\/\/www.encontraminasgerais.com.br\/ouro-preto\/consorcio-rota-da-liberdade-e-governo-de-minas-assinam-concessao-da-br\/#primaryimage\"},\"thumbnailUrl\":\"https:\/\/www.encontraminasgerais.com.br\/ouro-preto\/wp-content\/uploads\/2026\/01\/consorcio-rota-da-liberdade-e-governo-de-minas-assinam-concessao-da-br.webp\",\"datePublished\":\"2026-01-14T09:51:57+00:00\",\"author\":{\"@id\":\"https:\/\/www.encontraminasgerais.com.br\/ouro-preto\/#\/schema\/person\/d55d0e79e38dd7d6474efd815b181c4d\"},\"inLanguage\":\"pt-BR\",\"potentialAction\":[{\"@type\":\"ReadAction\",\"target\":[\"https:\/\/www.encontraminasgerais.com.br\/ouro-preto\/consorcio-rota-da-liberdade-e-governo-de-minas-assinam-concessao-da-br\/\"]}]},{\"@type\":\"ImageObject\",\"inLanguage\":\"pt-BR\",\"@id\":\"https:\/\/www.encontraminasgerais.com.br\/ouro-preto\/consorcio-rota-da-liberdade-e-governo-de-minas-assinam-concessao-da-br\/#primaryimage\",\"url\":\"https:\/\/www.encontraminasgerais.com.br\/ouro-preto\/wp-content\/uploads\/2026\/01\/consorcio-rota-da-liberdade-e-governo-de-minas-assinam-concessao-da-br.webp\",\"contentUrl\":\"https:\/\/www.encontraminasgerais.com.br\/ouro-preto\/wp-content\/uploads\/2026\/01\/consorcio-rota-da-liberdade-e-governo-de-minas-assinam-concessao-da-br.webp\",\"width\":280,\"height\":280,\"caption\":\"Cons\u00f3rcio Rota da Liberdade\"},{\"@type\":\"WebSite\",\"@id\":\"https:\/\/www.encontraminasgerais.com.br\/ouro-preto\/#website\",\"url\":\"https:\/\/www.encontraminasgerais.com.br\/ouro-preto\/\",\"name\":\"Guia Comercial de Ouro Preto MG\",\"description\":\"O Encontra Ouro Preto \u00e9 o guia mais completo da cidade Ouro Preto com com\u00e9rcios, servi\u00e7os, noticias, jornal, hist\u00f3ria e lazer da cidade.\",\"potentialAction\":[{\"@type\":\"SearchAction\",\"target\":{\"@type\":\"EntryPoint\",\"urlTemplate\":\"https:\/\/www.encontraminasgerais.com.br\/ouro-preto\/?s={search_term_string}\"},\"query-input\":{\"@type\":\"PropertyValueSpecification\",\"valueRequired\":true,\"valueName\":\"search_term_string\"}}],\"inLanguage\":\"pt-BR\"},{\"@type\":\"Person\",\"@id\":\"https:\/\/www.encontraminasgerais.com.br\/ouro-preto\/#\/schema\/person\/d55d0e79e38dd7d6474efd815b181c4d\",\"name\":\"Encontra Ouro Preto\",\"image\":{\"@type\":\"ImageObject\",\"inLanguage\":\"pt-BR\",\"@id\":\"https:\/\/secure.gravatar.com\/avatar\/c50c17820bcf322f0a8fd6b110b8c0918141409dc69076470f6fca5fee70a5d4?s=96&d=mm&r=g\",\"url\":\"https:\/\/secure.gravatar.com\/avatar\/c50c17820bcf322f0a8fd6b110b8c0918141409dc69076470f6fca5fee70a5d4?s=96&d=mm&r=g\",\"contentUrl\":\"https:\/\/secure.gravatar.com\/avatar\/c50c17820bcf322f0a8fd6b110b8c0918141409dc69076470f6fca5fee70a5d4?s=96&d=mm&r=g\",\"caption\":\"Encontra Ouro Preto\"},\"url\":\"https:\/\/www.encontraminasgerais.com.br\/ouro-preto\/author\/encontraouropreto\/\"}]}<\/script>\n<!-- \/ Yoast SEO plugin. -->","yoast_head_json":{"title":"Cons\u00f3rcio Rota da Liberdade e Governo de Minas assinam concess\u00e3o da BR | Guia Comercial de Ouro Preto MG","robots":{"index":"index","follow":"follow","max-snippet":"max-snippet:-1","max-image-preview":"max-image-preview:large","max-video-preview":"max-video-preview:-1"},"canonical":"https:\/\/www.encontraminasgerais.com.br\/ouro-preto\/consorcio-rota-da-liberdade-e-governo-de-minas-assinam-concessao-da-br\/","og_locale":"pt_BR","og_type":"article","og_title":"Cons\u00f3rcio Rota da Liberdade e Governo de Minas assinam concess\u00e3o da BR | Guia Comercial de Ouro Preto MG","og_description":"A concess\u00e3o da BR-356 pelo Cons\u00f3rcio Rota da Liberdade transforma a mobilidade em Minas.","og_url":"https:\/\/www.encontraminasgerais.com.br\/ouro-preto\/consorcio-rota-da-liberdade-e-governo-de-minas-assinam-concessao-da-br\/","og_site_name":"Guia Comercial de Ouro Preto MG","article_published_time":"2026-01-14T09:51:57+00:00","og_image":[{"url":"https:\/\/www.encontraminasgerais.com.br\/ouro-preto\/wp-content\/uploads\/2026\/01\/consorcio-rota-da-liberdade-e-governo-de-minas-assinam-concessao-da-br.webp","type":"","width":"","height":""}],"author":"Encontra Ouro Preto","twitter_card":"summary_large_image","twitter_misc":{"Escrito por":"Encontra Ouro Preto","Est. tempo de leitura":"8 minutos"},"schema":{"@context":"https:\/\/schema.org","@graph":[{"@type":"Article","@id":"https:\/\/www.encontraminasgerais.com.br\/ouro-preto\/consorcio-rota-da-liberdade-e-governo-de-minas-assinam-concessao-da-br\/#article","isPartOf":{"@id":"https:\/\/www.encontraminasgerais.com.br\/ouro-preto\/consorcio-rota-da-liberdade-e-governo-de-minas-assinam-concessao-da-br\/"},"author":{"name":"Encontra Ouro Preto","@id":"https:\/\/www.encontraminasgerais.com.br\/ouro-preto\/#\/schema\/person\/d55d0e79e38dd7d6474efd815b181c4d"},"headline":"Cons\u00f3rcio Rota da Liberdade e Governo de Minas assinam concess\u00e3o da BR","datePublished":"2026-01-14T09:51:57+00:00","mainEntityOfPage":{"@id":"https:\/\/www.encontraminasgerais.com.br\/ouro-preto\/consorcio-rota-da-liberdade-e-governo-de-minas-assinam-concessao-da-br\/"},"wordCount":1526,"commentCount":0,"image":{"@id":"https:\/\/www.encontraminasgerais.com.br\/ouro-preto\/consorcio-rota-da-liberdade-e-governo-de-minas-assinam-concessao-da-br\/#primaryimage"},"thumbnailUrl":"https:\/\/www.encontraminasgerais.com.br\/ouro-preto\/wp-content\/uploads\/2026\/01\/consorcio-rota-da-liberdade-e-governo-de-minas-assinam-concessao-da-br.webp","articleSection":["Not\u00edcias Ouro Preto"],"inLanguage":"pt-BR","potentialAction":[{"@type":"CommentAction","name":"Comment","target":["https:\/\/www.encontraminasgerais.com.br\/ouro-preto\/consorcio-rota-da-liberdade-e-governo-de-minas-assinam-concessao-da-br\/#respond"]}]},{"@type":"WebPage","@id":"https:\/\/www.encontraminasgerais.com.br\/ouro-preto\/consorcio-rota-da-liberdade-e-governo-de-minas-assinam-concessao-da-br\/","url":"https:\/\/www.encontraminasgerais.com.br\/ouro-preto\/consorcio-rota-da-liberdade-e-governo-de-minas-assinam-concessao-da-br\/","name":"Cons\u00f3rcio Rota da Liberdade e Governo de Minas assinam concess\u00e3o da BR | Guia Comercial de Ouro Preto MG","isPartOf":{"@id":"https:\/\/www.encontraminasgerais.com.br\/ouro-preto\/#website"},"primaryImageOfPage":{"@id":"https:\/\/www.encontraminasgerais.com.br\/ouro-preto\/consorcio-rota-da-liberdade-e-governo-de-minas-assinam-concessao-da-br\/#primaryimage"},"image":{"@id":"https:\/\/www.encontraminasgerais.com.br\/ouro-preto\/consorcio-rota-da-liberdade-e-governo-de-minas-assinam-concessao-da-br\/#primaryimage"},"thumbnailUrl":"https:\/\/www.encontraminasgerais.com.br\/ouro-preto\/wp-content\/uploads\/2026\/01\/consorcio-rota-da-liberdade-e-governo-de-minas-assinam-concessao-da-br.webp","datePublished":"2026-01-14T09:51:57+00:00","author":{"@id":"https:\/\/www.encontraminasgerais.com.br\/ouro-preto\/#\/schema\/person\/d55d0e79e38dd7d6474efd815b181c4d"},"inLanguage":"pt-BR","potentialAction":[{"@type":"ReadAction","target":["https:\/\/www.encontraminasgerais.com.br\/ouro-preto\/consorcio-rota-da-liberdade-e-governo-de-minas-assinam-concessao-da-br\/"]}]},{"@type":"ImageObject","inLanguage":"pt-BR","@id":"https:\/\/www.encontraminasgerais.com.br\/ouro-preto\/consorcio-rota-da-liberdade-e-governo-de-minas-assinam-concessao-da-br\/#primaryimage","url":"https:\/\/www.encontraminasgerais.com.br\/ouro-preto\/wp-content\/uploads\/2026\/01\/consorcio-rota-da-liberdade-e-governo-de-minas-assinam-concessao-da-br.webp","contentUrl":"https:\/\/www.encontraminasgerais.com.br\/ouro-preto\/wp-content\/uploads\/2026\/01\/consorcio-rota-da-liberdade-e-governo-de-minas-assinam-concessao-da-br.webp","width":280,"height":280,"caption":"Cons\u00f3rcio Rota da Liberdade"},{"@type":"WebSite","@id":"https:\/\/www.encontraminasgerais.com.br\/ouro-preto\/#website","url":"https:\/\/www.encontraminasgerais.com.br\/ouro-preto\/","name":"Guia Comercial de Ouro Preto MG","description":"O Encontra Ouro Preto \u00e9 o guia mais completo da cidade Ouro Preto com com\u00e9rcios, servi\u00e7os, noticias, jornal, hist\u00f3ria e lazer da cidade.","potentialAction":[{"@type":"SearchAction","target":{"@type":"EntryPoint","urlTemplate":"https:\/\/www.encontraminasgerais.com.br\/ouro-preto\/?s={search_term_string}"},"query-input":{"@type":"PropertyValueSpecification","valueRequired":true,"valueName":"search_term_string"}}],"inLanguage":"pt-BR"},{"@type":"Person","@id":"https:\/\/www.encontraminasgerais.com.br\/ouro-preto\/#\/schema\/person\/d55d0e79e38dd7d6474efd815b181c4d","name":"Encontra Ouro Preto","image":{"@type":"ImageObject","inLanguage":"pt-BR","@id":"https:\/\/secure.gravatar.com\/avatar\/c50c17820bcf322f0a8fd6b110b8c0918141409dc69076470f6fca5fee70a5d4?s=96&d=mm&r=g","url":"https:\/\/secure.gravatar.com\/avatar\/c50c17820bcf322f0a8fd6b110b8c0918141409dc69076470f6fca5fee70a5d4?s=96&d=mm&r=g","contentUrl":"https:\/\/secure.gravatar.com\/avatar\/c50c17820bcf322f0a8fd6b110b8c0918141409dc69076470f6fca5fee70a5d4?s=96&d=mm&r=g","caption":"Encontra Ouro Preto"},"url":"https:\/\/www.encontraminasgerais.com.br\/ouro-preto\/author\/encontraouropreto\/"}]}},"_links":{"self":[{"href":"https:\/\/www.encontraminasgerais.com.br\/ouro-preto\/wp-json\/wp\/v2\/posts\/4207","targetHints":{"allow":["GET"]}}],"collection":[{"href":"https:\/\/www.encontraminasgerais.com.br\/ouro-preto\/wp-json\/wp\/v2\/posts"}],"about":[{"href":"https:\/\/www.encontraminasgerais.com.br\/ouro-preto\/wp-json\/wp\/v2\/types\/post"}],"author":[{"embeddable":true,"href":"https:\/\/www.encontraminasgerais.com.br\/ouro-preto\/wp-json\/wp\/v2\/users\/1"}],"replies":[{"embeddable":true,"href":"https:\/\/www.encontraminasgerais.com.br\/ouro-preto\/wp-json\/wp\/v2\/comments?post=4207"}],"version-history":[{"count":0,"href":"https:\/\/www.encontraminasgerais.com.br\/ouro-preto\/wp-json\/wp\/v2\/posts\/4207\/revisions"}],"wp:featuredmedia":[{"embeddable":true,"href":"https:\/\/www.encontraminasgerais.com.br\/ouro-preto\/wp-json\/wp\/v2\/media\/4206"}],"wp:attachment":[{"href":"https:\/\/www.encontraminasgerais.com.br\/ouro-preto\/wp-json\/wp\/v2\/media?parent=4207"}],"wp:term":[{"taxonomy":"category","embeddable":true,"href":"https:\/\/www.encontraminasgerais.com.br\/ouro-preto\/wp-json\/wp\/v2\/categories?post=4207"},{"taxonomy":"post_tag","embeddable":true,"href":"https:\/\/www.encontraminasgerais.com.br\/ouro-preto\/wp-json\/wp\/v2\/tags?post=4207"}],"curies":[{"name":"wp","href":"https:\/\/api.w.org\/{rel}","templated":true}]}}