{"id":4231,"date":"2026-01-18T06:54:38","date_gmt":"2026-01-18T09:54:38","guid":{"rendered":"https:\/\/www.encontraminasgerais.com.br\/ouro-preto\/veja-dica-de-roteiros-de-afroturismo-para-o-verao-no-brasil\/"},"modified":"2026-01-18T06:54:38","modified_gmt":"2026-01-18T09:54:38","slug":"veja-dica-de-roteiros-de-afroturismo-para-o-verao-no-brasil","status":"publish","type":"post","link":"https:\/\/www.encontraminasgerais.com.br\/ouro-preto\/veja-dica-de-roteiros-de-afroturismo-para-o-verao-no-brasil\/","title":{"rendered":"Veja dica de roteiros de afroturismo para o ver\u00e3o no Brasil"},"content":{"rendered":"<h2>Salvador: Roteiros Afro do Pelourinho<\/h2>\n<p>Salvador, a capital da Bahia, \u00e9 um dos maiores polos do afroturismo no Brasil. Com uma rica hist\u00f3ria que remonta \u00e0 \u00e9poca colonial, a cidade abriga uma significativa heran\u00e7a africana, que se reflete na cultura, na m\u00fasica e na culin\u00e1ria local. Um dos principais roteiros afrotur\u00edsticos \u00e9 o <strong>Pelourinho<\/strong>, famoso por sua arquitetura colonial, que serviu como cen\u00e1rio para a escravid\u00e3o e, na atualidade, \u00e9 um espa\u00e7o vibrante para celebrar a cultura afro-brasileira.<\/p>\n<p>O\u00a0<em>Pelourinho<\/em>, com suas ruas de pedras e casar\u00f5es coloridos, \u00e9 um patrim\u00f4nio da humanidade reconhecido pela UNESCO. Os visitantes podem explorar o <strong>Centro de Cultura Afro-Brasileiro<\/strong>, que oferece exposi\u00e7\u00f5es sobre a hist\u00f3ria do povo negro no Brasil, al\u00e9m de oficinas de arte e cultura. Outro local emblem\u00e1tico \u00e9 o <strong>Elevador Lacerda<\/strong>, onde os turistas podem observar a vista panor\u00e2mica da Ba\u00eda de Todos os Santos, enquanto aprendem sobre a import\u00e2ncia da \u00e1gua e da religi\u00e3o afro-brasileira.<\/p>\n<p>Os visitantes tamb\u00e9m s\u00e3o convidados a participar de <strong>rituais religiosos<\/strong> em terreiros de candombl\u00e9, onde \u00e9 poss\u00edvel compreender de forma mais profunda as pr\u00e1ticas e as cren\u00e7as que fazem parte da identidade cultural da popula\u00e7\u00e3o afrodescendente. Experi\u00eancias gastron\u00f4micas com pratos t\u00edpicos, como acaraj\u00e9 e moqueca, tamb\u00e9m est\u00e3o \u00e0 disposi\u00e7\u00e3o, oferecendo um verdadeiro banquete de sabores aos turistas.<\/p>\n<p><img decoding=\"async\" src=\"https:\/\/www.encontraminasgerais.com.br\/ouro-preto\/wp-content\/uploads\/2026\/01\/veja-dica-de-roteiros-de-afroturismo-para-o-verao-no-brasil.webp\" alt=\"afroturismo\" loading=\"lazy\" \/><\/p>\n<p>Al\u00e9m disso, o <strong>carnaval de Salvador<\/strong> \u00e9 uma express\u00e3o aut\u00eantica da cultura afro-brasileira, onde blocos como <em>Olodum<\/em> e <em>Il\u00ea Aiy\u00ea<\/em> promovem a valoriza\u00e7\u00e3o das tradi\u00e7\u00f5es e da m\u00fasica afro, reunindo milhares de pessoas em celebra\u00e7\u00f5es recheadas de cor e alegria.<\/p>\n<h2>Rio de Janeiro: Circuitos Hist\u00f3ricos e Culturais<\/h2>\n<p>O <strong>Rio de Janeiro<\/strong>, com sua beleza natural e diversidade cultural, tamb\u00e9m se destaca no afroturismo. Um dos locais mais emblem\u00e1ticos da cidade \u00e9 a <strong>Pedra do Sal<\/strong>, um espa\u00e7o que foi um dos principais pontos de encontro dos escravizados e hoje \u00e9 um s\u00edmbolo de resist\u00eancia cultural. Aqui, acontece a roda de samba semanal, onde artistas locais se re\u00fanem para celebrar a cultura afro-brasileira e manter viva a tradi\u00e7\u00e3o do samba.<\/p>\n<p>Outro local imprescind\u00edvel \u00e9 o <strong>Museu do Samba<\/strong>, que conta a hist\u00f3ria do g\u00eanero musical e sua liga\u00e7\u00e3o com as comunidades negras do Rio. O museu apresenta exposi\u00e7\u00f5es interativas e acervos que revelam a trajet\u00f3ria dos grandes compositores e as escolas de samba que mant\u00eam viva essa tradi\u00e7\u00e3o.<\/p>\n<p>Ao passeio pelo <strong>Centro Hist\u00f3rico<\/strong>, os visitantes poder\u00e3o se deparar com o <strong>Arco do Teles<\/strong>, um dos pontos de refer\u00eancia da cultura carioca. \u00c9 ali que se encontram lojas de artesanato e espa\u00e7os culturais dedicados \u00e0 promo\u00e7\u00e3o de eventos relacionados \u00e0 negritude. O <strong>Catedral Metropolitana<\/strong> \u00e9 outro ponto de curiosidade, onde se pode apreciar a mistura da arquitetura contempor\u00e2nea e elementos que retratam a diversidade do povo brasileiro.<\/p>\n<p>A cidade tamb\u00e9m abriga o <strong>Mercado das Pulgas<\/strong>, onde \u00e9 poss\u00edvel encontrar produtos aliment\u00edcios e artesanais t\u00edpicos da cultura afro-brasileira. Essa viv\u00eancia permite uma conex\u00e3o mais profunda com a hist\u00f3ria e as tradi\u00e7\u00f5es que persistem at\u00e9 os dias de hoje.<\/p>\n<h2>S\u00e3o Paulo: Experi\u00eancias na Casa de Capoeira<\/h2>\n<p>S\u00e3o Paulo \u00e9 outro eixo importante quando se fala em afroturismo. No <strong>Centro de S\u00e3o Paulo<\/strong>, uma visita \u00e0 <strong>Casa de Capoeira do Mestre Ananias<\/strong> proporciona uma compreens\u00e3o sobre a hist\u00f3ria da capoeira, uma arte marcial e dan\u00e7a de resist\u00eancia criada por escravizados africanos. Durante as aulas e apresenta\u00e7\u00f5es, os participantes podem vivenciar a fus\u00e3o entre movimento, m\u00fasica e a rica hist\u00f3ria por tr\u00e1s da capoeira.<\/p>\n<p>Al\u00e9m disso, o <strong>Vila Madalena<\/strong> \u00e9 um bairro bo\u00eamio conhecido por buscar a valoriza\u00e7\u00e3o da cultura afro-brasileira por meio da arte e da m\u00fasica. Artistas locais promovem festivais e eventos culturais que celebram as tradi\u00e7\u00f5es africanas e suas influ\u00eancias na cultura brasileira.<\/p>\n<p>Os visitantes tamb\u00e9m podem explorar o <strong>Museu Afro Brasil<\/strong>, localizado no Parque Ibirapuera, que abriga um acervo diversificado que conta a hist\u00f3ria do povo negro desde a \u00e9poca colonial at\u00e9 os dias atuais. A experi\u00eancia \u00e9 muito enriquecedora e proporciona uma nova perspectiva sobre as contribui\u00e7\u00f5es culturais e sociais dos afrodescendentes no Brasil.<\/p>\n<p>S\u00e3o Paulo, por meio de sua vasta diversidade cultural, consegue reunir diferentes express\u00f5es da cultura afro-brasileira, tornando-se um destino imprescind\u00edvel para quem deseja conhecer mais sobre as ra\u00edzes da identidade brasileira.<\/p>\n<h2>Recife: Roteiro Afro-Recife e Suas Tradi\u00e7\u00f5es<\/h2>\n<p>Recife \u00e9 uma cidade rica em tradi\u00e7\u00f5es e \u00e9 considerada uma das capitais do <strong>afroturismo<\/strong> no Brasil. O <strong>circuito Afro-Recife<\/strong> \u00e9 uma rota que permite aos turistas praticar a imers\u00e3o na hist\u00f3ria e nas tradi\u00e7\u00f5es dos afrodescendentes da regi\u00e3o. Entre os locais visitados, um dos mais importantes \u00e9 o <strong>Recife Antigo<\/strong>, onde se encontra a <strong>Rua do Bom Jesus<\/strong>, lar da primeira sinagoga das Am\u00e9ricas e que acolhe eventos que rememoram a rela\u00e7\u00e3o entre as culturas afro e judaica.<\/p>\n<p>Outro marco \u00e9 o <strong>Museu do Frevo<\/strong>, que d\u00e1 destaque a uma das mais importantes manifesta\u00e7\u00f5es culturais pernambucanas. O frevo foi reconhecido como Patrim\u00f4nio Cultural Imaterial da Humanidade e possui ra\u00edzes nas tradi\u00e7\u00f5es africanas. Aprender sobre o frevo \u00e9 uma maneira de entender como as influ\u00eancias africanas est\u00e3o presentes nas festas populares da cidade.<\/p>\n<p>A <strong>cultura do carnaval<\/strong> recifense \u00e9 outra express\u00e3o rica que merece ser explorada. O <strong>Maracatu<\/strong> e as <strong>tro\u00e7as de Frevo<\/strong> s\u00e3o formas de celebra\u00e7\u00e3o que respeitam as tradi\u00e7\u00f5es africanas e re\u00fanem turistas e moradores em um grande espet\u00e1culo de cores e ritmos. Essa festividade ocorre durante o carnaval, mas a pr\u00e1tica delas se estende ao longo do ano em v\u00e1rias celebra\u00e7\u00f5es culturais.<\/p>\n<p>Por fim, a viv\u00eancia em terreiros de candombl\u00e9 na regi\u00e3o tamb\u00e9m faz parte do roteiro afro-recifense, permitindo aos visitantes uma experi\u00eancia sensorial que conecta os viajantes \u00e0s ra\u00edzes afro-brasileiras e \u00e0 espiritualidade presente nas tradi\u00e7\u00f5es.<\/p>\n<h2>S\u00e3o Lu\u00eds: Mem\u00f3ria e Cultura Negra<\/h2>\n<p>S\u00e3o Lu\u00eds, a capital do Maranh\u00e3o, possui uma not\u00e1vel heran\u00e7a africana, o que a coloca como um destino essencial para o afroturismo. Um dos pontos mais significativos para os turistas \u00e9 o <strong>Centro Hist\u00f3rico de S\u00e3o Lu\u00eds<\/strong>, considerado um patrim\u00f4nio cultural da humanidade, onde s\u00e3o vis\u00edveis os vest\u00edgios da cultura africana nas fachadas dos casar\u00f5es, azulejos e arquitetura colonial.<\/p>\n<p>Um dos destaques desse roteiro \u00e9 o <strong>Roteiro Tambor<\/strong>, que explora a liga\u00e7\u00e3o entre a cultura africana e a m\u00fasica local. As apresenta\u00e7\u00f5es de bumba-meu-boi e tambor de crioula s\u00e3o exemplos claros de como a cultura negra influi nas tradi\u00e7\u00f5es maranhenses. Os turistas que participam dessas festividades t\u00eam a oportunidade \u00fanica de ver a m\u00fasica, dan\u00e7a e a gastronomia locais se misturando em um grande ritual de celebra\u00e7\u00e3o.<\/p>\n<p>Outra atra\u00e7\u00e3o importante \u00e9 a <strong>Feira da Praia Grande<\/strong>, onde se encontra uma mescla de produtos artesanais e comidas t\u00edpicas, al\u00e9m de apresenta\u00e7\u00f5es culturais que celebram a rica diversidade africana. Nessa feira, visitantes podem experimentar comidas tradicionais, como a <strong>arroz de cux\u00e1<\/strong> e o <strong>vatap\u00e1<\/strong>, que demonstram a influ\u00eancia da cultura africana na culin\u00e1ria local.<\/p>\n<p>A visita aos terreiros de candombl\u00e9 da regi\u00e3o tamb\u00e9m \u00e9 uma experi\u00eancia significativa que, al\u00e9m de proporcionar viv\u00eancias espirituais, conecta todos os envolvidos \u00e0 profunda hist\u00f3ria negra do Brasil, promovendo uma reflex\u00e3o sobre as heran\u00e7as que perpassam a cultura maranhense.<\/p>\n<h2>Ouro Preto: Roteiro da Presen\u00e7a Negra<\/h2>\n<p>Ouro Preto, em Minas Gerais, \u00e9 um destino que exemplifica a import\u00e2ncia do afroturismo \u00e0 luz da hist\u00f3ria colonial brasileira. A cidade, famosa por sua arquitetura barroca, esconde uma rica hist\u00f3ria de resist\u00eancia e repleta de marcos que retratam a presen\u00e7a negra durante o per\u00edodo da minera\u00e7\u00e3o. O <strong>Roteiro da Presen\u00e7a Negra<\/strong> \u00e9 uma das experi\u00eancias que os visitantes podem vivenciar.<\/p>\n<p>Durante o passeio, \u00e9 poss\u00edvel conhecer a Casa dos Contos, que abriga um importante acervo sobre a hist\u00f3ria da escravid\u00e3o e a influ\u00eancia da cultura africana nas tradi\u00e7\u00f5es mineiras. Passeios guiados levam os turistas a conhecer a <strong>Igreja de S\u00e3o Francisco de Assis<\/strong>, que possui imagens de santos de origem negra, uma forma de manifesta\u00e7\u00e3o de sincretismo religioso.<\/p>\n<p>O <strong>Caminho dos Escravos<\/strong> \u00e9 mais uma parada importante para compreender a luta e a resist\u00eancia dos negros na hist\u00f3ria do Brasil. Os visitantes podem ouvir relatos sobre a vida dos escravizados e a import\u00e2ncia da Comunidade do [\u201cCaminho dos Escravos\u201d](https:\/\/www.minasgerais.com.br) na constru\u00e7\u00e3o da cidade e da cultura mineira.<\/p>\n<p>No final do dia, a experi\u00eancia se completa com uma visita aos ateli\u00eas de arte, que mostram o talento dos artistas locais, muitos dos quais t\u00eam suas ra\u00edzes na cultura africana. Dessa forma, Ouro Preto n\u00e3o s\u00f3 oferece um olhar sobre o passado como tamb\u00e9m celebra a cultura viva do povo afro-brasileiro.<\/p>\n<h2>A Import\u00e2ncia do Afroturismo<\/h2>\n<p>O afroturismo se destaca como uma importante vertente econ\u00f4mica e cultural no Brasil, promovendo a inclus\u00e3o e o reconhecimento da cultura afrodescendente. Esse segmento \u00e9 fundamental para resgatar e valorizar a hist\u00f3ria negra do pa\u00eds, que, por muito tempo, foi marginalizada nas narrativas oficiais. Al\u00e9m de oferecer aos turistas experi\u00eancias enriquecedoras, o afroturismo estimula a economia local ao promover o turismo em \u00e1reas que possuem um forte v\u00ednculo com a cultura africana.<\/p>\n<p>O afroturismo tamb\u00e9m desempenha um papel crucial na educa\u00e7\u00e3o e na conscientiza\u00e7\u00e3o sobre a cultura negra, combatendo preconceitos e promovendo a diversidade. Atrav\u00e9s dos roteiros afrotur\u00edsticos, os viajantes s\u00e3o convidados a aprender sobre pr\u00e1ticas culturais, m\u00fasica, dan\u00e7a, religi\u00e3o e gastronomia que comp\u00f5em a rica heran\u00e7a presente no Brasil. Este aspecto educativo \u00e9 importante, pois permite que haja um respeito e uma aprecia\u00e7\u00e3o pelas contribui\u00e7\u00f5es que a cultura africana traz \u00e0 sociedade brasileira.<\/p>\n<p>Al\u00e9m disso, o afroturismo fomenta o empoderamento de comunidades locais, incentivando o protagonismo da popula\u00e7\u00e3o negra na constru\u00e7\u00e3o de sua pr\u00f3pria narrativa. As pequenas empresas e os empreendimentos culturais se beneficiam diretamente deste fluxo de turistas, podendo gerar emprego e renda para as comunidades que promovem suas tradi\u00e7\u00f5es.<\/p>\n<p>Por meio do afroturismo, busca-se fortalecer a identidade negra contempor\u00e2nea, criar espa\u00e7os de valoriza\u00e7\u00e3o e inspira\u00e7\u00e3o, e permitir um di\u00e1logo intercultural que enrique\u00e7a as rela\u00e7\u00f5es sociais no Brasil.<\/p>\n<h2>Como Escolher Seu Roteiro<\/h2>\n<p>Escolher um roteiro de afroturismo pode ser uma experi\u00eancia emocionante e reveladora, mas \u00e9 fundamental considerar alguns fatores antes de embarcar na sua jornada. Primeiramente, \u00e9 importante pesquisar as regi\u00f5es que possuem uma rica hist\u00f3ria e cultura afro-brasileira. Cidades como Salvador, Rio de Janeiro e Recife s\u00e3o conhecidas por sua ampla diversidade cultural e hist\u00f3rica, oferecendo diversos roteiros que exploram as tradi\u00e7\u00f5es africanas.<\/p>\n<p>Outro aspecto relevante \u00e9 fazer uma busca sobre os operadores tur\u00edsticos que oferecem experi\u00eancias afrotur\u00edsticas. Certifique-se de que eles est\u00e3o comprometidos em promover a cultura local e em apoiar as comunidades afrodescendentes. Escolher iniciativas que contrabalan\u00e7am o turismo e o desenvolvimento local garante que os benef\u00edcios econ\u00f4micos realmente cheguem \u00e0s comunidades visitadas.<\/p>\n<p>Ao selecionar seu roteiro, opte por aqueles que oferecem uma experi\u00eancia integral, que abranjam tanto aspectos culturais, como arte e religi\u00e3o, quanto as tradi\u00e7\u00f5es culin\u00e1rias. Dessa forma, a imers\u00e3o na cultura afro-brasileira \u00e9 mais completa e proporciona uma viv\u00eancia inesquec\u00edvel.<\/p>\n<p>Por fim, o viajante deve estar aberto a aprender e interagir com as comunidades locais. O afroturismo \u00e9 mais do que apenas visitar locais; \u00e9 sobre entender e respeitar as culturas que esses espa\u00e7os representam.<\/p>\n<h2>Benef\u00edcios do Afroturismo<\/h2>\n<p>O afroturismo traz uma infinidade de benef\u00edcios que v\u00e3o al\u00e9m do simples passeio. Em primeiro lugar, ele atua como um importante meio de preserva\u00e7\u00e3o da cultura afro-brasileira, permitindo que as tradi\u00e7\u00f5es e hist\u00f3rias sejam contadas e transmitidas para as futuras gera\u00e7\u00f5es. Isto fortalece a autoestima das comunidades afrodescendentes e promove um sentimento de orgulho de suas ra\u00edzes.<\/p>\n<p>Al\u00e9m disso, o afroturismo contribui para a gera\u00e7\u00e3o de renda e emprego nas regi\u00f5es mais impactadas pela escravid\u00e3o, como as \u00e1reas hist\u00f3ricas que geralmente s\u00e3o visitadas. O aumento do turismo significa que pequenas empresas locais, guias e mestres de cultura recebem a compensa\u00e7\u00e3o por suas contribui\u00e7\u00f5es ao patrim\u00f4nio cultural. Essa economia baseada em turismo traz um impacto direto positivo nas comunidades, melhorando a qualidade de vida de seus habitantes.<\/p>\n<p>Outro benef\u00edcio significativo est\u00e1 relacionado ao interc\u00e2mbio cultural que o afroturismo proporciona. A conviv\u00eancia entre visitantes e comunidades locais possibilita a troca de saberes e experi\u00eancias, expandindo horizontes e fomentando o respeito por outras culturas.<\/p>\n<p>Por meio do valor econ\u00f4mico, cultural e educacional que o afroturismo oferece, a pr\u00e1tica se torna um agente de mudan\u00e7a social, garantindo que o legado afro-brasileiro continue vivo e vibrante,ao mesmo tempo que proporciona aos turistas experi\u00eancias profundas e memor\u00e1veis.<\/p>\n<h2>Perspectivas Futuras do Turismo Cultural<\/h2>\n<p>As perspectivas futuras do turismo cultural, e especificamente do afroturismo, s\u00e3o encorajadoras, considerando a crescente demanda por experi\u00eancias aut\u00eanticas e significativas. Com a pandemia, muitos viajantes est\u00e3o ainda mais conscientes do impacto que suas escolhas t\u00eam sobre as comunidades que visitam e buscam viv\u00eancias que valorizam a cultura e a diversidade.<\/p>\n<p>Observa-se um movimento crescente de valoriza\u00e7\u00e3o do turismo respons\u00e1vel e sustent\u00e1vel, e o afroturismo encaixa-se perfeitamente nesse cen\u00e1rio. Assim, pode-se esperar uma expans\u00e3o dos roteiros e experi\u00eancias que celebram a cultura afro-brasileira, atraindo um p\u00fablico que busca n\u00e3o apenas turismo, mas tamb\u00e9m uma troca cultural genu\u00edna.<\/p>\n<p>Al\u00e9m disso, \u00e9 prov\u00e1vel que se desenvolvam mais iniciativas envolvendo a tecnologia no suporte ao afroturismo, como aplicativos e plataformas que conectem turistas a experi\u00eancias aut\u00eanticas, al\u00e9m de fortalecer a presen\u00e7a nas redes sociais, que p\u00f4de aumentar a difus\u00e3o da cultura afro-brasileira para um p\u00fablico global.<\/p>\n<p>O afroturismo, com seu car\u00e1ter educativo e inclusivo, continuar\u00e1 a oferecer oportunidades de reflex\u00e3o, aprendizado e intera\u00e7\u00e3o, promovendo um di\u00e1logo entre passado e presente e deste modo, fortalecer\u00e1 sua import\u00e2ncia no panorama tur\u00edstico brasileiro e mundial.<\/p>\n<p>Em suma, o afroturismo n\u00e3o \u00e9 apenas uma viagem \u00e0s ra\u00edzes africanas do Brasil, mas uma oportunidade de se vivenciar a cultura e a hist\u00f3ria de uma maneira sens\u00edvel e informativa, promovendo o respeito e a valoriza\u00e7\u00e3o da diversidade cultural que nos cerca.<\/p>\n","protected":false},"excerpt":{"rendered":"<p>Explore roteiros de afroturismo incr\u00edveis para o ver\u00e3o no Brasil.<\/p>\n","protected":false},"author":1,"featured_media":4230,"comment_status":"open","ping_status":"open","sticky":false,"template":"","format":"standard","meta":{"footnotes":""},"categories":[5],"tags":[],"class_list":["post-4231","post","type-post","status-publish","format-standard","has-post-thumbnail","hentry","category-noticias","has_thumb"],"yoast_head":"<!-- This site is optimized with the Yoast SEO plugin v27.2 - https:\/\/yoast.com\/product\/yoast-seo-wordpress\/ -->\n<title>Veja dica de roteiros de afroturismo para o ver\u00e3o no Brasil | Guia Comercial de Ouro Preto MG<\/title>\n<meta name=\"robots\" content=\"index, follow, max-snippet:-1, max-image-preview:large, max-video-preview:-1\" \/>\n<link rel=\"canonical\" href=\"https:\/\/www.encontraminasgerais.com.br\/ouro-preto\/veja-dica-de-roteiros-de-afroturismo-para-o-verao-no-brasil\/\" \/>\n<meta property=\"og:locale\" content=\"pt_BR\" \/>\n<meta property=\"og:type\" content=\"article\" \/>\n<meta property=\"og:title\" content=\"Veja dica de roteiros de afroturismo para o ver\u00e3o no Brasil | Guia Comercial de Ouro Preto MG\" \/>\n<meta property=\"og:description\" content=\"Explore roteiros de afroturismo incr\u00edveis para o ver\u00e3o no Brasil.\" \/>\n<meta property=\"og:url\" content=\"https:\/\/www.encontraminasgerais.com.br\/ouro-preto\/veja-dica-de-roteiros-de-afroturismo-para-o-verao-no-brasil\/\" \/>\n<meta property=\"og:site_name\" content=\"Guia Comercial de Ouro Preto MG\" \/>\n<meta property=\"article:published_time\" content=\"2026-01-18T09:54:38+00:00\" \/>\n<meta property=\"og:image\" content=\"https:\/\/www.encontraminasgerais.com.br\/ouro-preto\/wp-content\/uploads\/2026\/01\/veja-dica-de-roteiros-de-afroturismo-para-o-verao-no-brasil.webp\" \/>\n<meta name=\"author\" content=\"Encontra Ouro Preto\" \/>\n<meta name=\"twitter:card\" content=\"summary_large_image\" \/>\n<meta name=\"twitter:label1\" content=\"Escrito por\" \/>\n\t<meta name=\"twitter:data1\" content=\"Encontra Ouro Preto\" \/>\n\t<meta name=\"twitter:label2\" content=\"Est. tempo de leitura\" \/>\n\t<meta name=\"twitter:data2\" content=\"12 minutos\" \/>\n<script type=\"application\/ld+json\" class=\"yoast-schema-graph\">{\"@context\":\"https:\/\/schema.org\",\"@graph\":[{\"@type\":\"Article\",\"@id\":\"https:\/\/www.encontraminasgerais.com.br\/ouro-preto\/veja-dica-de-roteiros-de-afroturismo-para-o-verao-no-brasil\/#article\",\"isPartOf\":{\"@id\":\"https:\/\/www.encontraminasgerais.com.br\/ouro-preto\/veja-dica-de-roteiros-de-afroturismo-para-o-verao-no-brasil\/\"},\"author\":{\"name\":\"Encontra Ouro Preto\",\"@id\":\"https:\/\/www.encontraminasgerais.com.br\/ouro-preto\/#\/schema\/person\/d55d0e79e38dd7d6474efd815b181c4d\"},\"headline\":\"Veja dica de roteiros de afroturismo para o ver\u00e3o no Brasil\",\"datePublished\":\"2026-01-18T09:54:38+00:00\",\"mainEntityOfPage\":{\"@id\":\"https:\/\/www.encontraminasgerais.com.br\/ouro-preto\/veja-dica-de-roteiros-de-afroturismo-para-o-verao-no-brasil\/\"},\"wordCount\":2501,\"commentCount\":0,\"image\":{\"@id\":\"https:\/\/www.encontraminasgerais.com.br\/ouro-preto\/veja-dica-de-roteiros-de-afroturismo-para-o-verao-no-brasil\/#primaryimage\"},\"thumbnailUrl\":\"https:\/\/www.encontraminasgerais.com.br\/ouro-preto\/wp-content\/uploads\/2026\/01\/veja-dica-de-roteiros-de-afroturismo-para-o-verao-no-brasil.webp\",\"articleSection\":[\"Not\u00edcias Ouro Preto\"],\"inLanguage\":\"pt-BR\",\"potentialAction\":[{\"@type\":\"CommentAction\",\"name\":\"Comment\",\"target\":[\"https:\/\/www.encontraminasgerais.com.br\/ouro-preto\/veja-dica-de-roteiros-de-afroturismo-para-o-verao-no-brasil\/#respond\"]}]},{\"@type\":\"WebPage\",\"@id\":\"https:\/\/www.encontraminasgerais.com.br\/ouro-preto\/veja-dica-de-roteiros-de-afroturismo-para-o-verao-no-brasil\/\",\"url\":\"https:\/\/www.encontraminasgerais.com.br\/ouro-preto\/veja-dica-de-roteiros-de-afroturismo-para-o-verao-no-brasil\/\",\"name\":\"Veja dica de roteiros de afroturismo para o ver\u00e3o no Brasil | Guia Comercial de Ouro Preto MG\",\"isPartOf\":{\"@id\":\"https:\/\/www.encontraminasgerais.com.br\/ouro-preto\/#website\"},\"primaryImageOfPage\":{\"@id\":\"https:\/\/www.encontraminasgerais.com.br\/ouro-preto\/veja-dica-de-roteiros-de-afroturismo-para-o-verao-no-brasil\/#primaryimage\"},\"image\":{\"@id\":\"https:\/\/www.encontraminasgerais.com.br\/ouro-preto\/veja-dica-de-roteiros-de-afroturismo-para-o-verao-no-brasil\/#primaryimage\"},\"thumbnailUrl\":\"https:\/\/www.encontraminasgerais.com.br\/ouro-preto\/wp-content\/uploads\/2026\/01\/veja-dica-de-roteiros-de-afroturismo-para-o-verao-no-brasil.webp\",\"datePublished\":\"2026-01-18T09:54:38+00:00\",\"author\":{\"@id\":\"https:\/\/www.encontraminasgerais.com.br\/ouro-preto\/#\/schema\/person\/d55d0e79e38dd7d6474efd815b181c4d\"},\"inLanguage\":\"pt-BR\",\"potentialAction\":[{\"@type\":\"ReadAction\",\"target\":[\"https:\/\/www.encontraminasgerais.com.br\/ouro-preto\/veja-dica-de-roteiros-de-afroturismo-para-o-verao-no-brasil\/\"]}]},{\"@type\":\"ImageObject\",\"inLanguage\":\"pt-BR\",\"@id\":\"https:\/\/www.encontraminasgerais.com.br\/ouro-preto\/veja-dica-de-roteiros-de-afroturismo-para-o-verao-no-brasil\/#primaryimage\",\"url\":\"https:\/\/www.encontraminasgerais.com.br\/ouro-preto\/wp-content\/uploads\/2026\/01\/veja-dica-de-roteiros-de-afroturismo-para-o-verao-no-brasil.webp\",\"contentUrl\":\"https:\/\/www.encontraminasgerais.com.br\/ouro-preto\/wp-content\/uploads\/2026\/01\/veja-dica-de-roteiros-de-afroturismo-para-o-verao-no-brasil.webp\",\"width\":280,\"height\":280,\"caption\":\"afroturismo\"},{\"@type\":\"WebSite\",\"@id\":\"https:\/\/www.encontraminasgerais.com.br\/ouro-preto\/#website\",\"url\":\"https:\/\/www.encontraminasgerais.com.br\/ouro-preto\/\",\"name\":\"Guia Comercial de Ouro Preto MG\",\"description\":\"O Encontra Ouro Preto \u00e9 o guia mais completo da cidade Ouro Preto com com\u00e9rcios, servi\u00e7os, noticias, jornal, hist\u00f3ria e lazer da cidade.\",\"potentialAction\":[{\"@type\":\"SearchAction\",\"target\":{\"@type\":\"EntryPoint\",\"urlTemplate\":\"https:\/\/www.encontraminasgerais.com.br\/ouro-preto\/?s={search_term_string}\"},\"query-input\":{\"@type\":\"PropertyValueSpecification\",\"valueRequired\":true,\"valueName\":\"search_term_string\"}}],\"inLanguage\":\"pt-BR\"},{\"@type\":\"Person\",\"@id\":\"https:\/\/www.encontraminasgerais.com.br\/ouro-preto\/#\/schema\/person\/d55d0e79e38dd7d6474efd815b181c4d\",\"name\":\"Encontra Ouro Preto\",\"image\":{\"@type\":\"ImageObject\",\"inLanguage\":\"pt-BR\",\"@id\":\"https:\/\/secure.gravatar.com\/avatar\/c50c17820bcf322f0a8fd6b110b8c0918141409dc69076470f6fca5fee70a5d4?s=96&d=mm&r=g\",\"url\":\"https:\/\/secure.gravatar.com\/avatar\/c50c17820bcf322f0a8fd6b110b8c0918141409dc69076470f6fca5fee70a5d4?s=96&d=mm&r=g\",\"contentUrl\":\"https:\/\/secure.gravatar.com\/avatar\/c50c17820bcf322f0a8fd6b110b8c0918141409dc69076470f6fca5fee70a5d4?s=96&d=mm&r=g\",\"caption\":\"Encontra Ouro Preto\"},\"url\":\"https:\/\/www.encontraminasgerais.com.br\/ouro-preto\/author\/encontraouropreto\/\"}]}<\/script>\n<!-- \/ Yoast SEO plugin. -->","yoast_head_json":{"title":"Veja dica de roteiros de afroturismo para o ver\u00e3o no Brasil | Guia Comercial de Ouro Preto MG","robots":{"index":"index","follow":"follow","max-snippet":"max-snippet:-1","max-image-preview":"max-image-preview:large","max-video-preview":"max-video-preview:-1"},"canonical":"https:\/\/www.encontraminasgerais.com.br\/ouro-preto\/veja-dica-de-roteiros-de-afroturismo-para-o-verao-no-brasil\/","og_locale":"pt_BR","og_type":"article","og_title":"Veja dica de roteiros de afroturismo para o ver\u00e3o no Brasil | Guia Comercial de Ouro Preto MG","og_description":"Explore roteiros de afroturismo incr\u00edveis para o ver\u00e3o no Brasil.","og_url":"https:\/\/www.encontraminasgerais.com.br\/ouro-preto\/veja-dica-de-roteiros-de-afroturismo-para-o-verao-no-brasil\/","og_site_name":"Guia Comercial de Ouro Preto MG","article_published_time":"2026-01-18T09:54:38+00:00","og_image":[{"url":"https:\/\/www.encontraminasgerais.com.br\/ouro-preto\/wp-content\/uploads\/2026\/01\/veja-dica-de-roteiros-de-afroturismo-para-o-verao-no-brasil.webp","type":"","width":"","height":""}],"author":"Encontra Ouro Preto","twitter_card":"summary_large_image","twitter_misc":{"Escrito por":"Encontra Ouro Preto","Est. tempo de leitura":"12 minutos"},"schema":{"@context":"https:\/\/schema.org","@graph":[{"@type":"Article","@id":"https:\/\/www.encontraminasgerais.com.br\/ouro-preto\/veja-dica-de-roteiros-de-afroturismo-para-o-verao-no-brasil\/#article","isPartOf":{"@id":"https:\/\/www.encontraminasgerais.com.br\/ouro-preto\/veja-dica-de-roteiros-de-afroturismo-para-o-verao-no-brasil\/"},"author":{"name":"Encontra Ouro Preto","@id":"https:\/\/www.encontraminasgerais.com.br\/ouro-preto\/#\/schema\/person\/d55d0e79e38dd7d6474efd815b181c4d"},"headline":"Veja dica de roteiros de afroturismo para o ver\u00e3o no Brasil","datePublished":"2026-01-18T09:54:38+00:00","mainEntityOfPage":{"@id":"https:\/\/www.encontraminasgerais.com.br\/ouro-preto\/veja-dica-de-roteiros-de-afroturismo-para-o-verao-no-brasil\/"},"wordCount":2501,"commentCount":0,"image":{"@id":"https:\/\/www.encontraminasgerais.com.br\/ouro-preto\/veja-dica-de-roteiros-de-afroturismo-para-o-verao-no-brasil\/#primaryimage"},"thumbnailUrl":"https:\/\/www.encontraminasgerais.com.br\/ouro-preto\/wp-content\/uploads\/2026\/01\/veja-dica-de-roteiros-de-afroturismo-para-o-verao-no-brasil.webp","articleSection":["Not\u00edcias Ouro Preto"],"inLanguage":"pt-BR","potentialAction":[{"@type":"CommentAction","name":"Comment","target":["https:\/\/www.encontraminasgerais.com.br\/ouro-preto\/veja-dica-de-roteiros-de-afroturismo-para-o-verao-no-brasil\/#respond"]}]},{"@type":"WebPage","@id":"https:\/\/www.encontraminasgerais.com.br\/ouro-preto\/veja-dica-de-roteiros-de-afroturismo-para-o-verao-no-brasil\/","url":"https:\/\/www.encontraminasgerais.com.br\/ouro-preto\/veja-dica-de-roteiros-de-afroturismo-para-o-verao-no-brasil\/","name":"Veja dica de roteiros de afroturismo para o ver\u00e3o no Brasil | Guia Comercial de Ouro Preto MG","isPartOf":{"@id":"https:\/\/www.encontraminasgerais.com.br\/ouro-preto\/#website"},"primaryImageOfPage":{"@id":"https:\/\/www.encontraminasgerais.com.br\/ouro-preto\/veja-dica-de-roteiros-de-afroturismo-para-o-verao-no-brasil\/#primaryimage"},"image":{"@id":"https:\/\/www.encontraminasgerais.com.br\/ouro-preto\/veja-dica-de-roteiros-de-afroturismo-para-o-verao-no-brasil\/#primaryimage"},"thumbnailUrl":"https:\/\/www.encontraminasgerais.com.br\/ouro-preto\/wp-content\/uploads\/2026\/01\/veja-dica-de-roteiros-de-afroturismo-para-o-verao-no-brasil.webp","datePublished":"2026-01-18T09:54:38+00:00","author":{"@id":"https:\/\/www.encontraminasgerais.com.br\/ouro-preto\/#\/schema\/person\/d55d0e79e38dd7d6474efd815b181c4d"},"inLanguage":"pt-BR","potentialAction":[{"@type":"ReadAction","target":["https:\/\/www.encontraminasgerais.com.br\/ouro-preto\/veja-dica-de-roteiros-de-afroturismo-para-o-verao-no-brasil\/"]}]},{"@type":"ImageObject","inLanguage":"pt-BR","@id":"https:\/\/www.encontraminasgerais.com.br\/ouro-preto\/veja-dica-de-roteiros-de-afroturismo-para-o-verao-no-brasil\/#primaryimage","url":"https:\/\/www.encontraminasgerais.com.br\/ouro-preto\/wp-content\/uploads\/2026\/01\/veja-dica-de-roteiros-de-afroturismo-para-o-verao-no-brasil.webp","contentUrl":"https:\/\/www.encontraminasgerais.com.br\/ouro-preto\/wp-content\/uploads\/2026\/01\/veja-dica-de-roteiros-de-afroturismo-para-o-verao-no-brasil.webp","width":280,"height":280,"caption":"afroturismo"},{"@type":"WebSite","@id":"https:\/\/www.encontraminasgerais.com.br\/ouro-preto\/#website","url":"https:\/\/www.encontraminasgerais.com.br\/ouro-preto\/","name":"Guia Comercial de Ouro Preto MG","description":"O Encontra Ouro Preto \u00e9 o guia mais completo da cidade Ouro Preto com com\u00e9rcios, servi\u00e7os, noticias, jornal, hist\u00f3ria e lazer da cidade.","potentialAction":[{"@type":"SearchAction","target":{"@type":"EntryPoint","urlTemplate":"https:\/\/www.encontraminasgerais.com.br\/ouro-preto\/?s={search_term_string}"},"query-input":{"@type":"PropertyValueSpecification","valueRequired":true,"valueName":"search_term_string"}}],"inLanguage":"pt-BR"},{"@type":"Person","@id":"https:\/\/www.encontraminasgerais.com.br\/ouro-preto\/#\/schema\/person\/d55d0e79e38dd7d6474efd815b181c4d","name":"Encontra Ouro Preto","image":{"@type":"ImageObject","inLanguage":"pt-BR","@id":"https:\/\/secure.gravatar.com\/avatar\/c50c17820bcf322f0a8fd6b110b8c0918141409dc69076470f6fca5fee70a5d4?s=96&d=mm&r=g","url":"https:\/\/secure.gravatar.com\/avatar\/c50c17820bcf322f0a8fd6b110b8c0918141409dc69076470f6fca5fee70a5d4?s=96&d=mm&r=g","contentUrl":"https:\/\/secure.gravatar.com\/avatar\/c50c17820bcf322f0a8fd6b110b8c0918141409dc69076470f6fca5fee70a5d4?s=96&d=mm&r=g","caption":"Encontra Ouro Preto"},"url":"https:\/\/www.encontraminasgerais.com.br\/ouro-preto\/author\/encontraouropreto\/"}]}},"_links":{"self":[{"href":"https:\/\/www.encontraminasgerais.com.br\/ouro-preto\/wp-json\/wp\/v2\/posts\/4231","targetHints":{"allow":["GET"]}}],"collection":[{"href":"https:\/\/www.encontraminasgerais.com.br\/ouro-preto\/wp-json\/wp\/v2\/posts"}],"about":[{"href":"https:\/\/www.encontraminasgerais.com.br\/ouro-preto\/wp-json\/wp\/v2\/types\/post"}],"author":[{"embeddable":true,"href":"https:\/\/www.encontraminasgerais.com.br\/ouro-preto\/wp-json\/wp\/v2\/users\/1"}],"replies":[{"embeddable":true,"href":"https:\/\/www.encontraminasgerais.com.br\/ouro-preto\/wp-json\/wp\/v2\/comments?post=4231"}],"version-history":[{"count":0,"href":"https:\/\/www.encontraminasgerais.com.br\/ouro-preto\/wp-json\/wp\/v2\/posts\/4231\/revisions"}],"wp:featuredmedia":[{"embeddable":true,"href":"https:\/\/www.encontraminasgerais.com.br\/ouro-preto\/wp-json\/wp\/v2\/media\/4230"}],"wp:attachment":[{"href":"https:\/\/www.encontraminasgerais.com.br\/ouro-preto\/wp-json\/wp\/v2\/media?parent=4231"}],"wp:term":[{"taxonomy":"category","embeddable":true,"href":"https:\/\/www.encontraminasgerais.com.br\/ouro-preto\/wp-json\/wp\/v2\/categories?post=4231"},{"taxonomy":"post_tag","embeddable":true,"href":"https:\/\/www.encontraminasgerais.com.br\/ouro-preto\/wp-json\/wp\/v2\/tags?post=4231"}],"curies":[{"name":"wp","href":"https:\/\/api.w.org\/{rel}","templated":true}]}}