{"id":4247,"date":"2026-01-21T06:52:56","date_gmt":"2026-01-21T09:52:56","guid":{"rendered":"https:\/\/www.encontraminasgerais.com.br\/ouro-preto\/ouro-preto-sediara-o-1o-forum-regional-de-diversificacao-economica\/"},"modified":"2026-01-21T06:52:56","modified_gmt":"2026-01-21T09:52:56","slug":"ouro-preto-sediara-o-1o-forum-regional-de-diversificacao-economica","status":"publish","type":"post","link":"https:\/\/www.encontraminasgerais.com.br\/ouro-preto\/ouro-preto-sediara-o-1o-forum-regional-de-diversificacao-economica\/","title":{"rendered":"Ouro Preto sediar\u00e1 o 1\u00ba F\u00f3rum Regional de Diversifica\u00e7\u00e3o Econ\u00f4mica"},"content":{"rendered":"<h2>O Que \u00e9 o F\u00f3rum Regional de Diversifica\u00e7\u00e3o Econ\u00f4mica?<\/h2>\n<p>O <strong>F\u00f3rum Regional de Diversifica\u00e7\u00e3o Econ\u00f4mica<\/strong> (FRDE) \u00e9 um evento essencial criado para abordar a diversifica\u00e7\u00e3o das economias locais, promovendo discuss\u00f5es sobre como integrar e expandir diferentes setores em uma regi\u00e3o espec\u00edfica. O f\u00f3rum oferece um espa\u00e7o onde l\u00edderes comunit\u00e1rios, empreendedores e representantes de institui\u00e7\u00f5es p\u00fablicas e privadas podem se reunir, compartilhar experi\u00eancias e explorar oportunidades para desenvolver um ambiente econ\u00f4mico mais equilibrado e sustent\u00e1vel.<\/p>\n<p>Realizado em v\u00e1rias localidades, o FRDE se concentra em estrat\u00e9gias para reduzir a depend\u00eancia de um \u00fanico setor econ\u00f4mico, promovendo a cria\u00e7\u00e3o e o fortalecimento de iniciativas que envolvem agroneg\u00f3cio, turismo, tecnologia, e outros segmentos que podem contribuir para um desenvolvimento econ\u00f4mico mais robusto. Essa iniciativa \u00e9 especialmente relevante em cidades como <strong>Ouro Preto<\/strong>, que, embora conhecidas pelo seu patrim\u00f4nio hist\u00f3rico e cultural, enfrentam desafios econ\u00f4micos ao depender fortemente do turismo.<\/p>\n<p>Durante o f\u00f3rum, diversos temas s\u00e3o abordados, desde pol\u00edticas de apoio \u00e0 diversifica\u00e7\u00e3o at\u00e9 exemplos de sucesso de empreendimentos que conseguiram inovar e se adaptar \u00e0 nova realidade econ\u00f4mica. O objetivo principal \u00e9 fomentar um di\u00e1logo construtivo que leve \u00e0 elabora\u00e7\u00e3o de estrat\u00e9gias que ir\u00e3o beneficiar n\u00e3o apenas os empres\u00e1rios, mas toda a comunidade.<\/p>\n<p><img decoding=\"async\" src=\"https:\/\/www.encontraminasgerais.com.br\/ouro-preto\/wp-content\/uploads\/2026\/01\/ouro-preto-sediara-o-1-forum-regional-de-diversificacao-economica.webp\" alt=\"F\u00f3rum Regional de Diversifica\u00e7\u00e3o Econ\u00f4mica\" loading=\"lazy\" \/><\/p>\n<h2>Import\u00e2ncia da Diversifica\u00e7\u00e3o Econ\u00f4mica para Ouro Preto<\/h2>\n<p>A <strong>diversifica\u00e7\u00e3o econ\u00f4mica<\/strong> se apresenta como uma estrat\u00e9gia crucial para cidades como Ouro Preto, que tradicionalmente tem sua economia atrelada ao turismo e \u00e0 minera\u00e7\u00e3o. A depend\u00eancia desses setores, embora historicamente lucrativa, torna a cidade vulner\u00e1vel a flutua\u00e7\u00f5es de mercado e mudan\u00e7as nos padr\u00f5es de consumo. A diversifica\u00e7\u00e3o permite a transforma\u00e7\u00e3o dessa realidade, criando novas oportunidades de emprego e aumentando a resili\u00eancia econ\u00f4mica da regi\u00e3o.<\/p>\n<p>Ouro Preto, com sua rica cultura e patrim\u00f4nio, possui um potencial imenso para expandir sua economia para outras \u00e1reas. O agroneg\u00f3cio, por exemplo, tem mostrado um crescimento significativo na regi\u00e3o, trazendo novas fontes de receita que podem ser complementadas por um ecossistema de inova\u00e7\u00e3o que envolve tecnologia e sustentabilidade. Este tipo de diversifica\u00e7\u00e3o garantir\u00e1 que a economia local n\u00e3o dependa exclusivamente de um \u00fanico setor, protegendo-a de crises e ampliando suas chances de desenvolvimento.<\/p>\n<p>Al\u00e9m disso, a diversifica\u00e7\u00e3o \u00e9 importante para estimular a <strong>inova\u00e7\u00e3o<\/strong>. Ao criar um ambiente favor\u00e1vel para diferentes neg\u00f3cios, a cidade pode atrair novas startups e empresas que busquem se estabelecer na regi\u00e3o, contribuindo assim com novas ideias e produtos que atendem a uma demanda crescente por solu\u00e7\u00f5es inovadoras. O resultado \u00e9 um c\u00edrculo virtuoso de crescimento econ\u00f4mico que beneficia todos os setores.<\/p>\n<h2>Como Participar do F\u00f3rum Regional<\/h2>\n<p>A participa\u00e7\u00e3o no <strong>F\u00f3rum Regional de Diversifica\u00e7\u00e3o Econ\u00f4mica<\/strong> \u00e9 aberta a todos os interessados que desejam contribuir para o desenvolvimento econ\u00f4mico de suas comunidades. Os eventos s\u00e3o geralmente gratuitos, permitindo acesso amplo e inclusivo. Para participar, os interessados precisam se inscrever antecipadamente, pois as vagas podem ser limitadas.<\/p>\n<p>As inscri\u00e7\u00f5es s\u00e3o feitas geralmente pelo <strong>site oficial<\/strong> do evento ou pelas redes sociais associadas, que tamb\u00e9m informam sobre a programa\u00e7\u00e3o, palestrantes e temas a serem discutidos. \u00c9 recomendado que os participantes se preparem para o f\u00f3rum, pesquisando sobre os principais t\u00f3picos que ser\u00e3o abordados e, se poss\u00edvel, levando propostas ou ideias que possam ser discutidas durante as mesas redondas e workshops.<\/p>\n<p>Al\u00e9m disso, o f\u00f3rum \u00e9 uma \u00f3tima oportunidade para o networking. Os participantes podem interagir com outros empreendedores, representantes de \u00f3rg\u00e3os p\u00fablicos e especialistas, criando conex\u00f5es que podem ser fundamentais para futuros projetos e colabora\u00e7\u00f5es. Participar ativamente das discuss\u00f5es e atividades propostas pode aumentar as chances de sucesso e visibilidade das iniciativas de cada um.<\/p>\n<h2>Atividades e Palestras Programadas<\/h2>\n<p>O <strong>programa do F\u00f3rum Regional de Diversifica\u00e7\u00e3o Econ\u00f4mica<\/strong> \u00e9 diversificado e inclui uma ampla gama de atividades, como palestras, pain\u00e9is de discuss\u00e3o, workshops e at\u00e9 sess\u00f5es de networking. Este formato din\u00e2mico garante que todos os participantes tenham a oportunidade de aprender com especialistas e compartilhar suas experi\u00eancias.<\/p>\n<p>No primeiro dia do evento, geralmente h\u00e1 uma abertura cerimonial com palestrantes inspiradores que compartilham suas experi\u00eancias e vis\u00f5es sobre a import\u00e2ncia da diversifica\u00e7\u00e3o econ\u00f4mica. S\u00e3o convidados autoridades locais e especialistas que discutem as realidades enfrentadas pelas comunidades e as oportunidades que surgem a partir da diversifica\u00e7\u00e3o.<\/p>\n<p>As oficinas s\u00e3o uma parte fundamental do f\u00f3rum, abordando temas como <strong>empreendedorismo feminino<\/strong>, inclus\u00e3o produtiva, inova\u00e7\u00e3o tecnol\u00f3gica e pr\u00e1ticas de sustentabilidade. Cada participante pode escolher as oficinas que mais se alinham a seus interesses e necessidades, o que proporciona uma experi\u00eancia personalizada e enriquecedora.<\/p>\n<p>Adicionalmente, as mesas redondas discutem as pol\u00edticas p\u00fablicas em andamento e as propostas para futuras iniciativas que visam apoiar a diversifica\u00e7\u00e3o econ\u00f4mica em Ouro Preto e em outras regi\u00f5es. O p\u00fablico \u00e9 encorajado a fazer perguntas e interagir diretamente com os palestrantes, criando um espa\u00e7o de di\u00e1logo aberto e construtivo.<\/p>\n<h2>O Papel da Comunidade na Diversifica\u00e7\u00e3o<\/h2>\n<p>A comunidade desempenha um papel vital no processo de <strong>diversifica\u00e7\u00e3o econ\u00f4mica<\/strong>. A colabora\u00e7\u00e3o entre os cidad\u00e3os, o setor privado e o governo \u00e9 essencial para que as iniciativas sejam bem-sucedidas. \u00c9 fundamental que todos os stakeholders sejam ouvidos e que suas preocupa\u00e7\u00f5es e ideias sejam consideradas na formula\u00e7\u00e3o de pol\u00edticas e estrat\u00e9gias.<\/p>\n<p>As comunidades locais possuem um conhecimento profundo sobre suas necessidades e potenciais, e essa informa\u00e7\u00e3o \u00e9 crucial para direcionar as a\u00e7\u00f5es de diversifica\u00e7\u00e3o. Por exemplo, iniciativas que visem desenvolver o turismo sustent\u00e1vel podem ser melhor constitu\u00eddas quando a experi\u00eancia e as sugest\u00f5es de moradores que conhecem as especificidades da regi\u00e3o e as expectativas dos visitantes s\u00e3o utilizadas.<\/p>\n<p>Al\u00e9m disso, o engajamento comunit\u00e1rio aumenta a resili\u00eancia econ\u00f4mica, na medida em que cada cidad\u00e3o se torna parte ativa da constru\u00e7\u00e3o de um futuro mais pr\u00f3spero. Programas de capacita\u00e7\u00e3o e treinamento que envolvem membros da comunidade n\u00e3o apenas permitem que as pessoas adquiram novas habilidades, mas tamb\u00e9m criam um sentimento de pertencimento e responsabilidade coletiva perante o desenvolvimento local.<\/p>\n<h2>Desafios e Oportunidades Econ\u00f4micas da Regi\u00e3o<\/h2>\n<p>Ouro Preto, como muitas cidades historicamente dependentes de um \u00fanico setor, enfrenta uma s\u00e9rie de <strong>desafios econ\u00f4micos<\/strong> em sua jornada de diversifica\u00e7\u00e3o. A necessidade de investir em novas infraestruturas, forma\u00e7\u00e3o de m\u00e3o de obra e atra\u00e7\u00e3o de novos investimentos s\u00e3o algumas das dificuldades que precisam ser enfrentadas.<\/p>\n<p>Um dos principais desafios \u00e9 a <strong>falta de recursos financeiros<\/strong> para suportar essas transi\u00e7\u00f5es. Muitas vezes, as pequenas e m\u00e9dias empresas (PMEs), que s\u00e3o fundamentais para a diversifica\u00e7\u00e3o, relatam dificuldades em acessar financiamento e suporte t\u00e9cnico. \u00c9 necess\u00e1rio que haja pol\u00edticas p\u00fablicas que visem facilitar o acesso a cr\u00e9ditos e a cria\u00e7\u00e3o de condi\u00e7\u00f5es favor\u00e1veis para os empres\u00e1rios locais.<\/p>\n<p>Contudo, junto aos desafios, surgem tamb\u00e9m in\u00fameras <strong>oportunidades<\/strong>. Com o crescimento da demanda por produtos e servi\u00e7os sustent\u00e1veis, Ouro Preto pode se posicionar como um centro de refer\u00eancia em turismo verde e em pr\u00e1ticas agr\u00edcolas sustent\u00e1veis. O potencial de atrair visitantes e investidores interessados em pr\u00e1ticas que respeitam o meio ambiente \u00e9 enorme.<\/p>\n<p>A diversifica\u00e7\u00e3o tamb\u00e9m pode trazer inova\u00e7\u00f5es tecnol\u00f3gicas para Pequenas e M\u00e9dias Empresas (PMEs), que podem reformular seus modelos de neg\u00f3cios de forma a atingir um mercado mais amplo. Iniciativas de tecnologia, por exemplo, podem transformar setores tradicionais, aumentando a efici\u00eancia e a competitividade.<\/p>\n<h2>Testemunhos de Participantes Anteriores<\/h2>\n<p>Os relatos de <strong>participantes anteriores<\/strong> dos f\u00f3runs de diversifica\u00e7\u00e3o econ\u00f4mica t\u00eam sido extremamente positivos. Muitos destacam como o evento foi fundamental para que pudessem estabelecer conex\u00f5es valiosas e identificar novas oportunidades de neg\u00f3cios. Por exemplo, diversos empreendedores locais mencionam que as palestras e workshops trouxeram insights valiosos sobre gest\u00e3o, inova\u00e7\u00e3o e pr\u00e1ticas sustent\u00e1veis.<\/p>\n<p>Um destaque foi dado por empreendedores que participaram de oficinas focadas em tecnologia e inova\u00e7\u00e3o, onde puderam aprender sobre ferramentas modernas que podiam aplicar diretamente em seus neg\u00f3cios. Al\u00e9m disso, mencionaram a import\u00e2ncia dos <strong>pain\u00e9is de discuss\u00e3o<\/strong>, que trouxeram \u00e0 tona temas relevantes como inclus\u00e3o social e empreendedorismo feminino.<\/p>\n<p>Um dos participantes, envolvido na ind\u00fastria de turismo, informou que a troca de experi\u00eancias com outros profissionais levou \u00e0 cria\u00e7\u00e3o de parcerias que resultaram em novas ofertas de servi\u00e7os tur\u00edsticos na cidade. Segundo ele, \u201co f\u00f3rum foi uma virada de chave, pois consegui vislumbrar outras formas de desenvolver meu neg\u00f3cio al\u00e9m do que eu j\u00e1 conhecia\u201d.<\/p>\n<h2>Apoio de Parceiros e Institui\u00e7\u00f5es<\/h2>\n<p>O sucesso do <strong>F\u00f3rum Regional de Diversifica\u00e7\u00e3o Econ\u00f4mica<\/strong> \u00e9 impulsionado pelo apoio de diversas <strong>institui\u00e7\u00f5es<\/strong> e parceiros que acreditam na import\u00e2ncia da diversifica\u00e7\u00e3o econ\u00f4mica. Sectores p\u00fablicos, organiza\u00e7\u00f5es n\u00e3o governamentais (ONGs), e institui\u00e7\u00f5es de fomento s\u00e3o fundamentais para viabilizar a realiza\u00e7\u00e3o do evento e garantir sua relev\u00e2ncia.<\/p>\n<p>Esses parceiros frequentemente trazem n\u00e3o apenas recursos financeiros, mas tamb\u00e9m conhecimento t\u00e9cnico que enriquece as discuss\u00f5es do f\u00f3rum. Representantes de universidades e centros de pesquisa contribuem com estudos e dados sobre o mercado, ajudando a moldar as estrat\u00e9gias discutidas.<\/p>\n<p>A colabora\u00e7\u00e3o entre diferentes setores \u00e9 crucial. Por exemplo, parcerias entre o governo municipal e institui\u00e7\u00f5es ambientais podem resultar em iniciativas de turismo sustent\u00e1vel que beneficiam a economia local e ao mesmo tempo preservam o patrim\u00f4nio natural. A uni\u00e3o de for\u00e7as entre esses diferentes atores enriquece as solu\u00e7\u00f5es propostas e aumenta a probabilidade de sucesso das iniciativas.<\/p>\n<h2>Impacto da Diversifica\u00e7\u00e3o na Economia Local<\/h2>\n<p>A <strong>diversifica\u00e7\u00e3o econ\u00f4mica<\/strong> tem o potencial de gerar um impacto significativo na vida da popula\u00e7\u00e3o de Ouro Preto. Ao fomentar o crescimento de diferentes setores, a cidade poder\u00e1 n\u00e3o apenas aumentar seu volume de neg\u00f3cios, mas tamb\u00e9m melhorar a qualidade de vida de seus moradores.<\/p>\n<p>Com a cria\u00e7\u00e3o de novos empregos em diversas \u00e1reas, como turismo, agroneg\u00f3cio e tecnologia, a diversifica\u00e7\u00e3o promove um ambiente mais din\u00e2mico, capaz de reter talentos e atrair novos moradores. O aumento da competitividade entre empresas tamb\u00e9m leva a uma maior inova\u00e7\u00e3o, resultando em produtos e servi\u00e7os de melhor qualidade para os consumidores.<\/p>\n<p>Al\u00e9m disso, com uma economia mais equilibrada, a cidade se torna menos vulner\u00e1vel a crises externas, como quedas no turismo ou flutua\u00e7\u00f5es dos pre\u00e7os das commodities minerais. Essa estabilidade \u00e9 crucial para garantir que os cidad\u00e3os tenham um futuro promissor e cheio de oportunidades.<\/p>\n<h2>O Futuro Econ\u00f4mico: Um Chamado \u00e0 A\u00e7\u00e3o<\/h2>\n<p>O futuro econ\u00f4mico de Ouro Preto depende da a\u00e7\u00e3o conjunta de todos os cidad\u00e3os e organiza\u00e7\u00f5es envolvidas. A participa\u00e7\u00e3o no <strong>F\u00f3rum Regional de Diversifica\u00e7\u00e3o Econ\u00f4mica<\/strong> \u00e9 um primeiro passo fundamental para uma jornada que requer engajamento, inova\u00e7\u00e3o e colabora\u00e7\u00e3o.<\/p>\n<p>\u00c9 essencial que os participantes do f\u00f3rum n\u00e3o apenas aprendam sobre as melhores pr\u00e1ticas e iniciativas em diversifica\u00e7\u00e3o econ\u00f4mica, mas tamb\u00e9m se tornem agentes de mudan\u00e7a em suas comunidades. O conhecimento adquirido deve ser aplicado de maneira pr\u00e1tica e criativa para que os desafios sejam transformados em oportunidades.<\/p>\n<p>O chamado \u00e0 a\u00e7\u00e3o \u00e9 claro: todos precisam se unir em torno do objetivo comum de diversificar a economia. Seja por meio de volta ao f\u00f3rum com ideias e propostas, ou contribuindo com iniciativas locais, a transforma\u00e7\u00e3o come\u00e7a com a decis\u00e3o de agir. Ouro Preto possui um potencial incr\u00edvel e, juntos, podemos construir um futuro econ\u00f4mico mais pr\u00f3spero e sustent\u00e1vel.<\/p>\n","protected":false},"excerpt":{"rendered":"<p>Participe do F\u00f3rum Regional de Diversifica\u00e7\u00e3o Econ\u00f4mica em Ouro Preto e amplie suas oportunidades.<\/p>\n","protected":false},"author":1,"featured_media":4246,"comment_status":"open","ping_status":"open","sticky":false,"template":"","format":"standard","meta":{"footnotes":""},"categories":[5],"tags":[],"class_list":["post-4247","post","type-post","status-publish","format-standard","has-post-thumbnail","hentry","category-noticias","has_thumb"],"yoast_head":"<!-- This site is optimized with the Yoast SEO plugin v27.2 - https:\/\/yoast.com\/product\/yoast-seo-wordpress\/ -->\n<title>Ouro Preto sediar\u00e1 o 1\u00ba F\u00f3rum Regional de Diversifica\u00e7\u00e3o Econ\u00f4mica | Guia Comercial de Ouro Preto MG<\/title>\n<meta name=\"robots\" content=\"index, follow, max-snippet:-1, max-image-preview:large, max-video-preview:-1\" \/>\n<link rel=\"canonical\" href=\"https:\/\/www.encontraminasgerais.com.br\/ouro-preto\/ouro-preto-sediara-o-1o-forum-regional-de-diversificacao-economica\/\" \/>\n<meta property=\"og:locale\" content=\"pt_BR\" \/>\n<meta property=\"og:type\" content=\"article\" \/>\n<meta property=\"og:title\" content=\"Ouro Preto sediar\u00e1 o 1\u00ba F\u00f3rum Regional de Diversifica\u00e7\u00e3o Econ\u00f4mica | Guia Comercial de Ouro Preto MG\" \/>\n<meta property=\"og:description\" content=\"Participe do F\u00f3rum Regional de Diversifica\u00e7\u00e3o Econ\u00f4mica em Ouro Preto e amplie suas oportunidades.\" \/>\n<meta property=\"og:url\" content=\"https:\/\/www.encontraminasgerais.com.br\/ouro-preto\/ouro-preto-sediara-o-1o-forum-regional-de-diversificacao-economica\/\" \/>\n<meta property=\"og:site_name\" content=\"Guia Comercial de Ouro Preto MG\" \/>\n<meta property=\"article:published_time\" content=\"2026-01-21T09:52:56+00:00\" \/>\n<meta property=\"og:image\" content=\"https:\/\/www.encontraminasgerais.com.br\/ouro-preto\/wp-content\/uploads\/2026\/01\/ouro-preto-sediara-o-1-forum-regional-de-diversificacao-economica.webp\" \/>\n<meta name=\"author\" content=\"Encontra Ouro Preto\" \/>\n<meta name=\"twitter:card\" content=\"summary_large_image\" \/>\n<meta name=\"twitter:label1\" content=\"Escrito por\" \/>\n\t<meta name=\"twitter:data1\" content=\"Encontra Ouro Preto\" \/>\n\t<meta name=\"twitter:label2\" content=\"Est. tempo de leitura\" \/>\n\t<meta name=\"twitter:data2\" content=\"10 minutos\" \/>\n<script type=\"application\/ld+json\" class=\"yoast-schema-graph\">{\"@context\":\"https:\/\/schema.org\",\"@graph\":[{\"@type\":\"Article\",\"@id\":\"https:\/\/www.encontraminasgerais.com.br\/ouro-preto\/ouro-preto-sediara-o-1o-forum-regional-de-diversificacao-economica\/#article\",\"isPartOf\":{\"@id\":\"https:\/\/www.encontraminasgerais.com.br\/ouro-preto\/ouro-preto-sediara-o-1o-forum-regional-de-diversificacao-economica\/\"},\"author\":{\"name\":\"Encontra Ouro Preto\",\"@id\":\"https:\/\/www.encontraminasgerais.com.br\/ouro-preto\/#\/schema\/person\/d55d0e79e38dd7d6474efd815b181c4d\"},\"headline\":\"Ouro Preto sediar\u00e1 o 1\u00ba F\u00f3rum Regional de Diversifica\u00e7\u00e3o Econ\u00f4mica\",\"datePublished\":\"2026-01-21T09:52:56+00:00\",\"mainEntityOfPage\":{\"@id\":\"https:\/\/www.encontraminasgerais.com.br\/ouro-preto\/ouro-preto-sediara-o-1o-forum-regional-de-diversificacao-economica\/\"},\"wordCount\":2033,\"commentCount\":0,\"image\":{\"@id\":\"https:\/\/www.encontraminasgerais.com.br\/ouro-preto\/ouro-preto-sediara-o-1o-forum-regional-de-diversificacao-economica\/#primaryimage\"},\"thumbnailUrl\":\"https:\/\/www.encontraminasgerais.com.br\/ouro-preto\/wp-content\/uploads\/2026\/01\/ouro-preto-sediara-o-1-forum-regional-de-diversificacao-economica.webp\",\"articleSection\":[\"Not\u00edcias Ouro Preto\"],\"inLanguage\":\"pt-BR\",\"potentialAction\":[{\"@type\":\"CommentAction\",\"name\":\"Comment\",\"target\":[\"https:\/\/www.encontraminasgerais.com.br\/ouro-preto\/ouro-preto-sediara-o-1o-forum-regional-de-diversificacao-economica\/#respond\"]}]},{\"@type\":\"WebPage\",\"@id\":\"https:\/\/www.encontraminasgerais.com.br\/ouro-preto\/ouro-preto-sediara-o-1o-forum-regional-de-diversificacao-economica\/\",\"url\":\"https:\/\/www.encontraminasgerais.com.br\/ouro-preto\/ouro-preto-sediara-o-1o-forum-regional-de-diversificacao-economica\/\",\"name\":\"Ouro Preto sediar\u00e1 o 1\u00ba F\u00f3rum Regional de Diversifica\u00e7\u00e3o Econ\u00f4mica | Guia Comercial de Ouro Preto MG\",\"isPartOf\":{\"@id\":\"https:\/\/www.encontraminasgerais.com.br\/ouro-preto\/#website\"},\"primaryImageOfPage\":{\"@id\":\"https:\/\/www.encontraminasgerais.com.br\/ouro-preto\/ouro-preto-sediara-o-1o-forum-regional-de-diversificacao-economica\/#primaryimage\"},\"image\":{\"@id\":\"https:\/\/www.encontraminasgerais.com.br\/ouro-preto\/ouro-preto-sediara-o-1o-forum-regional-de-diversificacao-economica\/#primaryimage\"},\"thumbnailUrl\":\"https:\/\/www.encontraminasgerais.com.br\/ouro-preto\/wp-content\/uploads\/2026\/01\/ouro-preto-sediara-o-1-forum-regional-de-diversificacao-economica.webp\",\"datePublished\":\"2026-01-21T09:52:56+00:00\",\"author\":{\"@id\":\"https:\/\/www.encontraminasgerais.com.br\/ouro-preto\/#\/schema\/person\/d55d0e79e38dd7d6474efd815b181c4d\"},\"inLanguage\":\"pt-BR\",\"potentialAction\":[{\"@type\":\"ReadAction\",\"target\":[\"https:\/\/www.encontraminasgerais.com.br\/ouro-preto\/ouro-preto-sediara-o-1o-forum-regional-de-diversificacao-economica\/\"]}]},{\"@type\":\"ImageObject\",\"inLanguage\":\"pt-BR\",\"@id\":\"https:\/\/www.encontraminasgerais.com.br\/ouro-preto\/ouro-preto-sediara-o-1o-forum-regional-de-diversificacao-economica\/#primaryimage\",\"url\":\"https:\/\/www.encontraminasgerais.com.br\/ouro-preto\/wp-content\/uploads\/2026\/01\/ouro-preto-sediara-o-1-forum-regional-de-diversificacao-economica.webp\",\"contentUrl\":\"https:\/\/www.encontraminasgerais.com.br\/ouro-preto\/wp-content\/uploads\/2026\/01\/ouro-preto-sediara-o-1-forum-regional-de-diversificacao-economica.webp\",\"width\":280,\"height\":280,\"caption\":\"F\u00f3rum Regional de Diversifica\u00e7\u00e3o Econ\u00f4mica\"},{\"@type\":\"WebSite\",\"@id\":\"https:\/\/www.encontraminasgerais.com.br\/ouro-preto\/#website\",\"url\":\"https:\/\/www.encontraminasgerais.com.br\/ouro-preto\/\",\"name\":\"Guia Comercial de Ouro Preto MG\",\"description\":\"O Encontra Ouro Preto \u00e9 o guia mais completo da cidade Ouro Preto com com\u00e9rcios, servi\u00e7os, noticias, jornal, hist\u00f3ria e lazer da cidade.\",\"potentialAction\":[{\"@type\":\"SearchAction\",\"target\":{\"@type\":\"EntryPoint\",\"urlTemplate\":\"https:\/\/www.encontraminasgerais.com.br\/ouro-preto\/?s={search_term_string}\"},\"query-input\":{\"@type\":\"PropertyValueSpecification\",\"valueRequired\":true,\"valueName\":\"search_term_string\"}}],\"inLanguage\":\"pt-BR\"},{\"@type\":\"Person\",\"@id\":\"https:\/\/www.encontraminasgerais.com.br\/ouro-preto\/#\/schema\/person\/d55d0e79e38dd7d6474efd815b181c4d\",\"name\":\"Encontra Ouro Preto\",\"image\":{\"@type\":\"ImageObject\",\"inLanguage\":\"pt-BR\",\"@id\":\"https:\/\/secure.gravatar.com\/avatar\/c50c17820bcf322f0a8fd6b110b8c0918141409dc69076470f6fca5fee70a5d4?s=96&d=mm&r=g\",\"url\":\"https:\/\/secure.gravatar.com\/avatar\/c50c17820bcf322f0a8fd6b110b8c0918141409dc69076470f6fca5fee70a5d4?s=96&d=mm&r=g\",\"contentUrl\":\"https:\/\/secure.gravatar.com\/avatar\/c50c17820bcf322f0a8fd6b110b8c0918141409dc69076470f6fca5fee70a5d4?s=96&d=mm&r=g\",\"caption\":\"Encontra Ouro Preto\"},\"url\":\"https:\/\/www.encontraminasgerais.com.br\/ouro-preto\/author\/encontraouropreto\/\"}]}<\/script>\n<!-- \/ Yoast SEO plugin. -->","yoast_head_json":{"title":"Ouro Preto sediar\u00e1 o 1\u00ba F\u00f3rum Regional de Diversifica\u00e7\u00e3o Econ\u00f4mica | Guia Comercial de Ouro Preto MG","robots":{"index":"index","follow":"follow","max-snippet":"max-snippet:-1","max-image-preview":"max-image-preview:large","max-video-preview":"max-video-preview:-1"},"canonical":"https:\/\/www.encontraminasgerais.com.br\/ouro-preto\/ouro-preto-sediara-o-1o-forum-regional-de-diversificacao-economica\/","og_locale":"pt_BR","og_type":"article","og_title":"Ouro Preto sediar\u00e1 o 1\u00ba F\u00f3rum Regional de Diversifica\u00e7\u00e3o Econ\u00f4mica | Guia Comercial de Ouro Preto MG","og_description":"Participe do F\u00f3rum Regional de Diversifica\u00e7\u00e3o Econ\u00f4mica em Ouro Preto e amplie suas oportunidades.","og_url":"https:\/\/www.encontraminasgerais.com.br\/ouro-preto\/ouro-preto-sediara-o-1o-forum-regional-de-diversificacao-economica\/","og_site_name":"Guia Comercial de Ouro Preto MG","article_published_time":"2026-01-21T09:52:56+00:00","og_image":[{"url":"https:\/\/www.encontraminasgerais.com.br\/ouro-preto\/wp-content\/uploads\/2026\/01\/ouro-preto-sediara-o-1-forum-regional-de-diversificacao-economica.webp","type":"","width":"","height":""}],"author":"Encontra Ouro Preto","twitter_card":"summary_large_image","twitter_misc":{"Escrito por":"Encontra Ouro Preto","Est. tempo de leitura":"10 minutos"},"schema":{"@context":"https:\/\/schema.org","@graph":[{"@type":"Article","@id":"https:\/\/www.encontraminasgerais.com.br\/ouro-preto\/ouro-preto-sediara-o-1o-forum-regional-de-diversificacao-economica\/#article","isPartOf":{"@id":"https:\/\/www.encontraminasgerais.com.br\/ouro-preto\/ouro-preto-sediara-o-1o-forum-regional-de-diversificacao-economica\/"},"author":{"name":"Encontra Ouro Preto","@id":"https:\/\/www.encontraminasgerais.com.br\/ouro-preto\/#\/schema\/person\/d55d0e79e38dd7d6474efd815b181c4d"},"headline":"Ouro Preto sediar\u00e1 o 1\u00ba F\u00f3rum Regional de Diversifica\u00e7\u00e3o Econ\u00f4mica","datePublished":"2026-01-21T09:52:56+00:00","mainEntityOfPage":{"@id":"https:\/\/www.encontraminasgerais.com.br\/ouro-preto\/ouro-preto-sediara-o-1o-forum-regional-de-diversificacao-economica\/"},"wordCount":2033,"commentCount":0,"image":{"@id":"https:\/\/www.encontraminasgerais.com.br\/ouro-preto\/ouro-preto-sediara-o-1o-forum-regional-de-diversificacao-economica\/#primaryimage"},"thumbnailUrl":"https:\/\/www.encontraminasgerais.com.br\/ouro-preto\/wp-content\/uploads\/2026\/01\/ouro-preto-sediara-o-1-forum-regional-de-diversificacao-economica.webp","articleSection":["Not\u00edcias Ouro Preto"],"inLanguage":"pt-BR","potentialAction":[{"@type":"CommentAction","name":"Comment","target":["https:\/\/www.encontraminasgerais.com.br\/ouro-preto\/ouro-preto-sediara-o-1o-forum-regional-de-diversificacao-economica\/#respond"]}]},{"@type":"WebPage","@id":"https:\/\/www.encontraminasgerais.com.br\/ouro-preto\/ouro-preto-sediara-o-1o-forum-regional-de-diversificacao-economica\/","url":"https:\/\/www.encontraminasgerais.com.br\/ouro-preto\/ouro-preto-sediara-o-1o-forum-regional-de-diversificacao-economica\/","name":"Ouro Preto sediar\u00e1 o 1\u00ba F\u00f3rum Regional de Diversifica\u00e7\u00e3o Econ\u00f4mica | Guia Comercial de Ouro Preto MG","isPartOf":{"@id":"https:\/\/www.encontraminasgerais.com.br\/ouro-preto\/#website"},"primaryImageOfPage":{"@id":"https:\/\/www.encontraminasgerais.com.br\/ouro-preto\/ouro-preto-sediara-o-1o-forum-regional-de-diversificacao-economica\/#primaryimage"},"image":{"@id":"https:\/\/www.encontraminasgerais.com.br\/ouro-preto\/ouro-preto-sediara-o-1o-forum-regional-de-diversificacao-economica\/#primaryimage"},"thumbnailUrl":"https:\/\/www.encontraminasgerais.com.br\/ouro-preto\/wp-content\/uploads\/2026\/01\/ouro-preto-sediara-o-1-forum-regional-de-diversificacao-economica.webp","datePublished":"2026-01-21T09:52:56+00:00","author":{"@id":"https:\/\/www.encontraminasgerais.com.br\/ouro-preto\/#\/schema\/person\/d55d0e79e38dd7d6474efd815b181c4d"},"inLanguage":"pt-BR","potentialAction":[{"@type":"ReadAction","target":["https:\/\/www.encontraminasgerais.com.br\/ouro-preto\/ouro-preto-sediara-o-1o-forum-regional-de-diversificacao-economica\/"]}]},{"@type":"ImageObject","inLanguage":"pt-BR","@id":"https:\/\/www.encontraminasgerais.com.br\/ouro-preto\/ouro-preto-sediara-o-1o-forum-regional-de-diversificacao-economica\/#primaryimage","url":"https:\/\/www.encontraminasgerais.com.br\/ouro-preto\/wp-content\/uploads\/2026\/01\/ouro-preto-sediara-o-1-forum-regional-de-diversificacao-economica.webp","contentUrl":"https:\/\/www.encontraminasgerais.com.br\/ouro-preto\/wp-content\/uploads\/2026\/01\/ouro-preto-sediara-o-1-forum-regional-de-diversificacao-economica.webp","width":280,"height":280,"caption":"F\u00f3rum Regional de Diversifica\u00e7\u00e3o Econ\u00f4mica"},{"@type":"WebSite","@id":"https:\/\/www.encontraminasgerais.com.br\/ouro-preto\/#website","url":"https:\/\/www.encontraminasgerais.com.br\/ouro-preto\/","name":"Guia Comercial de Ouro Preto MG","description":"O Encontra Ouro Preto \u00e9 o guia mais completo da cidade Ouro Preto com com\u00e9rcios, servi\u00e7os, noticias, jornal, hist\u00f3ria e lazer da cidade.","potentialAction":[{"@type":"SearchAction","target":{"@type":"EntryPoint","urlTemplate":"https:\/\/www.encontraminasgerais.com.br\/ouro-preto\/?s={search_term_string}"},"query-input":{"@type":"PropertyValueSpecification","valueRequired":true,"valueName":"search_term_string"}}],"inLanguage":"pt-BR"},{"@type":"Person","@id":"https:\/\/www.encontraminasgerais.com.br\/ouro-preto\/#\/schema\/person\/d55d0e79e38dd7d6474efd815b181c4d","name":"Encontra Ouro Preto","image":{"@type":"ImageObject","inLanguage":"pt-BR","@id":"https:\/\/secure.gravatar.com\/avatar\/c50c17820bcf322f0a8fd6b110b8c0918141409dc69076470f6fca5fee70a5d4?s=96&d=mm&r=g","url":"https:\/\/secure.gravatar.com\/avatar\/c50c17820bcf322f0a8fd6b110b8c0918141409dc69076470f6fca5fee70a5d4?s=96&d=mm&r=g","contentUrl":"https:\/\/secure.gravatar.com\/avatar\/c50c17820bcf322f0a8fd6b110b8c0918141409dc69076470f6fca5fee70a5d4?s=96&d=mm&r=g","caption":"Encontra Ouro Preto"},"url":"https:\/\/www.encontraminasgerais.com.br\/ouro-preto\/author\/encontraouropreto\/"}]}},"_links":{"self":[{"href":"https:\/\/www.encontraminasgerais.com.br\/ouro-preto\/wp-json\/wp\/v2\/posts\/4247","targetHints":{"allow":["GET"]}}],"collection":[{"href":"https:\/\/www.encontraminasgerais.com.br\/ouro-preto\/wp-json\/wp\/v2\/posts"}],"about":[{"href":"https:\/\/www.encontraminasgerais.com.br\/ouro-preto\/wp-json\/wp\/v2\/types\/post"}],"author":[{"embeddable":true,"href":"https:\/\/www.encontraminasgerais.com.br\/ouro-preto\/wp-json\/wp\/v2\/users\/1"}],"replies":[{"embeddable":true,"href":"https:\/\/www.encontraminasgerais.com.br\/ouro-preto\/wp-json\/wp\/v2\/comments?post=4247"}],"version-history":[{"count":0,"href":"https:\/\/www.encontraminasgerais.com.br\/ouro-preto\/wp-json\/wp\/v2\/posts\/4247\/revisions"}],"wp:featuredmedia":[{"embeddable":true,"href":"https:\/\/www.encontraminasgerais.com.br\/ouro-preto\/wp-json\/wp\/v2\/media\/4246"}],"wp:attachment":[{"href":"https:\/\/www.encontraminasgerais.com.br\/ouro-preto\/wp-json\/wp\/v2\/media?parent=4247"}],"wp:term":[{"taxonomy":"category","embeddable":true,"href":"https:\/\/www.encontraminasgerais.com.br\/ouro-preto\/wp-json\/wp\/v2\/categories?post=4247"},{"taxonomy":"post_tag","embeddable":true,"href":"https:\/\/www.encontraminasgerais.com.br\/ouro-preto\/wp-json\/wp\/v2\/tags?post=4247"}],"curies":[{"name":"wp","href":"https:\/\/api.w.org\/{rel}","templated":true}]}}