{"id":4287,"date":"2026-01-29T06:51:24","date_gmt":"2026-01-29T09:51:24","guid":{"rendered":"https:\/\/www.encontraminasgerais.com.br\/ouro-preto\/parque-estadual-do-itacolomi-em-ouro-preto-e-mariana-sera-reaberto-ao-publico-com-novidades-na-visitacao\/"},"modified":"2026-01-29T06:51:24","modified_gmt":"2026-01-29T09:51:24","slug":"parque-estadual-do-itacolomi-em-ouro-preto-e-mariana-sera-reaberto-ao-publico-com-novidades-na-visitacao","status":"publish","type":"post","link":"https:\/\/www.encontraminasgerais.com.br\/ouro-preto\/parque-estadual-do-itacolomi-em-ouro-preto-e-mariana-sera-reaberto-ao-publico-com-novidades-na-visitacao\/","title":{"rendered":"Parque Estadual do Itacolomi em Ouro Preto e Mariana ser\u00e1 reaberto ao p\u00fablico com novidades na visita\u00e7\u00e3o"},"content":{"rendered":"<h2>Hist\u00f3rico do Parque Estadual do Itacolomi<\/h2>\n<p>O Parque Estadual do Itacolomi, uma das \u00e1reas de prote\u00e7\u00e3o mais ic\u00f4nicas de Minas Gerais, possui um forte apelo tanto natural quanto hist\u00f3rico. Este parque abriga uma rica biodiversidade e diversas trilhas que permitem aos visitantes explorar suas belezas naturais, al\u00e9m de um patrim\u00f4nio cultural vinculado \u00e0 hist\u00f3ria do Brasil. O parque tem sido um local de interesse para ecoturismo, preserva\u00e7\u00e3o ambiental e atividades educacionais.<\/p>\n<h2>Data de Reabertura e Acesso ao Parque<\/h2>\n<p>A reabertura do Parque Estadual do Itacolomi est\u00e1 programada para fevereiro de 2026, marcando o in\u00edcio de um novo ciclo para essa unidade de conserva\u00e7\u00e3o. O acesso ao parque ser\u00e1 facilitado para o p\u00fablico, garantindo que mais pessoas possam usufruir dos benef\u00edcios naturais e culturais que ele oferece. O objetivo \u00e9 tornar o parque uma refer\u00eancia em turismo sustent\u00e1vel, com um enfoque na conserva\u00e7\u00e3o dos recursos naturais.<\/p>\n<h2>Concession\u00e1ria Parquetur e Suas Inova\u00e7\u00f5es<\/h2>\n<p>A gest\u00e3o do parque ser\u00e1 conduzida pela concession\u00e1ria Parquetur, que tem como miss\u00e3o implementar melhorias significativas na infraestrutura e nas experi\u00eancias oferecidas aos visitantes. A Parquetur visa atualizar as instala\u00e7\u00f5es de apoio \u00e0 visita\u00e7\u00e3o e implementar novas experi\u00eancias dentro do parque, tudo alinhado com as pr\u00e1ticas de conserva\u00e7\u00e3o ambiental. Isso inclui a manuten\u00e7\u00e3o de trilhas e a cria\u00e7\u00e3o de novos roteiros tur\u00edsticos que tenham como foco a educa\u00e7\u00e3o ambiental e a intera\u00e7\u00e3o com o ecossistema local.<\/p>\n<p><img decoding=\"async\" src=\"https:\/\/www.encontraminasgerais.com.br\/ouro-preto\/wp-content\/uploads\/2026\/01\/parque-estadual-do-itacolomi-em-ouro-preto-e-mariana-sera-reaberto-ao-publico-com-novidades-na-visit.webp\" alt=\"Parque Estadual do Itacolomi\" loading=\"lazy\" \/><\/p>\n<h2>Novos Roteiros e Experi\u00eancias para Visitantes<\/h2>\n<p>Uma das inova\u00e7\u00f5es mais aguardadas \u00e9 o &#8220;Roteiro do Ch\u00e1&#8221;, que oferecer\u00e1 aos visitantes a oportunidade de conhecer o hist\u00f3rico da produ\u00e7\u00e3o e exporta\u00e7\u00e3o de ch\u00e1 na regi\u00e3o. Essa experi\u00eancia incluir\u00e1 visitas ao museu do ch\u00e1, onde ser\u00e1 poss\u00edvel aprender sobre o cultivo, a colheita e a degusta\u00e7\u00e3o da bebida. O objetivo \u00e9 proporcionar um passeio l\u00fadico e sensorial, enriquecido com experi\u00eancias gastron\u00f4micas que valorizem os produtos locais.<\/p>\n<p>Al\u00e9m deste, ser\u00e1 criado um bikepark, destinado a ciclistas que queiram explorar o parque de forma ativa e divertida. Com novas trilhas exclusivas para bicicletas, o parque se prop\u00f5e a atender uma demanda crescente de atividades ao ar livre e esportivas.<\/p>\n<h2>Melhorias na Infraestrutura do Parque<\/h2>\n<p>Com a concess\u00e3o em andamento, diversas melhorias est\u00e3o planejadas. Isso inclui a recupera\u00e7\u00e3o e manuten\u00e7\u00e3o das trilhas existentes, novas sinaliza\u00e7\u00f5es informativas, amplia\u00e7\u00e3o de \u00e1reas de descanso e a cria\u00e7\u00e3o de um quiosque que atender\u00e1 as necessidades dos visitantes entre as lagoas do parque. Essas interven\u00e7\u00f5es visam n\u00e3o apenas aumentar a capacidade de atendimento, mas tamb\u00e9m proporcionar mais conforto e seguran\u00e7a ao p\u00fablico.<\/p>\n<h2>Isen\u00e7\u00f5es e Gratuidades para Visitantes<\/h2>\n<p>\u00c9 importante destacar que, no novo modelo de concess\u00e3o, as isen\u00e7\u00f5es e gratuidades para o p\u00fablico permanecer\u00e3o garantidas. Isso significa que comunidades locais, estudantes e grupos institucionais continuar\u00e3o a ter acesso livre ao parque. O compromisso com a inclus\u00e3o e a acessibilidade \u00e9 um dos pilares que norteiam a gest\u00e3o do Parque Estadual do Itacolomi, reafirmando seu car\u00e1ter p\u00fablico e educacional.<\/p>\n<h2>A Import\u00e2ncia da Conserva\u00e7\u00e3o Ambiental<\/h2>\n<p>A preserva\u00e7\u00e3o da biodiversidade e a conserva\u00e7\u00e3o dos recursos naturais s\u00e3o primordiais para a sustentabilidade do Parque Estadual do Itacolomi. Com uma gest\u00e3o consciente e modelos inovadores, busca-se minimizar o impacto ambiental das atividades tur\u00edsticas, promovendo um relacionamento harmonioso entre o homem e a natureza. O parque serve como um exemplo de como as \u00e1reas protegidas podem ser utilizadas de forma sustent\u00e1vel, beneficiando tanto o meio ambiente quanto as comunidades locais.<\/p>\n<h2>Participa\u00e7\u00e3o Social e Transpar\u00eancia na Concess\u00e3o<\/h2>\n<p>O processo de concess\u00e3o do Parque Estadual do Itacolomi foi precedido por consultas p\u00fablicas e estudos t\u00e9cnicos, que garantiram a transpar\u00eancia e a participa\u00e7\u00e3o da sociedade nas decis\u00f5es que afetam o parque. Os documentos referentes ao processo de concess\u00e3o est\u00e3o dispon\u00edveis para consulta p\u00fablica, permitindo que a comunidade acompanhe e participe ativamente das diretrizes da administra\u00e7\u00e3o do parque.<\/p>\n<h2>O Papel do Instituto Estadual de Florestas<\/h2>\n<p>O Instituto Estadual de Florestas (IEF) continuar\u00e1 a desempenhar um papel fundamental na supervis\u00e3o do Parque Estadual do Itacolomi. Suas responsabilidades incluem a fiscaliza\u00e7\u00e3o, a preserva\u00e7\u00e3o da biodiversidade, o monitoramento ambiental e a prote\u00e7\u00e3o do patrim\u00f4nio cultural e natural do parque. O IEF assegura que a gest\u00e3o no parque seja sempre orientada em conformidade com as leis de prote\u00e7\u00e3o ambiental e regulamenta\u00e7\u00f5es vigentes.<\/p>\n<h2>Expectativas para o Futuro do Parque<\/h2>\n<p>Com a implementa\u00e7\u00e3o das novas medidas e a dedica\u00e7\u00e3o dos envolvidos na gest\u00e3o do parque, as expectativas para o futuro do Parque Estadual do Itacolomi s\u00e3o muito positivas. O foco em turismo sustent\u00e1vel e a promo\u00e7\u00e3o de experi\u00eancias \u00fanicas para os visitantes, aliado ao compromisso com a conserva\u00e7\u00e3o ambiental, promete transformar o parque em um destino de destaque para ecoturismo em Minas Gerais. Espera-se que essa iniciativa inspire a preserva\u00e7\u00e3o de outras \u00e1reas de conserva\u00e7\u00e3o no estado, refor\u00e7ando a import\u00e2ncia de proteger o meio ambiente para as futuras gera\u00e7\u00f5es.<\/p>\n","protected":false},"excerpt":{"rendered":"<p>Descubra as inova\u00e7\u00f5es e melhorias no Parque Estadual do Itacolomi para sua visita em 2026.<\/p>\n","protected":false},"author":1,"featured_media":4286,"comment_status":"open","ping_status":"open","sticky":false,"template":"","format":"standard","meta":{"footnotes":""},"categories":[5],"tags":[],"class_list":["post-4287","post","type-post","status-publish","format-standard","has-post-thumbnail","hentry","category-noticias","has_thumb"],"yoast_head":"<!-- This site is optimized with the Yoast SEO plugin v27.2 - https:\/\/yoast.com\/product\/yoast-seo-wordpress\/ -->\n<title>Parque Estadual do Itacolomi em Ouro Preto e Mariana ser\u00e1 reaberto ao p\u00fablico com novidades na visita\u00e7\u00e3o | Guia Comercial de Ouro Preto MG<\/title>\n<meta name=\"robots\" content=\"index, follow, max-snippet:-1, max-image-preview:large, max-video-preview:-1\" \/>\n<link rel=\"canonical\" href=\"https:\/\/www.encontraminasgerais.com.br\/ouro-preto\/parque-estadual-do-itacolomi-em-ouro-preto-e-mariana-sera-reaberto-ao-publico-com-novidades-na-visitacao\/\" \/>\n<meta property=\"og:locale\" content=\"pt_BR\" \/>\n<meta property=\"og:type\" content=\"article\" \/>\n<meta property=\"og:title\" content=\"Parque Estadual do Itacolomi em Ouro Preto e Mariana ser\u00e1 reaberto ao p\u00fablico com novidades na visita\u00e7\u00e3o | Guia Comercial de Ouro Preto MG\" \/>\n<meta property=\"og:description\" content=\"Descubra as inova\u00e7\u00f5es e melhorias no Parque Estadual do Itacolomi para sua visita em 2026.\" \/>\n<meta property=\"og:url\" content=\"https:\/\/www.encontraminasgerais.com.br\/ouro-preto\/parque-estadual-do-itacolomi-em-ouro-preto-e-mariana-sera-reaberto-ao-publico-com-novidades-na-visitacao\/\" \/>\n<meta property=\"og:site_name\" content=\"Guia Comercial de Ouro Preto MG\" \/>\n<meta property=\"article:published_time\" content=\"2026-01-29T09:51:24+00:00\" \/>\n<meta property=\"og:image\" content=\"https:\/\/www.encontraminasgerais.com.br\/ouro-preto\/wp-content\/uploads\/2026\/01\/parque-estadual-do-itacolomi-em-ouro-preto-e-mariana-sera-reaberto-ao-publico-com-novidades-na-visit.webp\" \/>\n<meta name=\"author\" content=\"Encontra Ouro Preto\" \/>\n<meta name=\"twitter:card\" content=\"summary_large_image\" \/>\n<meta name=\"twitter:label1\" content=\"Escrito por\" \/>\n\t<meta name=\"twitter:data1\" content=\"Encontra Ouro Preto\" \/>\n\t<meta name=\"twitter:label2\" content=\"Est. tempo de leitura\" \/>\n\t<meta name=\"twitter:data2\" content=\"4 minutos\" \/>\n<script type=\"application\/ld+json\" class=\"yoast-schema-graph\">{\"@context\":\"https:\/\/schema.org\",\"@graph\":[{\"@type\":\"Article\",\"@id\":\"https:\/\/www.encontraminasgerais.com.br\/ouro-preto\/parque-estadual-do-itacolomi-em-ouro-preto-e-mariana-sera-reaberto-ao-publico-com-novidades-na-visitacao\/#article\",\"isPartOf\":{\"@id\":\"https:\/\/www.encontraminasgerais.com.br\/ouro-preto\/parque-estadual-do-itacolomi-em-ouro-preto-e-mariana-sera-reaberto-ao-publico-com-novidades-na-visitacao\/\"},\"author\":{\"name\":\"Encontra Ouro Preto\",\"@id\":\"https:\/\/www.encontraminasgerais.com.br\/ouro-preto\/#\/schema\/person\/d55d0e79e38dd7d6474efd815b181c4d\"},\"headline\":\"Parque Estadual do Itacolomi em Ouro Preto e Mariana ser\u00e1 reaberto ao p\u00fablico com novidades na visita\u00e7\u00e3o\",\"datePublished\":\"2026-01-29T09:51:24+00:00\",\"mainEntityOfPage\":{\"@id\":\"https:\/\/www.encontraminasgerais.com.br\/ouro-preto\/parque-estadual-do-itacolomi-em-ouro-preto-e-mariana-sera-reaberto-ao-publico-com-novidades-na-visitacao\/\"},\"wordCount\":900,\"commentCount\":0,\"image\":{\"@id\":\"https:\/\/www.encontraminasgerais.com.br\/ouro-preto\/parque-estadual-do-itacolomi-em-ouro-preto-e-mariana-sera-reaberto-ao-publico-com-novidades-na-visitacao\/#primaryimage\"},\"thumbnailUrl\":\"https:\/\/www.encontraminasgerais.com.br\/ouro-preto\/wp-content\/uploads\/2026\/01\/parque-estadual-do-itacolomi-em-ouro-preto-e-mariana-sera-reaberto-ao-publico-com-novidades-na-visit.webp\",\"articleSection\":[\"Not\u00edcias Ouro Preto\"],\"inLanguage\":\"pt-BR\",\"potentialAction\":[{\"@type\":\"CommentAction\",\"name\":\"Comment\",\"target\":[\"https:\/\/www.encontraminasgerais.com.br\/ouro-preto\/parque-estadual-do-itacolomi-em-ouro-preto-e-mariana-sera-reaberto-ao-publico-com-novidades-na-visitacao\/#respond\"]}]},{\"@type\":\"WebPage\",\"@id\":\"https:\/\/www.encontraminasgerais.com.br\/ouro-preto\/parque-estadual-do-itacolomi-em-ouro-preto-e-mariana-sera-reaberto-ao-publico-com-novidades-na-visitacao\/\",\"url\":\"https:\/\/www.encontraminasgerais.com.br\/ouro-preto\/parque-estadual-do-itacolomi-em-ouro-preto-e-mariana-sera-reaberto-ao-publico-com-novidades-na-visitacao\/\",\"name\":\"Parque Estadual do Itacolomi em Ouro Preto e Mariana ser\u00e1 reaberto ao p\u00fablico com novidades na visita\u00e7\u00e3o | Guia Comercial de Ouro Preto MG\",\"isPartOf\":{\"@id\":\"https:\/\/www.encontraminasgerais.com.br\/ouro-preto\/#website\"},\"primaryImageOfPage\":{\"@id\":\"https:\/\/www.encontraminasgerais.com.br\/ouro-preto\/parque-estadual-do-itacolomi-em-ouro-preto-e-mariana-sera-reaberto-ao-publico-com-novidades-na-visitacao\/#primaryimage\"},\"image\":{\"@id\":\"https:\/\/www.encontraminasgerais.com.br\/ouro-preto\/parque-estadual-do-itacolomi-em-ouro-preto-e-mariana-sera-reaberto-ao-publico-com-novidades-na-visitacao\/#primaryimage\"},\"thumbnailUrl\":\"https:\/\/www.encontraminasgerais.com.br\/ouro-preto\/wp-content\/uploads\/2026\/01\/parque-estadual-do-itacolomi-em-ouro-preto-e-mariana-sera-reaberto-ao-publico-com-novidades-na-visit.webp\",\"datePublished\":\"2026-01-29T09:51:24+00:00\",\"author\":{\"@id\":\"https:\/\/www.encontraminasgerais.com.br\/ouro-preto\/#\/schema\/person\/d55d0e79e38dd7d6474efd815b181c4d\"},\"inLanguage\":\"pt-BR\",\"potentialAction\":[{\"@type\":\"ReadAction\",\"target\":[\"https:\/\/www.encontraminasgerais.com.br\/ouro-preto\/parque-estadual-do-itacolomi-em-ouro-preto-e-mariana-sera-reaberto-ao-publico-com-novidades-na-visitacao\/\"]}]},{\"@type\":\"ImageObject\",\"inLanguage\":\"pt-BR\",\"@id\":\"https:\/\/www.encontraminasgerais.com.br\/ouro-preto\/parque-estadual-do-itacolomi-em-ouro-preto-e-mariana-sera-reaberto-ao-publico-com-novidades-na-visitacao\/#primaryimage\",\"url\":\"https:\/\/www.encontraminasgerais.com.br\/ouro-preto\/wp-content\/uploads\/2026\/01\/parque-estadual-do-itacolomi-em-ouro-preto-e-mariana-sera-reaberto-ao-publico-com-novidades-na-visit.webp\",\"contentUrl\":\"https:\/\/www.encontraminasgerais.com.br\/ouro-preto\/wp-content\/uploads\/2026\/01\/parque-estadual-do-itacolomi-em-ouro-preto-e-mariana-sera-reaberto-ao-publico-com-novidades-na-visit.webp\",\"width\":280,\"height\":280,\"caption\":\"Parque Estadual do Itacolomi\"},{\"@type\":\"WebSite\",\"@id\":\"https:\/\/www.encontraminasgerais.com.br\/ouro-preto\/#website\",\"url\":\"https:\/\/www.encontraminasgerais.com.br\/ouro-preto\/\",\"name\":\"Guia Comercial de Ouro Preto MG\",\"description\":\"O Encontra Ouro Preto \u00e9 o guia mais completo da cidade Ouro Preto com com\u00e9rcios, servi\u00e7os, noticias, jornal, hist\u00f3ria e lazer da cidade.\",\"potentialAction\":[{\"@type\":\"SearchAction\",\"target\":{\"@type\":\"EntryPoint\",\"urlTemplate\":\"https:\/\/www.encontraminasgerais.com.br\/ouro-preto\/?s={search_term_string}\"},\"query-input\":{\"@type\":\"PropertyValueSpecification\",\"valueRequired\":true,\"valueName\":\"search_term_string\"}}],\"inLanguage\":\"pt-BR\"},{\"@type\":\"Person\",\"@id\":\"https:\/\/www.encontraminasgerais.com.br\/ouro-preto\/#\/schema\/person\/d55d0e79e38dd7d6474efd815b181c4d\",\"name\":\"Encontra Ouro Preto\",\"image\":{\"@type\":\"ImageObject\",\"inLanguage\":\"pt-BR\",\"@id\":\"https:\/\/secure.gravatar.com\/avatar\/c50c17820bcf322f0a8fd6b110b8c0918141409dc69076470f6fca5fee70a5d4?s=96&d=mm&r=g\",\"url\":\"https:\/\/secure.gravatar.com\/avatar\/c50c17820bcf322f0a8fd6b110b8c0918141409dc69076470f6fca5fee70a5d4?s=96&d=mm&r=g\",\"contentUrl\":\"https:\/\/secure.gravatar.com\/avatar\/c50c17820bcf322f0a8fd6b110b8c0918141409dc69076470f6fca5fee70a5d4?s=96&d=mm&r=g\",\"caption\":\"Encontra Ouro Preto\"},\"url\":\"https:\/\/www.encontraminasgerais.com.br\/ouro-preto\/author\/encontraouropreto\/\"}]}<\/script>\n<!-- \/ Yoast SEO plugin. -->","yoast_head_json":{"title":"Parque Estadual do Itacolomi em Ouro Preto e Mariana ser\u00e1 reaberto ao p\u00fablico com novidades na visita\u00e7\u00e3o | Guia Comercial de Ouro Preto MG","robots":{"index":"index","follow":"follow","max-snippet":"max-snippet:-1","max-image-preview":"max-image-preview:large","max-video-preview":"max-video-preview:-1"},"canonical":"https:\/\/www.encontraminasgerais.com.br\/ouro-preto\/parque-estadual-do-itacolomi-em-ouro-preto-e-mariana-sera-reaberto-ao-publico-com-novidades-na-visitacao\/","og_locale":"pt_BR","og_type":"article","og_title":"Parque Estadual do Itacolomi em Ouro Preto e Mariana ser\u00e1 reaberto ao p\u00fablico com novidades na visita\u00e7\u00e3o | Guia Comercial de Ouro Preto MG","og_description":"Descubra as inova\u00e7\u00f5es e melhorias no Parque Estadual do Itacolomi para sua visita em 2026.","og_url":"https:\/\/www.encontraminasgerais.com.br\/ouro-preto\/parque-estadual-do-itacolomi-em-ouro-preto-e-mariana-sera-reaberto-ao-publico-com-novidades-na-visitacao\/","og_site_name":"Guia Comercial de Ouro Preto MG","article_published_time":"2026-01-29T09:51:24+00:00","og_image":[{"url":"https:\/\/www.encontraminasgerais.com.br\/ouro-preto\/wp-content\/uploads\/2026\/01\/parque-estadual-do-itacolomi-em-ouro-preto-e-mariana-sera-reaberto-ao-publico-com-novidades-na-visit.webp","type":"","width":"","height":""}],"author":"Encontra Ouro Preto","twitter_card":"summary_large_image","twitter_misc":{"Escrito por":"Encontra Ouro Preto","Est. tempo de leitura":"4 minutos"},"schema":{"@context":"https:\/\/schema.org","@graph":[{"@type":"Article","@id":"https:\/\/www.encontraminasgerais.com.br\/ouro-preto\/parque-estadual-do-itacolomi-em-ouro-preto-e-mariana-sera-reaberto-ao-publico-com-novidades-na-visitacao\/#article","isPartOf":{"@id":"https:\/\/www.encontraminasgerais.com.br\/ouro-preto\/parque-estadual-do-itacolomi-em-ouro-preto-e-mariana-sera-reaberto-ao-publico-com-novidades-na-visitacao\/"},"author":{"name":"Encontra Ouro Preto","@id":"https:\/\/www.encontraminasgerais.com.br\/ouro-preto\/#\/schema\/person\/d55d0e79e38dd7d6474efd815b181c4d"},"headline":"Parque Estadual do Itacolomi em Ouro Preto e Mariana ser\u00e1 reaberto ao p\u00fablico com novidades na visita\u00e7\u00e3o","datePublished":"2026-01-29T09:51:24+00:00","mainEntityOfPage":{"@id":"https:\/\/www.encontraminasgerais.com.br\/ouro-preto\/parque-estadual-do-itacolomi-em-ouro-preto-e-mariana-sera-reaberto-ao-publico-com-novidades-na-visitacao\/"},"wordCount":900,"commentCount":0,"image":{"@id":"https:\/\/www.encontraminasgerais.com.br\/ouro-preto\/parque-estadual-do-itacolomi-em-ouro-preto-e-mariana-sera-reaberto-ao-publico-com-novidades-na-visitacao\/#primaryimage"},"thumbnailUrl":"https:\/\/www.encontraminasgerais.com.br\/ouro-preto\/wp-content\/uploads\/2026\/01\/parque-estadual-do-itacolomi-em-ouro-preto-e-mariana-sera-reaberto-ao-publico-com-novidades-na-visit.webp","articleSection":["Not\u00edcias Ouro Preto"],"inLanguage":"pt-BR","potentialAction":[{"@type":"CommentAction","name":"Comment","target":["https:\/\/www.encontraminasgerais.com.br\/ouro-preto\/parque-estadual-do-itacolomi-em-ouro-preto-e-mariana-sera-reaberto-ao-publico-com-novidades-na-visitacao\/#respond"]}]},{"@type":"WebPage","@id":"https:\/\/www.encontraminasgerais.com.br\/ouro-preto\/parque-estadual-do-itacolomi-em-ouro-preto-e-mariana-sera-reaberto-ao-publico-com-novidades-na-visitacao\/","url":"https:\/\/www.encontraminasgerais.com.br\/ouro-preto\/parque-estadual-do-itacolomi-em-ouro-preto-e-mariana-sera-reaberto-ao-publico-com-novidades-na-visitacao\/","name":"Parque Estadual do Itacolomi em Ouro Preto e Mariana ser\u00e1 reaberto ao p\u00fablico com novidades na visita\u00e7\u00e3o | Guia Comercial de Ouro Preto MG","isPartOf":{"@id":"https:\/\/www.encontraminasgerais.com.br\/ouro-preto\/#website"},"primaryImageOfPage":{"@id":"https:\/\/www.encontraminasgerais.com.br\/ouro-preto\/parque-estadual-do-itacolomi-em-ouro-preto-e-mariana-sera-reaberto-ao-publico-com-novidades-na-visitacao\/#primaryimage"},"image":{"@id":"https:\/\/www.encontraminasgerais.com.br\/ouro-preto\/parque-estadual-do-itacolomi-em-ouro-preto-e-mariana-sera-reaberto-ao-publico-com-novidades-na-visitacao\/#primaryimage"},"thumbnailUrl":"https:\/\/www.encontraminasgerais.com.br\/ouro-preto\/wp-content\/uploads\/2026\/01\/parque-estadual-do-itacolomi-em-ouro-preto-e-mariana-sera-reaberto-ao-publico-com-novidades-na-visit.webp","datePublished":"2026-01-29T09:51:24+00:00","author":{"@id":"https:\/\/www.encontraminasgerais.com.br\/ouro-preto\/#\/schema\/person\/d55d0e79e38dd7d6474efd815b181c4d"},"inLanguage":"pt-BR","potentialAction":[{"@type":"ReadAction","target":["https:\/\/www.encontraminasgerais.com.br\/ouro-preto\/parque-estadual-do-itacolomi-em-ouro-preto-e-mariana-sera-reaberto-ao-publico-com-novidades-na-visitacao\/"]}]},{"@type":"ImageObject","inLanguage":"pt-BR","@id":"https:\/\/www.encontraminasgerais.com.br\/ouro-preto\/parque-estadual-do-itacolomi-em-ouro-preto-e-mariana-sera-reaberto-ao-publico-com-novidades-na-visitacao\/#primaryimage","url":"https:\/\/www.encontraminasgerais.com.br\/ouro-preto\/wp-content\/uploads\/2026\/01\/parque-estadual-do-itacolomi-em-ouro-preto-e-mariana-sera-reaberto-ao-publico-com-novidades-na-visit.webp","contentUrl":"https:\/\/www.encontraminasgerais.com.br\/ouro-preto\/wp-content\/uploads\/2026\/01\/parque-estadual-do-itacolomi-em-ouro-preto-e-mariana-sera-reaberto-ao-publico-com-novidades-na-visit.webp","width":280,"height":280,"caption":"Parque Estadual do Itacolomi"},{"@type":"WebSite","@id":"https:\/\/www.encontraminasgerais.com.br\/ouro-preto\/#website","url":"https:\/\/www.encontraminasgerais.com.br\/ouro-preto\/","name":"Guia Comercial de Ouro Preto MG","description":"O Encontra Ouro Preto \u00e9 o guia mais completo da cidade Ouro Preto com com\u00e9rcios, servi\u00e7os, noticias, jornal, hist\u00f3ria e lazer da cidade.","potentialAction":[{"@type":"SearchAction","target":{"@type":"EntryPoint","urlTemplate":"https:\/\/www.encontraminasgerais.com.br\/ouro-preto\/?s={search_term_string}"},"query-input":{"@type":"PropertyValueSpecification","valueRequired":true,"valueName":"search_term_string"}}],"inLanguage":"pt-BR"},{"@type":"Person","@id":"https:\/\/www.encontraminasgerais.com.br\/ouro-preto\/#\/schema\/person\/d55d0e79e38dd7d6474efd815b181c4d","name":"Encontra Ouro Preto","image":{"@type":"ImageObject","inLanguage":"pt-BR","@id":"https:\/\/secure.gravatar.com\/avatar\/c50c17820bcf322f0a8fd6b110b8c0918141409dc69076470f6fca5fee70a5d4?s=96&d=mm&r=g","url":"https:\/\/secure.gravatar.com\/avatar\/c50c17820bcf322f0a8fd6b110b8c0918141409dc69076470f6fca5fee70a5d4?s=96&d=mm&r=g","contentUrl":"https:\/\/secure.gravatar.com\/avatar\/c50c17820bcf322f0a8fd6b110b8c0918141409dc69076470f6fca5fee70a5d4?s=96&d=mm&r=g","caption":"Encontra Ouro Preto"},"url":"https:\/\/www.encontraminasgerais.com.br\/ouro-preto\/author\/encontraouropreto\/"}]}},"_links":{"self":[{"href":"https:\/\/www.encontraminasgerais.com.br\/ouro-preto\/wp-json\/wp\/v2\/posts\/4287","targetHints":{"allow":["GET"]}}],"collection":[{"href":"https:\/\/www.encontraminasgerais.com.br\/ouro-preto\/wp-json\/wp\/v2\/posts"}],"about":[{"href":"https:\/\/www.encontraminasgerais.com.br\/ouro-preto\/wp-json\/wp\/v2\/types\/post"}],"author":[{"embeddable":true,"href":"https:\/\/www.encontraminasgerais.com.br\/ouro-preto\/wp-json\/wp\/v2\/users\/1"}],"replies":[{"embeddable":true,"href":"https:\/\/www.encontraminasgerais.com.br\/ouro-preto\/wp-json\/wp\/v2\/comments?post=4287"}],"version-history":[{"count":0,"href":"https:\/\/www.encontraminasgerais.com.br\/ouro-preto\/wp-json\/wp\/v2\/posts\/4287\/revisions"}],"wp:featuredmedia":[{"embeddable":true,"href":"https:\/\/www.encontraminasgerais.com.br\/ouro-preto\/wp-json\/wp\/v2\/media\/4286"}],"wp:attachment":[{"href":"https:\/\/www.encontraminasgerais.com.br\/ouro-preto\/wp-json\/wp\/v2\/media?parent=4287"}],"wp:term":[{"taxonomy":"category","embeddable":true,"href":"https:\/\/www.encontraminasgerais.com.br\/ouro-preto\/wp-json\/wp\/v2\/categories?post=4287"},{"taxonomy":"post_tag","embeddable":true,"href":"https:\/\/www.encontraminasgerais.com.br\/ouro-preto\/wp-json\/wp\/v2\/tags?post=4287"}],"curies":[{"name":"wp","href":"https:\/\/api.w.org\/{rel}","templated":true}]}}