{"id":4291,"date":"2026-01-29T06:56:43","date_gmt":"2026-01-29T09:56:43","guid":{"rendered":"https:\/\/www.encontraminasgerais.com.br\/ouro-preto\/vale-vale3-registra-extravasamento-em-mina-de-mg-e-nega-relacao-com-barragens\/"},"modified":"2026-01-29T06:56:43","modified_gmt":"2026-01-29T09:56:43","slug":"vale-vale3-registra-extravasamento-em-mina-de-mg-e-nega-relacao-com-barragens","status":"publish","type":"post","link":"https:\/\/www.encontraminasgerais.com.br\/ouro-preto\/vale-vale3-registra-extravasamento-em-mina-de-mg-e-nega-relacao-com-barragens\/","title":{"rendered":"Vale (VALE3) registra extravasamento em mina de MG e nega rela\u00e7\u00e3o com barragens"},"content":{"rendered":"<h2>O Que Aconteceu na Mina de Ouro Preto?<\/h2>\n<p>Recentemente, a <strong>Vale (VALE3)<\/strong> anunciou um extravasamento de \u00e1gua com sedimentos em uma de suas minas, mais especificamente na mina de F\u00e1brica localizada em Ouro Preto, no estado de Minas Gerais. O incidente ocorreu na madrugada do \u00faltimo domingo e, conforme informa\u00e7\u00f5es divulgadas pela empresa, n\u00e3o houve feridos nem impactos diretos nas comunidades vizinhas. No entanto, a situa\u00e7\u00e3o afetou \u00e1reas pertencentes a uma empresa que opera na regi\u00e3o.<\/p>\n<h2>Como a Vale Respondeu ao Incidente<\/h2>\n<p>Em um comunicado \u00e0 imprensa, a Vale esclareceu que o material que extravasou veio de uma cava da mina e n\u00e3o de estruturas de conten\u00e7\u00e3o. Assim que o evento foi identificado, a empresa seguiu os protocolos operacionais estabelecidos, implementando a\u00e7\u00f5es imediatas para controlar a situa\u00e7\u00e3o. O vice-presidente executivo de Finan\u00e7as e Rela\u00e7\u00f5es com Investidores, <strong>Marcelo Bacci<\/strong>, destacou que a opera\u00e7\u00e3o foi tratada dentro dos procedimentos adequados. Em nota, ele detalhou que &#8220;o extravasamento foi proveniente de uma cava e n\u00e3o tem rela\u00e7\u00e3o com nossas barragens&#8221;.<\/p>\n<h2>Desvincula\u00e7\u00e3o das Barragens: Entenda<\/h2>\n<p>Um ponto de preocupa\u00e7\u00e3o para a Vale diz respeito \u00e0s barragens na regi\u00e3o, um tema que se tornou sens\u00edvel no setor devido a trag\u00e9dias passadas. A mineradora salientou que o extravasamento n\u00e3o tem qualquer liga\u00e7\u00e3o com suas barragens, as quais permanecem sob rigoroso monitoramento e aten\u00e7\u00e3o, com garantias de estabilidade e seguran\u00e7a. A Vale certifique-se de que a situa\u00e7\u00e3o atual das barragens permanece inalterada e em conformidade com os padr\u00f5es regulat\u00f3rios existentes.<\/p>\n<p><img decoding=\"async\" src=\"https:\/\/www.encontraminasgerais.com.br\/ouro-preto\/wp-content\/uploads\/2026\/01\/vale-vale3-registra-extravasamento-em-mina-de-mg-e-nega-relacao-com-barragens.webp\" alt=\"Vale (VALE3)\" loading=\"lazy\" \/><\/p>\n<h2>Impacto do Extravasamento nas Comunidades<\/h2>\n<p>Ainda que o incidente tenha sido classificado como pontual e sem v\u00edtimas, \u00e9 crucial entender as implica\u00e7\u00f5es que esses eventos podem ter sobre as comunidades ao redor. A comunica\u00e7\u00e3o da Vale citou que todos os \u00f3rg\u00e3os competentes foram notificados imediatamente, refletindo um compromisso com a transpar\u00eancia e a seguran\u00e7a. As autoridades locais est\u00e3o sendo atualizadas sobre o progresso das investiga\u00e7\u00f5es para determinar as causas do extravasamento.<\/p>\n<h2>A Import\u00e2ncia da Seguran\u00e7a em Minas<\/h2>\n<p>Este incidente ressalta a import\u00e2ncia da seguran\u00e7a nas opera\u00e7\u00f5es de minera\u00e7\u00e3o. Para garantir a prote\u00e7\u00e3o das comunidades e do meio ambiente, a Vale tem investido em tecnologia e inova\u00e7\u00e3o para monitorar suas opera\u00e7\u00f5es. A empresa segue normas r\u00edgidas e has protocols em lugares para responder a quaisquer poss\u00edveis emerg\u00eancias de forma a minimizar riscos.<\/p>\n<h2>Hist\u00f3rico de Barragens e Seguran\u00e7a<\/h2>\n<p>O hist\u00f3rico de barragens da Vale \u00e9 um t\u00f3pico que gera muita discuss\u00e3o e preocupa\u00e7\u00e3o. Ap\u00f3s eventos tr\u00e1gicos, como o de Brumadinho, h\u00e1 uma expectativa crescente em rela\u00e7\u00e3o \u00e0 seguran\u00e7a e aos investimentos necess\u00e1rios para a adequa\u00e7\u00e3o das estruturas. Tanto a empresa quanto os \u00f3rg\u00e3os reguladores t\u00eam se esfor\u00e7ado para garantir que as barragens obedecem a crit\u00e9rios de seguran\u00e7a exigentes e que passam por inspe\u00e7\u00f5es regulares e rigorosas.<\/p>\n<h2>Protocolos de Seguran\u00e7a Adotados pela Vale<\/h2>\n<p>A Vale adota uma s\u00e9rie de protocolos para manter a seguran\u00e7a em suas minas. Esses protocolos incluem:<\/p>\n<ul>\n<li><strong>Monitoramento Cont\u00ednuo:<\/strong> Realiza\u00e7\u00e3o de monitoramentos di\u00e1rios para garantir condi\u00e7\u00f5es est\u00e1veis das barragens e funda\u00e7\u00f5es.<\/li>\n<li><strong>Treinamentos Regulares:<\/strong> A capacita\u00e7\u00e3o dos funcion\u00e1rios em pr\u00e1ticas de seguran\u00e7a \u00e9 uma prioridade para evitar acidentes.<\/li>\n<li><strong>Planos de Emerg\u00eancia:<\/strong> A empresa mant\u00eam planos de emerg\u00eancia atualizados para respostas r\u00e1pidas em caso de incidentes.<\/li>\n<li><strong>Comunica\u00e7\u00e3o Eficiente:<\/strong> Um canal aberto de comunica\u00e7\u00e3o com as comunidades vizinhas para informar e reagir rapidamente a situa\u00e7\u00f5es adversas.<\/li>\n<\/ul>\n<h2>An\u00e1lise do Mercado Ap\u00f3s o Evento<\/h2>\n<p>Ap\u00f3s a divulga\u00e7\u00e3o do incidente, a rea\u00e7\u00e3o do mercado foi cautelosa. Apesar do extravasamento, a Vale afirmou que suas proje\u00e7\u00f5es operacionais e financeiras n\u00e3o foram afetadas, mantendo suas expectativas de produ\u00e7\u00e3o inalteradas. Contudo, o evento trouxe \u00e0 tona quest\u00f5es sobre a seguran\u00e7a e a confiabilidade da mineradora no cen\u00e1rio atual. Investidores e analistas est\u00e3o atentos a como a empresa lidar\u00e1 com as consequ\u00eancias desse extravasamento e suas potenciais repercuss\u00f5es.<\/p>\n<h2>Proje\u00e7\u00f5es Operacionais da Vale<\/h2>\n<p>Conforme reafirmado pela empresa, as proje\u00e7\u00f5es operacionais da Vale continuam inalteradas. As expectativas de produ\u00e7\u00e3o e desempenho financeiro permanecem de acordo com o <strong>Formul\u00e1rio de Refer\u00eancia<\/strong> anteriormente divulgado. Isso indica que, na vis\u00e3o da empresa, o extravasamento n\u00e3o compromete suas rotinas operacionais, que continuam em alinhamento com os planos estabelecidos para 2026 e adiante.<\/p>\n<h2>O Futuro das Opera\u00e7\u00f5es da Vale em MG<\/h2>\n<p>No que se refere ao futuro das opera\u00e7\u00f5es da Vale em Minas Gerais, muitos fatores est\u00e3o em jogo, incluindo a manuten\u00e7\u00e3o do di\u00e1logo com as comunidades e uma maior transpar\u00eancia nas opera\u00e7\u00f5es. A empresa parece comprometida em restaurar a confian\u00e7a do p\u00fablico e do mercado, aprendendo com incidentes passados e investindo em medidas preventivas para evitar novas situa\u00e7\u00f5es similares. Como parte de sua estrat\u00e9gia, a Vale tamb\u00e9m poder\u00e1 refor\u00e7ar a comunica\u00e7\u00e3o externa para assegurar que informa\u00e7\u00f5es relevantes sejam constantemente compartilhadas, promovendo um ambiente de responsabilidade social.<\/p>\n","protected":false},"excerpt":{"rendered":"<p>Vale (VALE3) enfrenta extravasamento em mina de MG, esclarecendo que barragens n\u00e3o foram impactadas.<\/p>\n","protected":false},"author":1,"featured_media":4290,"comment_status":"open","ping_status":"open","sticky":false,"template":"","format":"standard","meta":{"footnotes":""},"categories":[5],"tags":[],"class_list":["post-4291","post","type-post","status-publish","format-standard","has-post-thumbnail","hentry","category-noticias","has_thumb"],"yoast_head":"<!-- This site is optimized with the Yoast SEO plugin v27.2 - https:\/\/yoast.com\/product\/yoast-seo-wordpress\/ -->\n<title>Vale (VALE3) registra extravasamento em mina de MG e nega rela\u00e7\u00e3o com barragens | Guia Comercial de Ouro Preto MG<\/title>\n<meta name=\"robots\" content=\"index, follow, max-snippet:-1, max-image-preview:large, max-video-preview:-1\" \/>\n<link rel=\"canonical\" href=\"https:\/\/www.encontraminasgerais.com.br\/ouro-preto\/vale-vale3-registra-extravasamento-em-mina-de-mg-e-nega-relacao-com-barragens\/\" \/>\n<meta property=\"og:locale\" content=\"pt_BR\" \/>\n<meta property=\"og:type\" content=\"article\" \/>\n<meta property=\"og:title\" content=\"Vale (VALE3) registra extravasamento em mina de MG e nega rela\u00e7\u00e3o com barragens | Guia Comercial de Ouro Preto MG\" \/>\n<meta property=\"og:description\" content=\"Vale (VALE3) enfrenta extravasamento em mina de MG, esclarecendo que barragens n\u00e3o foram impactadas.\" \/>\n<meta property=\"og:url\" content=\"https:\/\/www.encontraminasgerais.com.br\/ouro-preto\/vale-vale3-registra-extravasamento-em-mina-de-mg-e-nega-relacao-com-barragens\/\" \/>\n<meta property=\"og:site_name\" content=\"Guia Comercial de Ouro Preto MG\" \/>\n<meta property=\"article:published_time\" content=\"2026-01-29T09:56:43+00:00\" \/>\n<meta property=\"og:image\" content=\"https:\/\/www.encontraminasgerais.com.br\/ouro-preto\/wp-content\/uploads\/2026\/01\/vale-vale3-registra-extravasamento-em-mina-de-mg-e-nega-relacao-com-barragens.webp\" \/>\n<meta name=\"author\" content=\"Encontra Ouro Preto\" \/>\n<meta name=\"twitter:card\" content=\"summary_large_image\" \/>\n<meta name=\"twitter:label1\" content=\"Escrito por\" \/>\n\t<meta name=\"twitter:data1\" content=\"Encontra Ouro Preto\" \/>\n\t<meta name=\"twitter:label2\" content=\"Est. tempo de leitura\" \/>\n\t<meta name=\"twitter:data2\" content=\"4 minutos\" \/>\n<script type=\"application\/ld+json\" class=\"yoast-schema-graph\">{\"@context\":\"https:\/\/schema.org\",\"@graph\":[{\"@type\":\"Article\",\"@id\":\"https:\/\/www.encontraminasgerais.com.br\/ouro-preto\/vale-vale3-registra-extravasamento-em-mina-de-mg-e-nega-relacao-com-barragens\/#article\",\"isPartOf\":{\"@id\":\"https:\/\/www.encontraminasgerais.com.br\/ouro-preto\/vale-vale3-registra-extravasamento-em-mina-de-mg-e-nega-relacao-com-barragens\/\"},\"author\":{\"name\":\"Encontra Ouro Preto\",\"@id\":\"https:\/\/www.encontraminasgerais.com.br\/ouro-preto\/#\/schema\/person\/d55d0e79e38dd7d6474efd815b181c4d\"},\"headline\":\"Vale (VALE3) registra extravasamento em mina de MG e nega rela\u00e7\u00e3o com barragens\",\"datePublished\":\"2026-01-29T09:56:43+00:00\",\"mainEntityOfPage\":{\"@id\":\"https:\/\/www.encontraminasgerais.com.br\/ouro-preto\/vale-vale3-registra-extravasamento-em-mina-de-mg-e-nega-relacao-com-barragens\/\"},\"wordCount\":890,\"commentCount\":0,\"image\":{\"@id\":\"https:\/\/www.encontraminasgerais.com.br\/ouro-preto\/vale-vale3-registra-extravasamento-em-mina-de-mg-e-nega-relacao-com-barragens\/#primaryimage\"},\"thumbnailUrl\":\"https:\/\/www.encontraminasgerais.com.br\/ouro-preto\/wp-content\/uploads\/2026\/01\/vale-vale3-registra-extravasamento-em-mina-de-mg-e-nega-relacao-com-barragens.webp\",\"articleSection\":[\"Not\u00edcias Ouro Preto\"],\"inLanguage\":\"pt-BR\",\"potentialAction\":[{\"@type\":\"CommentAction\",\"name\":\"Comment\",\"target\":[\"https:\/\/www.encontraminasgerais.com.br\/ouro-preto\/vale-vale3-registra-extravasamento-em-mina-de-mg-e-nega-relacao-com-barragens\/#respond\"]}]},{\"@type\":\"WebPage\",\"@id\":\"https:\/\/www.encontraminasgerais.com.br\/ouro-preto\/vale-vale3-registra-extravasamento-em-mina-de-mg-e-nega-relacao-com-barragens\/\",\"url\":\"https:\/\/www.encontraminasgerais.com.br\/ouro-preto\/vale-vale3-registra-extravasamento-em-mina-de-mg-e-nega-relacao-com-barragens\/\",\"name\":\"Vale (VALE3) registra extravasamento em mina de MG e nega rela\u00e7\u00e3o com barragens | Guia Comercial de Ouro Preto MG\",\"isPartOf\":{\"@id\":\"https:\/\/www.encontraminasgerais.com.br\/ouro-preto\/#website\"},\"primaryImageOfPage\":{\"@id\":\"https:\/\/www.encontraminasgerais.com.br\/ouro-preto\/vale-vale3-registra-extravasamento-em-mina-de-mg-e-nega-relacao-com-barragens\/#primaryimage\"},\"image\":{\"@id\":\"https:\/\/www.encontraminasgerais.com.br\/ouro-preto\/vale-vale3-registra-extravasamento-em-mina-de-mg-e-nega-relacao-com-barragens\/#primaryimage\"},\"thumbnailUrl\":\"https:\/\/www.encontraminasgerais.com.br\/ouro-preto\/wp-content\/uploads\/2026\/01\/vale-vale3-registra-extravasamento-em-mina-de-mg-e-nega-relacao-com-barragens.webp\",\"datePublished\":\"2026-01-29T09:56:43+00:00\",\"author\":{\"@id\":\"https:\/\/www.encontraminasgerais.com.br\/ouro-preto\/#\/schema\/person\/d55d0e79e38dd7d6474efd815b181c4d\"},\"inLanguage\":\"pt-BR\",\"potentialAction\":[{\"@type\":\"ReadAction\",\"target\":[\"https:\/\/www.encontraminasgerais.com.br\/ouro-preto\/vale-vale3-registra-extravasamento-em-mina-de-mg-e-nega-relacao-com-barragens\/\"]}]},{\"@type\":\"ImageObject\",\"inLanguage\":\"pt-BR\",\"@id\":\"https:\/\/www.encontraminasgerais.com.br\/ouro-preto\/vale-vale3-registra-extravasamento-em-mina-de-mg-e-nega-relacao-com-barragens\/#primaryimage\",\"url\":\"https:\/\/www.encontraminasgerais.com.br\/ouro-preto\/wp-content\/uploads\/2026\/01\/vale-vale3-registra-extravasamento-em-mina-de-mg-e-nega-relacao-com-barragens.webp\",\"contentUrl\":\"https:\/\/www.encontraminasgerais.com.br\/ouro-preto\/wp-content\/uploads\/2026\/01\/vale-vale3-registra-extravasamento-em-mina-de-mg-e-nega-relacao-com-barragens.webp\",\"width\":280,\"height\":280,\"caption\":\"Vale (VALE3)\"},{\"@type\":\"WebSite\",\"@id\":\"https:\/\/www.encontraminasgerais.com.br\/ouro-preto\/#website\",\"url\":\"https:\/\/www.encontraminasgerais.com.br\/ouro-preto\/\",\"name\":\"Guia Comercial de Ouro Preto MG\",\"description\":\"O Encontra Ouro Preto \u00e9 o guia mais completo da cidade Ouro Preto com com\u00e9rcios, servi\u00e7os, noticias, jornal, hist\u00f3ria e lazer da cidade.\",\"potentialAction\":[{\"@type\":\"SearchAction\",\"target\":{\"@type\":\"EntryPoint\",\"urlTemplate\":\"https:\/\/www.encontraminasgerais.com.br\/ouro-preto\/?s={search_term_string}\"},\"query-input\":{\"@type\":\"PropertyValueSpecification\",\"valueRequired\":true,\"valueName\":\"search_term_string\"}}],\"inLanguage\":\"pt-BR\"},{\"@type\":\"Person\",\"@id\":\"https:\/\/www.encontraminasgerais.com.br\/ouro-preto\/#\/schema\/person\/d55d0e79e38dd7d6474efd815b181c4d\",\"name\":\"Encontra Ouro Preto\",\"image\":{\"@type\":\"ImageObject\",\"inLanguage\":\"pt-BR\",\"@id\":\"https:\/\/secure.gravatar.com\/avatar\/c50c17820bcf322f0a8fd6b110b8c0918141409dc69076470f6fca5fee70a5d4?s=96&d=mm&r=g\",\"url\":\"https:\/\/secure.gravatar.com\/avatar\/c50c17820bcf322f0a8fd6b110b8c0918141409dc69076470f6fca5fee70a5d4?s=96&d=mm&r=g\",\"contentUrl\":\"https:\/\/secure.gravatar.com\/avatar\/c50c17820bcf322f0a8fd6b110b8c0918141409dc69076470f6fca5fee70a5d4?s=96&d=mm&r=g\",\"caption\":\"Encontra Ouro Preto\"},\"url\":\"https:\/\/www.encontraminasgerais.com.br\/ouro-preto\/author\/encontraouropreto\/\"}]}<\/script>\n<!-- \/ Yoast SEO plugin. -->","yoast_head_json":{"title":"Vale (VALE3) registra extravasamento em mina de MG e nega rela\u00e7\u00e3o com barragens | Guia Comercial de Ouro Preto MG","robots":{"index":"index","follow":"follow","max-snippet":"max-snippet:-1","max-image-preview":"max-image-preview:large","max-video-preview":"max-video-preview:-1"},"canonical":"https:\/\/www.encontraminasgerais.com.br\/ouro-preto\/vale-vale3-registra-extravasamento-em-mina-de-mg-e-nega-relacao-com-barragens\/","og_locale":"pt_BR","og_type":"article","og_title":"Vale (VALE3) registra extravasamento em mina de MG e nega rela\u00e7\u00e3o com barragens | Guia Comercial de Ouro Preto MG","og_description":"Vale (VALE3) enfrenta extravasamento em mina de MG, esclarecendo que barragens n\u00e3o foram impactadas.","og_url":"https:\/\/www.encontraminasgerais.com.br\/ouro-preto\/vale-vale3-registra-extravasamento-em-mina-de-mg-e-nega-relacao-com-barragens\/","og_site_name":"Guia Comercial de Ouro Preto MG","article_published_time":"2026-01-29T09:56:43+00:00","og_image":[{"url":"https:\/\/www.encontraminasgerais.com.br\/ouro-preto\/wp-content\/uploads\/2026\/01\/vale-vale3-registra-extravasamento-em-mina-de-mg-e-nega-relacao-com-barragens.webp","type":"","width":"","height":""}],"author":"Encontra Ouro Preto","twitter_card":"summary_large_image","twitter_misc":{"Escrito por":"Encontra Ouro Preto","Est. tempo de leitura":"4 minutos"},"schema":{"@context":"https:\/\/schema.org","@graph":[{"@type":"Article","@id":"https:\/\/www.encontraminasgerais.com.br\/ouro-preto\/vale-vale3-registra-extravasamento-em-mina-de-mg-e-nega-relacao-com-barragens\/#article","isPartOf":{"@id":"https:\/\/www.encontraminasgerais.com.br\/ouro-preto\/vale-vale3-registra-extravasamento-em-mina-de-mg-e-nega-relacao-com-barragens\/"},"author":{"name":"Encontra Ouro Preto","@id":"https:\/\/www.encontraminasgerais.com.br\/ouro-preto\/#\/schema\/person\/d55d0e79e38dd7d6474efd815b181c4d"},"headline":"Vale (VALE3) registra extravasamento em mina de MG e nega rela\u00e7\u00e3o com barragens","datePublished":"2026-01-29T09:56:43+00:00","mainEntityOfPage":{"@id":"https:\/\/www.encontraminasgerais.com.br\/ouro-preto\/vale-vale3-registra-extravasamento-em-mina-de-mg-e-nega-relacao-com-barragens\/"},"wordCount":890,"commentCount":0,"image":{"@id":"https:\/\/www.encontraminasgerais.com.br\/ouro-preto\/vale-vale3-registra-extravasamento-em-mina-de-mg-e-nega-relacao-com-barragens\/#primaryimage"},"thumbnailUrl":"https:\/\/www.encontraminasgerais.com.br\/ouro-preto\/wp-content\/uploads\/2026\/01\/vale-vale3-registra-extravasamento-em-mina-de-mg-e-nega-relacao-com-barragens.webp","articleSection":["Not\u00edcias Ouro Preto"],"inLanguage":"pt-BR","potentialAction":[{"@type":"CommentAction","name":"Comment","target":["https:\/\/www.encontraminasgerais.com.br\/ouro-preto\/vale-vale3-registra-extravasamento-em-mina-de-mg-e-nega-relacao-com-barragens\/#respond"]}]},{"@type":"WebPage","@id":"https:\/\/www.encontraminasgerais.com.br\/ouro-preto\/vale-vale3-registra-extravasamento-em-mina-de-mg-e-nega-relacao-com-barragens\/","url":"https:\/\/www.encontraminasgerais.com.br\/ouro-preto\/vale-vale3-registra-extravasamento-em-mina-de-mg-e-nega-relacao-com-barragens\/","name":"Vale (VALE3) registra extravasamento em mina de MG e nega rela\u00e7\u00e3o com barragens | Guia Comercial de Ouro Preto MG","isPartOf":{"@id":"https:\/\/www.encontraminasgerais.com.br\/ouro-preto\/#website"},"primaryImageOfPage":{"@id":"https:\/\/www.encontraminasgerais.com.br\/ouro-preto\/vale-vale3-registra-extravasamento-em-mina-de-mg-e-nega-relacao-com-barragens\/#primaryimage"},"image":{"@id":"https:\/\/www.encontraminasgerais.com.br\/ouro-preto\/vale-vale3-registra-extravasamento-em-mina-de-mg-e-nega-relacao-com-barragens\/#primaryimage"},"thumbnailUrl":"https:\/\/www.encontraminasgerais.com.br\/ouro-preto\/wp-content\/uploads\/2026\/01\/vale-vale3-registra-extravasamento-em-mina-de-mg-e-nega-relacao-com-barragens.webp","datePublished":"2026-01-29T09:56:43+00:00","author":{"@id":"https:\/\/www.encontraminasgerais.com.br\/ouro-preto\/#\/schema\/person\/d55d0e79e38dd7d6474efd815b181c4d"},"inLanguage":"pt-BR","potentialAction":[{"@type":"ReadAction","target":["https:\/\/www.encontraminasgerais.com.br\/ouro-preto\/vale-vale3-registra-extravasamento-em-mina-de-mg-e-nega-relacao-com-barragens\/"]}]},{"@type":"ImageObject","inLanguage":"pt-BR","@id":"https:\/\/www.encontraminasgerais.com.br\/ouro-preto\/vale-vale3-registra-extravasamento-em-mina-de-mg-e-nega-relacao-com-barragens\/#primaryimage","url":"https:\/\/www.encontraminasgerais.com.br\/ouro-preto\/wp-content\/uploads\/2026\/01\/vale-vale3-registra-extravasamento-em-mina-de-mg-e-nega-relacao-com-barragens.webp","contentUrl":"https:\/\/www.encontraminasgerais.com.br\/ouro-preto\/wp-content\/uploads\/2026\/01\/vale-vale3-registra-extravasamento-em-mina-de-mg-e-nega-relacao-com-barragens.webp","width":280,"height":280,"caption":"Vale (VALE3)"},{"@type":"WebSite","@id":"https:\/\/www.encontraminasgerais.com.br\/ouro-preto\/#website","url":"https:\/\/www.encontraminasgerais.com.br\/ouro-preto\/","name":"Guia Comercial de Ouro Preto MG","description":"O Encontra Ouro Preto \u00e9 o guia mais completo da cidade Ouro Preto com com\u00e9rcios, servi\u00e7os, noticias, jornal, hist\u00f3ria e lazer da cidade.","potentialAction":[{"@type":"SearchAction","target":{"@type":"EntryPoint","urlTemplate":"https:\/\/www.encontraminasgerais.com.br\/ouro-preto\/?s={search_term_string}"},"query-input":{"@type":"PropertyValueSpecification","valueRequired":true,"valueName":"search_term_string"}}],"inLanguage":"pt-BR"},{"@type":"Person","@id":"https:\/\/www.encontraminasgerais.com.br\/ouro-preto\/#\/schema\/person\/d55d0e79e38dd7d6474efd815b181c4d","name":"Encontra Ouro Preto","image":{"@type":"ImageObject","inLanguage":"pt-BR","@id":"https:\/\/secure.gravatar.com\/avatar\/c50c17820bcf322f0a8fd6b110b8c0918141409dc69076470f6fca5fee70a5d4?s=96&d=mm&r=g","url":"https:\/\/secure.gravatar.com\/avatar\/c50c17820bcf322f0a8fd6b110b8c0918141409dc69076470f6fca5fee70a5d4?s=96&d=mm&r=g","contentUrl":"https:\/\/secure.gravatar.com\/avatar\/c50c17820bcf322f0a8fd6b110b8c0918141409dc69076470f6fca5fee70a5d4?s=96&d=mm&r=g","caption":"Encontra Ouro Preto"},"url":"https:\/\/www.encontraminasgerais.com.br\/ouro-preto\/author\/encontraouropreto\/"}]}},"_links":{"self":[{"href":"https:\/\/www.encontraminasgerais.com.br\/ouro-preto\/wp-json\/wp\/v2\/posts\/4291","targetHints":{"allow":["GET"]}}],"collection":[{"href":"https:\/\/www.encontraminasgerais.com.br\/ouro-preto\/wp-json\/wp\/v2\/posts"}],"about":[{"href":"https:\/\/www.encontraminasgerais.com.br\/ouro-preto\/wp-json\/wp\/v2\/types\/post"}],"author":[{"embeddable":true,"href":"https:\/\/www.encontraminasgerais.com.br\/ouro-preto\/wp-json\/wp\/v2\/users\/1"}],"replies":[{"embeddable":true,"href":"https:\/\/www.encontraminasgerais.com.br\/ouro-preto\/wp-json\/wp\/v2\/comments?post=4291"}],"version-history":[{"count":0,"href":"https:\/\/www.encontraminasgerais.com.br\/ouro-preto\/wp-json\/wp\/v2\/posts\/4291\/revisions"}],"wp:featuredmedia":[{"embeddable":true,"href":"https:\/\/www.encontraminasgerais.com.br\/ouro-preto\/wp-json\/wp\/v2\/media\/4290"}],"wp:attachment":[{"href":"https:\/\/www.encontraminasgerais.com.br\/ouro-preto\/wp-json\/wp\/v2\/media?parent=4291"}],"wp:term":[{"taxonomy":"category","embeddable":true,"href":"https:\/\/www.encontraminasgerais.com.br\/ouro-preto\/wp-json\/wp\/v2\/categories?post=4291"},{"taxonomy":"post_tag","embeddable":true,"href":"https:\/\/www.encontraminasgerais.com.br\/ouro-preto\/wp-json\/wp\/v2\/tags?post=4291"}],"curies":[{"name":"wp","href":"https:\/\/api.w.org\/{rel}","templated":true}]}}