{"id":4296,"date":"2026-01-31T06:51:22","date_gmt":"2026-01-31T09:51:22","guid":{"rendered":"https:\/\/www.encontraminasgerais.com.br\/ouro-preto\/vale-e-autuada-em-r-17-milhao-apos-transbordamentos-em-minas-de-ouro-preto-e-congonhas-causarem-danos-ambientais\/"},"modified":"2026-01-31T06:51:22","modified_gmt":"2026-01-31T09:51:22","slug":"vale-e-autuada-em-r-17-milhao-apos-transbordamentos-em-minas-de-ouro-preto-e-congonhas-causarem-danos-ambientais","status":"publish","type":"post","link":"https:\/\/www.encontraminasgerais.com.br\/ouro-preto\/vale-e-autuada-em-r-17-milhao-apos-transbordamentos-em-minas-de-ouro-preto-e-congonhas-causarem-danos-ambientais\/","title":{"rendered":"Vale \u00e9 autuada em R$ 1,7 milh\u00e3o ap\u00f3s transbordamentos em minas de Ouro Preto e Congonhas causarem danos ambientais"},"content":{"rendered":"<h2>O que Causou a Autua\u00e7\u00e3o da Vale?<\/h2>\n<p>A Vale, uma das principais mineradoras do Brasil, recebeu uma multa impactante de <strong>R$ 1,7 milh\u00e3o<\/strong> devido a um incidente que ocorreu no \u00faltimo dia 25, envolvendo transbordamentos de estruturas em suas minas localizadas em Ouro Preto e Congonhas, ambas situadas no estado de Minas Gerais. O governo de Minas Gerais adotou medidas r\u00edgidas ap\u00f3s a constata\u00e7\u00e3o de danos ambientais, resultando na suspens\u00e3o das opera\u00e7\u00f5es de duas minas: Mina de F\u00e1brica e Mina de Viga.<\/p>\n<p>O extravasamento em quest\u00e3o teve origem na Mina de F\u00e1brica, onde uma cava transbordou, resultando na deposi\u00e7\u00e3o de sedimentos em corpos d&#8217;\u00e1gua da regi\u00e3o, elevando a turbidez e comprometendo a qualidade da \u00e1gua. Em complemento, a Mina de Viga enfrentou um escorregamento de talude que culminou em um problema semelhante, implicando em mais um transbordamento de sedimentos.<\/p>\n<h2>Impactos Ambientais dos Transbordamentos<\/h2>\n<p>As consequ\u00eancias ambientais dos incidentes associados \u00e0s atividades da Vale s\u00e3o alarmantes. No caso espec\u00edfico do transbordamento da Mina de F\u00e1brica, foi observado um carreamento significativo de material sedimentar, que afetou afluentes do Rio Maranh\u00e3o, contribuindo para o assoreamento dos corpos h\u00eddricos locais. Essa situa\u00e7\u00e3o pode levar \u00e0 diminui\u00e7\u00e3o da biodiversidade aqu\u00e1tica e a longos per\u00edodos de recupera\u00e7\u00e3o do ecossistema afetado.<\/p>\n<p><img decoding=\"async\" src=\"https:\/\/www.encontraminasgerais.com.br\/ouro-preto\/wp-content\/uploads\/2026\/01\/vale-e-autuada-em-r-1-7-milhao-apos-transbordamentos-em-minas-de-ouro-preto-e-congonhas-causarem-dan.webp\" alt=\"Vale \u00e9 autuada em R$ 1,7 milh\u00e3o ap\u00f3s danos ambientais\" loading=\"lazy\" \/><\/p>\n<p>O governo estadual destacou que a autua\u00e7\u00e3o da Vale se baseou em determina\u00e7\u00f5es que classifica como polui\u00e7\u00e3o, degrada\u00e7\u00e3o e danos aos recursos h\u00eddricos, al\u00e9m de n\u00e3o ter sido comunicado de forma oportuna os eventos de transbordamento. A amea\u00e7a \u00e0 flora e fauna locais representa uma preocupa\u00e7\u00e3o maior, uma vez que a viola\u00e7\u00e3o da integridade dos ecossistemas afetados tem repercuss\u00f5es diretas na sa\u00fade p\u00fablica e no bem-estar das comunidades que dependem desses recursos.<\/p>\n<h2>Medidas Emergenciais Impostas ao Vale<\/h2>\n<p>Al\u00e9m da multa aplicada, a Secretaria de Estado de Meio Ambiente e Desenvolvimento Sustent\u00e1vel (Semad) exigiu que a Vale tomasse de imediato medidas emergenciais. Tais medidas incluem:<\/p>\n<ul>\n<li><strong>Limpeza das \u00e1reas afetadas:<\/strong> A Vale deve realizar a remo\u00e7\u00e3o de sedimentos indesejados e restaurar os locais impactados.<\/li>\n<li><strong>Monitoramento cont\u00ednuo:<\/strong> Deve haver um acompanhamento rigoroso da qualidade da \u00e1gua nos cursos d&#8217;\u00e1gua atingidos para prevenir futuros incidentes.<\/li>\n<li><strong>Elabora\u00e7\u00e3o de um plano de recupera\u00e7\u00e3o ambiental:<\/strong> A empresa dever\u00e1 desenvolver uma estrat\u00e9gia abrangente com pr\u00e1ticas de mitiga\u00e7\u00e3o de impactos e reabilita\u00e7\u00e3o de \u00e1reas afetadas.<\/li>\n<li><strong>Suspens\u00e3o de atividades:<\/strong> As atividades na Mina de Viga foram paralisadas completamente e na Mina de F\u00e1brica, parcialmente, at\u00e9 novas determina\u00e7\u00f5es.<\/li>\n<\/ul>\n<h2>Como a Autua\u00e7\u00e3o Afeta as Atividades da Vale<\/h2>\n<p>A autua\u00e7\u00e3o e as san\u00e7\u00f5es impostas acarretam um impacto significativo nas opera\u00e7\u00f5es da Vale. A interrup\u00e7\u00e3o das atividades em duas minas importantes n\u00e3o somente representa uma perda financeira imediata, mas tamb\u00e9m pode afetar seus compromissos de fornecimento e a confian\u00e7a dos acionistas e do mercado na gest\u00e3o de riscos ambientais da empresa.<\/p>\n<p>A longo prazo, as implica\u00e7\u00f5es poder\u00e3o levar a um escrut\u00ednio mais r\u00edgido de suas opera\u00e7\u00f5es por parte dos \u00f3rg\u00e3os reguladores, exigindo que a empresa n\u00e3o s\u00f3 implemente medidas corretivas, mas que adote uma postura proativa em suas pr\u00e1ticas de minera\u00e7\u00e3o para garantir a conformidade com a legisla\u00e7\u00e3o ambiental. O investimento em tecnologias e pr\u00e1ticas sustent\u00e1veis se torna imperativo para prevenir novas san\u00e7\u00f5es e resgatar a imagem da companhia perante a sociedade e mercado.<\/p>\n<h2>Rea\u00e7\u00f5es da Comunidade e Ecologistas<\/h2>\n<p>A autua\u00e7\u00e3o gerou rea\u00e7\u00f5es mistas na comunidade local e entre grupos ambientais. Enquanto alguns v\u00eaem a a\u00e7\u00e3o do governo como um passo necess\u00e1rio para a prote\u00e7\u00e3o ambiental, outros expressam preocupa\u00e7\u00f5es sobre a efic\u00e1cia das medidas de mitiga\u00e7\u00e3o e a rapidez de sua implementa\u00e7\u00e3o.<\/p>\n<p>Grupos de ativismo ambiental t\u00eam se mobilizado, exigindo que a Vale reveja suas pol\u00edticas e procedimentos operacionais, enfatizando a import\u00e2ncia da transpar\u00eancia e da participa\u00e7\u00e3o da comunidade nas decis\u00f5es que afetam o meio ambiente. A press\u00e3o da sociedade civil, juntamente com a cobertura da m\u00eddia, cria um ambiente onde as empresas de minera\u00e7\u00e3o precisam levar a s\u00e9rio as atua\u00e7\u00f5es sustent\u00e1veis e a gest\u00e3o de riscos ambientais.<\/p>\n<h2>Responsabilidade Ambiental e a Ind\u00fastria de Minera\u00e7\u00e3o<\/h2>\n<p>A situa\u00e7\u00e3o da Vale ilustra um padr\u00e3o recorrente na ind\u00fastria de minera\u00e7\u00e3o, onde a responsabilidade ambiental \u00e9 frequentemente colocada \u00e0 prova. A necessidade de um monitoramento rigoroso e de respostas imediatas a incidentes como o transbordamento \u00e9 crucial para preservar a sa\u00fade do meio ambiente e das comunidades locais.<\/p>\n<p>A legisla\u00e7\u00e3o ambiental em Minas Gerais, assim como em outras partes do Brasil, imp\u00f5e san\u00e7\u00f5es severas \u00e0s empresas que n\u00e3o cumprem os protocolos necess\u00e1rios. H\u00e1 uma crescente press\u00e3o para que as mineradoras adotem pr\u00e1ticas mais sustent\u00e1veis, minimizando os danos e promovendo a recupera\u00e7\u00e3o dos ecossistemas afetados. A conformidade com as normas ambientais \u00e9 n\u00e3o apenas uma obriga\u00e7\u00e3o legal, mas tamb\u00e9m um compromisso \u00e9tico que pode influenciar a viabilidade a longo prazo das opera\u00e7\u00f5es de minera\u00e7\u00e3o.<\/p>\n<h2>Hist\u00f3rico de Incidentes Ambientais da Vale<\/h2>\n<p>Infelizmente, a Vale n\u00e3o \u00e9 novata em incidentes ambientais. O hist\u00f3rico da empresa inclui diversos casos de incidentes s\u00e9rios que resultaram em danos ambientais significativos, impactando negativamente a flora e fauna local. O colapso de barragens, como o evento tragicamente not\u00f3rio em Brumadinho, trouxe \u00e0 tona a necessidade de uma reforma abrangente nas pr\u00e1ticas operacionais da minera\u00e7\u00e3o no Brasil.<\/p>\n<p>As li\u00e7\u00f5es aprendidas a partir desses incidentes s\u00e3o cruciais para reformular a abordagem da Vale em rela\u00e7\u00e3o \u00e0 responsabilidade ambiental, e a implementa\u00e7\u00e3o de melhorias em sua infraestrutura e processos se revela necess\u00e1ria para prevenir ocorr\u00eancias futuras e garantir a prote\u00e7\u00e3o ambiental.<\/p>\n<h2>Legisla\u00e7\u00e3o Ambiental em Minas Gerais<\/h2>\n<p>A legisla\u00e7\u00e3o ambiental em Minas Gerais \u00e9 robusta e busca regulamentar as atividades de minera\u00e7\u00e3o, garantindo que as empresas operem de forma a respeitar o meio ambiente. Com um arcabou\u00e7o legal que \u00e9 continuamente aprimorado, as autoridades estaduais t\u00eam recebido feedback da sociedade civil para implementar normas que sejam mais eficazes na prote\u00e7\u00e3o dos recursos naturais.<\/p>\n<p>Os regulamentos e leis estipulam a obriga\u00e7\u00e3o das empresas em reportar desastres ambientais dentro de um per\u00edodo determinado, al\u00e9m de exigir a realiza\u00e7\u00e3o de estudos de impacto ambiental pr\u00e9-operacionais e durante a opera\u00e7\u00e3o das minas. O n\u00e3o cumprimento das normas pode resultar em severas penalidades, assim como no caso da Vale.<\/p>\n<h2>Pr\u00e1ticas Sustent\u00e1veis na Minera\u00e7\u00e3o<\/h2>\n<p>\u00c0 medida que a demanda por sustentabilidade cresce, as pr\u00e1ticas de minera\u00e7\u00e3o sustent\u00e1veis s\u00e3o cada vez mais a norma. As mineradoras s\u00e3o incentivadas a desenvolver t\u00e9cnicas que n\u00e3o apenas minimizem seus impactos, mas que tamb\u00e9m promovam a recupera\u00e7\u00e3o e a regenera\u00e7\u00e3o dos ecossistemas. Isso inclui a utiliza\u00e7\u00e3o de tecnologias menos invasivas e pr\u00e1ticas de restaura\u00e7\u00e3o de \u00e1reas degradadas.<\/p>\n<p>Embora o setor possa enfrentar desafios significativos em sua transforma\u00e7\u00e3o para m\u00e9todos sustent\u00e1veis, a crescente conscientiza\u00e7\u00e3o ambiental e press\u00e3o social est\u00e1 empurrando as mineradoras na dire\u00e7\u00e3o certa. Assim, a ades\u00e3o a m\u00e9todos que respeitem o meio ambiente se tornar\u00e1 n\u00e3o apenas uma quest\u00e3o de compliance, mas uma oportunidade de inova\u00e7\u00e3o e responsabilidade corporativa.<\/p>\n<h2>Pr\u00f3ximos Passos e Planos da Vale<\/h2>\n<p>O futuro da Vale, ap\u00f3s o recebimento da autua\u00e7\u00e3o, depender\u00e1 de sua capacidade de responder eficazmente \u00e0s exig\u00eancias legais e ambientais. Isso inclui implementar as medidas emergenciais exigidas e manter uma comunica\u00e7\u00e3o transparente com os stakeholders, especialmente as comunidades afetadas.<\/p>\n<p>Al\u00e9m disso, desenvolver um plano robusto de recupera\u00e7\u00e3o ambiental e envolver-se em pr\u00e1ticas cont\u00ednuas de melhoria ser\u00e1 vital. O sucesso da Vale em navegar esses desafios n\u00e3o apenas ir\u00e1 restaurar sua reputa\u00e7\u00e3o, mas tamb\u00e9m contribuir\u00e1 para um modelo de neg\u00f3cios mais sustent\u00e1vel e respons\u00e1vel na ind\u00fastria de minera\u00e7\u00e3o.<\/p>\n","protected":false},"excerpt":{"rendered":"<p>Vale \u00e9 autuada com R$ 1,7 milh\u00e3o ap\u00f3s danos ambientais em Minas Gerais.<\/p>\n","protected":false},"author":1,"featured_media":4295,"comment_status":"open","ping_status":"open","sticky":false,"template":"","format":"standard","meta":{"footnotes":""},"categories":[5],"tags":[],"class_list":["post-4296","post","type-post","status-publish","format-standard","has-post-thumbnail","hentry","category-noticias","has_thumb"],"yoast_head":"<!-- This site is optimized with the Yoast SEO plugin v27.2 - https:\/\/yoast.com\/product\/yoast-seo-wordpress\/ -->\n<title>Vale \u00e9 autuada em R$ 1,7 milh\u00e3o ap\u00f3s transbordamentos em minas de Ouro Preto e Congonhas causarem danos ambientais | Guia Comercial de Ouro Preto MG<\/title>\n<meta name=\"robots\" content=\"index, follow, max-snippet:-1, max-image-preview:large, max-video-preview:-1\" \/>\n<link rel=\"canonical\" href=\"https:\/\/www.encontraminasgerais.com.br\/ouro-preto\/vale-e-autuada-em-r-17-milhao-apos-transbordamentos-em-minas-de-ouro-preto-e-congonhas-causarem-danos-ambientais\/\" \/>\n<meta property=\"og:locale\" content=\"pt_BR\" \/>\n<meta property=\"og:type\" content=\"article\" \/>\n<meta property=\"og:title\" content=\"Vale \u00e9 autuada em R$ 1,7 milh\u00e3o ap\u00f3s transbordamentos em minas de Ouro Preto e Congonhas causarem danos ambientais | Guia Comercial de Ouro Preto MG\" \/>\n<meta property=\"og:description\" content=\"Vale \u00e9 autuada com R$ 1,7 milh\u00e3o ap\u00f3s danos ambientais em Minas Gerais.\" \/>\n<meta property=\"og:url\" content=\"https:\/\/www.encontraminasgerais.com.br\/ouro-preto\/vale-e-autuada-em-r-17-milhao-apos-transbordamentos-em-minas-de-ouro-preto-e-congonhas-causarem-danos-ambientais\/\" \/>\n<meta property=\"og:site_name\" content=\"Guia Comercial de Ouro Preto MG\" \/>\n<meta property=\"article:published_time\" content=\"2026-01-31T09:51:22+00:00\" \/>\n<meta property=\"og:image\" content=\"https:\/\/www.encontraminasgerais.com.br\/ouro-preto\/wp-content\/uploads\/2026\/01\/vale-e-autuada-em-r-1-7-milhao-apos-transbordamentos-em-minas-de-ouro-preto-e-congonhas-causarem-dan.webp\" \/>\n<meta name=\"author\" content=\"Encontra Ouro Preto\" \/>\n<meta name=\"twitter:card\" content=\"summary_large_image\" \/>\n<meta name=\"twitter:label1\" content=\"Escrito por\" \/>\n\t<meta name=\"twitter:data1\" content=\"Encontra Ouro Preto\" \/>\n\t<meta name=\"twitter:label2\" content=\"Est. tempo de leitura\" \/>\n\t<meta name=\"twitter:data2\" content=\"7 minutos\" \/>\n<script type=\"application\/ld+json\" class=\"yoast-schema-graph\">{\"@context\":\"https:\/\/schema.org\",\"@graph\":[{\"@type\":\"Article\",\"@id\":\"https:\/\/www.encontraminasgerais.com.br\/ouro-preto\/vale-e-autuada-em-r-17-milhao-apos-transbordamentos-em-minas-de-ouro-preto-e-congonhas-causarem-danos-ambientais\/#article\",\"isPartOf\":{\"@id\":\"https:\/\/www.encontraminasgerais.com.br\/ouro-preto\/vale-e-autuada-em-r-17-milhao-apos-transbordamentos-em-minas-de-ouro-preto-e-congonhas-causarem-danos-ambientais\/\"},\"author\":{\"name\":\"Encontra Ouro Preto\",\"@id\":\"https:\/\/www.encontraminasgerais.com.br\/ouro-preto\/#\/schema\/person\/d55d0e79e38dd7d6474efd815b181c4d\"},\"headline\":\"Vale \u00e9 autuada em R$ 1,7 milh\u00e3o ap\u00f3s transbordamentos em minas de Ouro Preto e Congonhas causarem danos ambientais\",\"datePublished\":\"2026-01-31T09:51:22+00:00\",\"mainEntityOfPage\":{\"@id\":\"https:\/\/www.encontraminasgerais.com.br\/ouro-preto\/vale-e-autuada-em-r-17-milhao-apos-transbordamentos-em-minas-de-ouro-preto-e-congonhas-causarem-danos-ambientais\/\"},\"wordCount\":1391,\"commentCount\":0,\"image\":{\"@id\":\"https:\/\/www.encontraminasgerais.com.br\/ouro-preto\/vale-e-autuada-em-r-17-milhao-apos-transbordamentos-em-minas-de-ouro-preto-e-congonhas-causarem-danos-ambientais\/#primaryimage\"},\"thumbnailUrl\":\"https:\/\/www.encontraminasgerais.com.br\/ouro-preto\/wp-content\/uploads\/2026\/01\/vale-e-autuada-em-r-1-7-milhao-apos-transbordamentos-em-minas-de-ouro-preto-e-congonhas-causarem-dan.webp\",\"articleSection\":[\"Not\u00edcias Ouro Preto\"],\"inLanguage\":\"pt-BR\",\"potentialAction\":[{\"@type\":\"CommentAction\",\"name\":\"Comment\",\"target\":[\"https:\/\/www.encontraminasgerais.com.br\/ouro-preto\/vale-e-autuada-em-r-17-milhao-apos-transbordamentos-em-minas-de-ouro-preto-e-congonhas-causarem-danos-ambientais\/#respond\"]}]},{\"@type\":\"WebPage\",\"@id\":\"https:\/\/www.encontraminasgerais.com.br\/ouro-preto\/vale-e-autuada-em-r-17-milhao-apos-transbordamentos-em-minas-de-ouro-preto-e-congonhas-causarem-danos-ambientais\/\",\"url\":\"https:\/\/www.encontraminasgerais.com.br\/ouro-preto\/vale-e-autuada-em-r-17-milhao-apos-transbordamentos-em-minas-de-ouro-preto-e-congonhas-causarem-danos-ambientais\/\",\"name\":\"Vale \u00e9 autuada em R$ 1,7 milh\u00e3o ap\u00f3s transbordamentos em minas de Ouro Preto e Congonhas causarem danos ambientais | Guia Comercial de Ouro Preto MG\",\"isPartOf\":{\"@id\":\"https:\/\/www.encontraminasgerais.com.br\/ouro-preto\/#website\"},\"primaryImageOfPage\":{\"@id\":\"https:\/\/www.encontraminasgerais.com.br\/ouro-preto\/vale-e-autuada-em-r-17-milhao-apos-transbordamentos-em-minas-de-ouro-preto-e-congonhas-causarem-danos-ambientais\/#primaryimage\"},\"image\":{\"@id\":\"https:\/\/www.encontraminasgerais.com.br\/ouro-preto\/vale-e-autuada-em-r-17-milhao-apos-transbordamentos-em-minas-de-ouro-preto-e-congonhas-causarem-danos-ambientais\/#primaryimage\"},\"thumbnailUrl\":\"https:\/\/www.encontraminasgerais.com.br\/ouro-preto\/wp-content\/uploads\/2026\/01\/vale-e-autuada-em-r-1-7-milhao-apos-transbordamentos-em-minas-de-ouro-preto-e-congonhas-causarem-dan.webp\",\"datePublished\":\"2026-01-31T09:51:22+00:00\",\"author\":{\"@id\":\"https:\/\/www.encontraminasgerais.com.br\/ouro-preto\/#\/schema\/person\/d55d0e79e38dd7d6474efd815b181c4d\"},\"inLanguage\":\"pt-BR\",\"potentialAction\":[{\"@type\":\"ReadAction\",\"target\":[\"https:\/\/www.encontraminasgerais.com.br\/ouro-preto\/vale-e-autuada-em-r-17-milhao-apos-transbordamentos-em-minas-de-ouro-preto-e-congonhas-causarem-danos-ambientais\/\"]}]},{\"@type\":\"ImageObject\",\"inLanguage\":\"pt-BR\",\"@id\":\"https:\/\/www.encontraminasgerais.com.br\/ouro-preto\/vale-e-autuada-em-r-17-milhao-apos-transbordamentos-em-minas-de-ouro-preto-e-congonhas-causarem-danos-ambientais\/#primaryimage\",\"url\":\"https:\/\/www.encontraminasgerais.com.br\/ouro-preto\/wp-content\/uploads\/2026\/01\/vale-e-autuada-em-r-1-7-milhao-apos-transbordamentos-em-minas-de-ouro-preto-e-congonhas-causarem-dan.webp\",\"contentUrl\":\"https:\/\/www.encontraminasgerais.com.br\/ouro-preto\/wp-content\/uploads\/2026\/01\/vale-e-autuada-em-r-1-7-milhao-apos-transbordamentos-em-minas-de-ouro-preto-e-congonhas-causarem-dan.webp\",\"width\":280,\"height\":280,\"caption\":\"Vale \u00e9 autuada em R$ 1,7 milh\u00e3o ap\u00f3s danos ambientais\"},{\"@type\":\"WebSite\",\"@id\":\"https:\/\/www.encontraminasgerais.com.br\/ouro-preto\/#website\",\"url\":\"https:\/\/www.encontraminasgerais.com.br\/ouro-preto\/\",\"name\":\"Guia Comercial de Ouro Preto MG\",\"description\":\"O Encontra Ouro Preto \u00e9 o guia mais completo da cidade Ouro Preto com com\u00e9rcios, servi\u00e7os, noticias, jornal, hist\u00f3ria e lazer da cidade.\",\"potentialAction\":[{\"@type\":\"SearchAction\",\"target\":{\"@type\":\"EntryPoint\",\"urlTemplate\":\"https:\/\/www.encontraminasgerais.com.br\/ouro-preto\/?s={search_term_string}\"},\"query-input\":{\"@type\":\"PropertyValueSpecification\",\"valueRequired\":true,\"valueName\":\"search_term_string\"}}],\"inLanguage\":\"pt-BR\"},{\"@type\":\"Person\",\"@id\":\"https:\/\/www.encontraminasgerais.com.br\/ouro-preto\/#\/schema\/person\/d55d0e79e38dd7d6474efd815b181c4d\",\"name\":\"Encontra Ouro Preto\",\"image\":{\"@type\":\"ImageObject\",\"inLanguage\":\"pt-BR\",\"@id\":\"https:\/\/secure.gravatar.com\/avatar\/c50c17820bcf322f0a8fd6b110b8c0918141409dc69076470f6fca5fee70a5d4?s=96&d=mm&r=g\",\"url\":\"https:\/\/secure.gravatar.com\/avatar\/c50c17820bcf322f0a8fd6b110b8c0918141409dc69076470f6fca5fee70a5d4?s=96&d=mm&r=g\",\"contentUrl\":\"https:\/\/secure.gravatar.com\/avatar\/c50c17820bcf322f0a8fd6b110b8c0918141409dc69076470f6fca5fee70a5d4?s=96&d=mm&r=g\",\"caption\":\"Encontra Ouro Preto\"},\"url\":\"https:\/\/www.encontraminasgerais.com.br\/ouro-preto\/author\/encontraouropreto\/\"}]}<\/script>\n<!-- \/ Yoast SEO plugin. -->","yoast_head_json":{"title":"Vale \u00e9 autuada em R$ 1,7 milh\u00e3o ap\u00f3s transbordamentos em minas de Ouro Preto e Congonhas causarem danos ambientais | Guia Comercial de Ouro Preto MG","robots":{"index":"index","follow":"follow","max-snippet":"max-snippet:-1","max-image-preview":"max-image-preview:large","max-video-preview":"max-video-preview:-1"},"canonical":"https:\/\/www.encontraminasgerais.com.br\/ouro-preto\/vale-e-autuada-em-r-17-milhao-apos-transbordamentos-em-minas-de-ouro-preto-e-congonhas-causarem-danos-ambientais\/","og_locale":"pt_BR","og_type":"article","og_title":"Vale \u00e9 autuada em R$ 1,7 milh\u00e3o ap\u00f3s transbordamentos em minas de Ouro Preto e Congonhas causarem danos ambientais | Guia Comercial de Ouro Preto MG","og_description":"Vale \u00e9 autuada com R$ 1,7 milh\u00e3o ap\u00f3s danos ambientais em Minas Gerais.","og_url":"https:\/\/www.encontraminasgerais.com.br\/ouro-preto\/vale-e-autuada-em-r-17-milhao-apos-transbordamentos-em-minas-de-ouro-preto-e-congonhas-causarem-danos-ambientais\/","og_site_name":"Guia Comercial de Ouro Preto MG","article_published_time":"2026-01-31T09:51:22+00:00","og_image":[{"url":"https:\/\/www.encontraminasgerais.com.br\/ouro-preto\/wp-content\/uploads\/2026\/01\/vale-e-autuada-em-r-1-7-milhao-apos-transbordamentos-em-minas-de-ouro-preto-e-congonhas-causarem-dan.webp","type":"","width":"","height":""}],"author":"Encontra Ouro Preto","twitter_card":"summary_large_image","twitter_misc":{"Escrito por":"Encontra Ouro Preto","Est. tempo de leitura":"7 minutos"},"schema":{"@context":"https:\/\/schema.org","@graph":[{"@type":"Article","@id":"https:\/\/www.encontraminasgerais.com.br\/ouro-preto\/vale-e-autuada-em-r-17-milhao-apos-transbordamentos-em-minas-de-ouro-preto-e-congonhas-causarem-danos-ambientais\/#article","isPartOf":{"@id":"https:\/\/www.encontraminasgerais.com.br\/ouro-preto\/vale-e-autuada-em-r-17-milhao-apos-transbordamentos-em-minas-de-ouro-preto-e-congonhas-causarem-danos-ambientais\/"},"author":{"name":"Encontra Ouro Preto","@id":"https:\/\/www.encontraminasgerais.com.br\/ouro-preto\/#\/schema\/person\/d55d0e79e38dd7d6474efd815b181c4d"},"headline":"Vale \u00e9 autuada em R$ 1,7 milh\u00e3o ap\u00f3s transbordamentos em minas de Ouro Preto e Congonhas causarem danos ambientais","datePublished":"2026-01-31T09:51:22+00:00","mainEntityOfPage":{"@id":"https:\/\/www.encontraminasgerais.com.br\/ouro-preto\/vale-e-autuada-em-r-17-milhao-apos-transbordamentos-em-minas-de-ouro-preto-e-congonhas-causarem-danos-ambientais\/"},"wordCount":1391,"commentCount":0,"image":{"@id":"https:\/\/www.encontraminasgerais.com.br\/ouro-preto\/vale-e-autuada-em-r-17-milhao-apos-transbordamentos-em-minas-de-ouro-preto-e-congonhas-causarem-danos-ambientais\/#primaryimage"},"thumbnailUrl":"https:\/\/www.encontraminasgerais.com.br\/ouro-preto\/wp-content\/uploads\/2026\/01\/vale-e-autuada-em-r-1-7-milhao-apos-transbordamentos-em-minas-de-ouro-preto-e-congonhas-causarem-dan.webp","articleSection":["Not\u00edcias Ouro Preto"],"inLanguage":"pt-BR","potentialAction":[{"@type":"CommentAction","name":"Comment","target":["https:\/\/www.encontraminasgerais.com.br\/ouro-preto\/vale-e-autuada-em-r-17-milhao-apos-transbordamentos-em-minas-de-ouro-preto-e-congonhas-causarem-danos-ambientais\/#respond"]}]},{"@type":"WebPage","@id":"https:\/\/www.encontraminasgerais.com.br\/ouro-preto\/vale-e-autuada-em-r-17-milhao-apos-transbordamentos-em-minas-de-ouro-preto-e-congonhas-causarem-danos-ambientais\/","url":"https:\/\/www.encontraminasgerais.com.br\/ouro-preto\/vale-e-autuada-em-r-17-milhao-apos-transbordamentos-em-minas-de-ouro-preto-e-congonhas-causarem-danos-ambientais\/","name":"Vale \u00e9 autuada em R$ 1,7 milh\u00e3o ap\u00f3s transbordamentos em minas de Ouro Preto e Congonhas causarem danos ambientais | Guia Comercial de Ouro Preto MG","isPartOf":{"@id":"https:\/\/www.encontraminasgerais.com.br\/ouro-preto\/#website"},"primaryImageOfPage":{"@id":"https:\/\/www.encontraminasgerais.com.br\/ouro-preto\/vale-e-autuada-em-r-17-milhao-apos-transbordamentos-em-minas-de-ouro-preto-e-congonhas-causarem-danos-ambientais\/#primaryimage"},"image":{"@id":"https:\/\/www.encontraminasgerais.com.br\/ouro-preto\/vale-e-autuada-em-r-17-milhao-apos-transbordamentos-em-minas-de-ouro-preto-e-congonhas-causarem-danos-ambientais\/#primaryimage"},"thumbnailUrl":"https:\/\/www.encontraminasgerais.com.br\/ouro-preto\/wp-content\/uploads\/2026\/01\/vale-e-autuada-em-r-1-7-milhao-apos-transbordamentos-em-minas-de-ouro-preto-e-congonhas-causarem-dan.webp","datePublished":"2026-01-31T09:51:22+00:00","author":{"@id":"https:\/\/www.encontraminasgerais.com.br\/ouro-preto\/#\/schema\/person\/d55d0e79e38dd7d6474efd815b181c4d"},"inLanguage":"pt-BR","potentialAction":[{"@type":"ReadAction","target":["https:\/\/www.encontraminasgerais.com.br\/ouro-preto\/vale-e-autuada-em-r-17-milhao-apos-transbordamentos-em-minas-de-ouro-preto-e-congonhas-causarem-danos-ambientais\/"]}]},{"@type":"ImageObject","inLanguage":"pt-BR","@id":"https:\/\/www.encontraminasgerais.com.br\/ouro-preto\/vale-e-autuada-em-r-17-milhao-apos-transbordamentos-em-minas-de-ouro-preto-e-congonhas-causarem-danos-ambientais\/#primaryimage","url":"https:\/\/www.encontraminasgerais.com.br\/ouro-preto\/wp-content\/uploads\/2026\/01\/vale-e-autuada-em-r-1-7-milhao-apos-transbordamentos-em-minas-de-ouro-preto-e-congonhas-causarem-dan.webp","contentUrl":"https:\/\/www.encontraminasgerais.com.br\/ouro-preto\/wp-content\/uploads\/2026\/01\/vale-e-autuada-em-r-1-7-milhao-apos-transbordamentos-em-minas-de-ouro-preto-e-congonhas-causarem-dan.webp","width":280,"height":280,"caption":"Vale \u00e9 autuada em R$ 1,7 milh\u00e3o ap\u00f3s danos ambientais"},{"@type":"WebSite","@id":"https:\/\/www.encontraminasgerais.com.br\/ouro-preto\/#website","url":"https:\/\/www.encontraminasgerais.com.br\/ouro-preto\/","name":"Guia Comercial de Ouro Preto MG","description":"O Encontra Ouro Preto \u00e9 o guia mais completo da cidade Ouro Preto com com\u00e9rcios, servi\u00e7os, noticias, jornal, hist\u00f3ria e lazer da cidade.","potentialAction":[{"@type":"SearchAction","target":{"@type":"EntryPoint","urlTemplate":"https:\/\/www.encontraminasgerais.com.br\/ouro-preto\/?s={search_term_string}"},"query-input":{"@type":"PropertyValueSpecification","valueRequired":true,"valueName":"search_term_string"}}],"inLanguage":"pt-BR"},{"@type":"Person","@id":"https:\/\/www.encontraminasgerais.com.br\/ouro-preto\/#\/schema\/person\/d55d0e79e38dd7d6474efd815b181c4d","name":"Encontra Ouro Preto","image":{"@type":"ImageObject","inLanguage":"pt-BR","@id":"https:\/\/secure.gravatar.com\/avatar\/c50c17820bcf322f0a8fd6b110b8c0918141409dc69076470f6fca5fee70a5d4?s=96&d=mm&r=g","url":"https:\/\/secure.gravatar.com\/avatar\/c50c17820bcf322f0a8fd6b110b8c0918141409dc69076470f6fca5fee70a5d4?s=96&d=mm&r=g","contentUrl":"https:\/\/secure.gravatar.com\/avatar\/c50c17820bcf322f0a8fd6b110b8c0918141409dc69076470f6fca5fee70a5d4?s=96&d=mm&r=g","caption":"Encontra Ouro Preto"},"url":"https:\/\/www.encontraminasgerais.com.br\/ouro-preto\/author\/encontraouropreto\/"}]}},"_links":{"self":[{"href":"https:\/\/www.encontraminasgerais.com.br\/ouro-preto\/wp-json\/wp\/v2\/posts\/4296","targetHints":{"allow":["GET"]}}],"collection":[{"href":"https:\/\/www.encontraminasgerais.com.br\/ouro-preto\/wp-json\/wp\/v2\/posts"}],"about":[{"href":"https:\/\/www.encontraminasgerais.com.br\/ouro-preto\/wp-json\/wp\/v2\/types\/post"}],"author":[{"embeddable":true,"href":"https:\/\/www.encontraminasgerais.com.br\/ouro-preto\/wp-json\/wp\/v2\/users\/1"}],"replies":[{"embeddable":true,"href":"https:\/\/www.encontraminasgerais.com.br\/ouro-preto\/wp-json\/wp\/v2\/comments?post=4296"}],"version-history":[{"count":0,"href":"https:\/\/www.encontraminasgerais.com.br\/ouro-preto\/wp-json\/wp\/v2\/posts\/4296\/revisions"}],"wp:featuredmedia":[{"embeddable":true,"href":"https:\/\/www.encontraminasgerais.com.br\/ouro-preto\/wp-json\/wp\/v2\/media\/4295"}],"wp:attachment":[{"href":"https:\/\/www.encontraminasgerais.com.br\/ouro-preto\/wp-json\/wp\/v2\/media?parent=4296"}],"wp:term":[{"taxonomy":"category","embeddable":true,"href":"https:\/\/www.encontraminasgerais.com.br\/ouro-preto\/wp-json\/wp\/v2\/categories?post=4296"},{"taxonomy":"post_tag","embeddable":true,"href":"https:\/\/www.encontraminasgerais.com.br\/ouro-preto\/wp-json\/wp\/v2\/tags?post=4296"}],"curies":[{"name":"wp","href":"https:\/\/api.w.org\/{rel}","templated":true}]}}