{"id":4316,"date":"2026-02-03T06:54:30","date_gmt":"2026-02-03T09:54:30","guid":{"rendered":"https:\/\/www.encontraminasgerais.com.br\/ouro-preto\/falece-dona-gracinda-toffolo\/"},"modified":"2026-02-03T06:54:30","modified_gmt":"2026-02-03T09:54:30","slug":"falece-dona-gracinda-toffolo","status":"publish","type":"post","link":"https:\/\/www.encontraminasgerais.com.br\/ouro-preto\/falece-dona-gracinda-toffolo\/","title":{"rendered":"Falece Dona Gracinda Toffolo"},"content":{"rendered":"<h2>A Vida de Dona Gracinda Toffolo<\/h2>\n<p>Dona Gracinda Bai\u00e3o Toffolo, uma presen\u00e7a ador\u00e1vel na cidade hist\u00f3rica de Ouro Preto, faleceu em <strong>29 de janeiro de 2026<\/strong>, deixando uma sensa\u00e7\u00e3o profunda de tristeza entre os habitantes. Nascida em <strong>Raul Soares (MG)<\/strong> e mudando-se para Ouro Preto, ela se casou em <strong>1949<\/strong> com <strong>Rodrigo Vicente Toffolo<\/strong>. Desde ent\u00e3o, tornou-se uma figura essencial na comunidade local, n\u00e3o apenas como empres\u00e1ria, mas tamb\u00e9m como m\u00e3e, av\u00f3 e bisav\u00f3 que dedicou sua vida \u00e0 fam\u00edlia.<\/p>\n<h2>A Hist\u00f3ria do Hotel e Bar Toffolo<\/h2>\n<p>O Hotel e Bar Toffolo \u00e9 um \u00edcone da hospitalidade em Ouro Preto, conhecido por sua rica hist\u00f3ria e tradi\u00e7\u00e3o. Sob a administra\u00e7\u00e3o de Dona Gracinda, o local se tornou um ref\u00fagio tanto para visitantes quanto para moradores. O hotel, reconhecido por ter hospedado personalidades liter\u00e1rias como <strong>Carlos Drummond de Andrade<\/strong> e <strong>Manuel Bandeira<\/strong>, preservou sua identidade ao longo das d\u00e9cadas, fazendo dela uma guardi\u00e3 da cultura local e das hist\u00f3rias que permeiam o Centro Hist\u00f3rico.<\/p>\n<h2>O Impacto Cultural de Dona Gracinda<\/h2>\n<p>A vida e o trabalho de Dona Gracinda transcenderam as fronteiras do setor de turismo. Conhecida pelo seu esp\u00edrito acolhedor e bom humor, ela interagia com h\u00f3spedes e amigos, fazendo com que todos se sentissem em casa. Esta caracter\u00edstica cativou muitas pessoas, criando um legado afetivo que perdura at\u00e9 hoje, como demonstrado em diversas postagens nas redes sociais que celebram sua gentileza.<\/p>\n<p><img decoding=\"async\" src=\"https:\/\/www.encontraminasgerais.com.br\/ouro-preto\/wp-content\/uploads\/2026\/02\/falece-dona-gracinda-toffolo.webp\" alt=\"\" loading=\"lazy\" \/><\/p>\n<h2>Lembran\u00e7as de Quem a Conheceu<\/h2>\n<p>Muitos na comunidade compartilham recorda\u00e7\u00f5es de momentos especiais passados no Hotel Toffolo. Os relatos evidenciam a generosidade e a atitude calorosa de Dona Gracinda, que sempre estava disposta a ouvir e ajudar os outros. Seus filhos, netos e bisnetos, assim como os cidad\u00e3os, ressaltam o quanto sua presen\u00e7a foi e seguir\u00e1 sendo impactante na vida de todos que tiveram o privil\u00e9gio de conhec\u00ea-la.<\/p>\n<h2>O Legado de Dona Gracinda na Hotelaria<\/h2>\n<p>Como matriarca da fam\u00edlia Toffolo, Dona Gracinda deixou um legado inestim\u00e1vel para a hotelaria em Ouro Preto. Seu comprometimento com a qualidade e o carinho no atendimento inspiraram gera\u00e7\u00f5es. O Hotel e Bar Toffolo n\u00e3o \u00e9 apenas um estabelecimento tur\u00edstico, mas um s\u00edmbolo de amor \u00e0 cidade e aos seus visitantes, algo que Dona Gracinda cultivou ao longo de sua vida.<\/p>\n<h2>O Vel\u00f3rio e A Despedida<\/h2>\n<p>A despedida de Dona Gracinda est\u00e1 acontecendo no dia de seu falecimento, 29 de janeiro, na <strong>Capela Vel\u00f3rio de Ouro Preto<\/strong>. O sepultamento est\u00e1 previsto para \u00e0s <strong>16h<\/strong>, no cemit\u00e9rio da Igreja de S\u00e3o Jos\u00e9. Familiares, amigos, admiradores e a comunidade est\u00e3o convidados a prestar suas homenagens, celebrando a vida de uma mulher que deixou uma marca indel\u00e9vel na hist\u00f3ria local.<\/p>\n<h2>A Import\u00e2ncia de Celebrar as Vidas<\/h2>\n<p>Em momentos como este, a sociedade se une para honrar aqueles que impactaram as suas vidas de maneira positiva. Celebrar a vida de Dona Gracinda \u00e9 reconhecer sua contribui\u00e7\u00e3o para a cultura e a comunidade de Ouro Preto, al\u00e9m de reafirmar os la\u00e7os afetivos que a cidade tem com suas figuras hist\u00f3ricas e contempor\u00e2neas.<\/p>\n<h2>Homenagens e Reconhecimentos<\/h2>\n<p>A vida de Dona Gracinda \u00e9 um testemunho do poder do carinho e da dedica\u00e7\u00e3o. Sua mem\u00f3ria ser\u00e1 perpetuada nas hist\u00f3rias contadas por aqueles que a conheceram e nas gera\u00e7\u00f5es que vir\u00e3o. O impacto que deixou na comunidade \u00e9 uma prova de que pequenas a\u00e7\u00f5es podem ter grandes repercuss\u00f5es na vida dos outros.<\/p>\n<h2>O Que Podemos Aprender com Sua Hist\u00f3ria<\/h2>\n<p>Dona Gracinda Toffolo nos ensina sobre a import\u00e2ncia da hospitalidade, do amor \u00e0 fam\u00edlia e do comprometimento com a cultura local. Seu exemplo \u00e9 um convite para que todos busquem cultivar as rela\u00e7\u00f5es humanas, valorizar as tradi\u00e7\u00f5es e contribuir para o bem-estar da comunidade.<\/p>\n<h2>A Comunidade em Luto<\/h2>\n<p>A cidade de Ouro Preto est\u00e1 em luto pela perda de uma de suas maiores defensoras e representantes. Donna Gracinda era mais que uma empres\u00e1ria; ela foi uma matriarca que cultivou a tradi\u00e7\u00e3o e o afeto. Sua mem\u00f3ria permanecer\u00e1 viva atrav\u00e9s das hist\u00f3rias que s\u00e3o compartilhadas e das a\u00e7\u00f5es inspiradas por seu legado.<\/p>\n","protected":false},"excerpt":{"rendered":"<p>O legado de Dona Gracinda Toffolo e sua import\u00e2ncia em Ouro Preto-MG.<\/p>\n","protected":false},"author":1,"featured_media":4315,"comment_status":"open","ping_status":"open","sticky":false,"template":"","format":"standard","meta":{"footnotes":""},"categories":[5],"tags":[],"class_list":["post-4316","post","type-post","status-publish","format-standard","has-post-thumbnail","hentry","category-noticias","has_thumb"],"yoast_head":"<!-- This site is optimized with the Yoast SEO plugin v27.2 - https:\/\/yoast.com\/product\/yoast-seo-wordpress\/ -->\n<title>Falece Dona Gracinda Toffolo | Guia Comercial de Ouro Preto MG<\/title>\n<meta name=\"robots\" content=\"index, follow, max-snippet:-1, max-image-preview:large, max-video-preview:-1\" \/>\n<link rel=\"canonical\" href=\"https:\/\/www.encontraminasgerais.com.br\/ouro-preto\/falece-dona-gracinda-toffolo\/\" \/>\n<meta property=\"og:locale\" content=\"pt_BR\" \/>\n<meta property=\"og:type\" content=\"article\" \/>\n<meta property=\"og:title\" content=\"Falece Dona Gracinda Toffolo | Guia Comercial de Ouro Preto MG\" \/>\n<meta property=\"og:description\" content=\"O legado de Dona Gracinda Toffolo e sua import\u00e2ncia em Ouro Preto-MG.\" \/>\n<meta property=\"og:url\" content=\"https:\/\/www.encontraminasgerais.com.br\/ouro-preto\/falece-dona-gracinda-toffolo\/\" \/>\n<meta property=\"og:site_name\" content=\"Guia Comercial de Ouro Preto MG\" \/>\n<meta property=\"article:published_time\" content=\"2026-02-03T09:54:30+00:00\" \/>\n<meta property=\"og:image\" content=\"https:\/\/www.encontraminasgerais.com.br\/ouro-preto\/wp-content\/uploads\/2026\/02\/falece-dona-gracinda-toffolo.webp\" \/>\n<meta name=\"author\" content=\"Encontra Ouro Preto\" \/>\n<meta name=\"twitter:card\" content=\"summary_large_image\" \/>\n<meta name=\"twitter:label1\" content=\"Escrito por\" \/>\n\t<meta name=\"twitter:data1\" content=\"Encontra Ouro Preto\" \/>\n\t<meta name=\"twitter:label2\" content=\"Est. tempo de leitura\" \/>\n\t<meta name=\"twitter:data2\" content=\"4 minutos\" \/>\n<script type=\"application\/ld+json\" class=\"yoast-schema-graph\">{\"@context\":\"https:\/\/schema.org\",\"@graph\":[{\"@type\":\"Article\",\"@id\":\"https:\/\/www.encontraminasgerais.com.br\/ouro-preto\/falece-dona-gracinda-toffolo\/#article\",\"isPartOf\":{\"@id\":\"https:\/\/www.encontraminasgerais.com.br\/ouro-preto\/falece-dona-gracinda-toffolo\/\"},\"author\":{\"name\":\"Encontra Ouro Preto\",\"@id\":\"https:\/\/www.encontraminasgerais.com.br\/ouro-preto\/#\/schema\/person\/d55d0e79e38dd7d6474efd815b181c4d\"},\"headline\":\"Falece Dona Gracinda Toffolo\",\"datePublished\":\"2026-02-03T09:54:30+00:00\",\"mainEntityOfPage\":{\"@id\":\"https:\/\/www.encontraminasgerais.com.br\/ouro-preto\/falece-dona-gracinda-toffolo\/\"},\"wordCount\":715,\"commentCount\":0,\"image\":{\"@id\":\"https:\/\/www.encontraminasgerais.com.br\/ouro-preto\/falece-dona-gracinda-toffolo\/#primaryimage\"},\"thumbnailUrl\":\"https:\/\/www.encontraminasgerais.com.br\/ouro-preto\/wp-content\/uploads\/2026\/02\/falece-dona-gracinda-toffolo.webp\",\"articleSection\":[\"Not\u00edcias Ouro Preto\"],\"inLanguage\":\"pt-BR\",\"potentialAction\":[{\"@type\":\"CommentAction\",\"name\":\"Comment\",\"target\":[\"https:\/\/www.encontraminasgerais.com.br\/ouro-preto\/falece-dona-gracinda-toffolo\/#respond\"]}]},{\"@type\":\"WebPage\",\"@id\":\"https:\/\/www.encontraminasgerais.com.br\/ouro-preto\/falece-dona-gracinda-toffolo\/\",\"url\":\"https:\/\/www.encontraminasgerais.com.br\/ouro-preto\/falece-dona-gracinda-toffolo\/\",\"name\":\"Falece Dona Gracinda Toffolo | Guia Comercial de Ouro Preto MG\",\"isPartOf\":{\"@id\":\"https:\/\/www.encontraminasgerais.com.br\/ouro-preto\/#website\"},\"primaryImageOfPage\":{\"@id\":\"https:\/\/www.encontraminasgerais.com.br\/ouro-preto\/falece-dona-gracinda-toffolo\/#primaryimage\"},\"image\":{\"@id\":\"https:\/\/www.encontraminasgerais.com.br\/ouro-preto\/falece-dona-gracinda-toffolo\/#primaryimage\"},\"thumbnailUrl\":\"https:\/\/www.encontraminasgerais.com.br\/ouro-preto\/wp-content\/uploads\/2026\/02\/falece-dona-gracinda-toffolo.webp\",\"datePublished\":\"2026-02-03T09:54:30+00:00\",\"author\":{\"@id\":\"https:\/\/www.encontraminasgerais.com.br\/ouro-preto\/#\/schema\/person\/d55d0e79e38dd7d6474efd815b181c4d\"},\"inLanguage\":\"pt-BR\",\"potentialAction\":[{\"@type\":\"ReadAction\",\"target\":[\"https:\/\/www.encontraminasgerais.com.br\/ouro-preto\/falece-dona-gracinda-toffolo\/\"]}]},{\"@type\":\"ImageObject\",\"inLanguage\":\"pt-BR\",\"@id\":\"https:\/\/www.encontraminasgerais.com.br\/ouro-preto\/falece-dona-gracinda-toffolo\/#primaryimage\",\"url\":\"https:\/\/www.encontraminasgerais.com.br\/ouro-preto\/wp-content\/uploads\/2026\/02\/falece-dona-gracinda-toffolo.webp\",\"contentUrl\":\"https:\/\/www.encontraminasgerais.com.br\/ouro-preto\/wp-content\/uploads\/2026\/02\/falece-dona-gracinda-toffolo.webp\",\"width\":280,\"height\":280},{\"@type\":\"WebSite\",\"@id\":\"https:\/\/www.encontraminasgerais.com.br\/ouro-preto\/#website\",\"url\":\"https:\/\/www.encontraminasgerais.com.br\/ouro-preto\/\",\"name\":\"Guia Comercial de Ouro Preto MG\",\"description\":\"O Encontra Ouro Preto \u00e9 o guia mais completo da cidade Ouro Preto com com\u00e9rcios, servi\u00e7os, noticias, jornal, hist\u00f3ria e lazer da cidade.\",\"potentialAction\":[{\"@type\":\"SearchAction\",\"target\":{\"@type\":\"EntryPoint\",\"urlTemplate\":\"https:\/\/www.encontraminasgerais.com.br\/ouro-preto\/?s={search_term_string}\"},\"query-input\":{\"@type\":\"PropertyValueSpecification\",\"valueRequired\":true,\"valueName\":\"search_term_string\"}}],\"inLanguage\":\"pt-BR\"},{\"@type\":\"Person\",\"@id\":\"https:\/\/www.encontraminasgerais.com.br\/ouro-preto\/#\/schema\/person\/d55d0e79e38dd7d6474efd815b181c4d\",\"name\":\"Encontra Ouro Preto\",\"image\":{\"@type\":\"ImageObject\",\"inLanguage\":\"pt-BR\",\"@id\":\"https:\/\/secure.gravatar.com\/avatar\/c50c17820bcf322f0a8fd6b110b8c0918141409dc69076470f6fca5fee70a5d4?s=96&d=mm&r=g\",\"url\":\"https:\/\/secure.gravatar.com\/avatar\/c50c17820bcf322f0a8fd6b110b8c0918141409dc69076470f6fca5fee70a5d4?s=96&d=mm&r=g\",\"contentUrl\":\"https:\/\/secure.gravatar.com\/avatar\/c50c17820bcf322f0a8fd6b110b8c0918141409dc69076470f6fca5fee70a5d4?s=96&d=mm&r=g\",\"caption\":\"Encontra Ouro Preto\"},\"url\":\"https:\/\/www.encontraminasgerais.com.br\/ouro-preto\/author\/encontraouropreto\/\"}]}<\/script>\n<!-- \/ Yoast SEO plugin. -->","yoast_head_json":{"title":"Falece Dona Gracinda Toffolo | Guia Comercial de Ouro Preto MG","robots":{"index":"index","follow":"follow","max-snippet":"max-snippet:-1","max-image-preview":"max-image-preview:large","max-video-preview":"max-video-preview:-1"},"canonical":"https:\/\/www.encontraminasgerais.com.br\/ouro-preto\/falece-dona-gracinda-toffolo\/","og_locale":"pt_BR","og_type":"article","og_title":"Falece Dona Gracinda Toffolo | Guia Comercial de Ouro Preto MG","og_description":"O legado de Dona Gracinda Toffolo e sua import\u00e2ncia em Ouro Preto-MG.","og_url":"https:\/\/www.encontraminasgerais.com.br\/ouro-preto\/falece-dona-gracinda-toffolo\/","og_site_name":"Guia Comercial de Ouro Preto MG","article_published_time":"2026-02-03T09:54:30+00:00","og_image":[{"url":"https:\/\/www.encontraminasgerais.com.br\/ouro-preto\/wp-content\/uploads\/2026\/02\/falece-dona-gracinda-toffolo.webp","type":"","width":"","height":""}],"author":"Encontra Ouro Preto","twitter_card":"summary_large_image","twitter_misc":{"Escrito por":"Encontra Ouro Preto","Est. tempo de leitura":"4 minutos"},"schema":{"@context":"https:\/\/schema.org","@graph":[{"@type":"Article","@id":"https:\/\/www.encontraminasgerais.com.br\/ouro-preto\/falece-dona-gracinda-toffolo\/#article","isPartOf":{"@id":"https:\/\/www.encontraminasgerais.com.br\/ouro-preto\/falece-dona-gracinda-toffolo\/"},"author":{"name":"Encontra Ouro Preto","@id":"https:\/\/www.encontraminasgerais.com.br\/ouro-preto\/#\/schema\/person\/d55d0e79e38dd7d6474efd815b181c4d"},"headline":"Falece Dona Gracinda Toffolo","datePublished":"2026-02-03T09:54:30+00:00","mainEntityOfPage":{"@id":"https:\/\/www.encontraminasgerais.com.br\/ouro-preto\/falece-dona-gracinda-toffolo\/"},"wordCount":715,"commentCount":0,"image":{"@id":"https:\/\/www.encontraminasgerais.com.br\/ouro-preto\/falece-dona-gracinda-toffolo\/#primaryimage"},"thumbnailUrl":"https:\/\/www.encontraminasgerais.com.br\/ouro-preto\/wp-content\/uploads\/2026\/02\/falece-dona-gracinda-toffolo.webp","articleSection":["Not\u00edcias Ouro Preto"],"inLanguage":"pt-BR","potentialAction":[{"@type":"CommentAction","name":"Comment","target":["https:\/\/www.encontraminasgerais.com.br\/ouro-preto\/falece-dona-gracinda-toffolo\/#respond"]}]},{"@type":"WebPage","@id":"https:\/\/www.encontraminasgerais.com.br\/ouro-preto\/falece-dona-gracinda-toffolo\/","url":"https:\/\/www.encontraminasgerais.com.br\/ouro-preto\/falece-dona-gracinda-toffolo\/","name":"Falece Dona Gracinda Toffolo | Guia Comercial de Ouro Preto MG","isPartOf":{"@id":"https:\/\/www.encontraminasgerais.com.br\/ouro-preto\/#website"},"primaryImageOfPage":{"@id":"https:\/\/www.encontraminasgerais.com.br\/ouro-preto\/falece-dona-gracinda-toffolo\/#primaryimage"},"image":{"@id":"https:\/\/www.encontraminasgerais.com.br\/ouro-preto\/falece-dona-gracinda-toffolo\/#primaryimage"},"thumbnailUrl":"https:\/\/www.encontraminasgerais.com.br\/ouro-preto\/wp-content\/uploads\/2026\/02\/falece-dona-gracinda-toffolo.webp","datePublished":"2026-02-03T09:54:30+00:00","author":{"@id":"https:\/\/www.encontraminasgerais.com.br\/ouro-preto\/#\/schema\/person\/d55d0e79e38dd7d6474efd815b181c4d"},"inLanguage":"pt-BR","potentialAction":[{"@type":"ReadAction","target":["https:\/\/www.encontraminasgerais.com.br\/ouro-preto\/falece-dona-gracinda-toffolo\/"]}]},{"@type":"ImageObject","inLanguage":"pt-BR","@id":"https:\/\/www.encontraminasgerais.com.br\/ouro-preto\/falece-dona-gracinda-toffolo\/#primaryimage","url":"https:\/\/www.encontraminasgerais.com.br\/ouro-preto\/wp-content\/uploads\/2026\/02\/falece-dona-gracinda-toffolo.webp","contentUrl":"https:\/\/www.encontraminasgerais.com.br\/ouro-preto\/wp-content\/uploads\/2026\/02\/falece-dona-gracinda-toffolo.webp","width":280,"height":280},{"@type":"WebSite","@id":"https:\/\/www.encontraminasgerais.com.br\/ouro-preto\/#website","url":"https:\/\/www.encontraminasgerais.com.br\/ouro-preto\/","name":"Guia Comercial de Ouro Preto MG","description":"O Encontra Ouro Preto \u00e9 o guia mais completo da cidade Ouro Preto com com\u00e9rcios, servi\u00e7os, noticias, jornal, hist\u00f3ria e lazer da cidade.","potentialAction":[{"@type":"SearchAction","target":{"@type":"EntryPoint","urlTemplate":"https:\/\/www.encontraminasgerais.com.br\/ouro-preto\/?s={search_term_string}"},"query-input":{"@type":"PropertyValueSpecification","valueRequired":true,"valueName":"search_term_string"}}],"inLanguage":"pt-BR"},{"@type":"Person","@id":"https:\/\/www.encontraminasgerais.com.br\/ouro-preto\/#\/schema\/person\/d55d0e79e38dd7d6474efd815b181c4d","name":"Encontra Ouro Preto","image":{"@type":"ImageObject","inLanguage":"pt-BR","@id":"https:\/\/secure.gravatar.com\/avatar\/c50c17820bcf322f0a8fd6b110b8c0918141409dc69076470f6fca5fee70a5d4?s=96&d=mm&r=g","url":"https:\/\/secure.gravatar.com\/avatar\/c50c17820bcf322f0a8fd6b110b8c0918141409dc69076470f6fca5fee70a5d4?s=96&d=mm&r=g","contentUrl":"https:\/\/secure.gravatar.com\/avatar\/c50c17820bcf322f0a8fd6b110b8c0918141409dc69076470f6fca5fee70a5d4?s=96&d=mm&r=g","caption":"Encontra Ouro Preto"},"url":"https:\/\/www.encontraminasgerais.com.br\/ouro-preto\/author\/encontraouropreto\/"}]}},"_links":{"self":[{"href":"https:\/\/www.encontraminasgerais.com.br\/ouro-preto\/wp-json\/wp\/v2\/posts\/4316","targetHints":{"allow":["GET"]}}],"collection":[{"href":"https:\/\/www.encontraminasgerais.com.br\/ouro-preto\/wp-json\/wp\/v2\/posts"}],"about":[{"href":"https:\/\/www.encontraminasgerais.com.br\/ouro-preto\/wp-json\/wp\/v2\/types\/post"}],"author":[{"embeddable":true,"href":"https:\/\/www.encontraminasgerais.com.br\/ouro-preto\/wp-json\/wp\/v2\/users\/1"}],"replies":[{"embeddable":true,"href":"https:\/\/www.encontraminasgerais.com.br\/ouro-preto\/wp-json\/wp\/v2\/comments?post=4316"}],"version-history":[{"count":0,"href":"https:\/\/www.encontraminasgerais.com.br\/ouro-preto\/wp-json\/wp\/v2\/posts\/4316\/revisions"}],"wp:featuredmedia":[{"embeddable":true,"href":"https:\/\/www.encontraminasgerais.com.br\/ouro-preto\/wp-json\/wp\/v2\/media\/4315"}],"wp:attachment":[{"href":"https:\/\/www.encontraminasgerais.com.br\/ouro-preto\/wp-json\/wp\/v2\/media?parent=4316"}],"wp:term":[{"taxonomy":"category","embeddable":true,"href":"https:\/\/www.encontraminasgerais.com.br\/ouro-preto\/wp-json\/wp\/v2\/categories?post=4316"},{"taxonomy":"post_tag","embeddable":true,"href":"https:\/\/www.encontraminasgerais.com.br\/ouro-preto\/wp-json\/wp\/v2\/tags?post=4316"}],"curies":[{"name":"wp","href":"https:\/\/api.w.org\/{rel}","templated":true}]}}