{"id":4330,"date":"2026-02-06T06:51:32","date_gmt":"2026-02-06T09:51:32","guid":{"rendered":"https:\/\/www.encontraminasgerais.com.br\/ouro-preto\/em-ouro-preto-marca-une-patrimonio-e-inovacao\/"},"modified":"2026-02-06T06:51:32","modified_gmt":"2026-02-06T09:51:32","slug":"em-ouro-preto-marca-une-patrimonio-e-inovacao","status":"publish","type":"post","link":"https:\/\/www.encontraminasgerais.com.br\/ouro-preto\/em-ouro-preto-marca-une-patrimonio-e-inovacao\/","title":{"rendered":"Em Ouro Preto, marca une patrim\u00f4nio e inova\u00e7\u00e3o"},"content":{"rendered":"<h2>A Hist\u00f3ria de Ouro Preto como Patrim\u00f4nio Mundial<\/h2>\n<p><strong>Ouro Preto<\/strong>, situada na regi\u00e3o central do Brasil, \u00e9 uma cidade que carrega uma rica heran\u00e7a cultural e hist\u00f3rica. Reconhecida pelo <strong>UNESCO<\/strong> como <strong>Patrim\u00f4nio Mundial da Humanidade<\/strong> em 1980, essa antiga vila, que anteriormente era conhecida como Vila Rica, destaca-se por seu extraordin\u00e1rio conjunto arquitet\u00f4nico barroco. As obras do renomado artista <strong>Aleijadinho<\/strong> s\u00e3o alguns dos elementos mais emblem\u00e1ticos que a cidade possui, simbolizando a riqueza de seu passado.<\/p>\n<p>A import\u00e2ncia hist\u00f3rica de Ouro Preto remonta ao s\u00e9culo XVIII, quando se tornou um dos principais centros da explora\u00e7\u00e3o de ouro nas Am\u00e9ricas, atraindo uma infinidade de comerciantes, cientistas, e intelectuais de todo o mundo. O comissionamento e a constru\u00e7\u00e3o de igrejas impressionantes, bem como a infraestrutura urbana planejada, contribu\u00edram para solidificar a cidade como um marco cultural.<\/p>\n<p>Ouro Preto n\u00e3o \u00e9 apenas um vest\u00edgio do passado colonial; a cidade combina um rico hist\u00f3rico com uma vitalidade contempor\u00e2nea. A hist\u00f3ria da cidade \u00e9 um importante ativo cultural que ressoa at\u00e9 os dias de hoje, atraindo visitantes e acad\u00eamicos que buscam entender suas nuances e seu impacto no Brasil.<\/p>\n<p><img decoding=\"async\" src=\"https:\/\/www.encontraminasgerais.com.br\/ouro-preto\/wp-content\/uploads\/2026\/02\/em-ouro-preto-marca-une-patrimonio-e-inovacao.webp\" alt=\"Ouro Preto\" loading=\"lazy\" \/><\/p>\n<h2>Inova\u00e7\u00e3o e Tecnologia: O Presente da Cidade<\/h2>\n<p>Nos dias atuais, Ouro Preto n\u00e3o se limita ao seu legado hist\u00f3rico, mas tamb\u00e9m se destaca por sua <strong>moderniza\u00e7\u00e3o<\/strong> e inova\u00e7\u00e3o tecnol\u00f3gica. Isso \u00e9 vis\u00edvel em seu <strong>parque educacional<\/strong> avan\u00e7ado e no crescimento de um <strong>hub<\/strong> tecnol\u00f3gico din\u00e2mico que abriga startups e iniciativas de pesquisa. A cidade, ao fundir tradi\u00e7\u00e3o e modernidade, se posiciona como um polo de desenvolvimento.<\/p>\n<p>O prefeito de Ouro Preto, \u00c2ngelo Oswaldo de Ara\u00fajo Santos, aponta que a cidade tem o potencial de reverter estere\u00f3tipos e demonstrar suas capacidades para o mundo inteiro. Segundo ele, &#8220;Ouro Preto \u00e9 uma cidade viva, n\u00e3o um cen\u00e1rio imut\u00e1vel do passado&#8221;. Aqui, a educa\u00e7\u00e3o cede espa\u00e7o \u00e0 tecnologia, criando uma nova identidade que atrai jovens e profissionais em busca de inova\u00e7\u00e3o.<\/p>\n<h2>A Import\u00e2ncia da Hospitalidade na Cultura Mineira<\/h2>\n<p>A hospitalidade \u00e9 uma caracter\u00edstica cultural marcante do povo mineiro, sendo um reflexo da hist\u00f3ria de Minas Gerais como um ponto de passagem para muitas culturas. Os habitantes de Ouro Preto, assim como outros mineiros, s\u00e3o conhecidos por sua acolhida calorosa e generosa. Essa cordialidade faz parte do modo de ser do mineiro, que se orgulha em oferecer o melhor para os visitantes.<\/p>\n<p>Minas Gerais tem sido um lar para pessoas de diversas origens, e essa diversidade enriqueceu ainda mais a cultura local. A hospitalidade mineira \u00e9 celebra\u00e7\u00e3o e identifica\u00e7\u00e3o, enfatizando a import\u00e2ncia de receber com generosidade, o que por sua vez, se torna um ativo econ\u00f4mico para o turismo e para o com\u00e9rcio local.<\/p>\n<h2>A Contribui\u00e7\u00e3o de Aleijadinho para a Arte Brasileira<\/h2>\n<p>Aleijadinho, um dos \u00edcones do barroco brasileiro, deixou uma marca indel\u00e9vel em Ouro Preto e na hist\u00f3ria da arte brasileira. Suas esculturas e obras arquitet\u00f4nicas em igrejas e pra\u00e7as s\u00e3o n\u00e3o apenas exemplos de sua habilidade t\u00e9cnica e art\u00edstica, mas tamb\u00e9m testemunhos da cultura e da espiritualidade daquela \u00e9poca. Trabalhando em condi\u00e7\u00f5es muitas vezes adversas devido \u00e0 sua defici\u00eancia, Aleijadinho inspirou gera\u00e7\u00f5es de artistas e visitantes ao redor do mundo, refor\u00e7ando a relev\u00e2ncia de Ouro Preto como um centro de arte e hist\u00f3ria.<\/p>\n<p>As cria\u00e7\u00f5es de Aleijadinho transcendem a mera est\u00e9tica; elas contam hist\u00f3rias que ainda ressoam, refletindo as tens\u00f5es e as esperan\u00e7as dos s\u00e9culos passados. Por conta disso, sua obra \u00e9 considerada essencial para entender o desenvolvimento art\u00edstico no Brasil, e especialmente, a evolu\u00e7\u00e3o do Brasil colonial em um contexto mais amplo.<\/p>\n<h2>O Papel do Educacional e do Hub de Tecnologia em Ouro Preto<\/h2>\n<p>A cidade de Ouro Preto desempenha um papel significativo no setor educacional brasileiro, acolhendo importantes institui\u00e7\u00f5es de ensino superior. As universidades e escolas t\u00e9cnicas locais est\u00e3o profundamente envolvidas na promo\u00e7\u00e3o do conhecimento e da inova\u00e7\u00e3o, atuando em colabora\u00e7\u00e3o com o <strong>hub tecnol\u00f3gico<\/strong> emergente. O apoio \u00e0 educa\u00e7\u00e3o \u00e9 vital para a forma\u00e7\u00e3o de profissionais qualificados que contribuir\u00e3o para o desenvolvimento da cidade e da regi\u00e3o.<\/p>\n<p>As institui\u00e7\u00f5es de ensino de Ouro Preto n\u00e3o apenas formam alunos, mas tamb\u00e9m fomentam a pesquisa e o empreendedorismo, preparando a pr\u00f3xima gera\u00e7\u00e3o para enfrentar os desafios contempor\u00e2neos da economia global. A interliga\u00e7\u00e3o entre a educa\u00e7\u00e3o e a inova\u00e7\u00e3o tecnol\u00f3gica fortalece a cidade, tornando-a um laborat\u00f3rio vivo de ideias e solu\u00e7\u00f5es.<\/p>\n<h2>Os Desafios da Comunica\u00e7\u00e3o Internacional para Minas Gerais<\/h2>\n<p>Ainda que Ouro Preto e Minas Gerais possuam uma rica hist\u00f3ria cultural e culturalmente significativa, a cidade enfrenta desafios significativos em termos de comunica\u00e7\u00e3o internacional. O prefeito enfatiza a necessidade de unir esfor\u00e7os para projetar Minas como um estado com produtos e servi\u00e7os de excel\u00eancia, capazes de competir em um cen\u00e1rio global.<\/p>\n<p>Para que Minas Gerais possa recuperar sua presen\u00e7a e prest\u00edgio internacional, \u00e9 necess\u00e1rio fomentar uma <strong>comunica\u00e7\u00e3o eficaz<\/strong> que destaque as qualidades locais, afastando-se de estere\u00f3tipos e caricaturas que muitas vezes obscurecem o valor real da cultura mineira.<\/p>\n<h2>A Perspectiva do Humorista Paulo Ara\u00fajo sobre a Mineiridade<\/h2>\n<p>Paulo Ara\u00fajo, um humorista que reside em Minas h\u00e1 mais de uma d\u00e9cada, contribui para o reconhecimento da &#8220;marca Minas&#8221; a partir de sua experi\u00eancia pessoal e do estudo da mineiridade. Para ele, a forma como os mineiros se comportam e se expressam \u00e9 uma verdadeira arte que vale a pena ser celebrada. Ele considera que sua obra \u00e9 como uma homenagem a todas as particularidades que tornam Minas \u00fanicas.<\/p>\n<p>Ara\u00fajo observa que, apesar das diversas express\u00f5es da cultura mineira se manifestarem de diferentes formas, todas s\u00e3o unidas por um sentido de pertencimento. Sua perspectiva oferece uma vis\u00e3o leve e bem-humorada que ajuda a destacar os aspectos positivos da cultura mineira, mostrando como a hospitalidade e a simplicidade s\u00e3o consideradas valores fundamentais.<\/p>\n<h2>A Tradi\u00e7\u00e3o e a Modernidade em Minas: Mantendo a Identidade<\/h2>\n<p>A interconex\u00e3o entre tradi\u00e7\u00e3o e modernidade \u00e9 um tema que permeia a cultura mineira. Ouro Preto apresenta um excelente exemplo de como essas duas for\u00e7as podem coexistir e enriquecer a experi\u00eancia cultural local. Apesar dos desafios de se manter a identidade em um mundo cada vez mais globalizado, os mineiros t\u00eam se mostrado resilientes, encontrando maneiras de honrar suas ra\u00edzes enquanto se adaptam \u00e0s novas realidades.<\/p>\n<p>A cidade, com sua infraestrutura hist\u00f3rica, moderniza-se com iniciativas que promovem o surgimento de novos talentos e a preserva\u00e7\u00e3o da tradi\u00e7\u00e3o local. Assim, a identidade mineira n\u00e3o se torna mera nostalgia, mas um ativo vibrante e necess\u00e1rio na contemporaneidade.<\/p>\n<h2>Transformando Cultura em Ativo Econ\u00f4mico: Como Fazer?<\/h2>\n<p>Um dos maiores desafios que Ouro Preto enfrenta \u00e9 como transformar sua rica cultura em um <strong>ativo econ\u00f4mico<\/strong> sustent\u00e1vel. O turismo cultural \u00e9 um dos pilares que precisa ser fomentado, mas deve ser feito de maneira que respeite a autenticidade e a integridade dos locais hist\u00f3ricos. A promo\u00e7\u00e3o de eventos culturais e art\u00edsticos pode ajudar a conectar as comunidades e aumentar a visibilidade da cidade no cen\u00e1rio nacional e internacional.<\/p>\n<p>Os cidad\u00e3os de Ouro Preto, juntamente com o governo local, devem criar estrat\u00e9gias que n\u00e3o apenas atraiam turistas, mas que tamb\u00e9m incentivem o desenvolvimento de iniciativas culturais no dia a dia, valorizando a arte e a hist\u00f3ria local e alavancando a economia de forma coesa e sustent\u00e1vel.<\/p>\n<h2>Minas Gerais no Cen\u00e1rio Global: O Que Est\u00e1 em Jogo?<\/h2>\n<p>Minas Gerais possui uma rica tape\u00e7aria cultural que aguarda ser reconhecida em um cen\u00e1rio global. O potencial econ\u00f4mico da regi\u00e3o \u00e9 imenso, e sua hist\u00f3ria influencia n\u00e3o apenas o Brasil, mas tamb\u00e9m o exterior. Por isso, \u00e9 crucial que Minas se posicione como uma pot\u00eancia global, promovendo a originalidade de seus produtos e servi\u00e7os.<\/p>\n<p>\u00c0 medida que os mineiros trabalham para construir uma nova imagem para o estado, \u00e9 vital que eles n\u00e3o percam de vista o que torna sua cultura t\u00e3o singular. A busca por um equil\u00edbrio entre inova\u00e7\u00e3o e tradi\u00e7\u00e3o \u00e9 o que pode possibilitar a Minas Gerais brilhar no cen\u00e1rio internacional, ajudando a criar um futuro onde passado e presente se entrela\u00e7am perfeitamente.<\/p>\n","protected":false},"excerpt":{"rendered":"<p>Ouro Preto combina sua rica hist\u00f3ria com inova\u00e7\u00e3o cultural e hospitalidade em Minas Gerais.<\/p>\n","protected":false},"author":1,"featured_media":4329,"comment_status":"open","ping_status":"open","sticky":false,"template":"","format":"standard","meta":{"footnotes":""},"categories":[5],"tags":[],"class_list":["post-4330","post","type-post","status-publish","format-standard","has-post-thumbnail","hentry","category-noticias","has_thumb"],"yoast_head":"<!-- This site is optimized with the Yoast SEO plugin v27.2 - https:\/\/yoast.com\/product\/yoast-seo-wordpress\/ -->\n<title>Em Ouro Preto, marca une patrim\u00f4nio e inova\u00e7\u00e3o | Guia Comercial de Ouro Preto MG<\/title>\n<meta name=\"robots\" content=\"index, follow, max-snippet:-1, max-image-preview:large, max-video-preview:-1\" \/>\n<link rel=\"canonical\" href=\"https:\/\/www.encontraminasgerais.com.br\/ouro-preto\/em-ouro-preto-marca-une-patrimonio-e-inovacao\/\" \/>\n<meta property=\"og:locale\" content=\"pt_BR\" \/>\n<meta property=\"og:type\" content=\"article\" \/>\n<meta property=\"og:title\" content=\"Em Ouro Preto, marca une patrim\u00f4nio e inova\u00e7\u00e3o | Guia Comercial de Ouro Preto MG\" \/>\n<meta property=\"og:description\" content=\"Ouro Preto combina sua rica hist\u00f3ria com inova\u00e7\u00e3o cultural e hospitalidade em Minas Gerais.\" \/>\n<meta property=\"og:url\" content=\"https:\/\/www.encontraminasgerais.com.br\/ouro-preto\/em-ouro-preto-marca-une-patrimonio-e-inovacao\/\" \/>\n<meta property=\"og:site_name\" content=\"Guia Comercial de Ouro Preto MG\" \/>\n<meta property=\"article:published_time\" content=\"2026-02-06T09:51:32+00:00\" \/>\n<meta property=\"og:image\" content=\"https:\/\/www.encontraminasgerais.com.br\/ouro-preto\/wp-content\/uploads\/2026\/02\/em-ouro-preto-marca-une-patrimonio-e-inovacao.webp\" \/>\n<meta name=\"author\" content=\"Encontra Ouro Preto\" \/>\n<meta name=\"twitter:card\" content=\"summary_large_image\" \/>\n<meta name=\"twitter:label1\" content=\"Escrito por\" \/>\n\t<meta name=\"twitter:data1\" content=\"Encontra Ouro Preto\" \/>\n\t<meta name=\"twitter:label2\" content=\"Est. tempo de leitura\" \/>\n\t<meta name=\"twitter:data2\" content=\"7 minutos\" \/>\n<script type=\"application\/ld+json\" class=\"yoast-schema-graph\">{\"@context\":\"https:\/\/schema.org\",\"@graph\":[{\"@type\":\"Article\",\"@id\":\"https:\/\/www.encontraminasgerais.com.br\/ouro-preto\/em-ouro-preto-marca-une-patrimonio-e-inovacao\/#article\",\"isPartOf\":{\"@id\":\"https:\/\/www.encontraminasgerais.com.br\/ouro-preto\/em-ouro-preto-marca-une-patrimonio-e-inovacao\/\"},\"author\":{\"name\":\"Encontra Ouro Preto\",\"@id\":\"https:\/\/www.encontraminasgerais.com.br\/ouro-preto\/#\/schema\/person\/d55d0e79e38dd7d6474efd815b181c4d\"},\"headline\":\"Em Ouro Preto, marca une patrim\u00f4nio e inova\u00e7\u00e3o\",\"datePublished\":\"2026-02-06T09:51:32+00:00\",\"mainEntityOfPage\":{\"@id\":\"https:\/\/www.encontraminasgerais.com.br\/ouro-preto\/em-ouro-preto-marca-une-patrimonio-e-inovacao\/\"},\"wordCount\":1444,\"commentCount\":0,\"image\":{\"@id\":\"https:\/\/www.encontraminasgerais.com.br\/ouro-preto\/em-ouro-preto-marca-une-patrimonio-e-inovacao\/#primaryimage\"},\"thumbnailUrl\":\"https:\/\/www.encontraminasgerais.com.br\/ouro-preto\/wp-content\/uploads\/2026\/02\/em-ouro-preto-marca-une-patrimonio-e-inovacao.webp\",\"articleSection\":[\"Not\u00edcias Ouro Preto\"],\"inLanguage\":\"pt-BR\",\"potentialAction\":[{\"@type\":\"CommentAction\",\"name\":\"Comment\",\"target\":[\"https:\/\/www.encontraminasgerais.com.br\/ouro-preto\/em-ouro-preto-marca-une-patrimonio-e-inovacao\/#respond\"]}]},{\"@type\":\"WebPage\",\"@id\":\"https:\/\/www.encontraminasgerais.com.br\/ouro-preto\/em-ouro-preto-marca-une-patrimonio-e-inovacao\/\",\"url\":\"https:\/\/www.encontraminasgerais.com.br\/ouro-preto\/em-ouro-preto-marca-une-patrimonio-e-inovacao\/\",\"name\":\"Em Ouro Preto, marca une patrim\u00f4nio e inova\u00e7\u00e3o | Guia Comercial de Ouro Preto MG\",\"isPartOf\":{\"@id\":\"https:\/\/www.encontraminasgerais.com.br\/ouro-preto\/#website\"},\"primaryImageOfPage\":{\"@id\":\"https:\/\/www.encontraminasgerais.com.br\/ouro-preto\/em-ouro-preto-marca-une-patrimonio-e-inovacao\/#primaryimage\"},\"image\":{\"@id\":\"https:\/\/www.encontraminasgerais.com.br\/ouro-preto\/em-ouro-preto-marca-une-patrimonio-e-inovacao\/#primaryimage\"},\"thumbnailUrl\":\"https:\/\/www.encontraminasgerais.com.br\/ouro-preto\/wp-content\/uploads\/2026\/02\/em-ouro-preto-marca-une-patrimonio-e-inovacao.webp\",\"datePublished\":\"2026-02-06T09:51:32+00:00\",\"author\":{\"@id\":\"https:\/\/www.encontraminasgerais.com.br\/ouro-preto\/#\/schema\/person\/d55d0e79e38dd7d6474efd815b181c4d\"},\"inLanguage\":\"pt-BR\",\"potentialAction\":[{\"@type\":\"ReadAction\",\"target\":[\"https:\/\/www.encontraminasgerais.com.br\/ouro-preto\/em-ouro-preto-marca-une-patrimonio-e-inovacao\/\"]}]},{\"@type\":\"ImageObject\",\"inLanguage\":\"pt-BR\",\"@id\":\"https:\/\/www.encontraminasgerais.com.br\/ouro-preto\/em-ouro-preto-marca-une-patrimonio-e-inovacao\/#primaryimage\",\"url\":\"https:\/\/www.encontraminasgerais.com.br\/ouro-preto\/wp-content\/uploads\/2026\/02\/em-ouro-preto-marca-une-patrimonio-e-inovacao.webp\",\"contentUrl\":\"https:\/\/www.encontraminasgerais.com.br\/ouro-preto\/wp-content\/uploads\/2026\/02\/em-ouro-preto-marca-une-patrimonio-e-inovacao.webp\",\"width\":280,\"height\":280,\"caption\":\"Ouro Preto\"},{\"@type\":\"WebSite\",\"@id\":\"https:\/\/www.encontraminasgerais.com.br\/ouro-preto\/#website\",\"url\":\"https:\/\/www.encontraminasgerais.com.br\/ouro-preto\/\",\"name\":\"Guia Comercial de Ouro Preto MG\",\"description\":\"O Encontra Ouro Preto \u00e9 o guia mais completo da cidade Ouro Preto com com\u00e9rcios, servi\u00e7os, noticias, jornal, hist\u00f3ria e lazer da cidade.\",\"potentialAction\":[{\"@type\":\"SearchAction\",\"target\":{\"@type\":\"EntryPoint\",\"urlTemplate\":\"https:\/\/www.encontraminasgerais.com.br\/ouro-preto\/?s={search_term_string}\"},\"query-input\":{\"@type\":\"PropertyValueSpecification\",\"valueRequired\":true,\"valueName\":\"search_term_string\"}}],\"inLanguage\":\"pt-BR\"},{\"@type\":\"Person\",\"@id\":\"https:\/\/www.encontraminasgerais.com.br\/ouro-preto\/#\/schema\/person\/d55d0e79e38dd7d6474efd815b181c4d\",\"name\":\"Encontra Ouro Preto\",\"image\":{\"@type\":\"ImageObject\",\"inLanguage\":\"pt-BR\",\"@id\":\"https:\/\/secure.gravatar.com\/avatar\/c50c17820bcf322f0a8fd6b110b8c0918141409dc69076470f6fca5fee70a5d4?s=96&d=mm&r=g\",\"url\":\"https:\/\/secure.gravatar.com\/avatar\/c50c17820bcf322f0a8fd6b110b8c0918141409dc69076470f6fca5fee70a5d4?s=96&d=mm&r=g\",\"contentUrl\":\"https:\/\/secure.gravatar.com\/avatar\/c50c17820bcf322f0a8fd6b110b8c0918141409dc69076470f6fca5fee70a5d4?s=96&d=mm&r=g\",\"caption\":\"Encontra Ouro Preto\"},\"url\":\"https:\/\/www.encontraminasgerais.com.br\/ouro-preto\/author\/encontraouropreto\/\"}]}<\/script>\n<!-- \/ Yoast SEO plugin. -->","yoast_head_json":{"title":"Em Ouro Preto, marca une patrim\u00f4nio e inova\u00e7\u00e3o | Guia Comercial de Ouro Preto MG","robots":{"index":"index","follow":"follow","max-snippet":"max-snippet:-1","max-image-preview":"max-image-preview:large","max-video-preview":"max-video-preview:-1"},"canonical":"https:\/\/www.encontraminasgerais.com.br\/ouro-preto\/em-ouro-preto-marca-une-patrimonio-e-inovacao\/","og_locale":"pt_BR","og_type":"article","og_title":"Em Ouro Preto, marca une patrim\u00f4nio e inova\u00e7\u00e3o | Guia Comercial de Ouro Preto MG","og_description":"Ouro Preto combina sua rica hist\u00f3ria com inova\u00e7\u00e3o cultural e hospitalidade em Minas Gerais.","og_url":"https:\/\/www.encontraminasgerais.com.br\/ouro-preto\/em-ouro-preto-marca-une-patrimonio-e-inovacao\/","og_site_name":"Guia Comercial de Ouro Preto MG","article_published_time":"2026-02-06T09:51:32+00:00","og_image":[{"url":"https:\/\/www.encontraminasgerais.com.br\/ouro-preto\/wp-content\/uploads\/2026\/02\/em-ouro-preto-marca-une-patrimonio-e-inovacao.webp","type":"","width":"","height":""}],"author":"Encontra Ouro Preto","twitter_card":"summary_large_image","twitter_misc":{"Escrito por":"Encontra Ouro Preto","Est. tempo de leitura":"7 minutos"},"schema":{"@context":"https:\/\/schema.org","@graph":[{"@type":"Article","@id":"https:\/\/www.encontraminasgerais.com.br\/ouro-preto\/em-ouro-preto-marca-une-patrimonio-e-inovacao\/#article","isPartOf":{"@id":"https:\/\/www.encontraminasgerais.com.br\/ouro-preto\/em-ouro-preto-marca-une-patrimonio-e-inovacao\/"},"author":{"name":"Encontra Ouro Preto","@id":"https:\/\/www.encontraminasgerais.com.br\/ouro-preto\/#\/schema\/person\/d55d0e79e38dd7d6474efd815b181c4d"},"headline":"Em Ouro Preto, marca une patrim\u00f4nio e inova\u00e7\u00e3o","datePublished":"2026-02-06T09:51:32+00:00","mainEntityOfPage":{"@id":"https:\/\/www.encontraminasgerais.com.br\/ouro-preto\/em-ouro-preto-marca-une-patrimonio-e-inovacao\/"},"wordCount":1444,"commentCount":0,"image":{"@id":"https:\/\/www.encontraminasgerais.com.br\/ouro-preto\/em-ouro-preto-marca-une-patrimonio-e-inovacao\/#primaryimage"},"thumbnailUrl":"https:\/\/www.encontraminasgerais.com.br\/ouro-preto\/wp-content\/uploads\/2026\/02\/em-ouro-preto-marca-une-patrimonio-e-inovacao.webp","articleSection":["Not\u00edcias Ouro Preto"],"inLanguage":"pt-BR","potentialAction":[{"@type":"CommentAction","name":"Comment","target":["https:\/\/www.encontraminasgerais.com.br\/ouro-preto\/em-ouro-preto-marca-une-patrimonio-e-inovacao\/#respond"]}]},{"@type":"WebPage","@id":"https:\/\/www.encontraminasgerais.com.br\/ouro-preto\/em-ouro-preto-marca-une-patrimonio-e-inovacao\/","url":"https:\/\/www.encontraminasgerais.com.br\/ouro-preto\/em-ouro-preto-marca-une-patrimonio-e-inovacao\/","name":"Em Ouro Preto, marca une patrim\u00f4nio e inova\u00e7\u00e3o | Guia Comercial de Ouro Preto MG","isPartOf":{"@id":"https:\/\/www.encontraminasgerais.com.br\/ouro-preto\/#website"},"primaryImageOfPage":{"@id":"https:\/\/www.encontraminasgerais.com.br\/ouro-preto\/em-ouro-preto-marca-une-patrimonio-e-inovacao\/#primaryimage"},"image":{"@id":"https:\/\/www.encontraminasgerais.com.br\/ouro-preto\/em-ouro-preto-marca-une-patrimonio-e-inovacao\/#primaryimage"},"thumbnailUrl":"https:\/\/www.encontraminasgerais.com.br\/ouro-preto\/wp-content\/uploads\/2026\/02\/em-ouro-preto-marca-une-patrimonio-e-inovacao.webp","datePublished":"2026-02-06T09:51:32+00:00","author":{"@id":"https:\/\/www.encontraminasgerais.com.br\/ouro-preto\/#\/schema\/person\/d55d0e79e38dd7d6474efd815b181c4d"},"inLanguage":"pt-BR","potentialAction":[{"@type":"ReadAction","target":["https:\/\/www.encontraminasgerais.com.br\/ouro-preto\/em-ouro-preto-marca-une-patrimonio-e-inovacao\/"]}]},{"@type":"ImageObject","inLanguage":"pt-BR","@id":"https:\/\/www.encontraminasgerais.com.br\/ouro-preto\/em-ouro-preto-marca-une-patrimonio-e-inovacao\/#primaryimage","url":"https:\/\/www.encontraminasgerais.com.br\/ouro-preto\/wp-content\/uploads\/2026\/02\/em-ouro-preto-marca-une-patrimonio-e-inovacao.webp","contentUrl":"https:\/\/www.encontraminasgerais.com.br\/ouro-preto\/wp-content\/uploads\/2026\/02\/em-ouro-preto-marca-une-patrimonio-e-inovacao.webp","width":280,"height":280,"caption":"Ouro Preto"},{"@type":"WebSite","@id":"https:\/\/www.encontraminasgerais.com.br\/ouro-preto\/#website","url":"https:\/\/www.encontraminasgerais.com.br\/ouro-preto\/","name":"Guia Comercial de Ouro Preto MG","description":"O Encontra Ouro Preto \u00e9 o guia mais completo da cidade Ouro Preto com com\u00e9rcios, servi\u00e7os, noticias, jornal, hist\u00f3ria e lazer da cidade.","potentialAction":[{"@type":"SearchAction","target":{"@type":"EntryPoint","urlTemplate":"https:\/\/www.encontraminasgerais.com.br\/ouro-preto\/?s={search_term_string}"},"query-input":{"@type":"PropertyValueSpecification","valueRequired":true,"valueName":"search_term_string"}}],"inLanguage":"pt-BR"},{"@type":"Person","@id":"https:\/\/www.encontraminasgerais.com.br\/ouro-preto\/#\/schema\/person\/d55d0e79e38dd7d6474efd815b181c4d","name":"Encontra Ouro Preto","image":{"@type":"ImageObject","inLanguage":"pt-BR","@id":"https:\/\/secure.gravatar.com\/avatar\/c50c17820bcf322f0a8fd6b110b8c0918141409dc69076470f6fca5fee70a5d4?s=96&d=mm&r=g","url":"https:\/\/secure.gravatar.com\/avatar\/c50c17820bcf322f0a8fd6b110b8c0918141409dc69076470f6fca5fee70a5d4?s=96&d=mm&r=g","contentUrl":"https:\/\/secure.gravatar.com\/avatar\/c50c17820bcf322f0a8fd6b110b8c0918141409dc69076470f6fca5fee70a5d4?s=96&d=mm&r=g","caption":"Encontra Ouro Preto"},"url":"https:\/\/www.encontraminasgerais.com.br\/ouro-preto\/author\/encontraouropreto\/"}]}},"_links":{"self":[{"href":"https:\/\/www.encontraminasgerais.com.br\/ouro-preto\/wp-json\/wp\/v2\/posts\/4330","targetHints":{"allow":["GET"]}}],"collection":[{"href":"https:\/\/www.encontraminasgerais.com.br\/ouro-preto\/wp-json\/wp\/v2\/posts"}],"about":[{"href":"https:\/\/www.encontraminasgerais.com.br\/ouro-preto\/wp-json\/wp\/v2\/types\/post"}],"author":[{"embeddable":true,"href":"https:\/\/www.encontraminasgerais.com.br\/ouro-preto\/wp-json\/wp\/v2\/users\/1"}],"replies":[{"embeddable":true,"href":"https:\/\/www.encontraminasgerais.com.br\/ouro-preto\/wp-json\/wp\/v2\/comments?post=4330"}],"version-history":[{"count":0,"href":"https:\/\/www.encontraminasgerais.com.br\/ouro-preto\/wp-json\/wp\/v2\/posts\/4330\/revisions"}],"wp:featuredmedia":[{"embeddable":true,"href":"https:\/\/www.encontraminasgerais.com.br\/ouro-preto\/wp-json\/wp\/v2\/media\/4329"}],"wp:attachment":[{"href":"https:\/\/www.encontraminasgerais.com.br\/ouro-preto\/wp-json\/wp\/v2\/media?parent=4330"}],"wp:term":[{"taxonomy":"category","embeddable":true,"href":"https:\/\/www.encontraminasgerais.com.br\/ouro-preto\/wp-json\/wp\/v2\/categories?post=4330"},{"taxonomy":"post_tag","embeddable":true,"href":"https:\/\/www.encontraminasgerais.com.br\/ouro-preto\/wp-json\/wp\/v2\/tags?post=4330"}],"curies":[{"name":"wp","href":"https:\/\/api.w.org\/{rel}","templated":true}]}}