{"id":4342,"date":"2026-02-08T06:54:52","date_gmt":"2026-02-08T09:54:52","guid":{"rendered":"https:\/\/www.encontraminasgerais.com.br\/ouro-preto\/mg-justica-determina-paralisacao-de-operacoes-da-vale-em-complexo-de-ouro-preto\/"},"modified":"2026-02-08T06:54:52","modified_gmt":"2026-02-08T09:54:52","slug":"mg-justica-determina-paralisacao-de-operacoes-da-vale-em-complexo-de-ouro-preto","status":"publish","type":"post","link":"https:\/\/www.encontraminasgerais.com.br\/ouro-preto\/mg-justica-determina-paralisacao-de-operacoes-da-vale-em-complexo-de-ouro-preto\/","title":{"rendered":"MG: justi\u00e7a determina paralisa\u00e7\u00e3o de opera\u00e7\u00f5es da Vale em complexo de Ouro Preto"},"content":{"rendered":"<h2>Colapso Estrutural: O Que Aconteceu?<\/h2>\n<p>No dia 25 de janeiro, um grave incidente ocorreu no complexo da Vale em Ouro Preto, quando uma de suas estruturas colapsou. Esse evento resultou no extravasamento de aproximadamente <strong>262 mil metros c\u00fabicos<\/strong> de \u00e1gua e sedimentos. O impacto foi severo, afetando \u00e1reas operacionais, propriedades vizinhas e cursos d&#8217;\u00e1gua da regi\u00e3o. O desastre, cuja gravidade foi intensificada devido a falhas identificadas no sistema de drenagem e na utiliza\u00e7\u00e3o inadequada de uma cava como reservat\u00f3rio, levantou preocupa\u00e7\u00f5es sobre a seguran\u00e7a das instala\u00e7\u00f5es da empresa.<\/p>\n<h2>Decis\u00e3o da Justi\u00e7a de Minas Gerais<\/h2>\n<p>Em rea\u00e7\u00e3o ao incidente, a Justi\u00e7a de Minas Gerais tomou a decis\u00e3o de determinar a <strong>paralisa\u00e7\u00e3o imediata<\/strong> de todas as atividades da Vale no referido complexo. Essa medida foi implementada com o objetivo de assegurar que todas as estruturas passassem por uma avalia\u00e7\u00e3o rigorosa de seguran\u00e7a antes da continuidade das opera\u00e7\u00f5es. A interrup\u00e7\u00e3o se mant\u00e9m at\u00e9 que a estabilidade das instala\u00e7\u00f5es seja verificada por especialistas competentes.<\/p>\n<h2>Impacto da Paralisa\u00e7\u00e3o nas Opera\u00e7\u00f5es<\/h2>\n<p>A paralisa\u00e7\u00e3o das opera\u00e7\u00f5es da Vale no complexo de Ouro Preto causa um impacto significativo na economia local e nas intera\u00e7\u00f5es comerciais da empresa. A interrup\u00e7\u00e3o n\u00e3o apenas afeta a produ\u00e7\u00e3o miner\u00e1ria, mas tamb\u00e9m gera um efeito domin\u00f3 nos empregos e na din\u00e2mica de neg\u00f3cios dependentes da atividade mineradora. V\u00e1rias empresas fornecedoras e prestadoras de servi\u00e7os locais tamb\u00e9m podem sentir os efeitos diretos dessa suspens\u00e3o.<\/p>\n<p><img decoding=\"async\" src=\"https:\/\/www.encontraminasgerais.com.br\/ouro-preto\/wp-content\/uploads\/2026\/02\/mg-justica-determina-paralisacao-de-operacoes-da-vale-em-complexo-de-ouro-preto.webp\" alt=\"paralisa\u00e7\u00e3o da Vale em complexo de Ouro Preto\" loading=\"lazy\" \/><\/p>\n<h2>Condicionantes para Retomada das Atividades<\/h2>\n<p>Para que a Vale possa retomar suas atividades, a empresa deve atender a uma s\u00e9rie de condicionantes estabelecidos pelas autoridades locais e ambientais. Essas medidas incluem a elabora\u00e7\u00e3o de relat\u00f3rios detalhados que comprovem a seguran\u00e7a das barragens e estruturas, al\u00e9m da implementa\u00e7\u00e3o de melhorias nos sistemas de drenagem e gerenciamento de res\u00edduos. Apenas ap\u00f3s a comprova\u00e7\u00e3o de que as condi\u00e7\u00f5es de opera\u00e7\u00e3o s\u00e3o seguras, as atividades podem ser reiniciadas.<\/p>\n<h2>O Papel da Vale na Minera\u00e7\u00e3o Brasileira<\/h2>\n<p>A Vale \u00e9 uma das maiores empresas de minera\u00e7\u00e3o do Brasil e do mundo, exercendo um papel essencial na produ\u00e7\u00e3o de min\u00e9rio de ferro, n\u00edquel e outros min\u00e9rios. Sua opera\u00e7\u00e3o em Ouro Preto, bem como em outras regi\u00f5es do Brasil, \u00e9 crucial para o abastecimento global desses recursos. A import\u00e2ncia da empresa n\u00e3o se limita apenas \u00e0 produ\u00e7\u00e3o; a Vale tamb\u00e9m est\u00e1 profundamente envolvida em quest\u00f5es sociais e ambientais, buscando melhorar as condi\u00e7\u00f5es de vida das comunidades ao redor de seus empreendimentos.<\/p>\n<h2>Consequ\u00eancias Ambientais do Incidente<\/h2>\n<p>O colapso da estrutura no complexo de Ouro Preto trouxe \u00e0 tona preocupa\u00e7\u00f5es ambientais significativas. O extravasamento de \u00e1gua e sedimentos n\u00e3o apenas contaminou \u00e1reas pr\u00f3ximas, mas tamb\u00e9m afetou a qualidade da \u00e1gua nos rios da regi\u00e3o. A neglig\u00eancia na gest\u00e3o dos recursos h\u00eddricos e a infraestrutura inadequada para conten\u00e7\u00e3o de rejeitos foram fatores cr\u00edticos que contribu\u00edram para o desastre. Ambientalistas e a comunidade local est\u00e3o agora exigindo uma revis\u00e3o das pr\u00e1ticas da Vale, a fim de evitar que situa\u00e7\u00f5es similares ocorram no futuro.<\/p>\n<h2>Rea\u00e7\u00f5es da Comunidade Local<\/h2>\n<p>A comunidade em torno do complexo da Vale respondeu de forma intensa ao colapso. Muitos moradores expressaram sua preocupa\u00e7\u00e3o com a seguran\u00e7a de suas propriedades e a preserva\u00e7\u00e3o ambiental. As reuni\u00f5es comunit\u00e1rias t\u00eam sido convocadas para discutir a situa\u00e7\u00e3o e buscar formas de garantir que as opera\u00e7\u00f5es da Vale n\u00e3o comprometam ainda mais a seguran\u00e7a da popula\u00e7\u00e3o local. As vozes da comunidade s\u00e3o cruciais para pressionar a empresa a seguir protocolos mais rigorosos e assegurar a transpar\u00eancia em suas opera\u00e7\u00f5es.<\/p>\n<h2>Solicita\u00e7\u00f5es de M\u00e9dicos e Autoridades<\/h2>\n<p>Al\u00e9m das preocupa\u00e7\u00f5es da comunidade, profissionais da sa\u00fade e autoridades locais solicitaram que a Vale implemente a\u00e7\u00f5es emergenciais para proteger a sa\u00fade da popula\u00e7\u00e3o afetada. Recomenda\u00e7\u00f5es foram feitas para monitorar a qualidade da \u00e1gua e realizar avalia\u00e7\u00f5es de sa\u00fade entre os moradores da regi\u00e3o. \u00c9 prioridade assegurar que n\u00e3o haja contamina\u00e7\u00e3o proveniente do desastre e que as condi\u00e7\u00f5es de vida sejam preservadas.<\/p>\n<h2>Estabilidade das Barragens: Um Ponto de Aten\u00e7\u00e3o<\/h2>\n<p>A estabilidade das barragens nos complexos miner\u00e1rios da Vale \u00e9 um ponto central nas discuss\u00f5es sobre seguran\u00e7a. Ap\u00f3s o colapso, uma aten\u00e7\u00e3o especial foi direcionada para verificar se as barragens restantes est\u00e3o em conformidade e se oferecem seguran\u00e7a contra eventuais desastres. Especialistas em engenharia e seguran\u00e7a ambiental ser\u00e3o respons\u00e1veis pela an\u00e1lise e pela recomenda\u00e7\u00e3o de interven\u00e7\u00f5es necess\u00e1rias para garantir a integridade das estruturas.<\/p>\n<h2>O Futuro das Opera\u00e7\u00f5es da Vale em Ouro Preto<\/h2>\n<p>O futuro da Vale em Ouro Preto depender\u00e1 n\u00e3o apenas da capacidade da empresa de restaurar e garantir a seguran\u00e7a de suas opera\u00e7\u00f5es, mas tamb\u00e9m da maneira como responde \u00e0s reclama\u00e7\u00f5es da comunidade e das autoridades. A confian\u00e7a do p\u00fablico na empresa \u00e9 vital para sua opera\u00e7\u00e3o cont\u00ednua. A Vale ter\u00e1 que demonstrar comprometimento n\u00e3o apenas com a produ\u00e7\u00e3o, mas tamb\u00e9m com a sustentabilidade e seguran\u00e7a, estabelecendo um novo padr\u00e3o de opera\u00e7\u00e3o que priorize a sa\u00fade ambiental e da comunidade.<\/p>\n","protected":false},"excerpt":{"rendered":"<p>MG: Justi\u00e7a decide pela paralisa\u00e7\u00e3o das opera\u00e7\u00f5es da Vale em Ouro Preto.<\/p>\n","protected":false},"author":1,"featured_media":4341,"comment_status":"open","ping_status":"open","sticky":false,"template":"","format":"standard","meta":{"footnotes":""},"categories":[5],"tags":[],"class_list":["post-4342","post","type-post","status-publish","format-standard","has-post-thumbnail","hentry","category-noticias","has_thumb"],"yoast_head":"<!-- This site is optimized with the Yoast SEO plugin v27.2 - https:\/\/yoast.com\/product\/yoast-seo-wordpress\/ -->\n<title>MG: justi\u00e7a determina paralisa\u00e7\u00e3o de opera\u00e7\u00f5es da Vale em complexo de Ouro Preto | Guia Comercial de Ouro Preto MG<\/title>\n<meta name=\"robots\" content=\"index, follow, max-snippet:-1, max-image-preview:large, max-video-preview:-1\" \/>\n<link rel=\"canonical\" href=\"https:\/\/www.encontraminasgerais.com.br\/ouro-preto\/mg-justica-determina-paralisacao-de-operacoes-da-vale-em-complexo-de-ouro-preto\/\" \/>\n<meta property=\"og:locale\" content=\"pt_BR\" \/>\n<meta property=\"og:type\" content=\"article\" \/>\n<meta property=\"og:title\" content=\"MG: justi\u00e7a determina paralisa\u00e7\u00e3o de opera\u00e7\u00f5es da Vale em complexo de Ouro Preto | Guia Comercial de Ouro Preto MG\" \/>\n<meta property=\"og:description\" content=\"MG: Justi\u00e7a decide pela paralisa\u00e7\u00e3o das opera\u00e7\u00f5es da Vale em Ouro Preto.\" \/>\n<meta property=\"og:url\" content=\"https:\/\/www.encontraminasgerais.com.br\/ouro-preto\/mg-justica-determina-paralisacao-de-operacoes-da-vale-em-complexo-de-ouro-preto\/\" \/>\n<meta property=\"og:site_name\" content=\"Guia Comercial de Ouro Preto MG\" \/>\n<meta property=\"article:published_time\" content=\"2026-02-08T09:54:52+00:00\" \/>\n<meta property=\"og:image\" content=\"https:\/\/www.encontraminasgerais.com.br\/ouro-preto\/wp-content\/uploads\/2026\/02\/mg-justica-determina-paralisacao-de-operacoes-da-vale-em-complexo-de-ouro-preto.webp\" \/>\n<meta name=\"author\" content=\"Encontra Ouro Preto\" \/>\n<meta name=\"twitter:card\" content=\"summary_large_image\" \/>\n<meta name=\"twitter:label1\" content=\"Escrito por\" \/>\n\t<meta name=\"twitter:data1\" content=\"Encontra Ouro Preto\" \/>\n\t<meta name=\"twitter:label2\" content=\"Est. tempo de leitura\" \/>\n\t<meta name=\"twitter:data2\" content=\"5 minutos\" \/>\n<script type=\"application\/ld+json\" class=\"yoast-schema-graph\">{\"@context\":\"https:\/\/schema.org\",\"@graph\":[{\"@type\":\"Article\",\"@id\":\"https:\/\/www.encontraminasgerais.com.br\/ouro-preto\/mg-justica-determina-paralisacao-de-operacoes-da-vale-em-complexo-de-ouro-preto\/#article\",\"isPartOf\":{\"@id\":\"https:\/\/www.encontraminasgerais.com.br\/ouro-preto\/mg-justica-determina-paralisacao-de-operacoes-da-vale-em-complexo-de-ouro-preto\/\"},\"author\":{\"name\":\"Encontra Ouro Preto\",\"@id\":\"https:\/\/www.encontraminasgerais.com.br\/ouro-preto\/#\/schema\/person\/d55d0e79e38dd7d6474efd815b181c4d\"},\"headline\":\"MG: justi\u00e7a determina paralisa\u00e7\u00e3o de opera\u00e7\u00f5es da Vale em complexo de Ouro Preto\",\"datePublished\":\"2026-02-08T09:54:52+00:00\",\"mainEntityOfPage\":{\"@id\":\"https:\/\/www.encontraminasgerais.com.br\/ouro-preto\/mg-justica-determina-paralisacao-de-operacoes-da-vale-em-complexo-de-ouro-preto\/\"},\"wordCount\":938,\"commentCount\":0,\"image\":{\"@id\":\"https:\/\/www.encontraminasgerais.com.br\/ouro-preto\/mg-justica-determina-paralisacao-de-operacoes-da-vale-em-complexo-de-ouro-preto\/#primaryimage\"},\"thumbnailUrl\":\"https:\/\/www.encontraminasgerais.com.br\/ouro-preto\/wp-content\/uploads\/2026\/02\/mg-justica-determina-paralisacao-de-operacoes-da-vale-em-complexo-de-ouro-preto.webp\",\"articleSection\":[\"Not\u00edcias Ouro Preto\"],\"inLanguage\":\"pt-BR\",\"potentialAction\":[{\"@type\":\"CommentAction\",\"name\":\"Comment\",\"target\":[\"https:\/\/www.encontraminasgerais.com.br\/ouro-preto\/mg-justica-determina-paralisacao-de-operacoes-da-vale-em-complexo-de-ouro-preto\/#respond\"]}]},{\"@type\":\"WebPage\",\"@id\":\"https:\/\/www.encontraminasgerais.com.br\/ouro-preto\/mg-justica-determina-paralisacao-de-operacoes-da-vale-em-complexo-de-ouro-preto\/\",\"url\":\"https:\/\/www.encontraminasgerais.com.br\/ouro-preto\/mg-justica-determina-paralisacao-de-operacoes-da-vale-em-complexo-de-ouro-preto\/\",\"name\":\"MG: justi\u00e7a determina paralisa\u00e7\u00e3o de opera\u00e7\u00f5es da Vale em complexo de Ouro Preto | Guia Comercial de Ouro Preto MG\",\"isPartOf\":{\"@id\":\"https:\/\/www.encontraminasgerais.com.br\/ouro-preto\/#website\"},\"primaryImageOfPage\":{\"@id\":\"https:\/\/www.encontraminasgerais.com.br\/ouro-preto\/mg-justica-determina-paralisacao-de-operacoes-da-vale-em-complexo-de-ouro-preto\/#primaryimage\"},\"image\":{\"@id\":\"https:\/\/www.encontraminasgerais.com.br\/ouro-preto\/mg-justica-determina-paralisacao-de-operacoes-da-vale-em-complexo-de-ouro-preto\/#primaryimage\"},\"thumbnailUrl\":\"https:\/\/www.encontraminasgerais.com.br\/ouro-preto\/wp-content\/uploads\/2026\/02\/mg-justica-determina-paralisacao-de-operacoes-da-vale-em-complexo-de-ouro-preto.webp\",\"datePublished\":\"2026-02-08T09:54:52+00:00\",\"author\":{\"@id\":\"https:\/\/www.encontraminasgerais.com.br\/ouro-preto\/#\/schema\/person\/d55d0e79e38dd7d6474efd815b181c4d\"},\"inLanguage\":\"pt-BR\",\"potentialAction\":[{\"@type\":\"ReadAction\",\"target\":[\"https:\/\/www.encontraminasgerais.com.br\/ouro-preto\/mg-justica-determina-paralisacao-de-operacoes-da-vale-em-complexo-de-ouro-preto\/\"]}]},{\"@type\":\"ImageObject\",\"inLanguage\":\"pt-BR\",\"@id\":\"https:\/\/www.encontraminasgerais.com.br\/ouro-preto\/mg-justica-determina-paralisacao-de-operacoes-da-vale-em-complexo-de-ouro-preto\/#primaryimage\",\"url\":\"https:\/\/www.encontraminasgerais.com.br\/ouro-preto\/wp-content\/uploads\/2026\/02\/mg-justica-determina-paralisacao-de-operacoes-da-vale-em-complexo-de-ouro-preto.webp\",\"contentUrl\":\"https:\/\/www.encontraminasgerais.com.br\/ouro-preto\/wp-content\/uploads\/2026\/02\/mg-justica-determina-paralisacao-de-operacoes-da-vale-em-complexo-de-ouro-preto.webp\",\"width\":280,\"height\":280,\"caption\":\"paralisa\u00e7\u00e3o da Vale em complexo de Ouro Preto\"},{\"@type\":\"WebSite\",\"@id\":\"https:\/\/www.encontraminasgerais.com.br\/ouro-preto\/#website\",\"url\":\"https:\/\/www.encontraminasgerais.com.br\/ouro-preto\/\",\"name\":\"Guia Comercial de Ouro Preto MG\",\"description\":\"O Encontra Ouro Preto \u00e9 o guia mais completo da cidade Ouro Preto com com\u00e9rcios, servi\u00e7os, noticias, jornal, hist\u00f3ria e lazer da cidade.\",\"potentialAction\":[{\"@type\":\"SearchAction\",\"target\":{\"@type\":\"EntryPoint\",\"urlTemplate\":\"https:\/\/www.encontraminasgerais.com.br\/ouro-preto\/?s={search_term_string}\"},\"query-input\":{\"@type\":\"PropertyValueSpecification\",\"valueRequired\":true,\"valueName\":\"search_term_string\"}}],\"inLanguage\":\"pt-BR\"},{\"@type\":\"Person\",\"@id\":\"https:\/\/www.encontraminasgerais.com.br\/ouro-preto\/#\/schema\/person\/d55d0e79e38dd7d6474efd815b181c4d\",\"name\":\"Encontra Ouro Preto\",\"image\":{\"@type\":\"ImageObject\",\"inLanguage\":\"pt-BR\",\"@id\":\"https:\/\/secure.gravatar.com\/avatar\/c50c17820bcf322f0a8fd6b110b8c0918141409dc69076470f6fca5fee70a5d4?s=96&d=mm&r=g\",\"url\":\"https:\/\/secure.gravatar.com\/avatar\/c50c17820bcf322f0a8fd6b110b8c0918141409dc69076470f6fca5fee70a5d4?s=96&d=mm&r=g\",\"contentUrl\":\"https:\/\/secure.gravatar.com\/avatar\/c50c17820bcf322f0a8fd6b110b8c0918141409dc69076470f6fca5fee70a5d4?s=96&d=mm&r=g\",\"caption\":\"Encontra Ouro Preto\"},\"url\":\"https:\/\/www.encontraminasgerais.com.br\/ouro-preto\/author\/encontraouropreto\/\"}]}<\/script>\n<!-- \/ Yoast SEO plugin. -->","yoast_head_json":{"title":"MG: justi\u00e7a determina paralisa\u00e7\u00e3o de opera\u00e7\u00f5es da Vale em complexo de Ouro Preto | Guia Comercial de Ouro Preto MG","robots":{"index":"index","follow":"follow","max-snippet":"max-snippet:-1","max-image-preview":"max-image-preview:large","max-video-preview":"max-video-preview:-1"},"canonical":"https:\/\/www.encontraminasgerais.com.br\/ouro-preto\/mg-justica-determina-paralisacao-de-operacoes-da-vale-em-complexo-de-ouro-preto\/","og_locale":"pt_BR","og_type":"article","og_title":"MG: justi\u00e7a determina paralisa\u00e7\u00e3o de opera\u00e7\u00f5es da Vale em complexo de Ouro Preto | Guia Comercial de Ouro Preto MG","og_description":"MG: Justi\u00e7a decide pela paralisa\u00e7\u00e3o das opera\u00e7\u00f5es da Vale em Ouro Preto.","og_url":"https:\/\/www.encontraminasgerais.com.br\/ouro-preto\/mg-justica-determina-paralisacao-de-operacoes-da-vale-em-complexo-de-ouro-preto\/","og_site_name":"Guia Comercial de Ouro Preto MG","article_published_time":"2026-02-08T09:54:52+00:00","og_image":[{"url":"https:\/\/www.encontraminasgerais.com.br\/ouro-preto\/wp-content\/uploads\/2026\/02\/mg-justica-determina-paralisacao-de-operacoes-da-vale-em-complexo-de-ouro-preto.webp","type":"","width":"","height":""}],"author":"Encontra Ouro Preto","twitter_card":"summary_large_image","twitter_misc":{"Escrito por":"Encontra Ouro Preto","Est. tempo de leitura":"5 minutos"},"schema":{"@context":"https:\/\/schema.org","@graph":[{"@type":"Article","@id":"https:\/\/www.encontraminasgerais.com.br\/ouro-preto\/mg-justica-determina-paralisacao-de-operacoes-da-vale-em-complexo-de-ouro-preto\/#article","isPartOf":{"@id":"https:\/\/www.encontraminasgerais.com.br\/ouro-preto\/mg-justica-determina-paralisacao-de-operacoes-da-vale-em-complexo-de-ouro-preto\/"},"author":{"name":"Encontra Ouro Preto","@id":"https:\/\/www.encontraminasgerais.com.br\/ouro-preto\/#\/schema\/person\/d55d0e79e38dd7d6474efd815b181c4d"},"headline":"MG: justi\u00e7a determina paralisa\u00e7\u00e3o de opera\u00e7\u00f5es da Vale em complexo de Ouro Preto","datePublished":"2026-02-08T09:54:52+00:00","mainEntityOfPage":{"@id":"https:\/\/www.encontraminasgerais.com.br\/ouro-preto\/mg-justica-determina-paralisacao-de-operacoes-da-vale-em-complexo-de-ouro-preto\/"},"wordCount":938,"commentCount":0,"image":{"@id":"https:\/\/www.encontraminasgerais.com.br\/ouro-preto\/mg-justica-determina-paralisacao-de-operacoes-da-vale-em-complexo-de-ouro-preto\/#primaryimage"},"thumbnailUrl":"https:\/\/www.encontraminasgerais.com.br\/ouro-preto\/wp-content\/uploads\/2026\/02\/mg-justica-determina-paralisacao-de-operacoes-da-vale-em-complexo-de-ouro-preto.webp","articleSection":["Not\u00edcias Ouro Preto"],"inLanguage":"pt-BR","potentialAction":[{"@type":"CommentAction","name":"Comment","target":["https:\/\/www.encontraminasgerais.com.br\/ouro-preto\/mg-justica-determina-paralisacao-de-operacoes-da-vale-em-complexo-de-ouro-preto\/#respond"]}]},{"@type":"WebPage","@id":"https:\/\/www.encontraminasgerais.com.br\/ouro-preto\/mg-justica-determina-paralisacao-de-operacoes-da-vale-em-complexo-de-ouro-preto\/","url":"https:\/\/www.encontraminasgerais.com.br\/ouro-preto\/mg-justica-determina-paralisacao-de-operacoes-da-vale-em-complexo-de-ouro-preto\/","name":"MG: justi\u00e7a determina paralisa\u00e7\u00e3o de opera\u00e7\u00f5es da Vale em complexo de Ouro Preto | Guia Comercial de Ouro Preto MG","isPartOf":{"@id":"https:\/\/www.encontraminasgerais.com.br\/ouro-preto\/#website"},"primaryImageOfPage":{"@id":"https:\/\/www.encontraminasgerais.com.br\/ouro-preto\/mg-justica-determina-paralisacao-de-operacoes-da-vale-em-complexo-de-ouro-preto\/#primaryimage"},"image":{"@id":"https:\/\/www.encontraminasgerais.com.br\/ouro-preto\/mg-justica-determina-paralisacao-de-operacoes-da-vale-em-complexo-de-ouro-preto\/#primaryimage"},"thumbnailUrl":"https:\/\/www.encontraminasgerais.com.br\/ouro-preto\/wp-content\/uploads\/2026\/02\/mg-justica-determina-paralisacao-de-operacoes-da-vale-em-complexo-de-ouro-preto.webp","datePublished":"2026-02-08T09:54:52+00:00","author":{"@id":"https:\/\/www.encontraminasgerais.com.br\/ouro-preto\/#\/schema\/person\/d55d0e79e38dd7d6474efd815b181c4d"},"inLanguage":"pt-BR","potentialAction":[{"@type":"ReadAction","target":["https:\/\/www.encontraminasgerais.com.br\/ouro-preto\/mg-justica-determina-paralisacao-de-operacoes-da-vale-em-complexo-de-ouro-preto\/"]}]},{"@type":"ImageObject","inLanguage":"pt-BR","@id":"https:\/\/www.encontraminasgerais.com.br\/ouro-preto\/mg-justica-determina-paralisacao-de-operacoes-da-vale-em-complexo-de-ouro-preto\/#primaryimage","url":"https:\/\/www.encontraminasgerais.com.br\/ouro-preto\/wp-content\/uploads\/2026\/02\/mg-justica-determina-paralisacao-de-operacoes-da-vale-em-complexo-de-ouro-preto.webp","contentUrl":"https:\/\/www.encontraminasgerais.com.br\/ouro-preto\/wp-content\/uploads\/2026\/02\/mg-justica-determina-paralisacao-de-operacoes-da-vale-em-complexo-de-ouro-preto.webp","width":280,"height":280,"caption":"paralisa\u00e7\u00e3o da Vale em complexo de Ouro Preto"},{"@type":"WebSite","@id":"https:\/\/www.encontraminasgerais.com.br\/ouro-preto\/#website","url":"https:\/\/www.encontraminasgerais.com.br\/ouro-preto\/","name":"Guia Comercial de Ouro Preto MG","description":"O Encontra Ouro Preto \u00e9 o guia mais completo da cidade Ouro Preto com com\u00e9rcios, servi\u00e7os, noticias, jornal, hist\u00f3ria e lazer da cidade.","potentialAction":[{"@type":"SearchAction","target":{"@type":"EntryPoint","urlTemplate":"https:\/\/www.encontraminasgerais.com.br\/ouro-preto\/?s={search_term_string}"},"query-input":{"@type":"PropertyValueSpecification","valueRequired":true,"valueName":"search_term_string"}}],"inLanguage":"pt-BR"},{"@type":"Person","@id":"https:\/\/www.encontraminasgerais.com.br\/ouro-preto\/#\/schema\/person\/d55d0e79e38dd7d6474efd815b181c4d","name":"Encontra Ouro Preto","image":{"@type":"ImageObject","inLanguage":"pt-BR","@id":"https:\/\/secure.gravatar.com\/avatar\/c50c17820bcf322f0a8fd6b110b8c0918141409dc69076470f6fca5fee70a5d4?s=96&d=mm&r=g","url":"https:\/\/secure.gravatar.com\/avatar\/c50c17820bcf322f0a8fd6b110b8c0918141409dc69076470f6fca5fee70a5d4?s=96&d=mm&r=g","contentUrl":"https:\/\/secure.gravatar.com\/avatar\/c50c17820bcf322f0a8fd6b110b8c0918141409dc69076470f6fca5fee70a5d4?s=96&d=mm&r=g","caption":"Encontra Ouro Preto"},"url":"https:\/\/www.encontraminasgerais.com.br\/ouro-preto\/author\/encontraouropreto\/"}]}},"_links":{"self":[{"href":"https:\/\/www.encontraminasgerais.com.br\/ouro-preto\/wp-json\/wp\/v2\/posts\/4342","targetHints":{"allow":["GET"]}}],"collection":[{"href":"https:\/\/www.encontraminasgerais.com.br\/ouro-preto\/wp-json\/wp\/v2\/posts"}],"about":[{"href":"https:\/\/www.encontraminasgerais.com.br\/ouro-preto\/wp-json\/wp\/v2\/types\/post"}],"author":[{"embeddable":true,"href":"https:\/\/www.encontraminasgerais.com.br\/ouro-preto\/wp-json\/wp\/v2\/users\/1"}],"replies":[{"embeddable":true,"href":"https:\/\/www.encontraminasgerais.com.br\/ouro-preto\/wp-json\/wp\/v2\/comments?post=4342"}],"version-history":[{"count":0,"href":"https:\/\/www.encontraminasgerais.com.br\/ouro-preto\/wp-json\/wp\/v2\/posts\/4342\/revisions"}],"wp:featuredmedia":[{"embeddable":true,"href":"https:\/\/www.encontraminasgerais.com.br\/ouro-preto\/wp-json\/wp\/v2\/media\/4341"}],"wp:attachment":[{"href":"https:\/\/www.encontraminasgerais.com.br\/ouro-preto\/wp-json\/wp\/v2\/media?parent=4342"}],"wp:term":[{"taxonomy":"category","embeddable":true,"href":"https:\/\/www.encontraminasgerais.com.br\/ouro-preto\/wp-json\/wp\/v2\/categories?post=4342"},{"taxonomy":"post_tag","embeddable":true,"href":"https:\/\/www.encontraminasgerais.com.br\/ouro-preto\/wp-json\/wp\/v2\/tags?post=4342"}],"curies":[{"name":"wp","href":"https:\/\/api.w.org\/{rel}","templated":true}]}}