{"id":4350,"date":"2026-02-10T06:51:18","date_gmt":"2026-02-10T09:51:18","guid":{"rendered":"https:\/\/www.encontraminasgerais.com.br\/ouro-preto\/justica-determina-paralisacao-imediata-das-operacoes-da-vale-em-ouro-preto\/"},"modified":"2026-02-10T06:51:18","modified_gmt":"2026-02-10T09:51:18","slug":"justica-determina-paralisacao-imediata-das-operacoes-da-vale-em-ouro-preto","status":"publish","type":"post","link":"https:\/\/www.encontraminasgerais.com.br\/ouro-preto\/justica-determina-paralisacao-imediata-das-operacoes-da-vale-em-ouro-preto\/","title":{"rendered":"Justi\u00e7a determina paralisa\u00e7\u00e3o imediata das opera\u00e7\u00f5es da Vale em Ouro Preto"},"content":{"rendered":"<h2>Paralisa\u00e7\u00e3o das Opera\u00e7\u00f5es da Vale em Ouro Preto<\/h2>\n<p>A Justi\u00e7a do Estado de Minas Gerais determinou a imediata suspens\u00e3o das atividades da Vale em Ouro Preto, decorrente de uma a\u00e7\u00e3o civil p\u00fablica apresentada pelo Minist\u00e9rio P\u00fablico de Minas Gerais (MPMG) e pelo governo estadual. Esta decis\u00e3o foi emitida ap\u00f3s o incidente de transbordamento de \u00e1gua e sedimentos de uma barragem na regi\u00e3o, que afetou c\u00f3rregos e \u00e1reas adjacentes.<\/p>\n<h2>Causas do Transbordamento na Mina<\/h2>\n<p>O transbordamento, registrado no Complexo Miner\u00e1rio de F\u00e1brica, ocorreu em 25 de janeiro e envolveu a libera\u00e7\u00e3o de uma quantidade significativa de \u00e1gua e sedimentos, afetando os c\u00f3rregos \u00c1gua Santa e Rio Maranh\u00e3o. A investiga\u00e7\u00e3o t\u00e9cnica sugere que houve falhas no sistema de drenagem implementado pela Vale, al\u00e9m do uso inadequado da cava como reservat\u00f3rio para \u00e1gua e rejeitos.<\/p>\n<h2>Consequ\u00eancias Ambientais do Acidente<\/h2>\n<p>Com aproximadamente 262 mil metros c\u00fabicos de \u00e1gua e sedimentos liberados, as consequ\u00eancias ambientais s\u00e3o preocupantes. O incidente n\u00e3o apenas invadiu propriedades vizinhas, mas tamb\u00e9m gerou um impacto negativo significativo na qualidade da \u00e1gua local. A degrada\u00e7\u00e3o do meio ambiente e a contamina\u00e7\u00e3o das fontes h\u00eddricas s\u00e3o quest\u00f5es que necessitam de aten\u00e7\u00e3o urgente.<\/p>\n<p><img decoding=\"async\" src=\"https:\/\/www.encontraminasgerais.com.br\/ouro-preto\/wp-content\/uploads\/2026\/02\/justica-determina-paralisacao-imediata-das-operacoes-da-vale-em-ouro-preto.webp\" alt=\"paralisa\u00e7\u00e3o das opera\u00e7\u00f5es da Vale em Ouro Preto\" loading=\"lazy\" \/><\/p>\n<h2>Responsabilidade da Vale na Crise H\u00eddrica<\/h2>\n<p>A Vale, empresa respons\u00e1vel pela opera\u00e7\u00e3o da mina, declarou que suspendeu suas atividades em resposta \u00e0 notifica\u00e7\u00e3o oficial e enfatizou seu compromisso com a seguran\u00e7a. No entanto, as falhas na gest\u00e3o de recursos h\u00eddricos levantam a quest\u00e3o da responsabilidade da mineradora em garantir a seguran\u00e7a das opera\u00e7\u00f5es e a prote\u00e7\u00e3o ambiental.<\/p>\n<h2>A\u00e7\u00f5es Judiciais e a Resposta da Justi\u00e7a<\/h2>\n<p>Em sua decis\u00e3o, a Justi\u00e7a n\u00e3o apenas ordenou a paralisa\u00e7\u00e3o das opera\u00e7\u00f5es, mas tamb\u00e9m estabeleceu medidas preventivas que a Vale dever\u00e1 adotar. Isso inclui a elabora\u00e7\u00e3o de um plano de a\u00e7\u00f5es emergenciais em um prazo de cinco dias, abrangendo a remo\u00e7\u00e3o de entulhos e a cessa\u00e7\u00e3o do fluxo de efluentes da cava para os c\u00f3rregos.<\/p>\n<h2>Impacto na Comunidade Local<\/h2>\n<p>As comunidades vizinhas ao Complexo Miner\u00e1rio de F\u00e1brica enfrentam agora um cen\u00e1rio de incertezas e riscos associados \u00e0 contamina\u00e7\u00e3o de seus recursos h\u00eddricos. Isso afeta diretamente a sa\u00fade e a qualidade de vida dos moradores locais, gerando preocupa\u00e7\u00e3o acerca do acesso a \u00e1gua pot\u00e1vel e das consequ\u00eancias para a agricultura e outras atividades econ\u00f4micas da regi\u00e3o.<\/p>\n<h2>Planos de Recupera\u00e7\u00e3o Ambiental Requeridos<\/h2>\n<p>A Justi\u00e7a estipulou que a Vale deve implementar planos de conten\u00e7\u00e3o e mitiga\u00e7\u00e3o dos danos ambientais. Entre as medidas requeridas est\u00e1 o monitoramento constante da qualidade da \u00e1gua e a avalia\u00e7\u00e3o das condi\u00e7\u00f5es de capta\u00e7\u00e3o em regi\u00f5es impactadas, al\u00e9m da instala\u00e7\u00e3o de barreiras eficazes para controle de efluentes.<\/p>\n<h2>Monitoramento das Condi\u00e7\u00f5es da \u00c1gua<\/h2>\n<p>A Vale ser\u00e1 respons\u00e1vel por um plano emergencial, que dever\u00e1 incluir um sistema cont\u00ednuo de monitoramento da qualidade da \u00e1gua, assegurando que qualquer altera\u00e7\u00e3o seja identificada rapidamente e as a\u00e7\u00f5es corretivas sejam tomadas a tempo. Essa vigil\u00e2ncia \u00e9 crucial para a prote\u00e7\u00e3o das fontes h\u00eddricas e da sa\u00fade p\u00fablica.<\/p>\n<h2>Regulamenta\u00e7\u00f5es Fazendo Mudan\u00e7as Necess\u00e1rias<\/h2>\n<p>Al\u00e9m das ordens judiciais, a situa\u00e7\u00e3o lan\u00e7a luz sobre a necessidade de regulamenta\u00e7\u00f5es mais rigorosas no setor de minera\u00e7\u00e3o, especialmente em rela\u00e7\u00e3o \u00e0 gest\u00e3o de barragens e ao uso de recursos h\u00eddricos. A reflex\u00e3o sobre pol\u00edticas p\u00fablicas eficazes \u00e9 vital para evitar que incidentes semelhantes se repitam no futuro.<\/p>\n<h2>Multas e Penalidades Impostas<\/h2>\n<p>As penalidades impostas \u00e0 Vale incluem um bloqueio cautelar de R$ 846,6 milh\u00f5es para ressarcimento e repara\u00e7\u00e3o dos danos causados. O n\u00e3o cumprimento das medidas estabelecidas pela Justi\u00e7a resultar\u00e1 em multas di\u00e1rias, inicialmente fixadas em R$ 100 mil, com limite de at\u00e9 R$ 10 milh\u00f5es.<\/p>\n<h2>O Futuro das Opera\u00e7\u00f5es da Vale<\/h2>\n<p>Diante do ocorrido, o futuro das opera\u00e7\u00f5es da Vale em Ouro Preto permanece incerto. A empresa deve equilibrar suas atividades comerciais com suas responsabilidades sociais e ambientais, para garantir n\u00e3o apenas a legalidade, mas tamb\u00e9m a legitimidade e a aceita\u00e7\u00e3o por parte das comunidades afetadas.<\/p>\n","protected":false},"excerpt":{"rendered":"<p>Justi\u00e7a ordena paralisa\u00e7\u00e3o da Vale em Ouro Preto ap\u00f3s transbordamento devastador.<\/p>\n","protected":false},"author":1,"featured_media":4349,"comment_status":"open","ping_status":"open","sticky":false,"template":"","format":"standard","meta":{"footnotes":""},"categories":[5],"tags":[],"class_list":["post-4350","post","type-post","status-publish","format-standard","has-post-thumbnail","hentry","category-noticias","has_thumb"],"yoast_head":"<!-- This site is optimized with the Yoast SEO plugin v27.2 - https:\/\/yoast.com\/product\/yoast-seo-wordpress\/ -->\n<title>Justi\u00e7a determina paralisa\u00e7\u00e3o imediata das opera\u00e7\u00f5es da Vale em Ouro Preto | Guia Comercial de Ouro Preto MG<\/title>\n<meta name=\"robots\" content=\"index, follow, max-snippet:-1, max-image-preview:large, max-video-preview:-1\" \/>\n<link rel=\"canonical\" href=\"https:\/\/www.encontraminasgerais.com.br\/ouro-preto\/justica-determina-paralisacao-imediata-das-operacoes-da-vale-em-ouro-preto\/\" \/>\n<meta property=\"og:locale\" content=\"pt_BR\" \/>\n<meta property=\"og:type\" content=\"article\" \/>\n<meta property=\"og:title\" content=\"Justi\u00e7a determina paralisa\u00e7\u00e3o imediata das opera\u00e7\u00f5es da Vale em Ouro Preto | Guia Comercial de Ouro Preto MG\" \/>\n<meta property=\"og:description\" content=\"Justi\u00e7a ordena paralisa\u00e7\u00e3o da Vale em Ouro Preto ap\u00f3s transbordamento devastador.\" \/>\n<meta property=\"og:url\" content=\"https:\/\/www.encontraminasgerais.com.br\/ouro-preto\/justica-determina-paralisacao-imediata-das-operacoes-da-vale-em-ouro-preto\/\" \/>\n<meta property=\"og:site_name\" content=\"Guia Comercial de Ouro Preto MG\" \/>\n<meta property=\"article:published_time\" content=\"2026-02-10T09:51:18+00:00\" \/>\n<meta property=\"og:image\" content=\"https:\/\/www.encontraminasgerais.com.br\/ouro-preto\/wp-content\/uploads\/2026\/02\/justica-determina-paralisacao-imediata-das-operacoes-da-vale-em-ouro-preto.webp\" \/>\n<meta name=\"author\" content=\"Encontra Ouro Preto\" \/>\n<meta name=\"twitter:card\" content=\"summary_large_image\" \/>\n<meta name=\"twitter:label1\" content=\"Escrito por\" \/>\n\t<meta name=\"twitter:data1\" content=\"Encontra Ouro Preto\" \/>\n\t<meta name=\"twitter:label2\" content=\"Est. tempo de leitura\" \/>\n\t<meta name=\"twitter:data2\" content=\"4 minutos\" \/>\n<script type=\"application\/ld+json\" class=\"yoast-schema-graph\">{\"@context\":\"https:\/\/schema.org\",\"@graph\":[{\"@type\":\"Article\",\"@id\":\"https:\/\/www.encontraminasgerais.com.br\/ouro-preto\/justica-determina-paralisacao-imediata-das-operacoes-da-vale-em-ouro-preto\/#article\",\"isPartOf\":{\"@id\":\"https:\/\/www.encontraminasgerais.com.br\/ouro-preto\/justica-determina-paralisacao-imediata-das-operacoes-da-vale-em-ouro-preto\/\"},\"author\":{\"name\":\"Encontra Ouro Preto\",\"@id\":\"https:\/\/www.encontraminasgerais.com.br\/ouro-preto\/#\/schema\/person\/d55d0e79e38dd7d6474efd815b181c4d\"},\"headline\":\"Justi\u00e7a determina paralisa\u00e7\u00e3o imediata das opera\u00e7\u00f5es da Vale em Ouro Preto\",\"datePublished\":\"2026-02-10T09:51:18+00:00\",\"mainEntityOfPage\":{\"@id\":\"https:\/\/www.encontraminasgerais.com.br\/ouro-preto\/justica-determina-paralisacao-imediata-das-operacoes-da-vale-em-ouro-preto\/\"},\"wordCount\":744,\"commentCount\":0,\"image\":{\"@id\":\"https:\/\/www.encontraminasgerais.com.br\/ouro-preto\/justica-determina-paralisacao-imediata-das-operacoes-da-vale-em-ouro-preto\/#primaryimage\"},\"thumbnailUrl\":\"https:\/\/www.encontraminasgerais.com.br\/ouro-preto\/wp-content\/uploads\/2026\/02\/justica-determina-paralisacao-imediata-das-operacoes-da-vale-em-ouro-preto.webp\",\"articleSection\":[\"Not\u00edcias Ouro Preto\"],\"inLanguage\":\"pt-BR\",\"potentialAction\":[{\"@type\":\"CommentAction\",\"name\":\"Comment\",\"target\":[\"https:\/\/www.encontraminasgerais.com.br\/ouro-preto\/justica-determina-paralisacao-imediata-das-operacoes-da-vale-em-ouro-preto\/#respond\"]}]},{\"@type\":\"WebPage\",\"@id\":\"https:\/\/www.encontraminasgerais.com.br\/ouro-preto\/justica-determina-paralisacao-imediata-das-operacoes-da-vale-em-ouro-preto\/\",\"url\":\"https:\/\/www.encontraminasgerais.com.br\/ouro-preto\/justica-determina-paralisacao-imediata-das-operacoes-da-vale-em-ouro-preto\/\",\"name\":\"Justi\u00e7a determina paralisa\u00e7\u00e3o imediata das opera\u00e7\u00f5es da Vale em Ouro Preto | Guia Comercial de Ouro Preto MG\",\"isPartOf\":{\"@id\":\"https:\/\/www.encontraminasgerais.com.br\/ouro-preto\/#website\"},\"primaryImageOfPage\":{\"@id\":\"https:\/\/www.encontraminasgerais.com.br\/ouro-preto\/justica-determina-paralisacao-imediata-das-operacoes-da-vale-em-ouro-preto\/#primaryimage\"},\"image\":{\"@id\":\"https:\/\/www.encontraminasgerais.com.br\/ouro-preto\/justica-determina-paralisacao-imediata-das-operacoes-da-vale-em-ouro-preto\/#primaryimage\"},\"thumbnailUrl\":\"https:\/\/www.encontraminasgerais.com.br\/ouro-preto\/wp-content\/uploads\/2026\/02\/justica-determina-paralisacao-imediata-das-operacoes-da-vale-em-ouro-preto.webp\",\"datePublished\":\"2026-02-10T09:51:18+00:00\",\"author\":{\"@id\":\"https:\/\/www.encontraminasgerais.com.br\/ouro-preto\/#\/schema\/person\/d55d0e79e38dd7d6474efd815b181c4d\"},\"inLanguage\":\"pt-BR\",\"potentialAction\":[{\"@type\":\"ReadAction\",\"target\":[\"https:\/\/www.encontraminasgerais.com.br\/ouro-preto\/justica-determina-paralisacao-imediata-das-operacoes-da-vale-em-ouro-preto\/\"]}]},{\"@type\":\"ImageObject\",\"inLanguage\":\"pt-BR\",\"@id\":\"https:\/\/www.encontraminasgerais.com.br\/ouro-preto\/justica-determina-paralisacao-imediata-das-operacoes-da-vale-em-ouro-preto\/#primaryimage\",\"url\":\"https:\/\/www.encontraminasgerais.com.br\/ouro-preto\/wp-content\/uploads\/2026\/02\/justica-determina-paralisacao-imediata-das-operacoes-da-vale-em-ouro-preto.webp\",\"contentUrl\":\"https:\/\/www.encontraminasgerais.com.br\/ouro-preto\/wp-content\/uploads\/2026\/02\/justica-determina-paralisacao-imediata-das-operacoes-da-vale-em-ouro-preto.webp\",\"width\":280,\"height\":280,\"caption\":\"paralisa\u00e7\u00e3o das opera\u00e7\u00f5es da Vale em Ouro Preto\"},{\"@type\":\"WebSite\",\"@id\":\"https:\/\/www.encontraminasgerais.com.br\/ouro-preto\/#website\",\"url\":\"https:\/\/www.encontraminasgerais.com.br\/ouro-preto\/\",\"name\":\"Guia Comercial de Ouro Preto MG\",\"description\":\"O Encontra Ouro Preto \u00e9 o guia mais completo da cidade Ouro Preto com com\u00e9rcios, servi\u00e7os, noticias, jornal, hist\u00f3ria e lazer da cidade.\",\"potentialAction\":[{\"@type\":\"SearchAction\",\"target\":{\"@type\":\"EntryPoint\",\"urlTemplate\":\"https:\/\/www.encontraminasgerais.com.br\/ouro-preto\/?s={search_term_string}\"},\"query-input\":{\"@type\":\"PropertyValueSpecification\",\"valueRequired\":true,\"valueName\":\"search_term_string\"}}],\"inLanguage\":\"pt-BR\"},{\"@type\":\"Person\",\"@id\":\"https:\/\/www.encontraminasgerais.com.br\/ouro-preto\/#\/schema\/person\/d55d0e79e38dd7d6474efd815b181c4d\",\"name\":\"Encontra Ouro Preto\",\"image\":{\"@type\":\"ImageObject\",\"inLanguage\":\"pt-BR\",\"@id\":\"https:\/\/secure.gravatar.com\/avatar\/c50c17820bcf322f0a8fd6b110b8c0918141409dc69076470f6fca5fee70a5d4?s=96&d=mm&r=g\",\"url\":\"https:\/\/secure.gravatar.com\/avatar\/c50c17820bcf322f0a8fd6b110b8c0918141409dc69076470f6fca5fee70a5d4?s=96&d=mm&r=g\",\"contentUrl\":\"https:\/\/secure.gravatar.com\/avatar\/c50c17820bcf322f0a8fd6b110b8c0918141409dc69076470f6fca5fee70a5d4?s=96&d=mm&r=g\",\"caption\":\"Encontra Ouro Preto\"},\"url\":\"https:\/\/www.encontraminasgerais.com.br\/ouro-preto\/author\/encontraouropreto\/\"}]}<\/script>\n<!-- \/ Yoast SEO plugin. -->","yoast_head_json":{"title":"Justi\u00e7a determina paralisa\u00e7\u00e3o imediata das opera\u00e7\u00f5es da Vale em Ouro Preto | Guia Comercial de Ouro Preto MG","robots":{"index":"index","follow":"follow","max-snippet":"max-snippet:-1","max-image-preview":"max-image-preview:large","max-video-preview":"max-video-preview:-1"},"canonical":"https:\/\/www.encontraminasgerais.com.br\/ouro-preto\/justica-determina-paralisacao-imediata-das-operacoes-da-vale-em-ouro-preto\/","og_locale":"pt_BR","og_type":"article","og_title":"Justi\u00e7a determina paralisa\u00e7\u00e3o imediata das opera\u00e7\u00f5es da Vale em Ouro Preto | Guia Comercial de Ouro Preto MG","og_description":"Justi\u00e7a ordena paralisa\u00e7\u00e3o da Vale em Ouro Preto ap\u00f3s transbordamento devastador.","og_url":"https:\/\/www.encontraminasgerais.com.br\/ouro-preto\/justica-determina-paralisacao-imediata-das-operacoes-da-vale-em-ouro-preto\/","og_site_name":"Guia Comercial de Ouro Preto MG","article_published_time":"2026-02-10T09:51:18+00:00","og_image":[{"url":"https:\/\/www.encontraminasgerais.com.br\/ouro-preto\/wp-content\/uploads\/2026\/02\/justica-determina-paralisacao-imediata-das-operacoes-da-vale-em-ouro-preto.webp","type":"","width":"","height":""}],"author":"Encontra Ouro Preto","twitter_card":"summary_large_image","twitter_misc":{"Escrito por":"Encontra Ouro Preto","Est. tempo de leitura":"4 minutos"},"schema":{"@context":"https:\/\/schema.org","@graph":[{"@type":"Article","@id":"https:\/\/www.encontraminasgerais.com.br\/ouro-preto\/justica-determina-paralisacao-imediata-das-operacoes-da-vale-em-ouro-preto\/#article","isPartOf":{"@id":"https:\/\/www.encontraminasgerais.com.br\/ouro-preto\/justica-determina-paralisacao-imediata-das-operacoes-da-vale-em-ouro-preto\/"},"author":{"name":"Encontra Ouro Preto","@id":"https:\/\/www.encontraminasgerais.com.br\/ouro-preto\/#\/schema\/person\/d55d0e79e38dd7d6474efd815b181c4d"},"headline":"Justi\u00e7a determina paralisa\u00e7\u00e3o imediata das opera\u00e7\u00f5es da Vale em Ouro Preto","datePublished":"2026-02-10T09:51:18+00:00","mainEntityOfPage":{"@id":"https:\/\/www.encontraminasgerais.com.br\/ouro-preto\/justica-determina-paralisacao-imediata-das-operacoes-da-vale-em-ouro-preto\/"},"wordCount":744,"commentCount":0,"image":{"@id":"https:\/\/www.encontraminasgerais.com.br\/ouro-preto\/justica-determina-paralisacao-imediata-das-operacoes-da-vale-em-ouro-preto\/#primaryimage"},"thumbnailUrl":"https:\/\/www.encontraminasgerais.com.br\/ouro-preto\/wp-content\/uploads\/2026\/02\/justica-determina-paralisacao-imediata-das-operacoes-da-vale-em-ouro-preto.webp","articleSection":["Not\u00edcias Ouro Preto"],"inLanguage":"pt-BR","potentialAction":[{"@type":"CommentAction","name":"Comment","target":["https:\/\/www.encontraminasgerais.com.br\/ouro-preto\/justica-determina-paralisacao-imediata-das-operacoes-da-vale-em-ouro-preto\/#respond"]}]},{"@type":"WebPage","@id":"https:\/\/www.encontraminasgerais.com.br\/ouro-preto\/justica-determina-paralisacao-imediata-das-operacoes-da-vale-em-ouro-preto\/","url":"https:\/\/www.encontraminasgerais.com.br\/ouro-preto\/justica-determina-paralisacao-imediata-das-operacoes-da-vale-em-ouro-preto\/","name":"Justi\u00e7a determina paralisa\u00e7\u00e3o imediata das opera\u00e7\u00f5es da Vale em Ouro Preto | Guia Comercial de Ouro Preto MG","isPartOf":{"@id":"https:\/\/www.encontraminasgerais.com.br\/ouro-preto\/#website"},"primaryImageOfPage":{"@id":"https:\/\/www.encontraminasgerais.com.br\/ouro-preto\/justica-determina-paralisacao-imediata-das-operacoes-da-vale-em-ouro-preto\/#primaryimage"},"image":{"@id":"https:\/\/www.encontraminasgerais.com.br\/ouro-preto\/justica-determina-paralisacao-imediata-das-operacoes-da-vale-em-ouro-preto\/#primaryimage"},"thumbnailUrl":"https:\/\/www.encontraminasgerais.com.br\/ouro-preto\/wp-content\/uploads\/2026\/02\/justica-determina-paralisacao-imediata-das-operacoes-da-vale-em-ouro-preto.webp","datePublished":"2026-02-10T09:51:18+00:00","author":{"@id":"https:\/\/www.encontraminasgerais.com.br\/ouro-preto\/#\/schema\/person\/d55d0e79e38dd7d6474efd815b181c4d"},"inLanguage":"pt-BR","potentialAction":[{"@type":"ReadAction","target":["https:\/\/www.encontraminasgerais.com.br\/ouro-preto\/justica-determina-paralisacao-imediata-das-operacoes-da-vale-em-ouro-preto\/"]}]},{"@type":"ImageObject","inLanguage":"pt-BR","@id":"https:\/\/www.encontraminasgerais.com.br\/ouro-preto\/justica-determina-paralisacao-imediata-das-operacoes-da-vale-em-ouro-preto\/#primaryimage","url":"https:\/\/www.encontraminasgerais.com.br\/ouro-preto\/wp-content\/uploads\/2026\/02\/justica-determina-paralisacao-imediata-das-operacoes-da-vale-em-ouro-preto.webp","contentUrl":"https:\/\/www.encontraminasgerais.com.br\/ouro-preto\/wp-content\/uploads\/2026\/02\/justica-determina-paralisacao-imediata-das-operacoes-da-vale-em-ouro-preto.webp","width":280,"height":280,"caption":"paralisa\u00e7\u00e3o das opera\u00e7\u00f5es da Vale em Ouro Preto"},{"@type":"WebSite","@id":"https:\/\/www.encontraminasgerais.com.br\/ouro-preto\/#website","url":"https:\/\/www.encontraminasgerais.com.br\/ouro-preto\/","name":"Guia Comercial de Ouro Preto MG","description":"O Encontra Ouro Preto \u00e9 o guia mais completo da cidade Ouro Preto com com\u00e9rcios, servi\u00e7os, noticias, jornal, hist\u00f3ria e lazer da cidade.","potentialAction":[{"@type":"SearchAction","target":{"@type":"EntryPoint","urlTemplate":"https:\/\/www.encontraminasgerais.com.br\/ouro-preto\/?s={search_term_string}"},"query-input":{"@type":"PropertyValueSpecification","valueRequired":true,"valueName":"search_term_string"}}],"inLanguage":"pt-BR"},{"@type":"Person","@id":"https:\/\/www.encontraminasgerais.com.br\/ouro-preto\/#\/schema\/person\/d55d0e79e38dd7d6474efd815b181c4d","name":"Encontra Ouro Preto","image":{"@type":"ImageObject","inLanguage":"pt-BR","@id":"https:\/\/secure.gravatar.com\/avatar\/c50c17820bcf322f0a8fd6b110b8c0918141409dc69076470f6fca5fee70a5d4?s=96&d=mm&r=g","url":"https:\/\/secure.gravatar.com\/avatar\/c50c17820bcf322f0a8fd6b110b8c0918141409dc69076470f6fca5fee70a5d4?s=96&d=mm&r=g","contentUrl":"https:\/\/secure.gravatar.com\/avatar\/c50c17820bcf322f0a8fd6b110b8c0918141409dc69076470f6fca5fee70a5d4?s=96&d=mm&r=g","caption":"Encontra Ouro Preto"},"url":"https:\/\/www.encontraminasgerais.com.br\/ouro-preto\/author\/encontraouropreto\/"}]}},"_links":{"self":[{"href":"https:\/\/www.encontraminasgerais.com.br\/ouro-preto\/wp-json\/wp\/v2\/posts\/4350","targetHints":{"allow":["GET"]}}],"collection":[{"href":"https:\/\/www.encontraminasgerais.com.br\/ouro-preto\/wp-json\/wp\/v2\/posts"}],"about":[{"href":"https:\/\/www.encontraminasgerais.com.br\/ouro-preto\/wp-json\/wp\/v2\/types\/post"}],"author":[{"embeddable":true,"href":"https:\/\/www.encontraminasgerais.com.br\/ouro-preto\/wp-json\/wp\/v2\/users\/1"}],"replies":[{"embeddable":true,"href":"https:\/\/www.encontraminasgerais.com.br\/ouro-preto\/wp-json\/wp\/v2\/comments?post=4350"}],"version-history":[{"count":0,"href":"https:\/\/www.encontraminasgerais.com.br\/ouro-preto\/wp-json\/wp\/v2\/posts\/4350\/revisions"}],"wp:featuredmedia":[{"embeddable":true,"href":"https:\/\/www.encontraminasgerais.com.br\/ouro-preto\/wp-json\/wp\/v2\/media\/4349"}],"wp:attachment":[{"href":"https:\/\/www.encontraminasgerais.com.br\/ouro-preto\/wp-json\/wp\/v2\/media?parent=4350"}],"wp:term":[{"taxonomy":"category","embeddable":true,"href":"https:\/\/www.encontraminasgerais.com.br\/ouro-preto\/wp-json\/wp\/v2\/categories?post=4350"},{"taxonomy":"post_tag","embeddable":true,"href":"https:\/\/www.encontraminasgerais.com.br\/ouro-preto\/wp-json\/wp\/v2\/tags?post=4350"}],"curies":[{"name":"wp","href":"https:\/\/api.w.org\/{rel}","templated":true}]}}