{"id":4358,"date":"2026-02-11T06:55:22","date_gmt":"2026-02-11T09:55:22","guid":{"rendered":"https:\/\/www.encontraminasgerais.com.br\/ouro-preto\/entenda-o-rompimento-que-levou-a-paralisacao-das-operacoes-da-vale-em-ouro-preto-mg\/"},"modified":"2026-02-11T06:55:22","modified_gmt":"2026-02-11T09:55:22","slug":"entenda-o-rompimento-que-levou-a-paralisacao-das-operacoes-da-vale-em-ouro-preto-mg","status":"publish","type":"post","link":"https:\/\/www.encontraminasgerais.com.br\/ouro-preto\/entenda-o-rompimento-que-levou-a-paralisacao-das-operacoes-da-vale-em-ouro-preto-mg\/","title":{"rendered":"Entenda o rompimento que levou \u00e0 paralisa\u00e7\u00e3o das opera\u00e7\u00f5es da Vale em Ouro Preto (MG)"},"content":{"rendered":"<h2>Causa do Rompimento da Cava \u00c1rea 18<\/h2>\n<p>Em 25 de janeiro de 2026, ocorreu um colapso significativo na estrutura da Cava \u00c1rea 18, localizada na Mina de F\u00e1brica, sob a responsabilidade da Vale. Esse incidente resultou em um rompimento que chamou a aten\u00e7\u00e3o das autoridades e do p\u00fablico pela gravidade de seus efeitos. A cava, apesar de estar paralisada para opera\u00e7\u00f5es de extra\u00e7\u00e3o, vinha sendo utilizada para o armazenamento tempor\u00e1rio de rejeitos de min\u00e9rio de ferro e para o ac\u00famulo de grandes volumes de \u00e1gua, relacionados \u00e0s atividades mineradoras da empresa.<\/p>\n<p>De acordo com o Minist\u00e9rio P\u00fablico de Minas Gerais (MPMG), a falha ocorreu em um sistema de drenagem que deveria gerir os fluxos de \u00e1gua e rejeitos. O desabamento de uma estrutura lateral, chamada de &#8220;leira de prote\u00e7\u00e3o&#8221;, levou ao extravasamento abrupto de \u00e1gua e sedimentos, demonstrando falhas graves nos mecanismos de conten\u00e7\u00e3o e manejo h\u00eddrico da Vale.<\/p>\n<p>O evento indicou a inadequa\u00e7\u00e3o do sistema de conten\u00e7\u00e3o implementado pela mineradora, que n\u00e3o suportou a press\u00e3o gerada pela grande quantidade de \u00e1gua acumulada e materiais depositados na cava. A situa\u00e7\u00e3o foi ainda mais agravada por uma forte precipita\u00e7\u00e3o que se concentrou em um curto espa\u00e7o de tempo, culminando em um colapso que causou danos ambientais consider\u00e1veis.<\/p>\n<p><img decoding=\"async\" src=\"https:\/\/www.encontraminasgerais.com.br\/ouro-preto\/wp-content\/uploads\/2026\/02\/entenda-o-rompimento-que-levou-a-paralisacao-das-operacoes-da-vale-em-ouro-preto-mg.webp\" alt=\"rompimento da Vale em Ouro Preto\" loading=\"lazy\" \/><\/p>\n<h2>Rea\u00e7\u00e3o do Minist\u00e9rio P\u00fablico<\/h2>\n<p>Com o rompimento, a resposta do Minist\u00e9rio P\u00fablico foi r\u00e1pida e contundente. O MPMG, junto ao Estado de Minas Gerais, entrou com uma a\u00e7\u00e3o civil p\u00fablica buscando responsabilizar a Vale por suas falhas operacionais e os impactos associados. A a\u00e7\u00e3o ressaltou falhas de seguran\u00e7a e a falta de um planejamento adequado na gest\u00e3o da cava, demandando a paralisa\u00e7\u00e3o imediata das opera\u00e7\u00f5es da mineradora enquanto a situa\u00e7\u00e3o fosse avaliada e contida.<\/p>\n<p>Al\u00e9m da paralisa\u00e7\u00e3o das atividades, o MPMG exigiu que a Vale apresentasse um plano emergencial para conter e mitigar os danos imediatamente, reconhecendo a urg\u00eancia da situa\u00e7\u00e3o e a necessidade de preservar o meio ambiente em face do desastre.<\/p>\n<h2>Suspens\u00e3o das Opera\u00e7\u00f5es da Vale<\/h2>\n<p>A Justi\u00e7a de Minas Gerais atendeu ao pedido do MPMG e determinou a suspens\u00e3o imediata das opera\u00e7\u00f5es da Vale na Mina de F\u00e1brica, em Ouro Preto. Esse julgamento foi fundamentado na necessidade de garantir a seguran\u00e7a das comunidades locais e do meio ambiente, estabelecendo que a mineradora deveria apresentar evid\u00eancias de que suas estruturas s\u00e3o seguras antes de retomar qualquer atividade.<\/p>\n<p>A Vale se posicionou dizendo que havia suspendido suas opera\u00e7\u00f5es logo ap\u00f3s o incidente e afirmando que colaboraria com as autoridades. A empresa tamb\u00e9m informou que as barragens na regi\u00e3o eram consideradas seguras e sob monitoramento constante, mas essas alega\u00e7\u00f5es foram recebidas com ceticismo devido ao hist\u00f3rico recente de desastres em outras opera\u00e7\u00f5es da Vale.<\/p>\n<h2>Impactos Ambientais do Colapso<\/h2>\n<p>O rompimento da Cava \u00c1rea 18 resultou na libera\u00e7\u00e3o de aproximadamente 262 mil metros c\u00fabicos de \u00e1gua e sedimentos, que se espalharam pelo ambiente, afetando diretamente \u00e1reas operacionais vizinhas e causando a contamina\u00e7\u00e3o de corpos h\u00eddricos essenciais, como o c\u00f3rrego \u00c1gua Santa e o Rio Maranh\u00e3o. Este incidente elevou os n\u00edveis de turbidez e mobilizou sedimentos, exacerbando problemas de assoreamento e prejudicando a qualidade da \u00e1gua dispon\u00edvel na regi\u00e3o.<\/p>\n<p>A gravidade da situa\u00e7\u00e3o \u00e9 ainda mais acentuada pelo fato de que a bacia do Rio Maranh\u00e3o serve como um dos principais afluentes do Rio Paraopeba, um recurso h\u00eddrico que abastece a regi\u00e3o metropolitana de Belo Horizonte e \u00e9 vital para milh\u00f5es de habitantes. O MPMG destacou que esses impactos n\u00e3o se restringiram ao local do acidente, apontando para uma crise ambiental potencial que poderia afetar a sa\u00fade p\u00fablica e os ecossistemas aqu\u00e1ticos.<\/p>\n<h2>Medidas Emergenciais e Multas<\/h2>\n<p>Diante da gravidade da situa\u00e7\u00e3o, a Justi\u00e7a imp\u00f4s \u00e0 Vale uma s\u00e9rie de obriga\u00e7\u00f5es imediatas. A mineradora deveria:<\/p>\n<ul>\n<li>Suspender todas as opera\u00e7\u00f5es, com exce\u00e7\u00e3o de a\u00e7\u00f5es essenciais para mitiga\u00e7\u00e3o de riscos.<\/li>\n<li>Apresentar um plano de a\u00e7\u00f5es emergenciais em um prazo de cinco dias.<\/li>\n<li>Realizar desassoreamento completo do Sump Freitas II.<\/li>\n<li>Monitorar a qualidade da \u00e1gua e fornecer \u00e1gua pot\u00e1vel se necess\u00e1rio.<\/li>\n<li>Implementar medidas corretivas de forma emergencial.<\/li>\n<\/ul>\n<p>O descumprimento dessas ordens resultaria em uma multa di\u00e1ria de R$ 100 mil, limitadas a um total inicial de R$ 10 milh\u00f5es. Essa abordagem da Justi\u00e7a procura assegurar que a Vale tome responsabilidade n\u00e3o apenas pela corre\u00e7\u00e3o de suas falhas, mas tamb\u00e9m pela preven\u00e7\u00e3o de novos desastres.<\/p>\n<h2>An\u00e1lise da Seguran\u00e7a em Estruturas Miner\u00e1rias<\/h2>\n<p>A situa\u00e7\u00e3o em Ouro Preto levanta quest\u00f5es cr\u00edticas sobre a seguran\u00e7a das estruturas de minera\u00e7\u00e3o em todo o Brasil. Especialistas apontam que pr\u00e1ticas inadequadas de gest\u00e3o, como a disposi\u00e7\u00e3o inadequada de rejeitos e a falta de considera\u00e7\u00e3o para eventos clim\u00e1ticos extremos, comprometem a integridade das opera\u00e7\u00f5es. A fal\u00eancia da leira de prote\u00e7\u00e3o na Cava \u00c1rea 18 exemplifica como a falta de planejamento pode levar a desastres com consequ\u00eancias devastadoras.<\/p>\n<p>Dada a complexidade do manejo de res\u00edduos em minera\u00e7\u00e3o, \u00e9 essencial que as mineradoras implementem pr\u00e1ticas que garantam a seguran\u00e7a tanto das estruturas quanto da popula\u00e7\u00e3o circundante, especialmente em regi\u00f5es sujeitas a chuvas intensas.<\/p>\n<h2>Responsabilidade das Empresas Mineradoras<\/h2>\n<p>A quest\u00e3o da responsabilidade das empresas mineral \u00e9 um tema central no debate sobre os desastres. Com a crescente press\u00e3o p\u00fablica e investimentos, \u00e9 imperativo que a Vale e outras mineradoras n\u00e3o apenas cumpram as regulamenta\u00e7\u00f5es, mas tamb\u00e9m adotem um compromisso real com a seguran\u00e7a e a sustentabilidade. Falhas como as que ocorreram na Cava \u00c1rea 18 devem ser abordadas com seriedade, e n\u00e3o apenas com rea\u00e7\u00f5es administrativas ou legais ap\u00f3s os incidentes.<\/p>\n<p>As empresas devem ficar atentas \u00e0s suas obriga\u00e7\u00f5es, e um maior envolvimento comunit\u00e1rio e transpar\u00eancia nas opera\u00e7\u00f5es pode reduzir os riscos de novos desastres, al\u00e9m de restaurar a confian\u00e7a da sociedade nas atividades mineradoras.<\/p>\n<h2>Hist\u00f3rico de Acidentes em Minas<\/h2>\n<p>O rompimento da Cava \u00c1rea 18 n\u00e3o \u00e9 o primeiro acidente de grande escala associado \u00e0 Vale ou a outras mineradoras no Brasil. Historicamente, eventos como os desastres de Mariana e Brumadinho, resultaram em perdas humanas e ambientais significativas. O que se observa \u00e9 um padr\u00e3o que revela a necessidade de revisar e refor\u00e7ar a regulamenta\u00e7\u00e3o da minera\u00e7\u00e3o no pa\u00eds.<\/p>\n<p>Esses acidentes instigam um chamado \u00e0 a\u00e7\u00e3o, tanto para os reguladores quanto para as empresas, a fim de que sejam realizadas avalia\u00e7\u00f5es profundas e frequentes sobre a seguran\u00e7a das estruturas de minera\u00e7\u00e3o, buscando aprendizado com os erros do passado para evitar repeti\u00e7\u00e3o de trag\u00e9dias.<\/p>\n<h2>Interven\u00e7\u00f5es Governamentais Necess\u00e1rias<\/h2>\n<p>Para mitigar os riscos relacionados \u00e0 minera\u00e7\u00e3o, o governo de Minas Gerais e outras entidades reguladoras devem estabelecer uma fiscaliza\u00e7\u00e3o mais rigorosa sobre as opera\u00e7\u00f5es mineradoras. Isso inclui:<\/p>\n<ul>\n<li>Refor\u00e7ar as exig\u00eancias de seguran\u00e7a em barragens e cavas.<\/li>\n<li>Implementar um sistema de alertas para comunidades pr\u00f3ximas a \u00e1reas de minera\u00e7\u00e3o.<\/li>\n<li>Promover avalia\u00e7\u00f5es independentes da seguran\u00e7a das opera\u00e7\u00f5es.<\/li>\n<li>Aumentar a transpar\u00eancia de dados e relat\u00f3rios para a sociedade.<\/li>\n<\/ul>\n<p>Intervir eficazmente n\u00e3o s\u00f3 a preven\u00e7\u00e3o de desastres, mas tamb\u00e9m a prote\u00e7\u00e3o dos recursos h\u00eddricos e do meio ambiente, garantindo a seguran\u00e7a da popula\u00e7\u00e3o que vive nas proximidades das opera\u00e7\u00f5es de minera\u00e7\u00e3o.<\/p>\n<h2>O Que Esperar Futuramente em Ouro Preto<\/h2>\n<p>\u00c0 medida que a situa\u00e7\u00e3o avan\u00e7a, espera-se que a Vale implemente as mudan\u00e7as necess\u00e1rias para sua opera\u00e7\u00e3o em Ouro Preto, visando n\u00e3o apenas atender \u00e0s exig\u00eancias legais, mas tamb\u00e9m melhorar seus padr\u00f5es de seguran\u00e7a. A suspensa de opera\u00e7\u00f5es pode representar um momento oportuno para a mineradora reavaliar suas pr\u00e1ticas e estrutura de opera\u00e7\u00e3o, levando em considera\u00e7\u00e3o os efeitos das mudan\u00e7as clim\u00e1ticas e a seguran\u00e7a das comunidades adjacentes.<\/p>\n<p>Assim, o futuro da minera\u00e7\u00e3o em Ouro Preto depender\u00e1 de um compromisso renovado com a respons\u00e1vel, ajustando pr\u00e1ticas e estruturas que garantam a integridade ambiental e o respeito \u00e0 vida humana. Monitoramento cont\u00ednuo e transpar\u00eancia ser\u00e3o essenciais para restaurar a confian\u00e7a da popula\u00e7\u00e3o.<\/p>\n","protected":false},"excerpt":{"rendered":"<p>Entenda o rompimento da Vale em Ouro Preto e suas consequ\u00eancias.<\/p>\n","protected":false},"author":1,"featured_media":4357,"comment_status":"open","ping_status":"open","sticky":false,"template":"","format":"standard","meta":{"footnotes":""},"categories":[5],"tags":[],"class_list":["post-4358","post","type-post","status-publish","format-standard","has-post-thumbnail","hentry","category-noticias","has_thumb"],"yoast_head":"<!-- This site is optimized with the Yoast SEO plugin v27.2 - https:\/\/yoast.com\/product\/yoast-seo-wordpress\/ -->\n<title>Entenda o rompimento que levou \u00e0 paralisa\u00e7\u00e3o das opera\u00e7\u00f5es da Vale em Ouro Preto (MG) | Guia Comercial de Ouro Preto MG<\/title>\n<meta name=\"robots\" content=\"index, follow, max-snippet:-1, max-image-preview:large, max-video-preview:-1\" \/>\n<link rel=\"canonical\" href=\"https:\/\/www.encontraminasgerais.com.br\/ouro-preto\/entenda-o-rompimento-que-levou-a-paralisacao-das-operacoes-da-vale-em-ouro-preto-mg\/\" \/>\n<meta property=\"og:locale\" content=\"pt_BR\" \/>\n<meta property=\"og:type\" content=\"article\" \/>\n<meta property=\"og:title\" content=\"Entenda o rompimento que levou \u00e0 paralisa\u00e7\u00e3o das opera\u00e7\u00f5es da Vale em Ouro Preto (MG) | Guia Comercial de Ouro Preto MG\" \/>\n<meta property=\"og:description\" content=\"Entenda o rompimento da Vale em Ouro Preto e suas consequ\u00eancias.\" \/>\n<meta property=\"og:url\" content=\"https:\/\/www.encontraminasgerais.com.br\/ouro-preto\/entenda-o-rompimento-que-levou-a-paralisacao-das-operacoes-da-vale-em-ouro-preto-mg\/\" \/>\n<meta property=\"og:site_name\" content=\"Guia Comercial de Ouro Preto MG\" \/>\n<meta property=\"article:published_time\" content=\"2026-02-11T09:55:22+00:00\" \/>\n<meta property=\"og:image\" content=\"https:\/\/www.encontraminasgerais.com.br\/ouro-preto\/wp-content\/uploads\/2026\/02\/entenda-o-rompimento-que-levou-a-paralisacao-das-operacoes-da-vale-em-ouro-preto-mg.webp\" \/>\n<meta name=\"author\" content=\"Encontra Ouro Preto\" \/>\n<meta name=\"twitter:card\" content=\"summary_large_image\" \/>\n<meta name=\"twitter:label1\" content=\"Escrito por\" \/>\n\t<meta name=\"twitter:data1\" content=\"Encontra Ouro Preto\" \/>\n\t<meta name=\"twitter:label2\" content=\"Est. tempo de leitura\" \/>\n\t<meta name=\"twitter:data2\" content=\"7 minutos\" \/>\n<script type=\"application\/ld+json\" class=\"yoast-schema-graph\">{\"@context\":\"https:\/\/schema.org\",\"@graph\":[{\"@type\":\"Article\",\"@id\":\"https:\/\/www.encontraminasgerais.com.br\/ouro-preto\/entenda-o-rompimento-que-levou-a-paralisacao-das-operacoes-da-vale-em-ouro-preto-mg\/#article\",\"isPartOf\":{\"@id\":\"https:\/\/www.encontraminasgerais.com.br\/ouro-preto\/entenda-o-rompimento-que-levou-a-paralisacao-das-operacoes-da-vale-em-ouro-preto-mg\/\"},\"author\":{\"name\":\"Encontra Ouro Preto\",\"@id\":\"https:\/\/www.encontraminasgerais.com.br\/ouro-preto\/#\/schema\/person\/d55d0e79e38dd7d6474efd815b181c4d\"},\"headline\":\"Entenda o rompimento que levou \u00e0 paralisa\u00e7\u00e3o das opera\u00e7\u00f5es da Vale em Ouro Preto (MG)\",\"datePublished\":\"2026-02-11T09:55:22+00:00\",\"mainEntityOfPage\":{\"@id\":\"https:\/\/www.encontraminasgerais.com.br\/ouro-preto\/entenda-o-rompimento-que-levou-a-paralisacao-das-operacoes-da-vale-em-ouro-preto-mg\/\"},\"wordCount\":1436,\"commentCount\":0,\"image\":{\"@id\":\"https:\/\/www.encontraminasgerais.com.br\/ouro-preto\/entenda-o-rompimento-que-levou-a-paralisacao-das-operacoes-da-vale-em-ouro-preto-mg\/#primaryimage\"},\"thumbnailUrl\":\"https:\/\/www.encontraminasgerais.com.br\/ouro-preto\/wp-content\/uploads\/2026\/02\/entenda-o-rompimento-que-levou-a-paralisacao-das-operacoes-da-vale-em-ouro-preto-mg.webp\",\"articleSection\":[\"Not\u00edcias Ouro Preto\"],\"inLanguage\":\"pt-BR\",\"potentialAction\":[{\"@type\":\"CommentAction\",\"name\":\"Comment\",\"target\":[\"https:\/\/www.encontraminasgerais.com.br\/ouro-preto\/entenda-o-rompimento-que-levou-a-paralisacao-das-operacoes-da-vale-em-ouro-preto-mg\/#respond\"]}]},{\"@type\":\"WebPage\",\"@id\":\"https:\/\/www.encontraminasgerais.com.br\/ouro-preto\/entenda-o-rompimento-que-levou-a-paralisacao-das-operacoes-da-vale-em-ouro-preto-mg\/\",\"url\":\"https:\/\/www.encontraminasgerais.com.br\/ouro-preto\/entenda-o-rompimento-que-levou-a-paralisacao-das-operacoes-da-vale-em-ouro-preto-mg\/\",\"name\":\"Entenda o rompimento que levou \u00e0 paralisa\u00e7\u00e3o das opera\u00e7\u00f5es da Vale em Ouro Preto (MG) | Guia Comercial de Ouro Preto MG\",\"isPartOf\":{\"@id\":\"https:\/\/www.encontraminasgerais.com.br\/ouro-preto\/#website\"},\"primaryImageOfPage\":{\"@id\":\"https:\/\/www.encontraminasgerais.com.br\/ouro-preto\/entenda-o-rompimento-que-levou-a-paralisacao-das-operacoes-da-vale-em-ouro-preto-mg\/#primaryimage\"},\"image\":{\"@id\":\"https:\/\/www.encontraminasgerais.com.br\/ouro-preto\/entenda-o-rompimento-que-levou-a-paralisacao-das-operacoes-da-vale-em-ouro-preto-mg\/#primaryimage\"},\"thumbnailUrl\":\"https:\/\/www.encontraminasgerais.com.br\/ouro-preto\/wp-content\/uploads\/2026\/02\/entenda-o-rompimento-que-levou-a-paralisacao-das-operacoes-da-vale-em-ouro-preto-mg.webp\",\"datePublished\":\"2026-02-11T09:55:22+00:00\",\"author\":{\"@id\":\"https:\/\/www.encontraminasgerais.com.br\/ouro-preto\/#\/schema\/person\/d55d0e79e38dd7d6474efd815b181c4d\"},\"inLanguage\":\"pt-BR\",\"potentialAction\":[{\"@type\":\"ReadAction\",\"target\":[\"https:\/\/www.encontraminasgerais.com.br\/ouro-preto\/entenda-o-rompimento-que-levou-a-paralisacao-das-operacoes-da-vale-em-ouro-preto-mg\/\"]}]},{\"@type\":\"ImageObject\",\"inLanguage\":\"pt-BR\",\"@id\":\"https:\/\/www.encontraminasgerais.com.br\/ouro-preto\/entenda-o-rompimento-que-levou-a-paralisacao-das-operacoes-da-vale-em-ouro-preto-mg\/#primaryimage\",\"url\":\"https:\/\/www.encontraminasgerais.com.br\/ouro-preto\/wp-content\/uploads\/2026\/02\/entenda-o-rompimento-que-levou-a-paralisacao-das-operacoes-da-vale-em-ouro-preto-mg.webp\",\"contentUrl\":\"https:\/\/www.encontraminasgerais.com.br\/ouro-preto\/wp-content\/uploads\/2026\/02\/entenda-o-rompimento-que-levou-a-paralisacao-das-operacoes-da-vale-em-ouro-preto-mg.webp\",\"width\":280,\"height\":280,\"caption\":\"rompimento da Vale em Ouro Preto\"},{\"@type\":\"WebSite\",\"@id\":\"https:\/\/www.encontraminasgerais.com.br\/ouro-preto\/#website\",\"url\":\"https:\/\/www.encontraminasgerais.com.br\/ouro-preto\/\",\"name\":\"Guia Comercial de Ouro Preto MG\",\"description\":\"O Encontra Ouro Preto \u00e9 o guia mais completo da cidade Ouro Preto com com\u00e9rcios, servi\u00e7os, noticias, jornal, hist\u00f3ria e lazer da cidade.\",\"potentialAction\":[{\"@type\":\"SearchAction\",\"target\":{\"@type\":\"EntryPoint\",\"urlTemplate\":\"https:\/\/www.encontraminasgerais.com.br\/ouro-preto\/?s={search_term_string}\"},\"query-input\":{\"@type\":\"PropertyValueSpecification\",\"valueRequired\":true,\"valueName\":\"search_term_string\"}}],\"inLanguage\":\"pt-BR\"},{\"@type\":\"Person\",\"@id\":\"https:\/\/www.encontraminasgerais.com.br\/ouro-preto\/#\/schema\/person\/d55d0e79e38dd7d6474efd815b181c4d\",\"name\":\"Encontra Ouro Preto\",\"image\":{\"@type\":\"ImageObject\",\"inLanguage\":\"pt-BR\",\"@id\":\"https:\/\/secure.gravatar.com\/avatar\/c50c17820bcf322f0a8fd6b110b8c0918141409dc69076470f6fca5fee70a5d4?s=96&d=mm&r=g\",\"url\":\"https:\/\/secure.gravatar.com\/avatar\/c50c17820bcf322f0a8fd6b110b8c0918141409dc69076470f6fca5fee70a5d4?s=96&d=mm&r=g\",\"contentUrl\":\"https:\/\/secure.gravatar.com\/avatar\/c50c17820bcf322f0a8fd6b110b8c0918141409dc69076470f6fca5fee70a5d4?s=96&d=mm&r=g\",\"caption\":\"Encontra Ouro Preto\"},\"url\":\"https:\/\/www.encontraminasgerais.com.br\/ouro-preto\/author\/encontraouropreto\/\"}]}<\/script>\n<!-- \/ Yoast SEO plugin. -->","yoast_head_json":{"title":"Entenda o rompimento que levou \u00e0 paralisa\u00e7\u00e3o das opera\u00e7\u00f5es da Vale em Ouro Preto (MG) | Guia Comercial de Ouro Preto MG","robots":{"index":"index","follow":"follow","max-snippet":"max-snippet:-1","max-image-preview":"max-image-preview:large","max-video-preview":"max-video-preview:-1"},"canonical":"https:\/\/www.encontraminasgerais.com.br\/ouro-preto\/entenda-o-rompimento-que-levou-a-paralisacao-das-operacoes-da-vale-em-ouro-preto-mg\/","og_locale":"pt_BR","og_type":"article","og_title":"Entenda o rompimento que levou \u00e0 paralisa\u00e7\u00e3o das opera\u00e7\u00f5es da Vale em Ouro Preto (MG) | Guia Comercial de Ouro Preto MG","og_description":"Entenda o rompimento da Vale em Ouro Preto e suas consequ\u00eancias.","og_url":"https:\/\/www.encontraminasgerais.com.br\/ouro-preto\/entenda-o-rompimento-que-levou-a-paralisacao-das-operacoes-da-vale-em-ouro-preto-mg\/","og_site_name":"Guia Comercial de Ouro Preto MG","article_published_time":"2026-02-11T09:55:22+00:00","og_image":[{"url":"https:\/\/www.encontraminasgerais.com.br\/ouro-preto\/wp-content\/uploads\/2026\/02\/entenda-o-rompimento-que-levou-a-paralisacao-das-operacoes-da-vale-em-ouro-preto-mg.webp","type":"","width":"","height":""}],"author":"Encontra Ouro Preto","twitter_card":"summary_large_image","twitter_misc":{"Escrito por":"Encontra Ouro Preto","Est. tempo de leitura":"7 minutos"},"schema":{"@context":"https:\/\/schema.org","@graph":[{"@type":"Article","@id":"https:\/\/www.encontraminasgerais.com.br\/ouro-preto\/entenda-o-rompimento-que-levou-a-paralisacao-das-operacoes-da-vale-em-ouro-preto-mg\/#article","isPartOf":{"@id":"https:\/\/www.encontraminasgerais.com.br\/ouro-preto\/entenda-o-rompimento-que-levou-a-paralisacao-das-operacoes-da-vale-em-ouro-preto-mg\/"},"author":{"name":"Encontra Ouro Preto","@id":"https:\/\/www.encontraminasgerais.com.br\/ouro-preto\/#\/schema\/person\/d55d0e79e38dd7d6474efd815b181c4d"},"headline":"Entenda o rompimento que levou \u00e0 paralisa\u00e7\u00e3o das opera\u00e7\u00f5es da Vale em Ouro Preto (MG)","datePublished":"2026-02-11T09:55:22+00:00","mainEntityOfPage":{"@id":"https:\/\/www.encontraminasgerais.com.br\/ouro-preto\/entenda-o-rompimento-que-levou-a-paralisacao-das-operacoes-da-vale-em-ouro-preto-mg\/"},"wordCount":1436,"commentCount":0,"image":{"@id":"https:\/\/www.encontraminasgerais.com.br\/ouro-preto\/entenda-o-rompimento-que-levou-a-paralisacao-das-operacoes-da-vale-em-ouro-preto-mg\/#primaryimage"},"thumbnailUrl":"https:\/\/www.encontraminasgerais.com.br\/ouro-preto\/wp-content\/uploads\/2026\/02\/entenda-o-rompimento-que-levou-a-paralisacao-das-operacoes-da-vale-em-ouro-preto-mg.webp","articleSection":["Not\u00edcias Ouro Preto"],"inLanguage":"pt-BR","potentialAction":[{"@type":"CommentAction","name":"Comment","target":["https:\/\/www.encontraminasgerais.com.br\/ouro-preto\/entenda-o-rompimento-que-levou-a-paralisacao-das-operacoes-da-vale-em-ouro-preto-mg\/#respond"]}]},{"@type":"WebPage","@id":"https:\/\/www.encontraminasgerais.com.br\/ouro-preto\/entenda-o-rompimento-que-levou-a-paralisacao-das-operacoes-da-vale-em-ouro-preto-mg\/","url":"https:\/\/www.encontraminasgerais.com.br\/ouro-preto\/entenda-o-rompimento-que-levou-a-paralisacao-das-operacoes-da-vale-em-ouro-preto-mg\/","name":"Entenda o rompimento que levou \u00e0 paralisa\u00e7\u00e3o das opera\u00e7\u00f5es da Vale em Ouro Preto (MG) | Guia Comercial de Ouro Preto MG","isPartOf":{"@id":"https:\/\/www.encontraminasgerais.com.br\/ouro-preto\/#website"},"primaryImageOfPage":{"@id":"https:\/\/www.encontraminasgerais.com.br\/ouro-preto\/entenda-o-rompimento-que-levou-a-paralisacao-das-operacoes-da-vale-em-ouro-preto-mg\/#primaryimage"},"image":{"@id":"https:\/\/www.encontraminasgerais.com.br\/ouro-preto\/entenda-o-rompimento-que-levou-a-paralisacao-das-operacoes-da-vale-em-ouro-preto-mg\/#primaryimage"},"thumbnailUrl":"https:\/\/www.encontraminasgerais.com.br\/ouro-preto\/wp-content\/uploads\/2026\/02\/entenda-o-rompimento-que-levou-a-paralisacao-das-operacoes-da-vale-em-ouro-preto-mg.webp","datePublished":"2026-02-11T09:55:22+00:00","author":{"@id":"https:\/\/www.encontraminasgerais.com.br\/ouro-preto\/#\/schema\/person\/d55d0e79e38dd7d6474efd815b181c4d"},"inLanguage":"pt-BR","potentialAction":[{"@type":"ReadAction","target":["https:\/\/www.encontraminasgerais.com.br\/ouro-preto\/entenda-o-rompimento-que-levou-a-paralisacao-das-operacoes-da-vale-em-ouro-preto-mg\/"]}]},{"@type":"ImageObject","inLanguage":"pt-BR","@id":"https:\/\/www.encontraminasgerais.com.br\/ouro-preto\/entenda-o-rompimento-que-levou-a-paralisacao-das-operacoes-da-vale-em-ouro-preto-mg\/#primaryimage","url":"https:\/\/www.encontraminasgerais.com.br\/ouro-preto\/wp-content\/uploads\/2026\/02\/entenda-o-rompimento-que-levou-a-paralisacao-das-operacoes-da-vale-em-ouro-preto-mg.webp","contentUrl":"https:\/\/www.encontraminasgerais.com.br\/ouro-preto\/wp-content\/uploads\/2026\/02\/entenda-o-rompimento-que-levou-a-paralisacao-das-operacoes-da-vale-em-ouro-preto-mg.webp","width":280,"height":280,"caption":"rompimento da Vale em Ouro Preto"},{"@type":"WebSite","@id":"https:\/\/www.encontraminasgerais.com.br\/ouro-preto\/#website","url":"https:\/\/www.encontraminasgerais.com.br\/ouro-preto\/","name":"Guia Comercial de Ouro Preto MG","description":"O Encontra Ouro Preto \u00e9 o guia mais completo da cidade Ouro Preto com com\u00e9rcios, servi\u00e7os, noticias, jornal, hist\u00f3ria e lazer da cidade.","potentialAction":[{"@type":"SearchAction","target":{"@type":"EntryPoint","urlTemplate":"https:\/\/www.encontraminasgerais.com.br\/ouro-preto\/?s={search_term_string}"},"query-input":{"@type":"PropertyValueSpecification","valueRequired":true,"valueName":"search_term_string"}}],"inLanguage":"pt-BR"},{"@type":"Person","@id":"https:\/\/www.encontraminasgerais.com.br\/ouro-preto\/#\/schema\/person\/d55d0e79e38dd7d6474efd815b181c4d","name":"Encontra Ouro Preto","image":{"@type":"ImageObject","inLanguage":"pt-BR","@id":"https:\/\/secure.gravatar.com\/avatar\/c50c17820bcf322f0a8fd6b110b8c0918141409dc69076470f6fca5fee70a5d4?s=96&d=mm&r=g","url":"https:\/\/secure.gravatar.com\/avatar\/c50c17820bcf322f0a8fd6b110b8c0918141409dc69076470f6fca5fee70a5d4?s=96&d=mm&r=g","contentUrl":"https:\/\/secure.gravatar.com\/avatar\/c50c17820bcf322f0a8fd6b110b8c0918141409dc69076470f6fca5fee70a5d4?s=96&d=mm&r=g","caption":"Encontra Ouro Preto"},"url":"https:\/\/www.encontraminasgerais.com.br\/ouro-preto\/author\/encontraouropreto\/"}]}},"_links":{"self":[{"href":"https:\/\/www.encontraminasgerais.com.br\/ouro-preto\/wp-json\/wp\/v2\/posts\/4358","targetHints":{"allow":["GET"]}}],"collection":[{"href":"https:\/\/www.encontraminasgerais.com.br\/ouro-preto\/wp-json\/wp\/v2\/posts"}],"about":[{"href":"https:\/\/www.encontraminasgerais.com.br\/ouro-preto\/wp-json\/wp\/v2\/types\/post"}],"author":[{"embeddable":true,"href":"https:\/\/www.encontraminasgerais.com.br\/ouro-preto\/wp-json\/wp\/v2\/users\/1"}],"replies":[{"embeddable":true,"href":"https:\/\/www.encontraminasgerais.com.br\/ouro-preto\/wp-json\/wp\/v2\/comments?post=4358"}],"version-history":[{"count":0,"href":"https:\/\/www.encontraminasgerais.com.br\/ouro-preto\/wp-json\/wp\/v2\/posts\/4358\/revisions"}],"wp:featuredmedia":[{"embeddable":true,"href":"https:\/\/www.encontraminasgerais.com.br\/ouro-preto\/wp-json\/wp\/v2\/media\/4357"}],"wp:attachment":[{"href":"https:\/\/www.encontraminasgerais.com.br\/ouro-preto\/wp-json\/wp\/v2\/media?parent=4358"}],"wp:term":[{"taxonomy":"category","embeddable":true,"href":"https:\/\/www.encontraminasgerais.com.br\/ouro-preto\/wp-json\/wp\/v2\/categories?post=4358"},{"taxonomy":"post_tag","embeddable":true,"href":"https:\/\/www.encontraminasgerais.com.br\/ouro-preto\/wp-json\/wp\/v2\/tags?post=4358"}],"curies":[{"name":"wp","href":"https:\/\/api.w.org\/{rel}","templated":true}]}}