{"id":4374,"date":"2026-02-14T06:54:28","date_gmt":"2026-02-14T09:54:28","guid":{"rendered":"https:\/\/www.encontraminasgerais.com.br\/ouro-preto\/programacao-da-sexta\/"},"modified":"2026-02-14T06:54:28","modified_gmt":"2026-02-14T09:54:28","slug":"programacao-da-sexta","status":"publish","type":"post","link":"https:\/\/www.encontraminasgerais.com.br\/ouro-preto\/programacao-da-sexta\/","title":{"rendered":"Programa\u00e7\u00e3o da sexta"},"content":{"rendered":"<h2>Djonga: O Destaque da Noite<\/h2>\n<p>O cen\u00e1rio musical do Carnaval de Ouro Preto se ilumina nesta edi\u00e7\u00e3o com a presen\u00e7a marcante do rapper <strong>Djonga<\/strong>. Sua apresenta\u00e7\u00e3o, marcada para acontecer no <strong>Largo do Cinema<\/strong> \u00e0s <strong>20h<\/strong>, dever\u00e1 atrair um p\u00fablico jovem e entusiasta do rap contempor\u00e2neo. Djonga \u00e9 conhecido por sua habilidade l\u00edrica e por abordar tem\u00e1ticas sociais em suas m\u00fasicas, tornando sua apresenta\u00e7\u00e3o um dos pontos altos da festividade. Antes do rapper subir ao palco, o <strong>Bloco Mobin<\/strong> dar\u00e1 in\u00edcio \u00e0 festa, enquanto a DJ <strong>Viviane Barcellos<\/strong> promete animar a pista a partir das <strong>23h<\/strong>.<\/p>\n<h2>Pra\u00e7a Tiradentes: Tradi\u00e7\u00e3o e Alegria<\/h2>\n<p>Quem optar por um ambiente mais tradicional encontrar\u00e1 a alegria e a folia na <strong>Pra\u00e7a Tiradentes<\/strong>. A agita\u00e7\u00e3o come\u00e7a cedo, \u00e0s <strong>7h30<\/strong>, com a <strong>6\u00aa Folia do Movimento<\/strong>, mas \u00e9 \u00e0 noite, a partir das <strong>19h<\/strong>, que a energia se intensifica. \u00c0s <strong>22h<\/strong>, a <strong>Banda Abahd\u00e1<\/strong> ir\u00e1 se apresentar, seguida dos tradicionais blocos <strong>Funer\u00e1ria<\/strong> e <strong>Os Fan\u00e1ticos<\/strong> \u00e0 meia-noite. Essa combina\u00e7\u00e3o de blocos caricatos e m\u00fasica ao vivo revela a rica diversidade cultural que faz parte das tradi\u00e7\u00f5es do carnaval local.<\/p>\n<h2>Largo do Cinema: Onde o Rap Encontra a Folia<\/h2>\n<p>No <strong>Largo do Cinema<\/strong>, o rap se une \u00e0 folia, criando um ambiente vibrante e animado. O espa\u00e7o, que \u00e9 emblem\u00e1tico em Ouro Preto, se transformar\u00e1 em um verdadeiro centro de concentra\u00e7\u00e3o de foli\u00f5es. Entre as <strong>18h<\/strong> e <strong>23h<\/strong>, os sons mec\u00e2nicos e as apresenta\u00e7\u00f5es ao vivo proporcionar\u00e3o uma experi\u00eancia musical \u00fanica. A combina\u00e7\u00e3o de m\u00fasica e dan\u00e7a nesse ponto estrat\u00e9gico da cidade \u00e9 uma das caracter\u00edsticas que tornam o carnaval de Ouro Preto t\u00e3o especial.<\/p>\n<p><img decoding=\"async\" src=\"https:\/\/www.encontraminasgerais.com.br\/ouro-preto\/wp-content\/uploads\/2026\/02\/programacao-da-sexta.webp\" alt=\"Carnaval de Ouro Preto\" loading=\"lazy\" \/><\/p>\n<h2>Largo da Alegria: Diversidade Musical<\/h2>\n<p>O <strong>Largo da Alegria<\/strong> se destaca pela pluralidade de estilos. O local come\u00e7ar\u00e1 a programa\u00e7\u00e3o a partir das <strong>18h<\/strong> e, \u00e0s <strong>20h<\/strong>, o grupo <strong>Vira Saia<\/strong> tomar\u00e1 o palco. Para encerrar as festividades na sexta-feira, <strong>Celso Alves e Banda<\/strong> far\u00e3o uma apresenta\u00e7\u00e3o especial \u00e0s <strong>23h<\/strong>, prometendo um repert\u00f3rio diversificado e que ocupar\u00e1 o espa\u00e7o de forma acolhedora e festiva.<\/p>\n<h2>Os Blocos Tradicionais em Ouro Preto<\/h2>\n<p>Os blocos tradicionais s\u00e3o parte fundamental do carnaval de Ouro Preto, refletindo a ess\u00eancia cultural da cidade. Blocos como <strong>Funer\u00e1ria<\/strong> e <strong>Os Fan\u00e1ticos<\/strong> oferecem uma mistura de humor, ironia e cr\u00edtica social, muito apreciados pelos foli\u00f5es. Cada bloco tem sua pr\u00f3pria identidade, mantendo viva a tradi\u00e7\u00e3o do carnaval e permitindo que as gera\u00e7\u00f5es mais jovens se conectem com as hist\u00f3rias e ritmos locais.<\/p>\n<h2>Expectativa de P\u00fablico e Ocupa\u00e7\u00e3o Hoteleira<\/h2>\n<p>A expectativa \u00e9 que o n\u00famero de visitantes aumente nesta edi\u00e7\u00e3o do carnaval, com a cidade registrando uma ocupa\u00e7\u00e3o hoteleira de aproximadamente <strong>85%<\/strong>. Essa alta taxa de ocupa\u00e7\u00e3o indica um fluxo intenso de turistas que desejam vivenciar a festa em um dos principais centros hist\u00f3ricos de Minas Gerais. O carnaval em Ouro Preto fornece n\u00e3o apenas entretenimento, mas tamb\u00e9m uma oportunidade para apreciar a arquitetura colonial e a rica hist\u00f3ria cultural da cidade.<\/p>\n<h2>Programa\u00e7\u00e3o Completa do Carnaval<\/h2>\n<p>A programa\u00e7\u00e3o do Carnaval de Ouro Preto \u00e9 cuidadosamente planejada para garantir que todos tenham uma experi\u00eancia memor\u00e1vel. A combina\u00e7\u00e3o de artistas locais e respetados, juntamente com a variedade de blocos, significa que h\u00e1 algo para todos os gostos. A divis\u00e3o das festividades nos tr\u00eas principais espa\u00e7os da cidade permite que os foli\u00f5es explorem e desfrutem de diferentes ambientes.<\/p>\n<h2>Hist\u00f3ria do Carnaval de Ouro Preto<\/h2>\n<p>O Carnaval de Ouro Preto possui uma hist\u00f3ria rica e cheia de significados. Com ra\u00edzes que remontam ao per\u00edodo colonial, a festa evoluiu ao longo dos anos, integrando novas influ\u00eancias e estilos musicais, mas sempre mantendo suas tradi\u00e7\u00f5es. \u00c9 uma verdadeira celebra\u00e7\u00e3o da cultura mineira e do esp\u00edrito comunit\u00e1rio, reunindo pessoas de todas as idades e origens.<\/p>\n<h2>A Influ\u00eancia Cultural do Carnaval<\/h2>\n<p>O carnaval vai al\u00e9m da divers\u00e3o; ele tamb\u00e9m \u00e9 uma importante manifesta\u00e7\u00e3o cultural. Durante essa \u00e9poca, a cidade se transforma em um palco para artistas e m\u00fasicos, promovendo visibilidade e reconhecimento para talentos locais. Al\u00e9m disso, a festa promove a cultura e as tradi\u00e7\u00f5es mineiras, atraindo turistas que buscam conhecimento e experi\u00eancia.<\/p>\n<h2>Conectando Gera\u00e7\u00f5es na Folia<\/h2>\n<p>O Carnaval de Ouro Preto tem um papel importante na conex\u00e3o entre gera\u00e7\u00f5es. A intera\u00e7\u00e3o entre jovens e idosos durante as festividades proporciona um espa\u00e7o de troca cultural e aprendizado. Esse esp\u00edrito de uni\u00e3o entre diferentes faixas et\u00e1rias refor\u00e7a a import\u00e2ncia da tradi\u00e7\u00e3o e da cultura entre os habitantes e visitantes. \u00c9 um momento de celebra\u00e7\u00e3o, reflex\u00e3o e fortalecimento de la\u00e7os comunit\u00e1rios.<\/p>\n","protected":false},"excerpt":{"rendered":"<p>No Carnaval de Ouro Preto, Djonga traz o rap e tradi\u00e7\u00e3o em 13\/02.<\/p>\n","protected":false},"author":1,"featured_media":4373,"comment_status":"open","ping_status":"open","sticky":false,"template":"","format":"standard","meta":{"footnotes":""},"categories":[5],"tags":[],"class_list":["post-4374","post","type-post","status-publish","format-standard","has-post-thumbnail","hentry","category-noticias","has_thumb"],"yoast_head":"<!-- This site is optimized with the Yoast SEO plugin v27.2 - https:\/\/yoast.com\/product\/yoast-seo-wordpress\/ -->\n<title>Programa\u00e7\u00e3o da sexta | Guia Comercial de Ouro Preto MG<\/title>\n<meta name=\"robots\" content=\"index, follow, max-snippet:-1, max-image-preview:large, max-video-preview:-1\" \/>\n<link rel=\"canonical\" href=\"https:\/\/www.encontraminasgerais.com.br\/ouro-preto\/programacao-da-sexta\/\" \/>\n<meta property=\"og:locale\" content=\"pt_BR\" \/>\n<meta property=\"og:type\" content=\"article\" \/>\n<meta property=\"og:title\" content=\"Programa\u00e7\u00e3o da sexta | Guia Comercial de Ouro Preto MG\" \/>\n<meta property=\"og:description\" content=\"No Carnaval de Ouro Preto, Djonga traz o rap e tradi\u00e7\u00e3o em 13\/02.\" \/>\n<meta property=\"og:url\" content=\"https:\/\/www.encontraminasgerais.com.br\/ouro-preto\/programacao-da-sexta\/\" \/>\n<meta property=\"og:site_name\" content=\"Guia Comercial de Ouro Preto MG\" \/>\n<meta property=\"article:published_time\" content=\"2026-02-14T09:54:28+00:00\" \/>\n<meta property=\"og:image\" content=\"https:\/\/www.encontraminasgerais.com.br\/ouro-preto\/wp-content\/uploads\/2026\/02\/programacao-da-sexta.webp\" \/>\n<meta name=\"author\" content=\"Encontra Ouro Preto\" \/>\n<meta name=\"twitter:card\" content=\"summary_large_image\" \/>\n<meta name=\"twitter:label1\" content=\"Escrito por\" \/>\n\t<meta name=\"twitter:data1\" content=\"Encontra Ouro Preto\" \/>\n\t<meta name=\"twitter:label2\" content=\"Est. tempo de leitura\" \/>\n\t<meta name=\"twitter:data2\" content=\"4 minutos\" \/>\n<script type=\"application\/ld+json\" class=\"yoast-schema-graph\">{\"@context\":\"https:\/\/schema.org\",\"@graph\":[{\"@type\":\"Article\",\"@id\":\"https:\/\/www.encontraminasgerais.com.br\/ouro-preto\/programacao-da-sexta\/#article\",\"isPartOf\":{\"@id\":\"https:\/\/www.encontraminasgerais.com.br\/ouro-preto\/programacao-da-sexta\/\"},\"author\":{\"name\":\"Encontra Ouro Preto\",\"@id\":\"https:\/\/www.encontraminasgerais.com.br\/ouro-preto\/#\/schema\/person\/d55d0e79e38dd7d6474efd815b181c4d\"},\"headline\":\"Programa\u00e7\u00e3o da sexta\",\"datePublished\":\"2026-02-14T09:54:28+00:00\",\"mainEntityOfPage\":{\"@id\":\"https:\/\/www.encontraminasgerais.com.br\/ouro-preto\/programacao-da-sexta\/\"},\"wordCount\":819,\"commentCount\":0,\"image\":{\"@id\":\"https:\/\/www.encontraminasgerais.com.br\/ouro-preto\/programacao-da-sexta\/#primaryimage\"},\"thumbnailUrl\":\"https:\/\/www.encontraminasgerais.com.br\/ouro-preto\/wp-content\/uploads\/2026\/02\/programacao-da-sexta.webp\",\"articleSection\":[\"Not\u00edcias Ouro Preto\"],\"inLanguage\":\"pt-BR\",\"potentialAction\":[{\"@type\":\"CommentAction\",\"name\":\"Comment\",\"target\":[\"https:\/\/www.encontraminasgerais.com.br\/ouro-preto\/programacao-da-sexta\/#respond\"]}]},{\"@type\":\"WebPage\",\"@id\":\"https:\/\/www.encontraminasgerais.com.br\/ouro-preto\/programacao-da-sexta\/\",\"url\":\"https:\/\/www.encontraminasgerais.com.br\/ouro-preto\/programacao-da-sexta\/\",\"name\":\"Programa\u00e7\u00e3o da sexta | Guia Comercial de Ouro Preto MG\",\"isPartOf\":{\"@id\":\"https:\/\/www.encontraminasgerais.com.br\/ouro-preto\/#website\"},\"primaryImageOfPage\":{\"@id\":\"https:\/\/www.encontraminasgerais.com.br\/ouro-preto\/programacao-da-sexta\/#primaryimage\"},\"image\":{\"@id\":\"https:\/\/www.encontraminasgerais.com.br\/ouro-preto\/programacao-da-sexta\/#primaryimage\"},\"thumbnailUrl\":\"https:\/\/www.encontraminasgerais.com.br\/ouro-preto\/wp-content\/uploads\/2026\/02\/programacao-da-sexta.webp\",\"datePublished\":\"2026-02-14T09:54:28+00:00\",\"author\":{\"@id\":\"https:\/\/www.encontraminasgerais.com.br\/ouro-preto\/#\/schema\/person\/d55d0e79e38dd7d6474efd815b181c4d\"},\"inLanguage\":\"pt-BR\",\"potentialAction\":[{\"@type\":\"ReadAction\",\"target\":[\"https:\/\/www.encontraminasgerais.com.br\/ouro-preto\/programacao-da-sexta\/\"]}]},{\"@type\":\"ImageObject\",\"inLanguage\":\"pt-BR\",\"@id\":\"https:\/\/www.encontraminasgerais.com.br\/ouro-preto\/programacao-da-sexta\/#primaryimage\",\"url\":\"https:\/\/www.encontraminasgerais.com.br\/ouro-preto\/wp-content\/uploads\/2026\/02\/programacao-da-sexta.webp\",\"contentUrl\":\"https:\/\/www.encontraminasgerais.com.br\/ouro-preto\/wp-content\/uploads\/2026\/02\/programacao-da-sexta.webp\",\"width\":280,\"height\":280,\"caption\":\"Carnaval de Ouro Preto\"},{\"@type\":\"WebSite\",\"@id\":\"https:\/\/www.encontraminasgerais.com.br\/ouro-preto\/#website\",\"url\":\"https:\/\/www.encontraminasgerais.com.br\/ouro-preto\/\",\"name\":\"Guia Comercial de Ouro Preto MG\",\"description\":\"O Encontra Ouro Preto \u00e9 o guia mais completo da cidade Ouro Preto com com\u00e9rcios, servi\u00e7os, noticias, jornal, hist\u00f3ria e lazer da cidade.\",\"potentialAction\":[{\"@type\":\"SearchAction\",\"target\":{\"@type\":\"EntryPoint\",\"urlTemplate\":\"https:\/\/www.encontraminasgerais.com.br\/ouro-preto\/?s={search_term_string}\"},\"query-input\":{\"@type\":\"PropertyValueSpecification\",\"valueRequired\":true,\"valueName\":\"search_term_string\"}}],\"inLanguage\":\"pt-BR\"},{\"@type\":\"Person\",\"@id\":\"https:\/\/www.encontraminasgerais.com.br\/ouro-preto\/#\/schema\/person\/d55d0e79e38dd7d6474efd815b181c4d\",\"name\":\"Encontra Ouro Preto\",\"image\":{\"@type\":\"ImageObject\",\"inLanguage\":\"pt-BR\",\"@id\":\"https:\/\/secure.gravatar.com\/avatar\/c50c17820bcf322f0a8fd6b110b8c0918141409dc69076470f6fca5fee70a5d4?s=96&d=mm&r=g\",\"url\":\"https:\/\/secure.gravatar.com\/avatar\/c50c17820bcf322f0a8fd6b110b8c0918141409dc69076470f6fca5fee70a5d4?s=96&d=mm&r=g\",\"contentUrl\":\"https:\/\/secure.gravatar.com\/avatar\/c50c17820bcf322f0a8fd6b110b8c0918141409dc69076470f6fca5fee70a5d4?s=96&d=mm&r=g\",\"caption\":\"Encontra Ouro Preto\"},\"url\":\"https:\/\/www.encontraminasgerais.com.br\/ouro-preto\/author\/encontraouropreto\/\"}]}<\/script>\n<!-- \/ Yoast SEO plugin. -->","yoast_head_json":{"title":"Programa\u00e7\u00e3o da sexta | Guia Comercial de Ouro Preto MG","robots":{"index":"index","follow":"follow","max-snippet":"max-snippet:-1","max-image-preview":"max-image-preview:large","max-video-preview":"max-video-preview:-1"},"canonical":"https:\/\/www.encontraminasgerais.com.br\/ouro-preto\/programacao-da-sexta\/","og_locale":"pt_BR","og_type":"article","og_title":"Programa\u00e7\u00e3o da sexta | Guia Comercial de Ouro Preto MG","og_description":"No Carnaval de Ouro Preto, Djonga traz o rap e tradi\u00e7\u00e3o em 13\/02.","og_url":"https:\/\/www.encontraminasgerais.com.br\/ouro-preto\/programacao-da-sexta\/","og_site_name":"Guia Comercial de Ouro Preto MG","article_published_time":"2026-02-14T09:54:28+00:00","og_image":[{"url":"https:\/\/www.encontraminasgerais.com.br\/ouro-preto\/wp-content\/uploads\/2026\/02\/programacao-da-sexta.webp","type":"","width":"","height":""}],"author":"Encontra Ouro Preto","twitter_card":"summary_large_image","twitter_misc":{"Escrito por":"Encontra Ouro Preto","Est. tempo de leitura":"4 minutos"},"schema":{"@context":"https:\/\/schema.org","@graph":[{"@type":"Article","@id":"https:\/\/www.encontraminasgerais.com.br\/ouro-preto\/programacao-da-sexta\/#article","isPartOf":{"@id":"https:\/\/www.encontraminasgerais.com.br\/ouro-preto\/programacao-da-sexta\/"},"author":{"name":"Encontra Ouro Preto","@id":"https:\/\/www.encontraminasgerais.com.br\/ouro-preto\/#\/schema\/person\/d55d0e79e38dd7d6474efd815b181c4d"},"headline":"Programa\u00e7\u00e3o da sexta","datePublished":"2026-02-14T09:54:28+00:00","mainEntityOfPage":{"@id":"https:\/\/www.encontraminasgerais.com.br\/ouro-preto\/programacao-da-sexta\/"},"wordCount":819,"commentCount":0,"image":{"@id":"https:\/\/www.encontraminasgerais.com.br\/ouro-preto\/programacao-da-sexta\/#primaryimage"},"thumbnailUrl":"https:\/\/www.encontraminasgerais.com.br\/ouro-preto\/wp-content\/uploads\/2026\/02\/programacao-da-sexta.webp","articleSection":["Not\u00edcias Ouro Preto"],"inLanguage":"pt-BR","potentialAction":[{"@type":"CommentAction","name":"Comment","target":["https:\/\/www.encontraminasgerais.com.br\/ouro-preto\/programacao-da-sexta\/#respond"]}]},{"@type":"WebPage","@id":"https:\/\/www.encontraminasgerais.com.br\/ouro-preto\/programacao-da-sexta\/","url":"https:\/\/www.encontraminasgerais.com.br\/ouro-preto\/programacao-da-sexta\/","name":"Programa\u00e7\u00e3o da sexta | Guia Comercial de Ouro Preto MG","isPartOf":{"@id":"https:\/\/www.encontraminasgerais.com.br\/ouro-preto\/#website"},"primaryImageOfPage":{"@id":"https:\/\/www.encontraminasgerais.com.br\/ouro-preto\/programacao-da-sexta\/#primaryimage"},"image":{"@id":"https:\/\/www.encontraminasgerais.com.br\/ouro-preto\/programacao-da-sexta\/#primaryimage"},"thumbnailUrl":"https:\/\/www.encontraminasgerais.com.br\/ouro-preto\/wp-content\/uploads\/2026\/02\/programacao-da-sexta.webp","datePublished":"2026-02-14T09:54:28+00:00","author":{"@id":"https:\/\/www.encontraminasgerais.com.br\/ouro-preto\/#\/schema\/person\/d55d0e79e38dd7d6474efd815b181c4d"},"inLanguage":"pt-BR","potentialAction":[{"@type":"ReadAction","target":["https:\/\/www.encontraminasgerais.com.br\/ouro-preto\/programacao-da-sexta\/"]}]},{"@type":"ImageObject","inLanguage":"pt-BR","@id":"https:\/\/www.encontraminasgerais.com.br\/ouro-preto\/programacao-da-sexta\/#primaryimage","url":"https:\/\/www.encontraminasgerais.com.br\/ouro-preto\/wp-content\/uploads\/2026\/02\/programacao-da-sexta.webp","contentUrl":"https:\/\/www.encontraminasgerais.com.br\/ouro-preto\/wp-content\/uploads\/2026\/02\/programacao-da-sexta.webp","width":280,"height":280,"caption":"Carnaval de Ouro Preto"},{"@type":"WebSite","@id":"https:\/\/www.encontraminasgerais.com.br\/ouro-preto\/#website","url":"https:\/\/www.encontraminasgerais.com.br\/ouro-preto\/","name":"Guia Comercial de Ouro Preto MG","description":"O Encontra Ouro Preto \u00e9 o guia mais completo da cidade Ouro Preto com com\u00e9rcios, servi\u00e7os, noticias, jornal, hist\u00f3ria e lazer da cidade.","potentialAction":[{"@type":"SearchAction","target":{"@type":"EntryPoint","urlTemplate":"https:\/\/www.encontraminasgerais.com.br\/ouro-preto\/?s={search_term_string}"},"query-input":{"@type":"PropertyValueSpecification","valueRequired":true,"valueName":"search_term_string"}}],"inLanguage":"pt-BR"},{"@type":"Person","@id":"https:\/\/www.encontraminasgerais.com.br\/ouro-preto\/#\/schema\/person\/d55d0e79e38dd7d6474efd815b181c4d","name":"Encontra Ouro Preto","image":{"@type":"ImageObject","inLanguage":"pt-BR","@id":"https:\/\/secure.gravatar.com\/avatar\/c50c17820bcf322f0a8fd6b110b8c0918141409dc69076470f6fca5fee70a5d4?s=96&d=mm&r=g","url":"https:\/\/secure.gravatar.com\/avatar\/c50c17820bcf322f0a8fd6b110b8c0918141409dc69076470f6fca5fee70a5d4?s=96&d=mm&r=g","contentUrl":"https:\/\/secure.gravatar.com\/avatar\/c50c17820bcf322f0a8fd6b110b8c0918141409dc69076470f6fca5fee70a5d4?s=96&d=mm&r=g","caption":"Encontra Ouro Preto"},"url":"https:\/\/www.encontraminasgerais.com.br\/ouro-preto\/author\/encontraouropreto\/"}]}},"_links":{"self":[{"href":"https:\/\/www.encontraminasgerais.com.br\/ouro-preto\/wp-json\/wp\/v2\/posts\/4374","targetHints":{"allow":["GET"]}}],"collection":[{"href":"https:\/\/www.encontraminasgerais.com.br\/ouro-preto\/wp-json\/wp\/v2\/posts"}],"about":[{"href":"https:\/\/www.encontraminasgerais.com.br\/ouro-preto\/wp-json\/wp\/v2\/types\/post"}],"author":[{"embeddable":true,"href":"https:\/\/www.encontraminasgerais.com.br\/ouro-preto\/wp-json\/wp\/v2\/users\/1"}],"replies":[{"embeddable":true,"href":"https:\/\/www.encontraminasgerais.com.br\/ouro-preto\/wp-json\/wp\/v2\/comments?post=4374"}],"version-history":[{"count":0,"href":"https:\/\/www.encontraminasgerais.com.br\/ouro-preto\/wp-json\/wp\/v2\/posts\/4374\/revisions"}],"wp:featuredmedia":[{"embeddable":true,"href":"https:\/\/www.encontraminasgerais.com.br\/ouro-preto\/wp-json\/wp\/v2\/media\/4373"}],"wp:attachment":[{"href":"https:\/\/www.encontraminasgerais.com.br\/ouro-preto\/wp-json\/wp\/v2\/media?parent=4374"}],"wp:term":[{"taxonomy":"category","embeddable":true,"href":"https:\/\/www.encontraminasgerais.com.br\/ouro-preto\/wp-json\/wp\/v2\/categories?post=4374"},{"taxonomy":"post_tag","embeddable":true,"href":"https:\/\/www.encontraminasgerais.com.br\/ouro-preto\/wp-json\/wp\/v2\/tags?post=4374"}],"curies":[{"name":"wp","href":"https:\/\/api.w.org\/{rel}","templated":true}]}}