{"id":4390,"date":"2026-02-17T06:48:55","date_gmt":"2026-02-17T09:48:55","guid":{"rendered":"https:\/\/www.encontraminasgerais.com.br\/ouro-preto\/ouro-preto-deve-ter-um-dia-com-muitas-nuvens-nesta-segunda\/"},"modified":"2026-02-17T06:48:55","modified_gmt":"2026-02-17T09:48:55","slug":"ouro-preto-deve-ter-um-dia-com-muitas-nuvens-nesta-segunda","status":"publish","type":"post","link":"https:\/\/www.encontraminasgerais.com.br\/ouro-preto\/ouro-preto-deve-ter-um-dia-com-muitas-nuvens-nesta-segunda\/","title":{"rendered":"Ouro Preto deve ter um dia com muitas nuvens nesta segunda"},"content":{"rendered":"<h2>O dia nublado em Ouro Preto<\/h2>\n<p>Nesta segunda-feira, dia 16 de fevereiro de 2026, a cidade de Ouro Preto deve apresentar um clima predominantemente nublado. As temperaturas durante o dia estar\u00e3o variando entre 17\u00b0C e 30\u00b0C, conforme informa\u00e7\u00f5es do <strong>Instituto Nacional de Meteorologia (INMET)<\/strong>.<\/p>\n<h2>Como estar\u00e1 o tempo em Ouro Preto?<\/h2>\n<p>O dia come\u00e7ar\u00e1 com temperaturas amenas em torno de 17\u00b0C, proporcionando um in\u00edcio de dia confort\u00e1vel. \u00c0 medida que a manh\u00e3 avan\u00e7a, os term\u00f4metros dever\u00e3o registrar um ligeiro aumento, alcan\u00e7ando 30\u00b0C. J\u00e1 pela tarde, a sensa\u00e7\u00e3o t\u00e9rmica ser\u00e1 mais quente e o clima ser\u00e1 marcado por nuvens e potencial para chuvas. Ao anoitecer, as temperaturas se estabilizar\u00e3o novamente em torno de 17\u00b0C.<\/p>\n<h2>Espectro das temperaturas durante o dia<\/h2>\n<p>A programa\u00e7\u00e3o de temperaturas para hoje em Ouro Preto apresenta a seguinte distribui\u00e7\u00e3o:<\/p>\n<p><img decoding=\"async\" src=\"https:\/\/www.encontraminasgerais.com.br\/ouro-preto\/wp-content\/uploads\/2026\/02\/ouro-preto-deve-ter-um-dia-com-muitas-nuvens-nesta-segunda.webp\" alt=\"Ouro Preto deve ter um dia com muitas nuvens\" loading=\"lazy\" \/><\/p>\n<ul>\n<li><strong>Madrugada:<\/strong> 17\u00b0C, clima fresco e agrad\u00e1vel.<\/li>\n<li><strong>Manh\u00e3:<\/strong> Eleva\u00e7\u00e3o para 30\u00b0C, clima mais quente.<\/li>\n<li><strong>Tarde:<\/strong> Mant\u00e9m a m\u00e1xima de 30\u00b0C com possibilidade de chuvas.<\/li>\n<li><strong>Noite:<\/strong> Retorno a 17\u00b0C, mantendo a temperatura amena.<\/li>\n<\/ul>\n<h2>Umidade do ar e suas varia\u00e7\u00f5es<\/h2>\n<p>Durante o dia, a umidade relativa do ar em Ouro Preto sofrer\u00e1 varia\u00e7\u00f5es significativas. Em seu pico, especialmente pela manh\u00e3, a umidade poder\u00e1 atingir at\u00e9 100%. Nos per\u00edodos mais secos da tarde, a umidade dever\u00e1 diminuir, chegando a valores em torno de 40%.<\/p>\n<h2>Impacto dos ventos na cidade<\/h2>\n<p>Os ventos em Ouro Preto s\u00e3o esperados para serem fracos, predominando de leste a nordeste ao longo do dia. O nascer do sol est\u00e1 previsto para \u00e0s 05h47, enquanto o p\u00f4r do sol acontecer\u00e1 \u00e0s 18h32, permitindo um dia prolongado de luz.<\/p>\n<h2>Expectativas de clima para os pr\u00f3ximos dias<\/h2>\n<h3>Previs\u00e3o para os pr\u00f3ximos dias em Ouro Preto:<\/h3>\n<ul>\n<li><strong>Ter\u00e7a-feira (17\/02):<\/strong> C\u00e9u fechado com temperaturas entre 16\u00b0C e 30\u00b0C.<\/li>\n<li><strong>Quarta-feira (18\/02):<\/strong> Temperaturas de 17\u00b0C a 30\u00b0C, com chuvas em \u00e1reas espec\u00edficas.<\/li>\n<li><strong>Quinta-feira (19\/02):<\/strong> Espera-se um clima nublado, com temperaturas variando de 18\u00b0C a 27\u00b0C e ocorr\u00eancia de pancadas de chuva.<\/li>\n<li><strong>Sexta-feira (20\/02):<\/strong> Temperaturas entre 17\u00b0C e 27\u00b0C, possivelmente com garoa fina.<\/li>\n<\/ul>\n<h2>O que fazer em dias nublados<\/h2>\n<p>Mesmo em dias nublados, Ouro Preto possui diversas op\u00e7\u00f5es de atividades. A cidade \u00e9 repleta de hist\u00f3ria e cultura, com seus museus e igrejas se destacando como ponto de interesse. Al\u00e9m disso, aproveitar a gastronomia local em um dos muitos restaurantes pode ser uma \u00f3tima op\u00e7\u00e3o para se aquecer e conhecer o sabor da culin\u00e1ria mineira.<\/p>\n<h2>Dicas para aproveitamento do clima<\/h2>\n<p>Caso voc\u00ea precise sair durante um dia nublado e potencialmente chuvoso, aqui v\u00e3o algumas dicas:<\/p>\n<ul>\n<li><strong>Leve um guarda-chuva:<\/strong> Prevenir-se contra a chuva \u00e9 sempre uma boa ideia.<\/li>\n<li><strong>Use roupas confort\u00e1veis:<\/strong> Escolha vestimentas que sejam apropriadas para um dia nublado e potencialmente \u00famido.<\/li>\n<li><strong>Explore atividades internas:<\/strong> Visite museus, cafeterias ou participa\u00e7\u00f5es em eventos que acontecem em ambientes fechados.<\/li>\n<\/ul>\n<h2>A import\u00e2ncia da previs\u00e3o do tempo<\/h2>\n<p>A previs\u00e3o do tempo \u00e9 vital, pois influenciar\u00e1 no planejamento das atividades di\u00e1rias, principalmente para aqueles que desejam explorar a cidade. Conhecer as condi\u00e7\u00f5es meteorol\u00f3gicas antecipadamente ajuda a evitar surpresas, permitindo que os moradores e visitantes aproveitem ao m\u00e1ximo sua estadia.<\/p>\n<h2>Como a meteorologia influencia no cotidiano<\/h2>\n<p>As condi\u00e7\u00f5es clim\u00e1ticas t\u00eam um grande impacto nas rotinas das pessoas em Ouro Preto. Desde a escolha das roupas at\u00e9 a decis\u00e3o sobre a realiza\u00e7\u00e3o de atividades ao ar livre, o clima desempenha um papel crucial no dia a dia da popula\u00e7\u00e3o. Al\u00e9m disso, a agricultura e o turismo, ambos setores relevantes na cidade, est\u00e3o inteiramente conectados \u00e0 an\u00e1lise precisa das condi\u00e7\u00f5es meteorol\u00f3gicas.<\/p>\n<h2>Mitos sobre o tempo em Ouro Preto<\/h2>\n<p>Existem diversos mitos relacionados ao clima na cidade, como a predisposi\u00e7\u00e3o de que dias nublados sempre significam chuva forte. Embora sejam poss\u00edveis chuvas em dias nublados, elas n\u00e3o ocorrem sempre, e muitas vezes o dia pode se manter apenas nublado sem precipita\u00e7\u00f5es significativas. Desmistificar esses conceitos ajudar\u00e1 os visitantes a desfrutarem da cidade sem temores relacionados ao clima.<\/p>\n","protected":false},"excerpt":{"rendered":"<p>Ouro Preto ver\u00e1 muitas nuvens e temperaturas entre 17\u00b0C e 30\u00b0C.<\/p>\n","protected":false},"author":1,"featured_media":4389,"comment_status":"open","ping_status":"open","sticky":false,"template":"","format":"standard","meta":{"footnotes":""},"categories":[5],"tags":[],"class_list":["post-4390","post","type-post","status-publish","format-standard","has-post-thumbnail","hentry","category-noticias","has_thumb"],"yoast_head":"<!-- This site is optimized with the Yoast SEO plugin v27.2 - https:\/\/yoast.com\/product\/yoast-seo-wordpress\/ -->\n<title>Ouro Preto deve ter um dia com muitas nuvens nesta segunda | Guia Comercial de Ouro Preto MG<\/title>\n<meta name=\"robots\" content=\"index, follow, max-snippet:-1, max-image-preview:large, max-video-preview:-1\" \/>\n<link rel=\"canonical\" href=\"https:\/\/www.encontraminasgerais.com.br\/ouro-preto\/ouro-preto-deve-ter-um-dia-com-muitas-nuvens-nesta-segunda\/\" \/>\n<meta property=\"og:locale\" content=\"pt_BR\" \/>\n<meta property=\"og:type\" content=\"article\" \/>\n<meta property=\"og:title\" content=\"Ouro Preto deve ter um dia com muitas nuvens nesta segunda | Guia Comercial de Ouro Preto MG\" \/>\n<meta property=\"og:description\" content=\"Ouro Preto ver\u00e1 muitas nuvens e temperaturas entre 17\u00b0C e 30\u00b0C.\" \/>\n<meta property=\"og:url\" content=\"https:\/\/www.encontraminasgerais.com.br\/ouro-preto\/ouro-preto-deve-ter-um-dia-com-muitas-nuvens-nesta-segunda\/\" \/>\n<meta property=\"og:site_name\" content=\"Guia Comercial de Ouro Preto MG\" \/>\n<meta property=\"article:published_time\" content=\"2026-02-17T09:48:55+00:00\" \/>\n<meta property=\"og:image\" content=\"https:\/\/www.encontraminasgerais.com.br\/ouro-preto\/wp-content\/uploads\/2026\/02\/ouro-preto-deve-ter-um-dia-com-muitas-nuvens-nesta-segunda.webp\" \/>\n<meta name=\"author\" content=\"Encontra Ouro Preto\" \/>\n<meta name=\"twitter:card\" content=\"summary_large_image\" \/>\n<meta name=\"twitter:label1\" content=\"Escrito por\" \/>\n\t<meta name=\"twitter:data1\" content=\"Encontra Ouro Preto\" \/>\n\t<meta name=\"twitter:label2\" content=\"Est. tempo de leitura\" \/>\n\t<meta name=\"twitter:data2\" content=\"3 minutos\" \/>\n<script type=\"application\/ld+json\" class=\"yoast-schema-graph\">{\"@context\":\"https:\/\/schema.org\",\"@graph\":[{\"@type\":\"Article\",\"@id\":\"https:\/\/www.encontraminasgerais.com.br\/ouro-preto\/ouro-preto-deve-ter-um-dia-com-muitas-nuvens-nesta-segunda\/#article\",\"isPartOf\":{\"@id\":\"https:\/\/www.encontraminasgerais.com.br\/ouro-preto\/ouro-preto-deve-ter-um-dia-com-muitas-nuvens-nesta-segunda\/\"},\"author\":{\"name\":\"Encontra Ouro Preto\",\"@id\":\"https:\/\/www.encontraminasgerais.com.br\/ouro-preto\/#\/schema\/person\/d55d0e79e38dd7d6474efd815b181c4d\"},\"headline\":\"Ouro Preto deve ter um dia com muitas nuvens nesta segunda\",\"datePublished\":\"2026-02-17T09:48:55+00:00\",\"mainEntityOfPage\":{\"@id\":\"https:\/\/www.encontraminasgerais.com.br\/ouro-preto\/ouro-preto-deve-ter-um-dia-com-muitas-nuvens-nesta-segunda\/\"},\"wordCount\":689,\"commentCount\":0,\"image\":{\"@id\":\"https:\/\/www.encontraminasgerais.com.br\/ouro-preto\/ouro-preto-deve-ter-um-dia-com-muitas-nuvens-nesta-segunda\/#primaryimage\"},\"thumbnailUrl\":\"https:\/\/www.encontraminasgerais.com.br\/ouro-preto\/wp-content\/uploads\/2026\/02\/ouro-preto-deve-ter-um-dia-com-muitas-nuvens-nesta-segunda.webp\",\"articleSection\":[\"Not\u00edcias Ouro Preto\"],\"inLanguage\":\"pt-BR\",\"potentialAction\":[{\"@type\":\"CommentAction\",\"name\":\"Comment\",\"target\":[\"https:\/\/www.encontraminasgerais.com.br\/ouro-preto\/ouro-preto-deve-ter-um-dia-com-muitas-nuvens-nesta-segunda\/#respond\"]}]},{\"@type\":\"WebPage\",\"@id\":\"https:\/\/www.encontraminasgerais.com.br\/ouro-preto\/ouro-preto-deve-ter-um-dia-com-muitas-nuvens-nesta-segunda\/\",\"url\":\"https:\/\/www.encontraminasgerais.com.br\/ouro-preto\/ouro-preto-deve-ter-um-dia-com-muitas-nuvens-nesta-segunda\/\",\"name\":\"Ouro Preto deve ter um dia com muitas nuvens nesta segunda | Guia Comercial de Ouro Preto MG\",\"isPartOf\":{\"@id\":\"https:\/\/www.encontraminasgerais.com.br\/ouro-preto\/#website\"},\"primaryImageOfPage\":{\"@id\":\"https:\/\/www.encontraminasgerais.com.br\/ouro-preto\/ouro-preto-deve-ter-um-dia-com-muitas-nuvens-nesta-segunda\/#primaryimage\"},\"image\":{\"@id\":\"https:\/\/www.encontraminasgerais.com.br\/ouro-preto\/ouro-preto-deve-ter-um-dia-com-muitas-nuvens-nesta-segunda\/#primaryimage\"},\"thumbnailUrl\":\"https:\/\/www.encontraminasgerais.com.br\/ouro-preto\/wp-content\/uploads\/2026\/02\/ouro-preto-deve-ter-um-dia-com-muitas-nuvens-nesta-segunda.webp\",\"datePublished\":\"2026-02-17T09:48:55+00:00\",\"author\":{\"@id\":\"https:\/\/www.encontraminasgerais.com.br\/ouro-preto\/#\/schema\/person\/d55d0e79e38dd7d6474efd815b181c4d\"},\"inLanguage\":\"pt-BR\",\"potentialAction\":[{\"@type\":\"ReadAction\",\"target\":[\"https:\/\/www.encontraminasgerais.com.br\/ouro-preto\/ouro-preto-deve-ter-um-dia-com-muitas-nuvens-nesta-segunda\/\"]}]},{\"@type\":\"ImageObject\",\"inLanguage\":\"pt-BR\",\"@id\":\"https:\/\/www.encontraminasgerais.com.br\/ouro-preto\/ouro-preto-deve-ter-um-dia-com-muitas-nuvens-nesta-segunda\/#primaryimage\",\"url\":\"https:\/\/www.encontraminasgerais.com.br\/ouro-preto\/wp-content\/uploads\/2026\/02\/ouro-preto-deve-ter-um-dia-com-muitas-nuvens-nesta-segunda.webp\",\"contentUrl\":\"https:\/\/www.encontraminasgerais.com.br\/ouro-preto\/wp-content\/uploads\/2026\/02\/ouro-preto-deve-ter-um-dia-com-muitas-nuvens-nesta-segunda.webp\",\"width\":280,\"height\":280,\"caption\":\"Ouro Preto deve ter um dia com muitas nuvens\"},{\"@type\":\"WebSite\",\"@id\":\"https:\/\/www.encontraminasgerais.com.br\/ouro-preto\/#website\",\"url\":\"https:\/\/www.encontraminasgerais.com.br\/ouro-preto\/\",\"name\":\"Guia Comercial de Ouro Preto MG\",\"description\":\"O Encontra Ouro Preto \u00e9 o guia mais completo da cidade Ouro Preto com com\u00e9rcios, servi\u00e7os, noticias, jornal, hist\u00f3ria e lazer da cidade.\",\"potentialAction\":[{\"@type\":\"SearchAction\",\"target\":{\"@type\":\"EntryPoint\",\"urlTemplate\":\"https:\/\/www.encontraminasgerais.com.br\/ouro-preto\/?s={search_term_string}\"},\"query-input\":{\"@type\":\"PropertyValueSpecification\",\"valueRequired\":true,\"valueName\":\"search_term_string\"}}],\"inLanguage\":\"pt-BR\"},{\"@type\":\"Person\",\"@id\":\"https:\/\/www.encontraminasgerais.com.br\/ouro-preto\/#\/schema\/person\/d55d0e79e38dd7d6474efd815b181c4d\",\"name\":\"Encontra Ouro Preto\",\"image\":{\"@type\":\"ImageObject\",\"inLanguage\":\"pt-BR\",\"@id\":\"https:\/\/secure.gravatar.com\/avatar\/c50c17820bcf322f0a8fd6b110b8c0918141409dc69076470f6fca5fee70a5d4?s=96&d=mm&r=g\",\"url\":\"https:\/\/secure.gravatar.com\/avatar\/c50c17820bcf322f0a8fd6b110b8c0918141409dc69076470f6fca5fee70a5d4?s=96&d=mm&r=g\",\"contentUrl\":\"https:\/\/secure.gravatar.com\/avatar\/c50c17820bcf322f0a8fd6b110b8c0918141409dc69076470f6fca5fee70a5d4?s=96&d=mm&r=g\",\"caption\":\"Encontra Ouro Preto\"},\"url\":\"https:\/\/www.encontraminasgerais.com.br\/ouro-preto\/author\/encontraouropreto\/\"}]}<\/script>\n<!-- \/ Yoast SEO plugin. -->","yoast_head_json":{"title":"Ouro Preto deve ter um dia com muitas nuvens nesta segunda | Guia Comercial de Ouro Preto MG","robots":{"index":"index","follow":"follow","max-snippet":"max-snippet:-1","max-image-preview":"max-image-preview:large","max-video-preview":"max-video-preview:-1"},"canonical":"https:\/\/www.encontraminasgerais.com.br\/ouro-preto\/ouro-preto-deve-ter-um-dia-com-muitas-nuvens-nesta-segunda\/","og_locale":"pt_BR","og_type":"article","og_title":"Ouro Preto deve ter um dia com muitas nuvens nesta segunda | Guia Comercial de Ouro Preto MG","og_description":"Ouro Preto ver\u00e1 muitas nuvens e temperaturas entre 17\u00b0C e 30\u00b0C.","og_url":"https:\/\/www.encontraminasgerais.com.br\/ouro-preto\/ouro-preto-deve-ter-um-dia-com-muitas-nuvens-nesta-segunda\/","og_site_name":"Guia Comercial de Ouro Preto MG","article_published_time":"2026-02-17T09:48:55+00:00","og_image":[{"url":"https:\/\/www.encontraminasgerais.com.br\/ouro-preto\/wp-content\/uploads\/2026\/02\/ouro-preto-deve-ter-um-dia-com-muitas-nuvens-nesta-segunda.webp","type":"","width":"","height":""}],"author":"Encontra Ouro Preto","twitter_card":"summary_large_image","twitter_misc":{"Escrito por":"Encontra Ouro Preto","Est. tempo de leitura":"3 minutos"},"schema":{"@context":"https:\/\/schema.org","@graph":[{"@type":"Article","@id":"https:\/\/www.encontraminasgerais.com.br\/ouro-preto\/ouro-preto-deve-ter-um-dia-com-muitas-nuvens-nesta-segunda\/#article","isPartOf":{"@id":"https:\/\/www.encontraminasgerais.com.br\/ouro-preto\/ouro-preto-deve-ter-um-dia-com-muitas-nuvens-nesta-segunda\/"},"author":{"name":"Encontra Ouro Preto","@id":"https:\/\/www.encontraminasgerais.com.br\/ouro-preto\/#\/schema\/person\/d55d0e79e38dd7d6474efd815b181c4d"},"headline":"Ouro Preto deve ter um dia com muitas nuvens nesta segunda","datePublished":"2026-02-17T09:48:55+00:00","mainEntityOfPage":{"@id":"https:\/\/www.encontraminasgerais.com.br\/ouro-preto\/ouro-preto-deve-ter-um-dia-com-muitas-nuvens-nesta-segunda\/"},"wordCount":689,"commentCount":0,"image":{"@id":"https:\/\/www.encontraminasgerais.com.br\/ouro-preto\/ouro-preto-deve-ter-um-dia-com-muitas-nuvens-nesta-segunda\/#primaryimage"},"thumbnailUrl":"https:\/\/www.encontraminasgerais.com.br\/ouro-preto\/wp-content\/uploads\/2026\/02\/ouro-preto-deve-ter-um-dia-com-muitas-nuvens-nesta-segunda.webp","articleSection":["Not\u00edcias Ouro Preto"],"inLanguage":"pt-BR","potentialAction":[{"@type":"CommentAction","name":"Comment","target":["https:\/\/www.encontraminasgerais.com.br\/ouro-preto\/ouro-preto-deve-ter-um-dia-com-muitas-nuvens-nesta-segunda\/#respond"]}]},{"@type":"WebPage","@id":"https:\/\/www.encontraminasgerais.com.br\/ouro-preto\/ouro-preto-deve-ter-um-dia-com-muitas-nuvens-nesta-segunda\/","url":"https:\/\/www.encontraminasgerais.com.br\/ouro-preto\/ouro-preto-deve-ter-um-dia-com-muitas-nuvens-nesta-segunda\/","name":"Ouro Preto deve ter um dia com muitas nuvens nesta segunda | Guia Comercial de Ouro Preto MG","isPartOf":{"@id":"https:\/\/www.encontraminasgerais.com.br\/ouro-preto\/#website"},"primaryImageOfPage":{"@id":"https:\/\/www.encontraminasgerais.com.br\/ouro-preto\/ouro-preto-deve-ter-um-dia-com-muitas-nuvens-nesta-segunda\/#primaryimage"},"image":{"@id":"https:\/\/www.encontraminasgerais.com.br\/ouro-preto\/ouro-preto-deve-ter-um-dia-com-muitas-nuvens-nesta-segunda\/#primaryimage"},"thumbnailUrl":"https:\/\/www.encontraminasgerais.com.br\/ouro-preto\/wp-content\/uploads\/2026\/02\/ouro-preto-deve-ter-um-dia-com-muitas-nuvens-nesta-segunda.webp","datePublished":"2026-02-17T09:48:55+00:00","author":{"@id":"https:\/\/www.encontraminasgerais.com.br\/ouro-preto\/#\/schema\/person\/d55d0e79e38dd7d6474efd815b181c4d"},"inLanguage":"pt-BR","potentialAction":[{"@type":"ReadAction","target":["https:\/\/www.encontraminasgerais.com.br\/ouro-preto\/ouro-preto-deve-ter-um-dia-com-muitas-nuvens-nesta-segunda\/"]}]},{"@type":"ImageObject","inLanguage":"pt-BR","@id":"https:\/\/www.encontraminasgerais.com.br\/ouro-preto\/ouro-preto-deve-ter-um-dia-com-muitas-nuvens-nesta-segunda\/#primaryimage","url":"https:\/\/www.encontraminasgerais.com.br\/ouro-preto\/wp-content\/uploads\/2026\/02\/ouro-preto-deve-ter-um-dia-com-muitas-nuvens-nesta-segunda.webp","contentUrl":"https:\/\/www.encontraminasgerais.com.br\/ouro-preto\/wp-content\/uploads\/2026\/02\/ouro-preto-deve-ter-um-dia-com-muitas-nuvens-nesta-segunda.webp","width":280,"height":280,"caption":"Ouro Preto deve ter um dia com muitas nuvens"},{"@type":"WebSite","@id":"https:\/\/www.encontraminasgerais.com.br\/ouro-preto\/#website","url":"https:\/\/www.encontraminasgerais.com.br\/ouro-preto\/","name":"Guia Comercial de Ouro Preto MG","description":"O Encontra Ouro Preto \u00e9 o guia mais completo da cidade Ouro Preto com com\u00e9rcios, servi\u00e7os, noticias, jornal, hist\u00f3ria e lazer da cidade.","potentialAction":[{"@type":"SearchAction","target":{"@type":"EntryPoint","urlTemplate":"https:\/\/www.encontraminasgerais.com.br\/ouro-preto\/?s={search_term_string}"},"query-input":{"@type":"PropertyValueSpecification","valueRequired":true,"valueName":"search_term_string"}}],"inLanguage":"pt-BR"},{"@type":"Person","@id":"https:\/\/www.encontraminasgerais.com.br\/ouro-preto\/#\/schema\/person\/d55d0e79e38dd7d6474efd815b181c4d","name":"Encontra Ouro Preto","image":{"@type":"ImageObject","inLanguage":"pt-BR","@id":"https:\/\/secure.gravatar.com\/avatar\/c50c17820bcf322f0a8fd6b110b8c0918141409dc69076470f6fca5fee70a5d4?s=96&d=mm&r=g","url":"https:\/\/secure.gravatar.com\/avatar\/c50c17820bcf322f0a8fd6b110b8c0918141409dc69076470f6fca5fee70a5d4?s=96&d=mm&r=g","contentUrl":"https:\/\/secure.gravatar.com\/avatar\/c50c17820bcf322f0a8fd6b110b8c0918141409dc69076470f6fca5fee70a5d4?s=96&d=mm&r=g","caption":"Encontra Ouro Preto"},"url":"https:\/\/www.encontraminasgerais.com.br\/ouro-preto\/author\/encontraouropreto\/"}]}},"_links":{"self":[{"href":"https:\/\/www.encontraminasgerais.com.br\/ouro-preto\/wp-json\/wp\/v2\/posts\/4390","targetHints":{"allow":["GET"]}}],"collection":[{"href":"https:\/\/www.encontraminasgerais.com.br\/ouro-preto\/wp-json\/wp\/v2\/posts"}],"about":[{"href":"https:\/\/www.encontraminasgerais.com.br\/ouro-preto\/wp-json\/wp\/v2\/types\/post"}],"author":[{"embeddable":true,"href":"https:\/\/www.encontraminasgerais.com.br\/ouro-preto\/wp-json\/wp\/v2\/users\/1"}],"replies":[{"embeddable":true,"href":"https:\/\/www.encontraminasgerais.com.br\/ouro-preto\/wp-json\/wp\/v2\/comments?post=4390"}],"version-history":[{"count":0,"href":"https:\/\/www.encontraminasgerais.com.br\/ouro-preto\/wp-json\/wp\/v2\/posts\/4390\/revisions"}],"wp:featuredmedia":[{"embeddable":true,"href":"https:\/\/www.encontraminasgerais.com.br\/ouro-preto\/wp-json\/wp\/v2\/media\/4389"}],"wp:attachment":[{"href":"https:\/\/www.encontraminasgerais.com.br\/ouro-preto\/wp-json\/wp\/v2\/media?parent=4390"}],"wp:term":[{"taxonomy":"category","embeddable":true,"href":"https:\/\/www.encontraminasgerais.com.br\/ouro-preto\/wp-json\/wp\/v2\/categories?post=4390"},{"taxonomy":"post_tag","embeddable":true,"href":"https:\/\/www.encontraminasgerais.com.br\/ouro-preto\/wp-json\/wp\/v2\/tags?post=4390"}],"curies":[{"name":"wp","href":"https:\/\/api.w.org\/{rel}","templated":true}]}}