{"id":4424,"date":"2026-02-24T06:44:38","date_gmt":"2026-02-24T09:44:38","guid":{"rendered":"https:\/\/www.encontraminasgerais.com.br\/ouro-preto\/vagas-nesta-sexta\/"},"modified":"2026-02-24T06:44:38","modified_gmt":"2026-02-24T09:44:38","slug":"vagas-nesta-sexta","status":"publish","type":"post","link":"https:\/\/www.encontraminasgerais.com.br\/ouro-preto\/vagas-nesta-sexta\/","title":{"rendered":"Vagas nesta sexta"},"content":{"rendered":"<h2>Oportunidades no Sine de Ouro Preto<\/h2>\n<p>No dia <strong>23 de fevereiro de 2026<\/strong>, o <strong>Sistema Nacional de Emprego (Sine)<\/strong> de Ouro Preto apresenta uma ampla gama de oportunidades de trabalho, agregando um n\u00famero expressivo de vagas em v\u00e1rias \u00e1reas. As op\u00e7\u00f5es v\u00e3o desde aqueles que est\u00e3o em busca do <strong>primeiro emprego<\/strong> at\u00e9 profissionais experientes, com destaque especial para entrevistas com <strong>Pessoas com Defici\u00eancia (PCDs)<\/strong>.<\/p>\n<h2>Destaque para a Rede Farid<\/h2>\n<p>Um dos principais atrativos deste levantamento \u00e9 a rede <strong>Grupo Farid<\/strong>, que oferece <strong>75 vagas<\/strong>, com a distribui\u00e7\u00e3o das oportunidades sendo:<\/p>\n<ul>\n<li><strong>Ouro Preto:<\/strong> 20 vagas<\/li>\n<li><strong>Cachoeira do Campo:<\/strong> 30 vagas<\/li>\n<li><strong>Ant\u00f4nio Pereira\/Mariana:<\/strong> 25 vagas<\/li>\n<\/ul>\n<p>Essas oportunidades abrangem fun\u00e7\u00f5es diversas, muitas das quais n\u00e3o exigem experi\u00eancia pr\u00e9via, proporcionando uma chance valiosa para aqueles que buscam entrar no mercado de trabalho.<\/p>\n<p><img decoding=\"async\" src=\"https:\/\/www.encontraminasgerais.com.br\/ouro-preto\/wp-content\/uploads\/2026\/02\/vagas-nesta-sexta.webp\" alt=\"Vagas no Sine de Ouro Preto\" loading=\"lazy\" \/><\/p>\n<h2>Vagas Inclusivas e Sem Experi\u00eancia<\/h2>\n<p>Al\u00e9m das vagas mencionadas, o Sine tamb\u00e9m disponibiliza oportunidades inclusivas. Os interessados podem encontrar posi\u00e7\u00f5es que n\u00e3o exigem experi\u00eancia, facilitando a entrada no mercado profissional para muitos candidatos. Isso \u00e9 uma \u00f3tima alternativa para jovens e pessoas que est\u00e3o recome\u00e7ando suas trajet\u00f3rias.<\/p>\n<h2>Como se Candidatar \u00e0s Vagas<\/h2>\n<p>Os interessados em se inscrever nas vagas dispon\u00edveis podem faz\u00ea-lo de diferentes maneiras:<\/p>\n<ul>\n<li>Presencialmente nas unidades do Sine;<\/li>\n<li>Atrav\u00e9s do site: <a href=\"https:\/\/www.gov.br\/pt-br\/temas\/carteira-de-trabalho-digital\">Carteira de Trabalho Digital<\/a>;<\/li>\n<li>Usando o aplicativo <strong>Sine F\u00e1cil<\/strong>.<\/li>\n<\/ul>\n<p>\u00c9 crucial que os candidatos estejam atentos \u00e0s exig\u00eancias de cada vaga para garantir uma aplica\u00e7\u00e3o bem-sucedida.<\/p>\n<h2>Valorizando o Primeiro Emprego<\/h2>\n<p>Conseguir o primeiro emprego pode ser um desafio, mas existem algumas estrat\u00e9gias que podem facilitar esse processo. Os candidatos devem:<\/p>\n<ul>\n<li><strong>Elaborar um curr\u00edculo claro:<\/strong> O curr\u00edculo deve ser bem estruturado e destacar as habilidades e forma\u00e7\u00f5es relevantes.<\/li>\n<li><strong>Participar de entrevistas simuladas:<\/strong> Isso ajuda a desenvolver confian\u00e7a e habilidades de comunica\u00e7\u00e3o.<\/li>\n<\/ul>\n<p>Investir em aperfei\u00e7oamento e em cursos extracurriculares pode aumentar suas chances de sucesso.<\/p>\n<h2>Import\u00e2ncia da Qualifica\u00e7\u00e3o Profissional<\/h2>\n<p>A qualifica\u00e7\u00e3o profissional \u00e9 uma ferramenta fundamental para o sucesso no mercado de trabalho. Sempre que poss\u00edvel, busque aprimorar suas habilidades e conhecimentos por meio de cursos online ou presenciais, palestras e workshops. Demonstrar uma vontade cont\u00ednua de aprender pode ser um diferencial importante em processos seletivos.<\/p>\n<h2>Dicas para se Destacar na Sele\u00e7\u00e3o<\/h2>\n<p>Para destacar-se em uma sele\u00e7\u00e3o de vagas, considere as seguintes dicas:<\/p>\n<ul>\n<li><strong>Personalize seu curr\u00edculo:<\/strong> Adapte seu curr\u00edculo para que ele se encaixe na vaga desejada, ressaltando as habilidades espec\u00edficas que foram requisitadas.<\/li>\n<li><strong>Prepare-se para a entrevista:<\/strong> Conhe\u00e7a a empresa e prepare-se para perguntas comuns de entrevistas.<\/li>\n<li><strong>Seja pontual:<\/strong> Chegar a tempo \u00e9 fundamental para causar uma boa primeira impress\u00e3o.<\/li>\n<\/ul>\n<h2>Vagas Dispon\u00edveis em Diversas \u00c1reas<\/h2>\n<p>Os setores com vagas abertas incluem, mas n\u00e3o se limitam a:<\/p>\n<ul>\n<li>Alimentos e bebidas;<\/li>\n<li>Servi\u00e7os de manuten\u00e7\u00e3o;<\/li>\n<li>Atendimento ao cliente;<\/li>\n<li>Setor industrial.<\/li>\n<\/ul>\n<p>Isso garante que haja oportunidades para diversos perfis de candidatos.<\/p>\n<h2>Acesso ao Aplicativo Sine F\u00e1cil<\/h2>\n<p>O aplicativo <strong>Sine F\u00e1cil<\/strong> \u00e9 uma \u00f3tima ferramenta para facilitar o acesso \u00e0s vagas. Nele, o usu\u00e1rio pode:<\/p>\n<ul>\n<li>Buscar e se candidatar a vagas;<\/li>\n<li>Enviar curr\u00edculos;<\/li>\n<li>Acompanhar o status de suas aplica\u00e7\u00f5es.<\/li>\n<\/ul>\n<p>Cadastrar-se no aplicativo \u00e9 simples e r\u00e1pido, possibilitando agilidade na busca por oportunidades.<\/p>\n<h2>Informa\u00e7\u00f5es Importantes para Candidatos<\/h2>\n<p>\u00c9 sempre recomend\u00e1vel que os candidatos confiram as informa\u00e7\u00f5es diretamente na fonte. O Sine de Ouro Preto n\u00e3o se responsabiliza por informa\u00e7\u00f5es que possam estar desatualizadas. Fique sempre atento aos detalhes das vagas e busque o m\u00e1ximo de informa\u00e7\u00f5es poss\u00edveis para se preparar adequadamente.<\/p>\n<p><strong>Importante:<\/strong> Este conte\u00fado \u00e9 destinado a informar sobre as oportunidades de trabalho dispon\u00edveis e n\u00e3o substitui a consulta direta com o Sine de Ouro Preto.<\/p>\n<p>Por meio destas informa\u00e7\u00f5es, espera-se que mais pessoas consigam se inserir no mercado de trabalho e encontrar a oportunidade ideal para seu desenvolvimento profissional.<\/p>\n","protected":false},"excerpt":{"rendered":"<p>Oportunidades do Sine de Ouro Preto: 75 vagas abertas na rede Farid.<\/p>\n","protected":false},"author":1,"featured_media":4423,"comment_status":"open","ping_status":"open","sticky":false,"template":"","format":"standard","meta":{"footnotes":""},"categories":[5],"tags":[],"class_list":["post-4424","post","type-post","status-publish","format-standard","has-post-thumbnail","hentry","category-noticias","has_thumb"],"yoast_head":"<!-- This site is optimized with the Yoast SEO plugin v27.2 - https:\/\/yoast.com\/product\/yoast-seo-wordpress\/ -->\n<title>Vagas nesta sexta | Guia Comercial de Ouro Preto MG<\/title>\n<meta name=\"robots\" content=\"index, follow, max-snippet:-1, max-image-preview:large, max-video-preview:-1\" \/>\n<link rel=\"canonical\" href=\"https:\/\/www.encontraminasgerais.com.br\/ouro-preto\/vagas-nesta-sexta\/\" \/>\n<meta property=\"og:locale\" content=\"pt_BR\" \/>\n<meta property=\"og:type\" content=\"article\" \/>\n<meta property=\"og:title\" content=\"Vagas nesta sexta | Guia Comercial de Ouro Preto MG\" \/>\n<meta property=\"og:description\" content=\"Oportunidades do Sine de Ouro Preto: 75 vagas abertas na rede Farid.\" \/>\n<meta property=\"og:url\" content=\"https:\/\/www.encontraminasgerais.com.br\/ouro-preto\/vagas-nesta-sexta\/\" \/>\n<meta property=\"og:site_name\" content=\"Guia Comercial de Ouro Preto MG\" \/>\n<meta property=\"article:published_time\" content=\"2026-02-24T09:44:38+00:00\" \/>\n<meta property=\"og:image\" content=\"https:\/\/www.encontraminasgerais.com.br\/ouro-preto\/wp-content\/uploads\/2026\/02\/vagas-nesta-sexta.webp\" \/>\n<meta name=\"author\" content=\"Encontra Ouro Preto\" \/>\n<meta name=\"twitter:card\" content=\"summary_large_image\" \/>\n<meta name=\"twitter:label1\" content=\"Escrito por\" \/>\n\t<meta name=\"twitter:data1\" content=\"Encontra Ouro Preto\" \/>\n\t<meta name=\"twitter:label2\" content=\"Est. tempo de leitura\" \/>\n\t<meta name=\"twitter:data2\" content=\"3 minutos\" \/>\n<script type=\"application\/ld+json\" class=\"yoast-schema-graph\">{\"@context\":\"https:\/\/schema.org\",\"@graph\":[{\"@type\":\"Article\",\"@id\":\"https:\/\/www.encontraminasgerais.com.br\/ouro-preto\/vagas-nesta-sexta\/#article\",\"isPartOf\":{\"@id\":\"https:\/\/www.encontraminasgerais.com.br\/ouro-preto\/vagas-nesta-sexta\/\"},\"author\":{\"name\":\"Encontra Ouro Preto\",\"@id\":\"https:\/\/www.encontraminasgerais.com.br\/ouro-preto\/#\/schema\/person\/d55d0e79e38dd7d6474efd815b181c4d\"},\"headline\":\"Vagas nesta sexta\",\"datePublished\":\"2026-02-24T09:44:38+00:00\",\"mainEntityOfPage\":{\"@id\":\"https:\/\/www.encontraminasgerais.com.br\/ouro-preto\/vagas-nesta-sexta\/\"},\"wordCount\":651,\"commentCount\":0,\"image\":{\"@id\":\"https:\/\/www.encontraminasgerais.com.br\/ouro-preto\/vagas-nesta-sexta\/#primaryimage\"},\"thumbnailUrl\":\"https:\/\/www.encontraminasgerais.com.br\/ouro-preto\/wp-content\/uploads\/2026\/02\/vagas-nesta-sexta.webp\",\"articleSection\":[\"Not\u00edcias Ouro Preto\"],\"inLanguage\":\"pt-BR\",\"potentialAction\":[{\"@type\":\"CommentAction\",\"name\":\"Comment\",\"target\":[\"https:\/\/www.encontraminasgerais.com.br\/ouro-preto\/vagas-nesta-sexta\/#respond\"]}]},{\"@type\":\"WebPage\",\"@id\":\"https:\/\/www.encontraminasgerais.com.br\/ouro-preto\/vagas-nesta-sexta\/\",\"url\":\"https:\/\/www.encontraminasgerais.com.br\/ouro-preto\/vagas-nesta-sexta\/\",\"name\":\"Vagas nesta sexta | Guia Comercial de Ouro Preto MG\",\"isPartOf\":{\"@id\":\"https:\/\/www.encontraminasgerais.com.br\/ouro-preto\/#website\"},\"primaryImageOfPage\":{\"@id\":\"https:\/\/www.encontraminasgerais.com.br\/ouro-preto\/vagas-nesta-sexta\/#primaryimage\"},\"image\":{\"@id\":\"https:\/\/www.encontraminasgerais.com.br\/ouro-preto\/vagas-nesta-sexta\/#primaryimage\"},\"thumbnailUrl\":\"https:\/\/www.encontraminasgerais.com.br\/ouro-preto\/wp-content\/uploads\/2026\/02\/vagas-nesta-sexta.webp\",\"datePublished\":\"2026-02-24T09:44:38+00:00\",\"author\":{\"@id\":\"https:\/\/www.encontraminasgerais.com.br\/ouro-preto\/#\/schema\/person\/d55d0e79e38dd7d6474efd815b181c4d\"},\"inLanguage\":\"pt-BR\",\"potentialAction\":[{\"@type\":\"ReadAction\",\"target\":[\"https:\/\/www.encontraminasgerais.com.br\/ouro-preto\/vagas-nesta-sexta\/\"]}]},{\"@type\":\"ImageObject\",\"inLanguage\":\"pt-BR\",\"@id\":\"https:\/\/www.encontraminasgerais.com.br\/ouro-preto\/vagas-nesta-sexta\/#primaryimage\",\"url\":\"https:\/\/www.encontraminasgerais.com.br\/ouro-preto\/wp-content\/uploads\/2026\/02\/vagas-nesta-sexta.webp\",\"contentUrl\":\"https:\/\/www.encontraminasgerais.com.br\/ouro-preto\/wp-content\/uploads\/2026\/02\/vagas-nesta-sexta.webp\",\"width\":280,\"height\":280,\"caption\":\"Vagas no Sine de Ouro Preto\"},{\"@type\":\"WebSite\",\"@id\":\"https:\/\/www.encontraminasgerais.com.br\/ouro-preto\/#website\",\"url\":\"https:\/\/www.encontraminasgerais.com.br\/ouro-preto\/\",\"name\":\"Guia Comercial de Ouro Preto MG\",\"description\":\"O Encontra Ouro Preto \u00e9 o guia mais completo da cidade Ouro Preto com com\u00e9rcios, servi\u00e7os, noticias, jornal, hist\u00f3ria e lazer da cidade.\",\"potentialAction\":[{\"@type\":\"SearchAction\",\"target\":{\"@type\":\"EntryPoint\",\"urlTemplate\":\"https:\/\/www.encontraminasgerais.com.br\/ouro-preto\/?s={search_term_string}\"},\"query-input\":{\"@type\":\"PropertyValueSpecification\",\"valueRequired\":true,\"valueName\":\"search_term_string\"}}],\"inLanguage\":\"pt-BR\"},{\"@type\":\"Person\",\"@id\":\"https:\/\/www.encontraminasgerais.com.br\/ouro-preto\/#\/schema\/person\/d55d0e79e38dd7d6474efd815b181c4d\",\"name\":\"Encontra Ouro Preto\",\"image\":{\"@type\":\"ImageObject\",\"inLanguage\":\"pt-BR\",\"@id\":\"https:\/\/secure.gravatar.com\/avatar\/c50c17820bcf322f0a8fd6b110b8c0918141409dc69076470f6fca5fee70a5d4?s=96&d=mm&r=g\",\"url\":\"https:\/\/secure.gravatar.com\/avatar\/c50c17820bcf322f0a8fd6b110b8c0918141409dc69076470f6fca5fee70a5d4?s=96&d=mm&r=g\",\"contentUrl\":\"https:\/\/secure.gravatar.com\/avatar\/c50c17820bcf322f0a8fd6b110b8c0918141409dc69076470f6fca5fee70a5d4?s=96&d=mm&r=g\",\"caption\":\"Encontra Ouro Preto\"},\"url\":\"https:\/\/www.encontraminasgerais.com.br\/ouro-preto\/author\/encontraouropreto\/\"}]}<\/script>\n<!-- \/ Yoast SEO plugin. -->","yoast_head_json":{"title":"Vagas nesta sexta | Guia Comercial de Ouro Preto MG","robots":{"index":"index","follow":"follow","max-snippet":"max-snippet:-1","max-image-preview":"max-image-preview:large","max-video-preview":"max-video-preview:-1"},"canonical":"https:\/\/www.encontraminasgerais.com.br\/ouro-preto\/vagas-nesta-sexta\/","og_locale":"pt_BR","og_type":"article","og_title":"Vagas nesta sexta | Guia Comercial de Ouro Preto MG","og_description":"Oportunidades do Sine de Ouro Preto: 75 vagas abertas na rede Farid.","og_url":"https:\/\/www.encontraminasgerais.com.br\/ouro-preto\/vagas-nesta-sexta\/","og_site_name":"Guia Comercial de Ouro Preto MG","article_published_time":"2026-02-24T09:44:38+00:00","og_image":[{"url":"https:\/\/www.encontraminasgerais.com.br\/ouro-preto\/wp-content\/uploads\/2026\/02\/vagas-nesta-sexta.webp","type":"","width":"","height":""}],"author":"Encontra Ouro Preto","twitter_card":"summary_large_image","twitter_misc":{"Escrito por":"Encontra Ouro Preto","Est. tempo de leitura":"3 minutos"},"schema":{"@context":"https:\/\/schema.org","@graph":[{"@type":"Article","@id":"https:\/\/www.encontraminasgerais.com.br\/ouro-preto\/vagas-nesta-sexta\/#article","isPartOf":{"@id":"https:\/\/www.encontraminasgerais.com.br\/ouro-preto\/vagas-nesta-sexta\/"},"author":{"name":"Encontra Ouro Preto","@id":"https:\/\/www.encontraminasgerais.com.br\/ouro-preto\/#\/schema\/person\/d55d0e79e38dd7d6474efd815b181c4d"},"headline":"Vagas nesta sexta","datePublished":"2026-02-24T09:44:38+00:00","mainEntityOfPage":{"@id":"https:\/\/www.encontraminasgerais.com.br\/ouro-preto\/vagas-nesta-sexta\/"},"wordCount":651,"commentCount":0,"image":{"@id":"https:\/\/www.encontraminasgerais.com.br\/ouro-preto\/vagas-nesta-sexta\/#primaryimage"},"thumbnailUrl":"https:\/\/www.encontraminasgerais.com.br\/ouro-preto\/wp-content\/uploads\/2026\/02\/vagas-nesta-sexta.webp","articleSection":["Not\u00edcias Ouro Preto"],"inLanguage":"pt-BR","potentialAction":[{"@type":"CommentAction","name":"Comment","target":["https:\/\/www.encontraminasgerais.com.br\/ouro-preto\/vagas-nesta-sexta\/#respond"]}]},{"@type":"WebPage","@id":"https:\/\/www.encontraminasgerais.com.br\/ouro-preto\/vagas-nesta-sexta\/","url":"https:\/\/www.encontraminasgerais.com.br\/ouro-preto\/vagas-nesta-sexta\/","name":"Vagas nesta sexta | Guia Comercial de Ouro Preto MG","isPartOf":{"@id":"https:\/\/www.encontraminasgerais.com.br\/ouro-preto\/#website"},"primaryImageOfPage":{"@id":"https:\/\/www.encontraminasgerais.com.br\/ouro-preto\/vagas-nesta-sexta\/#primaryimage"},"image":{"@id":"https:\/\/www.encontraminasgerais.com.br\/ouro-preto\/vagas-nesta-sexta\/#primaryimage"},"thumbnailUrl":"https:\/\/www.encontraminasgerais.com.br\/ouro-preto\/wp-content\/uploads\/2026\/02\/vagas-nesta-sexta.webp","datePublished":"2026-02-24T09:44:38+00:00","author":{"@id":"https:\/\/www.encontraminasgerais.com.br\/ouro-preto\/#\/schema\/person\/d55d0e79e38dd7d6474efd815b181c4d"},"inLanguage":"pt-BR","potentialAction":[{"@type":"ReadAction","target":["https:\/\/www.encontraminasgerais.com.br\/ouro-preto\/vagas-nesta-sexta\/"]}]},{"@type":"ImageObject","inLanguage":"pt-BR","@id":"https:\/\/www.encontraminasgerais.com.br\/ouro-preto\/vagas-nesta-sexta\/#primaryimage","url":"https:\/\/www.encontraminasgerais.com.br\/ouro-preto\/wp-content\/uploads\/2026\/02\/vagas-nesta-sexta.webp","contentUrl":"https:\/\/www.encontraminasgerais.com.br\/ouro-preto\/wp-content\/uploads\/2026\/02\/vagas-nesta-sexta.webp","width":280,"height":280,"caption":"Vagas no Sine de Ouro Preto"},{"@type":"WebSite","@id":"https:\/\/www.encontraminasgerais.com.br\/ouro-preto\/#website","url":"https:\/\/www.encontraminasgerais.com.br\/ouro-preto\/","name":"Guia Comercial de Ouro Preto MG","description":"O Encontra Ouro Preto \u00e9 o guia mais completo da cidade Ouro Preto com com\u00e9rcios, servi\u00e7os, noticias, jornal, hist\u00f3ria e lazer da cidade.","potentialAction":[{"@type":"SearchAction","target":{"@type":"EntryPoint","urlTemplate":"https:\/\/www.encontraminasgerais.com.br\/ouro-preto\/?s={search_term_string}"},"query-input":{"@type":"PropertyValueSpecification","valueRequired":true,"valueName":"search_term_string"}}],"inLanguage":"pt-BR"},{"@type":"Person","@id":"https:\/\/www.encontraminasgerais.com.br\/ouro-preto\/#\/schema\/person\/d55d0e79e38dd7d6474efd815b181c4d","name":"Encontra Ouro Preto","image":{"@type":"ImageObject","inLanguage":"pt-BR","@id":"https:\/\/secure.gravatar.com\/avatar\/c50c17820bcf322f0a8fd6b110b8c0918141409dc69076470f6fca5fee70a5d4?s=96&d=mm&r=g","url":"https:\/\/secure.gravatar.com\/avatar\/c50c17820bcf322f0a8fd6b110b8c0918141409dc69076470f6fca5fee70a5d4?s=96&d=mm&r=g","contentUrl":"https:\/\/secure.gravatar.com\/avatar\/c50c17820bcf322f0a8fd6b110b8c0918141409dc69076470f6fca5fee70a5d4?s=96&d=mm&r=g","caption":"Encontra Ouro Preto"},"url":"https:\/\/www.encontraminasgerais.com.br\/ouro-preto\/author\/encontraouropreto\/"}]}},"_links":{"self":[{"href":"https:\/\/www.encontraminasgerais.com.br\/ouro-preto\/wp-json\/wp\/v2\/posts\/4424","targetHints":{"allow":["GET"]}}],"collection":[{"href":"https:\/\/www.encontraminasgerais.com.br\/ouro-preto\/wp-json\/wp\/v2\/posts"}],"about":[{"href":"https:\/\/www.encontraminasgerais.com.br\/ouro-preto\/wp-json\/wp\/v2\/types\/post"}],"author":[{"embeddable":true,"href":"https:\/\/www.encontraminasgerais.com.br\/ouro-preto\/wp-json\/wp\/v2\/users\/1"}],"replies":[{"embeddable":true,"href":"https:\/\/www.encontraminasgerais.com.br\/ouro-preto\/wp-json\/wp\/v2\/comments?post=4424"}],"version-history":[{"count":0,"href":"https:\/\/www.encontraminasgerais.com.br\/ouro-preto\/wp-json\/wp\/v2\/posts\/4424\/revisions"}],"wp:featuredmedia":[{"embeddable":true,"href":"https:\/\/www.encontraminasgerais.com.br\/ouro-preto\/wp-json\/wp\/v2\/media\/4423"}],"wp:attachment":[{"href":"https:\/\/www.encontraminasgerais.com.br\/ouro-preto\/wp-json\/wp\/v2\/media?parent=4424"}],"wp:term":[{"taxonomy":"category","embeddable":true,"href":"https:\/\/www.encontraminasgerais.com.br\/ouro-preto\/wp-json\/wp\/v2\/categories?post=4424"},{"taxonomy":"post_tag","embeddable":true,"href":"https:\/\/www.encontraminasgerais.com.br\/ouro-preto\/wp-json\/wp\/v2\/tags?post=4424"}],"curies":[{"name":"wp","href":"https:\/\/api.w.org\/{rel}","templated":true}]}}