{"id":4454,"date":"2026-03-02T06:41:37","date_gmt":"2026-03-02T09:41:37","guid":{"rendered":"https:\/\/www.encontraminasgerais.com.br\/ouro-preto\/ouro-preto-deve-ter-um-dia-de-ceu-nublado-com-pancadas-rapidas-neste-sabado-28\/"},"modified":"2026-03-02T06:41:37","modified_gmt":"2026-03-02T09:41:37","slug":"ouro-preto-deve-ter-um-dia-de-ceu-nublado-com-pancadas-rapidas-neste-sabado-28","status":"publish","type":"post","link":"https:\/\/www.encontraminasgerais.com.br\/ouro-preto\/ouro-preto-deve-ter-um-dia-de-ceu-nublado-com-pancadas-rapidas-neste-sabado-28\/","title":{"rendered":"Ouro Preto deve ter um dia de c\u00e9u nublado com pancadas r\u00e1pidas neste s\u00e1bado (28)"},"content":{"rendered":"<h2>Previs\u00e3o Completa do Tempo para Ouro Preto<\/h2>\n<p>A previs\u00e3o do tempo para Ouro Preto, em Minas Gerais, neste s\u00e1bado, dia 28 de fevereiro de 2026, indica um c\u00e9u predominantemente nublado, com algumas pancadas de chuva ocorrendo rapidamente durante o dia. De acordo com as informa\u00e7\u00f5es do Instituto Nacional de Meteorologia (INMET), as temperaturas na cidade ter\u00e3o uma amplitude que varia entre 12\u00b0C e 27\u00b0C, apresentando uma alta probabilidade de chuvas intermitentes ao longo do dia.<\/p>\n<h2>Temperaturas M\u00ednimas e M\u00e1ximas do Dia<\/h2>\n<p>A temperatura em Ouro Preto se inicia de forma amena nas primeiras horas da madrugada, registrando cerca de 12\u00b0C. \u00c0 medida que o dia avan\u00e7a, os term\u00f4metros indicam um leve aumento na temperatura, alcan\u00e7ando a m\u00e1xima de 27\u00b0C. No per\u00edodo da tarde, espera-se um clima mais quente, mantendo a temperatura m\u00e1xima j\u00e1 mencionada, que se estabiliza novamente pr\u00f3ximo \u00e0 noite, tamb\u00e9m em torno de 12\u00b0C.<\/p>\n<h2>Umidade Relativa do Ar ao Longo do Dia<\/h2>\n<p>A umidade relativa do ar em Ouro Preto apresentar\u00e1 varia\u00e7\u00f5es significativas ao longo do dia. O \u00edndice de umidade poder\u00e1 atingir 100% durante as horas da manh\u00e3, especialmente devido \u00e0 presen\u00e7a das nuvens e poss\u00edveis chuvas, diminuindo gradualmente para cerca de 50% nas condi\u00e7\u00f5es mais secas da tarde.<\/p>\n<p><img decoding=\"async\" src=\"https:\/\/www.encontraminasgerais.com.br\/ouro-preto\/wp-content\/uploads\/2026\/03\/ouro-preto-deve-ter-um-dia-de-ceu-nublado-com-pancadas-rapidas-neste-sabado-28.webp\" alt=\"Ouro Preto\" loading=\"lazy\" \/><\/p>\n<h2>Dire\u00e7\u00e3o e Intensidade do Vento em Ouro Preto<\/h2>\n<p>Os ventos na regi\u00e3o de Ouro Preto devem ser predominantemente leves, com dire\u00e7\u00e3o do sul para o sudeste ao longo do dia. O nascer do sol est\u00e1 previsto para ocorrer \u00e0s 05h52 e o p\u00f4r do sol est\u00e1 programado para \u00e0s 18h24, proporcionando uma bela vista para os moradores e visitantes.<\/p>\n<h2>Como Ser\u00e1 a Tarde em Ouro Preto?<\/h2>\n<p>Durante a tarde em Ouro Preto, espera-se um clima quente, com term\u00f4metros indicando a temperatura m\u00e1xima de 27\u00b0C. A presen\u00e7a de nuvens ser\u00e1 uma constante, assim como a possibilidade de chuvas intermitentes. Embora o sol possa aparecer em alguns momentos, as nuvens devem predominar, introduzindo um clima mais fresco em rela\u00e7\u00e3o aos dias totalmente ensolarados.<\/p>\n<h2>Expectativas para as Noites em Ouro Preto<\/h2>\n<p>Na parte da noite, as temperaturas devem permanecer est\u00e1veis em torno de 12\u00b0C, encerrando o dia de forma amena. As nuvens continuar\u00e3o a dominar o c\u00e9u, e as pancadas de chuva poder\u00e3o ocorrer, mantendo a umidade do ar alta e um clima mais fresco durante as horas noturnas.<\/p>\n<h2>O Que Esperar para os Pr\u00f3ximos Dias?<\/h2>\n<p>Em rela\u00e7\u00e3o aos dias seguintes, est\u00e3o previstas condi\u00e7\u00f5es variadas para Ouro Preto. No domingo, o c\u00e9u dever\u00e1 estar totalmente nublado, com temperaturas oscilando entre 13\u00b0C e 27\u00b0C. Na segunda-feira, as temperaturas devem variar entre 14\u00b0C e 27\u00b0C, ainda com c\u00e9u nublado. J\u00e1 na ter\u00e7a-feira, as temperaturas dever\u00e3o aumentar um pouco, ficando entre 16\u00b0C e 29\u00b0C, mas as nuvens continuar\u00e3o a predominar. Na quarta-feira, espera-se uma temperatura entre 16\u00b0C e 30\u00b0C com possibilidade de chuviscos.<\/p>\n<h2>C\u00e9u Nublado e Pancadas de Chuva<\/h2>\n<p>O clima em Ouro Preto ser\u00e1 caracterizado por um c\u00e9u nublado e a possibilidade constante de chuvas. A previs\u00e3o indica que essas pancadas poder\u00e3o ser r\u00e1pidas, mas, mesmo assim, \u00e9 prudente que os moradores e visitantes estejam preparados para a umidade e poss\u00edveis interrup\u00e7\u00f5es na agenda devido ao tempo inst\u00e1vel.<\/p>\n<h2>Condi\u00e7\u00f5es de Tempo para o Fim de Semana<\/h2>\n<p>Para o fim de semana, espera-se que as condi\u00e7\u00f5es clim\u00e1ticas sejam similares \u00e0s do s\u00e1bado, com a possibilidade de chuvas intermitentes e c\u00e9u nublado. As temperaturas dever\u00e3o manter a tend\u00eancia de oscilar entre os 12\u00b0C nas horas mais frescas e 27\u00b0C durante as partes mais quentes do dia. O ideal \u00e9 que as pessoas portem um guarda-chuva ou capa de chuva, caso tenham planos de atividades ao ar livre.<\/p>\n<h2>Dicas para Aproveitar o Clima em Ouro Preto<\/h2>\n<p>Embora o tempo seja inst\u00e1vel, h\u00e1 v\u00e1rias maneiras de aproveitar um dia em Ouro Preto. Aqui est\u00e3o algumas sugest\u00f5es:  <\/p>\n<ul>\n<li><strong>Visitas a Museus:<\/strong> A cidade \u00e9 rica em hist\u00f3ria e cultura, com v\u00e1rios museus e centros culturais onde \u00e9 poss\u00edvel se abrigar das chuvas e aprender mais sobre a \u00e9poca colonial.<\/li>\n<li><strong>Caf\u00e9s Aconchegantes:<\/strong> Aproveite para relaxar em um dos muitos caf\u00e9s localizados na cidade, onde voc\u00ea pode degustar a culin\u00e1ria mineira e um bom caf\u00e9.<\/li>\n<li><strong>Passeios Hist\u00f3ricos:<\/strong> Muitos pontos tur\u00edsticos de Ouro Preto s\u00e3o cobertos, e realizar um passeio pelas ruas de pedra sob a prote\u00e7\u00e3o de um guarda-chuva pode ser uma experi\u00eancia \u00fanica.<\/li>\n<li><strong>Compras de Artesanato:<\/strong> As lojas de artesanato s\u00e3o uma \u00f3tima op\u00e7\u00e3o para quem quer levar um pouco da cultura local para casa, enquanto desfruta do clima.<\/li>\n<\/ul>\n<p>Em resumo, o clima durante o fim de semana em Ouro Preto ser\u00e1 nublado e com chuvas r\u00e1pidas. As temperaturas devem variar conforme delineado, e h\u00e1 diversas formas de aproveitar a cidade, independentemente das condi\u00e7\u00f5es clim\u00e1ticas.<\/p>\n","protected":false},"excerpt":{"rendered":"<p>Ouro Preto ter\u00e1 um dia nublado com pancadas de chuva e temperaturas entre 12\u00b0C e 27\u00b0C.<\/p>\n","protected":false},"author":1,"featured_media":4453,"comment_status":"open","ping_status":"open","sticky":false,"template":"","format":"standard","meta":{"footnotes":""},"categories":[5],"tags":[],"class_list":["post-4454","post","type-post","status-publish","format-standard","has-post-thumbnail","hentry","category-noticias","has_thumb"],"yoast_head":"<!-- This site is optimized with the Yoast SEO plugin v27.2 - https:\/\/yoast.com\/product\/yoast-seo-wordpress\/ -->\n<title>Ouro Preto deve ter um dia de c\u00e9u nublado com pancadas r\u00e1pidas neste s\u00e1bado (28) | Guia Comercial de Ouro Preto MG<\/title>\n<meta name=\"robots\" content=\"index, follow, max-snippet:-1, max-image-preview:large, max-video-preview:-1\" \/>\n<link rel=\"canonical\" href=\"https:\/\/www.encontraminasgerais.com.br\/ouro-preto\/ouro-preto-deve-ter-um-dia-de-ceu-nublado-com-pancadas-rapidas-neste-sabado-28\/\" \/>\n<meta property=\"og:locale\" content=\"pt_BR\" \/>\n<meta property=\"og:type\" content=\"article\" \/>\n<meta property=\"og:title\" content=\"Ouro Preto deve ter um dia de c\u00e9u nublado com pancadas r\u00e1pidas neste s\u00e1bado (28) | Guia Comercial de Ouro Preto MG\" \/>\n<meta property=\"og:description\" content=\"Ouro Preto ter\u00e1 um dia nublado com pancadas de chuva e temperaturas entre 12\u00b0C e 27\u00b0C.\" \/>\n<meta property=\"og:url\" content=\"https:\/\/www.encontraminasgerais.com.br\/ouro-preto\/ouro-preto-deve-ter-um-dia-de-ceu-nublado-com-pancadas-rapidas-neste-sabado-28\/\" \/>\n<meta property=\"og:site_name\" content=\"Guia Comercial de Ouro Preto MG\" \/>\n<meta property=\"article:published_time\" content=\"2026-03-02T09:41:37+00:00\" \/>\n<meta property=\"og:image\" content=\"https:\/\/www.encontraminasgerais.com.br\/ouro-preto\/wp-content\/uploads\/2026\/03\/ouro-preto-deve-ter-um-dia-de-ceu-nublado-com-pancadas-rapidas-neste-sabado-28.webp\" \/>\n<meta name=\"author\" content=\"Encontra Ouro Preto\" \/>\n<meta name=\"twitter:card\" content=\"summary_large_image\" \/>\n<meta name=\"twitter:label1\" content=\"Escrito por\" \/>\n\t<meta name=\"twitter:data1\" content=\"Encontra Ouro Preto\" \/>\n\t<meta name=\"twitter:label2\" content=\"Est. tempo de leitura\" \/>\n\t<meta name=\"twitter:data2\" content=\"4 minutos\" \/>\n<script type=\"application\/ld+json\" class=\"yoast-schema-graph\">{\"@context\":\"https:\/\/schema.org\",\"@graph\":[{\"@type\":\"Article\",\"@id\":\"https:\/\/www.encontraminasgerais.com.br\/ouro-preto\/ouro-preto-deve-ter-um-dia-de-ceu-nublado-com-pancadas-rapidas-neste-sabado-28\/#article\",\"isPartOf\":{\"@id\":\"https:\/\/www.encontraminasgerais.com.br\/ouro-preto\/ouro-preto-deve-ter-um-dia-de-ceu-nublado-com-pancadas-rapidas-neste-sabado-28\/\"},\"author\":{\"name\":\"Encontra Ouro Preto\",\"@id\":\"https:\/\/www.encontraminasgerais.com.br\/ouro-preto\/#\/schema\/person\/d55d0e79e38dd7d6474efd815b181c4d\"},\"headline\":\"Ouro Preto deve ter um dia de c\u00e9u nublado com pancadas r\u00e1pidas neste s\u00e1bado (28)\",\"datePublished\":\"2026-03-02T09:41:37+00:00\",\"mainEntityOfPage\":{\"@id\":\"https:\/\/www.encontraminasgerais.com.br\/ouro-preto\/ouro-preto-deve-ter-um-dia-de-ceu-nublado-com-pancadas-rapidas-neste-sabado-28\/\"},\"wordCount\":847,\"commentCount\":0,\"image\":{\"@id\":\"https:\/\/www.encontraminasgerais.com.br\/ouro-preto\/ouro-preto-deve-ter-um-dia-de-ceu-nublado-com-pancadas-rapidas-neste-sabado-28\/#primaryimage\"},\"thumbnailUrl\":\"https:\/\/www.encontraminasgerais.com.br\/ouro-preto\/wp-content\/uploads\/2026\/03\/ouro-preto-deve-ter-um-dia-de-ceu-nublado-com-pancadas-rapidas-neste-sabado-28.webp\",\"articleSection\":[\"Not\u00edcias Ouro Preto\"],\"inLanguage\":\"pt-BR\",\"potentialAction\":[{\"@type\":\"CommentAction\",\"name\":\"Comment\",\"target\":[\"https:\/\/www.encontraminasgerais.com.br\/ouro-preto\/ouro-preto-deve-ter-um-dia-de-ceu-nublado-com-pancadas-rapidas-neste-sabado-28\/#respond\"]}]},{\"@type\":\"WebPage\",\"@id\":\"https:\/\/www.encontraminasgerais.com.br\/ouro-preto\/ouro-preto-deve-ter-um-dia-de-ceu-nublado-com-pancadas-rapidas-neste-sabado-28\/\",\"url\":\"https:\/\/www.encontraminasgerais.com.br\/ouro-preto\/ouro-preto-deve-ter-um-dia-de-ceu-nublado-com-pancadas-rapidas-neste-sabado-28\/\",\"name\":\"Ouro Preto deve ter um dia de c\u00e9u nublado com pancadas r\u00e1pidas neste s\u00e1bado (28) | Guia Comercial de Ouro Preto MG\",\"isPartOf\":{\"@id\":\"https:\/\/www.encontraminasgerais.com.br\/ouro-preto\/#website\"},\"primaryImageOfPage\":{\"@id\":\"https:\/\/www.encontraminasgerais.com.br\/ouro-preto\/ouro-preto-deve-ter-um-dia-de-ceu-nublado-com-pancadas-rapidas-neste-sabado-28\/#primaryimage\"},\"image\":{\"@id\":\"https:\/\/www.encontraminasgerais.com.br\/ouro-preto\/ouro-preto-deve-ter-um-dia-de-ceu-nublado-com-pancadas-rapidas-neste-sabado-28\/#primaryimage\"},\"thumbnailUrl\":\"https:\/\/www.encontraminasgerais.com.br\/ouro-preto\/wp-content\/uploads\/2026\/03\/ouro-preto-deve-ter-um-dia-de-ceu-nublado-com-pancadas-rapidas-neste-sabado-28.webp\",\"datePublished\":\"2026-03-02T09:41:37+00:00\",\"author\":{\"@id\":\"https:\/\/www.encontraminasgerais.com.br\/ouro-preto\/#\/schema\/person\/d55d0e79e38dd7d6474efd815b181c4d\"},\"inLanguage\":\"pt-BR\",\"potentialAction\":[{\"@type\":\"ReadAction\",\"target\":[\"https:\/\/www.encontraminasgerais.com.br\/ouro-preto\/ouro-preto-deve-ter-um-dia-de-ceu-nublado-com-pancadas-rapidas-neste-sabado-28\/\"]}]},{\"@type\":\"ImageObject\",\"inLanguage\":\"pt-BR\",\"@id\":\"https:\/\/www.encontraminasgerais.com.br\/ouro-preto\/ouro-preto-deve-ter-um-dia-de-ceu-nublado-com-pancadas-rapidas-neste-sabado-28\/#primaryimage\",\"url\":\"https:\/\/www.encontraminasgerais.com.br\/ouro-preto\/wp-content\/uploads\/2026\/03\/ouro-preto-deve-ter-um-dia-de-ceu-nublado-com-pancadas-rapidas-neste-sabado-28.webp\",\"contentUrl\":\"https:\/\/www.encontraminasgerais.com.br\/ouro-preto\/wp-content\/uploads\/2026\/03\/ouro-preto-deve-ter-um-dia-de-ceu-nublado-com-pancadas-rapidas-neste-sabado-28.webp\",\"width\":280,\"height\":280,\"caption\":\"Ouro Preto\"},{\"@type\":\"WebSite\",\"@id\":\"https:\/\/www.encontraminasgerais.com.br\/ouro-preto\/#website\",\"url\":\"https:\/\/www.encontraminasgerais.com.br\/ouro-preto\/\",\"name\":\"Guia Comercial de Ouro Preto MG\",\"description\":\"O Encontra Ouro Preto \u00e9 o guia mais completo da cidade Ouro Preto com com\u00e9rcios, servi\u00e7os, noticias, jornal, hist\u00f3ria e lazer da cidade.\",\"potentialAction\":[{\"@type\":\"SearchAction\",\"target\":{\"@type\":\"EntryPoint\",\"urlTemplate\":\"https:\/\/www.encontraminasgerais.com.br\/ouro-preto\/?s={search_term_string}\"},\"query-input\":{\"@type\":\"PropertyValueSpecification\",\"valueRequired\":true,\"valueName\":\"search_term_string\"}}],\"inLanguage\":\"pt-BR\"},{\"@type\":\"Person\",\"@id\":\"https:\/\/www.encontraminasgerais.com.br\/ouro-preto\/#\/schema\/person\/d55d0e79e38dd7d6474efd815b181c4d\",\"name\":\"Encontra Ouro Preto\",\"image\":{\"@type\":\"ImageObject\",\"inLanguage\":\"pt-BR\",\"@id\":\"https:\/\/secure.gravatar.com\/avatar\/c50c17820bcf322f0a8fd6b110b8c0918141409dc69076470f6fca5fee70a5d4?s=96&d=mm&r=g\",\"url\":\"https:\/\/secure.gravatar.com\/avatar\/c50c17820bcf322f0a8fd6b110b8c0918141409dc69076470f6fca5fee70a5d4?s=96&d=mm&r=g\",\"contentUrl\":\"https:\/\/secure.gravatar.com\/avatar\/c50c17820bcf322f0a8fd6b110b8c0918141409dc69076470f6fca5fee70a5d4?s=96&d=mm&r=g\",\"caption\":\"Encontra Ouro Preto\"},\"url\":\"https:\/\/www.encontraminasgerais.com.br\/ouro-preto\/author\/encontraouropreto\/\"}]}<\/script>\n<!-- \/ Yoast SEO plugin. -->","yoast_head_json":{"title":"Ouro Preto deve ter um dia de c\u00e9u nublado com pancadas r\u00e1pidas neste s\u00e1bado (28) | Guia Comercial de Ouro Preto MG","robots":{"index":"index","follow":"follow","max-snippet":"max-snippet:-1","max-image-preview":"max-image-preview:large","max-video-preview":"max-video-preview:-1"},"canonical":"https:\/\/www.encontraminasgerais.com.br\/ouro-preto\/ouro-preto-deve-ter-um-dia-de-ceu-nublado-com-pancadas-rapidas-neste-sabado-28\/","og_locale":"pt_BR","og_type":"article","og_title":"Ouro Preto deve ter um dia de c\u00e9u nublado com pancadas r\u00e1pidas neste s\u00e1bado (28) | Guia Comercial de Ouro Preto MG","og_description":"Ouro Preto ter\u00e1 um dia nublado com pancadas de chuva e temperaturas entre 12\u00b0C e 27\u00b0C.","og_url":"https:\/\/www.encontraminasgerais.com.br\/ouro-preto\/ouro-preto-deve-ter-um-dia-de-ceu-nublado-com-pancadas-rapidas-neste-sabado-28\/","og_site_name":"Guia Comercial de Ouro Preto MG","article_published_time":"2026-03-02T09:41:37+00:00","og_image":[{"url":"https:\/\/www.encontraminasgerais.com.br\/ouro-preto\/wp-content\/uploads\/2026\/03\/ouro-preto-deve-ter-um-dia-de-ceu-nublado-com-pancadas-rapidas-neste-sabado-28.webp","type":"","width":"","height":""}],"author":"Encontra Ouro Preto","twitter_card":"summary_large_image","twitter_misc":{"Escrito por":"Encontra Ouro Preto","Est. tempo de leitura":"4 minutos"},"schema":{"@context":"https:\/\/schema.org","@graph":[{"@type":"Article","@id":"https:\/\/www.encontraminasgerais.com.br\/ouro-preto\/ouro-preto-deve-ter-um-dia-de-ceu-nublado-com-pancadas-rapidas-neste-sabado-28\/#article","isPartOf":{"@id":"https:\/\/www.encontraminasgerais.com.br\/ouro-preto\/ouro-preto-deve-ter-um-dia-de-ceu-nublado-com-pancadas-rapidas-neste-sabado-28\/"},"author":{"name":"Encontra Ouro Preto","@id":"https:\/\/www.encontraminasgerais.com.br\/ouro-preto\/#\/schema\/person\/d55d0e79e38dd7d6474efd815b181c4d"},"headline":"Ouro Preto deve ter um dia de c\u00e9u nublado com pancadas r\u00e1pidas neste s\u00e1bado (28)","datePublished":"2026-03-02T09:41:37+00:00","mainEntityOfPage":{"@id":"https:\/\/www.encontraminasgerais.com.br\/ouro-preto\/ouro-preto-deve-ter-um-dia-de-ceu-nublado-com-pancadas-rapidas-neste-sabado-28\/"},"wordCount":847,"commentCount":0,"image":{"@id":"https:\/\/www.encontraminasgerais.com.br\/ouro-preto\/ouro-preto-deve-ter-um-dia-de-ceu-nublado-com-pancadas-rapidas-neste-sabado-28\/#primaryimage"},"thumbnailUrl":"https:\/\/www.encontraminasgerais.com.br\/ouro-preto\/wp-content\/uploads\/2026\/03\/ouro-preto-deve-ter-um-dia-de-ceu-nublado-com-pancadas-rapidas-neste-sabado-28.webp","articleSection":["Not\u00edcias Ouro Preto"],"inLanguage":"pt-BR","potentialAction":[{"@type":"CommentAction","name":"Comment","target":["https:\/\/www.encontraminasgerais.com.br\/ouro-preto\/ouro-preto-deve-ter-um-dia-de-ceu-nublado-com-pancadas-rapidas-neste-sabado-28\/#respond"]}]},{"@type":"WebPage","@id":"https:\/\/www.encontraminasgerais.com.br\/ouro-preto\/ouro-preto-deve-ter-um-dia-de-ceu-nublado-com-pancadas-rapidas-neste-sabado-28\/","url":"https:\/\/www.encontraminasgerais.com.br\/ouro-preto\/ouro-preto-deve-ter-um-dia-de-ceu-nublado-com-pancadas-rapidas-neste-sabado-28\/","name":"Ouro Preto deve ter um dia de c\u00e9u nublado com pancadas r\u00e1pidas neste s\u00e1bado (28) | Guia Comercial de Ouro Preto MG","isPartOf":{"@id":"https:\/\/www.encontraminasgerais.com.br\/ouro-preto\/#website"},"primaryImageOfPage":{"@id":"https:\/\/www.encontraminasgerais.com.br\/ouro-preto\/ouro-preto-deve-ter-um-dia-de-ceu-nublado-com-pancadas-rapidas-neste-sabado-28\/#primaryimage"},"image":{"@id":"https:\/\/www.encontraminasgerais.com.br\/ouro-preto\/ouro-preto-deve-ter-um-dia-de-ceu-nublado-com-pancadas-rapidas-neste-sabado-28\/#primaryimage"},"thumbnailUrl":"https:\/\/www.encontraminasgerais.com.br\/ouro-preto\/wp-content\/uploads\/2026\/03\/ouro-preto-deve-ter-um-dia-de-ceu-nublado-com-pancadas-rapidas-neste-sabado-28.webp","datePublished":"2026-03-02T09:41:37+00:00","author":{"@id":"https:\/\/www.encontraminasgerais.com.br\/ouro-preto\/#\/schema\/person\/d55d0e79e38dd7d6474efd815b181c4d"},"inLanguage":"pt-BR","potentialAction":[{"@type":"ReadAction","target":["https:\/\/www.encontraminasgerais.com.br\/ouro-preto\/ouro-preto-deve-ter-um-dia-de-ceu-nublado-com-pancadas-rapidas-neste-sabado-28\/"]}]},{"@type":"ImageObject","inLanguage":"pt-BR","@id":"https:\/\/www.encontraminasgerais.com.br\/ouro-preto\/ouro-preto-deve-ter-um-dia-de-ceu-nublado-com-pancadas-rapidas-neste-sabado-28\/#primaryimage","url":"https:\/\/www.encontraminasgerais.com.br\/ouro-preto\/wp-content\/uploads\/2026\/03\/ouro-preto-deve-ter-um-dia-de-ceu-nublado-com-pancadas-rapidas-neste-sabado-28.webp","contentUrl":"https:\/\/www.encontraminasgerais.com.br\/ouro-preto\/wp-content\/uploads\/2026\/03\/ouro-preto-deve-ter-um-dia-de-ceu-nublado-com-pancadas-rapidas-neste-sabado-28.webp","width":280,"height":280,"caption":"Ouro Preto"},{"@type":"WebSite","@id":"https:\/\/www.encontraminasgerais.com.br\/ouro-preto\/#website","url":"https:\/\/www.encontraminasgerais.com.br\/ouro-preto\/","name":"Guia Comercial de Ouro Preto MG","description":"O Encontra Ouro Preto \u00e9 o guia mais completo da cidade Ouro Preto com com\u00e9rcios, servi\u00e7os, noticias, jornal, hist\u00f3ria e lazer da cidade.","potentialAction":[{"@type":"SearchAction","target":{"@type":"EntryPoint","urlTemplate":"https:\/\/www.encontraminasgerais.com.br\/ouro-preto\/?s={search_term_string}"},"query-input":{"@type":"PropertyValueSpecification","valueRequired":true,"valueName":"search_term_string"}}],"inLanguage":"pt-BR"},{"@type":"Person","@id":"https:\/\/www.encontraminasgerais.com.br\/ouro-preto\/#\/schema\/person\/d55d0e79e38dd7d6474efd815b181c4d","name":"Encontra Ouro Preto","image":{"@type":"ImageObject","inLanguage":"pt-BR","@id":"https:\/\/secure.gravatar.com\/avatar\/c50c17820bcf322f0a8fd6b110b8c0918141409dc69076470f6fca5fee70a5d4?s=96&d=mm&r=g","url":"https:\/\/secure.gravatar.com\/avatar\/c50c17820bcf322f0a8fd6b110b8c0918141409dc69076470f6fca5fee70a5d4?s=96&d=mm&r=g","contentUrl":"https:\/\/secure.gravatar.com\/avatar\/c50c17820bcf322f0a8fd6b110b8c0918141409dc69076470f6fca5fee70a5d4?s=96&d=mm&r=g","caption":"Encontra Ouro Preto"},"url":"https:\/\/www.encontraminasgerais.com.br\/ouro-preto\/author\/encontraouropreto\/"}]}},"_links":{"self":[{"href":"https:\/\/www.encontraminasgerais.com.br\/ouro-preto\/wp-json\/wp\/v2\/posts\/4454","targetHints":{"allow":["GET"]}}],"collection":[{"href":"https:\/\/www.encontraminasgerais.com.br\/ouro-preto\/wp-json\/wp\/v2\/posts"}],"about":[{"href":"https:\/\/www.encontraminasgerais.com.br\/ouro-preto\/wp-json\/wp\/v2\/types\/post"}],"author":[{"embeddable":true,"href":"https:\/\/www.encontraminasgerais.com.br\/ouro-preto\/wp-json\/wp\/v2\/users\/1"}],"replies":[{"embeddable":true,"href":"https:\/\/www.encontraminasgerais.com.br\/ouro-preto\/wp-json\/wp\/v2\/comments?post=4454"}],"version-history":[{"count":0,"href":"https:\/\/www.encontraminasgerais.com.br\/ouro-preto\/wp-json\/wp\/v2\/posts\/4454\/revisions"}],"wp:featuredmedia":[{"embeddable":true,"href":"https:\/\/www.encontraminasgerais.com.br\/ouro-preto\/wp-json\/wp\/v2\/media\/4453"}],"wp:attachment":[{"href":"https:\/\/www.encontraminasgerais.com.br\/ouro-preto\/wp-json\/wp\/v2\/media?parent=4454"}],"wp:term":[{"taxonomy":"category","embeddable":true,"href":"https:\/\/www.encontraminasgerais.com.br\/ouro-preto\/wp-json\/wp\/v2\/categories?post=4454"},{"taxonomy":"post_tag","embeddable":true,"href":"https:\/\/www.encontraminasgerais.com.br\/ouro-preto\/wp-json\/wp\/v2\/tags?post=4454"}],"curies":[{"name":"wp","href":"https:\/\/api.w.org\/{rel}","templated":true}]}}