{"id":4482,"date":"2026-03-08T06:39:47","date_gmt":"2026-03-08T09:39:47","guid":{"rendered":"https:\/\/www.encontraminasgerais.com.br\/ouro-preto\/vereador-pede-inclusao-de-bairros-da-sede-no-cronograma-do-cras-volante-em-ouro-preto\/"},"modified":"2026-03-08T06:39:47","modified_gmt":"2026-03-08T09:39:47","slug":"vereador-pede-inclusao-de-bairros-da-sede-no-cronograma-do-cras-volante-em-ouro-preto","status":"publish","type":"post","link":"https:\/\/www.encontraminasgerais.com.br\/ouro-preto\/vereador-pede-inclusao-de-bairros-da-sede-no-cronograma-do-cras-volante-em-ouro-preto\/","title":{"rendered":"Vereador pede inclus\u00e3o de bairros da sede no cronograma do CRAS Volante em Ouro Preto"},"content":{"rendered":"<h2>O que \u00e9 o CRAS Volante?<\/h2>\n<p>O CRAS Volante \u00e9 um servi\u00e7o da Secretaria Municipal de Desenvolvimento Social que visa levar assist\u00eancia social a \u00e1reas remotas, como comunidades rurais e distritos. Ele utiliza uma van equipada para realizar atendimentos em locais que normalmente n\u00e3o t\u00eam acesso facilitado a servi\u00e7os sociais. Os servi\u00e7os inclu\u00eddos s\u00e3o cadastramento no Cadastro \u00danico, orienta\u00e7\u00f5es sobre programas sociais e encaminhamentos para benef\u00edcios.<\/p>\n<h2>Por que incluir bairros da sede?<\/h2>\n<p>A inclus\u00e3o dos bairros da sede de Ouro Preto no cronograma do CRAS Volante se faz necess\u00e1ria devido \u00e0 grande dist\u00e2ncia que alguns cidad\u00e3os enfrentam para acessar os servi\u00e7os disponibilizados nas unidades fixas do CRAS. Muitos bairros est\u00e3o localizados longe das unidades principais, dificultando o acesso a servi\u00e7os ess\u00eancias para o bem-estar da popula\u00e7\u00e3o.<\/p>\n<h2>A situa\u00e7\u00e3o atual dos atendimentos<\/h2>\n<p>A cidade de Ouro Preto conta com unidades fixas do CRAS, por\u00e9m, a localiza\u00e7\u00e3o de algumas delas pode afastar os moradores que precisam de assist\u00eancia social. O vereador Matheus Pacheco ressaltou que mesmo com a presen\u00e7a de unidades na cidade, \u00e9 imprescind\u00edvel considerar os bairros mais distantes, que carecem de atendimento adequado e que podem se beneficiar do CRAS Volante.<\/p>\n<h2>Benef\u00edcios da proposta para a comunidade<\/h2>\n<p>A proposta de expandir o CRAS Volante para os bairros da sede traz v\u00e1rios benef\u00edcios, incluindo:<\/p>\n<ul>\n<li><strong>Aumento do Acesso:<\/strong> Facilita a chegada de servi\u00e7os essenciais a quem mais precisa.<\/li>\n<li><strong>Redu\u00e7\u00e3o de Deslocamentos:<\/strong> Diminui a necessidade de longas viagens at\u00e9 as unidades fixas, especialmente para aqueles sem acesso ao transporte p\u00fablico.<\/li>\n<li><strong>Promo\u00e7\u00e3o de Inclus\u00e3o Social:<\/strong> Aumenta a participa\u00e7\u00e3o das fam\u00edlias nos programas sociais oferecidos pela prefeitura.<\/li>\n<\/ul>\n<h2>Depoimentos de moradores sobre dist\u00e2ncias<\/h2>\n<p>Moradores de bairros afastados, como Saramenha, compartilham suas experi\u00eancias sobre as dificuldades enfrentadas para acessar os servi\u00e7os do CRAS. Um depoimento revela que &#8220;a dist\u00e2ncia \u00e9 um desafio, e muitas vezes n\u00e3o temos como ir at\u00e9 as unidades&#8221;. Essa realidade faz com que muitos n\u00e3o consigam receber a assist\u00eancia necess\u00e1ria.<\/p>\n<h2>Impacto da falta de transporte p\u00fablico<\/h2>\n<p>A escassez de linhas de \u00f4nibus e a falta de transporte p\u00fablico adequado prejudicam ainda mais os moradores que precisam acessar servi\u00e7os sociais em Ouro Preto. Sem transporte, fam\u00edlias inteiras ficam frustradas e incapazes de buscar o apoio que necessitam, aumentando a vulnerabilidade social.<\/p>\n<h2>Como funciona o atendimento do CRAS<\/h2>\n<p>O funcionamento do CRAS se d\u00e1 por meio de uma equipe composta por assistentes sociais, psic\u00f3logos, pedagogos e educadores sociais, que trabalham para oferecer a\u00e7\u00f5es de preven\u00e7\u00e3o e fortalecimento de v\u00ednculos com as fam\u00edlias. As unidades oferecem oficinas, palestras e atendimentos voltados ao Servi\u00e7o de Prote\u00e7\u00e3o e Atendimento Integral \u00e0 Fam\u00edlia (PAIF). Esses servi\u00e7os acontecem de segunda a sexta-feira, das 8h \u00e0s 17h.<\/p>\n<h2>O papel do vereador Matheus Pacheco<\/h2>\n<p>O vereador Matheus Pacheco (PV) tem se destacado ao buscar melhorias na assist\u00eancia social em Ouro Preto. Anteriormente, ele j\u00e1 conseguiu recursos por meio de emenda parlamentar para a compra da van que atua no CRAS Volante. Com a proposta atual, ele continua mostrando seu comprometimento em garantir que todos os cidad\u00e3os tenham acesso a servi\u00e7os sociais.<\/p>\n<h2>Pr\u00f3ximos passos para a implementa\u00e7\u00e3o<\/h2>\n<p>Para explorar a viabilidade de incluir novos bairros no cronograma do CRAS Volante, o vereador Pacheco planeja uma reuni\u00e3o com a Secretaria Municipal de Desenvolvimento Social. A discuss\u00e3o poder\u00e1 abrir portas para a expans\u00e3o deste servi\u00e7o essencial.<\/p>\n<h2>A import\u00e2ncia da assist\u00eancia social em Ouro Preto<\/h2>\n<p>A assist\u00eancia social em Ouro Preto \u00e9 vital para garantir que as fam\u00edlias em situa\u00e7\u00e3o de vulnerabilidade tenham acesso a direitos e servi\u00e7os que podem melhorar sua qualidade de vida. Com iniciativas como o CRAS Volante, o munic\u00edpio se aproxima de alcan\u00e7ar um modelo mais inclusivo e acess\u00edvel, possibilitando que todos os cidad\u00e3os tenham as mesmas oportunidades de assist\u00eancia e apoio.<\/p>\n","protected":false},"excerpt":{"rendered":"<p>Vereador pede inclus\u00e3o de bairros da sede no cronograma do CRAS Volante.<\/p>\n","protected":false},"author":1,"featured_media":0,"comment_status":"open","ping_status":"open","sticky":false,"template":"","format":"standard","meta":{"footnotes":""},"categories":[5],"tags":[],"class_list":["post-4482","post","type-post","status-publish","format-standard","hentry","category-noticias"],"yoast_head":"<!-- This site is optimized with the Yoast SEO plugin v27.2 - https:\/\/yoast.com\/product\/yoast-seo-wordpress\/ -->\n<title>Vereador pede inclus\u00e3o de bairros da sede no cronograma do CRAS Volante em Ouro Preto | Guia Comercial de Ouro Preto MG<\/title>\n<meta name=\"robots\" content=\"index, follow, max-snippet:-1, max-image-preview:large, max-video-preview:-1\" \/>\n<link rel=\"canonical\" href=\"https:\/\/www.encontraminasgerais.com.br\/ouro-preto\/vereador-pede-inclusao-de-bairros-da-sede-no-cronograma-do-cras-volante-em-ouro-preto\/\" \/>\n<meta property=\"og:locale\" content=\"pt_BR\" \/>\n<meta property=\"og:type\" content=\"article\" \/>\n<meta property=\"og:title\" content=\"Vereador pede inclus\u00e3o de bairros da sede no cronograma do CRAS Volante em Ouro Preto | Guia Comercial de Ouro Preto MG\" \/>\n<meta property=\"og:description\" content=\"Vereador pede inclus\u00e3o de bairros da sede no cronograma do CRAS Volante.\" \/>\n<meta property=\"og:url\" content=\"https:\/\/www.encontraminasgerais.com.br\/ouro-preto\/vereador-pede-inclusao-de-bairros-da-sede-no-cronograma-do-cras-volante-em-ouro-preto\/\" \/>\n<meta property=\"og:site_name\" content=\"Guia Comercial de Ouro Preto MG\" \/>\n<meta property=\"article:published_time\" content=\"2026-03-08T09:39:47+00:00\" \/>\n<meta name=\"author\" content=\"Encontra Ouro Preto\" \/>\n<meta name=\"twitter:card\" content=\"summary_large_image\" \/>\n<meta name=\"twitter:label1\" content=\"Escrito por\" \/>\n\t<meta name=\"twitter:data1\" content=\"Encontra Ouro Preto\" \/>\n\t<meta name=\"twitter:label2\" content=\"Est. tempo de leitura\" \/>\n\t<meta name=\"twitter:data2\" content=\"3 minutos\" \/>\n<script type=\"application\/ld+json\" class=\"yoast-schema-graph\">{\"@context\":\"https:\/\/schema.org\",\"@graph\":[{\"@type\":\"Article\",\"@id\":\"https:\/\/www.encontraminasgerais.com.br\/ouro-preto\/vereador-pede-inclusao-de-bairros-da-sede-no-cronograma-do-cras-volante-em-ouro-preto\/#article\",\"isPartOf\":{\"@id\":\"https:\/\/www.encontraminasgerais.com.br\/ouro-preto\/vereador-pede-inclusao-de-bairros-da-sede-no-cronograma-do-cras-volante-em-ouro-preto\/\"},\"author\":{\"name\":\"Encontra Ouro Preto\",\"@id\":\"https:\/\/www.encontraminasgerais.com.br\/ouro-preto\/#\/schema\/person\/d55d0e79e38dd7d6474efd815b181c4d\"},\"headline\":\"Vereador pede inclus\u00e3o de bairros da sede no cronograma do CRAS Volante em Ouro Preto\",\"datePublished\":\"2026-03-08T09:39:47+00:00\",\"mainEntityOfPage\":{\"@id\":\"https:\/\/www.encontraminasgerais.com.br\/ouro-preto\/vereador-pede-inclusao-de-bairros-da-sede-no-cronograma-do-cras-volante-em-ouro-preto\/\"},\"wordCount\":695,\"commentCount\":0,\"articleSection\":[\"Not\u00edcias Ouro Preto\"],\"inLanguage\":\"pt-BR\",\"potentialAction\":[{\"@type\":\"CommentAction\",\"name\":\"Comment\",\"target\":[\"https:\/\/www.encontraminasgerais.com.br\/ouro-preto\/vereador-pede-inclusao-de-bairros-da-sede-no-cronograma-do-cras-volante-em-ouro-preto\/#respond\"]}]},{\"@type\":\"WebPage\",\"@id\":\"https:\/\/www.encontraminasgerais.com.br\/ouro-preto\/vereador-pede-inclusao-de-bairros-da-sede-no-cronograma-do-cras-volante-em-ouro-preto\/\",\"url\":\"https:\/\/www.encontraminasgerais.com.br\/ouro-preto\/vereador-pede-inclusao-de-bairros-da-sede-no-cronograma-do-cras-volante-em-ouro-preto\/\",\"name\":\"Vereador pede inclus\u00e3o de bairros da sede no cronograma do CRAS Volante em Ouro Preto | Guia Comercial de Ouro Preto MG\",\"isPartOf\":{\"@id\":\"https:\/\/www.encontraminasgerais.com.br\/ouro-preto\/#website\"},\"datePublished\":\"2026-03-08T09:39:47+00:00\",\"author\":{\"@id\":\"https:\/\/www.encontraminasgerais.com.br\/ouro-preto\/#\/schema\/person\/d55d0e79e38dd7d6474efd815b181c4d\"},\"inLanguage\":\"pt-BR\",\"potentialAction\":[{\"@type\":\"ReadAction\",\"target\":[\"https:\/\/www.encontraminasgerais.com.br\/ouro-preto\/vereador-pede-inclusao-de-bairros-da-sede-no-cronograma-do-cras-volante-em-ouro-preto\/\"]}]},{\"@type\":\"WebSite\",\"@id\":\"https:\/\/www.encontraminasgerais.com.br\/ouro-preto\/#website\",\"url\":\"https:\/\/www.encontraminasgerais.com.br\/ouro-preto\/\",\"name\":\"Guia Comercial de Ouro Preto MG\",\"description\":\"O Encontra Ouro Preto \u00e9 o guia mais completo da cidade Ouro Preto com com\u00e9rcios, servi\u00e7os, noticias, jornal, hist\u00f3ria e lazer da cidade.\",\"potentialAction\":[{\"@type\":\"SearchAction\",\"target\":{\"@type\":\"EntryPoint\",\"urlTemplate\":\"https:\/\/www.encontraminasgerais.com.br\/ouro-preto\/?s={search_term_string}\"},\"query-input\":{\"@type\":\"PropertyValueSpecification\",\"valueRequired\":true,\"valueName\":\"search_term_string\"}}],\"inLanguage\":\"pt-BR\"},{\"@type\":\"Person\",\"@id\":\"https:\/\/www.encontraminasgerais.com.br\/ouro-preto\/#\/schema\/person\/d55d0e79e38dd7d6474efd815b181c4d\",\"name\":\"Encontra Ouro Preto\",\"image\":{\"@type\":\"ImageObject\",\"inLanguage\":\"pt-BR\",\"@id\":\"https:\/\/secure.gravatar.com\/avatar\/c50c17820bcf322f0a8fd6b110b8c0918141409dc69076470f6fca5fee70a5d4?s=96&d=mm&r=g\",\"url\":\"https:\/\/secure.gravatar.com\/avatar\/c50c17820bcf322f0a8fd6b110b8c0918141409dc69076470f6fca5fee70a5d4?s=96&d=mm&r=g\",\"contentUrl\":\"https:\/\/secure.gravatar.com\/avatar\/c50c17820bcf322f0a8fd6b110b8c0918141409dc69076470f6fca5fee70a5d4?s=96&d=mm&r=g\",\"caption\":\"Encontra Ouro Preto\"},\"url\":\"https:\/\/www.encontraminasgerais.com.br\/ouro-preto\/author\/encontraouropreto\/\"}]}<\/script>\n<!-- \/ Yoast SEO plugin. -->","yoast_head_json":{"title":"Vereador pede inclus\u00e3o de bairros da sede no cronograma do CRAS Volante em Ouro Preto | Guia Comercial de Ouro Preto MG","robots":{"index":"index","follow":"follow","max-snippet":"max-snippet:-1","max-image-preview":"max-image-preview:large","max-video-preview":"max-video-preview:-1"},"canonical":"https:\/\/www.encontraminasgerais.com.br\/ouro-preto\/vereador-pede-inclusao-de-bairros-da-sede-no-cronograma-do-cras-volante-em-ouro-preto\/","og_locale":"pt_BR","og_type":"article","og_title":"Vereador pede inclus\u00e3o de bairros da sede no cronograma do CRAS Volante em Ouro Preto | Guia Comercial de Ouro Preto MG","og_description":"Vereador pede inclus\u00e3o de bairros da sede no cronograma do CRAS Volante.","og_url":"https:\/\/www.encontraminasgerais.com.br\/ouro-preto\/vereador-pede-inclusao-de-bairros-da-sede-no-cronograma-do-cras-volante-em-ouro-preto\/","og_site_name":"Guia Comercial de Ouro Preto MG","article_published_time":"2026-03-08T09:39:47+00:00","author":"Encontra Ouro Preto","twitter_card":"summary_large_image","twitter_misc":{"Escrito por":"Encontra Ouro Preto","Est. tempo de leitura":"3 minutos"},"schema":{"@context":"https:\/\/schema.org","@graph":[{"@type":"Article","@id":"https:\/\/www.encontraminasgerais.com.br\/ouro-preto\/vereador-pede-inclusao-de-bairros-da-sede-no-cronograma-do-cras-volante-em-ouro-preto\/#article","isPartOf":{"@id":"https:\/\/www.encontraminasgerais.com.br\/ouro-preto\/vereador-pede-inclusao-de-bairros-da-sede-no-cronograma-do-cras-volante-em-ouro-preto\/"},"author":{"name":"Encontra Ouro Preto","@id":"https:\/\/www.encontraminasgerais.com.br\/ouro-preto\/#\/schema\/person\/d55d0e79e38dd7d6474efd815b181c4d"},"headline":"Vereador pede inclus\u00e3o de bairros da sede no cronograma do CRAS Volante em Ouro Preto","datePublished":"2026-03-08T09:39:47+00:00","mainEntityOfPage":{"@id":"https:\/\/www.encontraminasgerais.com.br\/ouro-preto\/vereador-pede-inclusao-de-bairros-da-sede-no-cronograma-do-cras-volante-em-ouro-preto\/"},"wordCount":695,"commentCount":0,"articleSection":["Not\u00edcias Ouro Preto"],"inLanguage":"pt-BR","potentialAction":[{"@type":"CommentAction","name":"Comment","target":["https:\/\/www.encontraminasgerais.com.br\/ouro-preto\/vereador-pede-inclusao-de-bairros-da-sede-no-cronograma-do-cras-volante-em-ouro-preto\/#respond"]}]},{"@type":"WebPage","@id":"https:\/\/www.encontraminasgerais.com.br\/ouro-preto\/vereador-pede-inclusao-de-bairros-da-sede-no-cronograma-do-cras-volante-em-ouro-preto\/","url":"https:\/\/www.encontraminasgerais.com.br\/ouro-preto\/vereador-pede-inclusao-de-bairros-da-sede-no-cronograma-do-cras-volante-em-ouro-preto\/","name":"Vereador pede inclus\u00e3o de bairros da sede no cronograma do CRAS Volante em Ouro Preto | Guia Comercial de Ouro Preto MG","isPartOf":{"@id":"https:\/\/www.encontraminasgerais.com.br\/ouro-preto\/#website"},"datePublished":"2026-03-08T09:39:47+00:00","author":{"@id":"https:\/\/www.encontraminasgerais.com.br\/ouro-preto\/#\/schema\/person\/d55d0e79e38dd7d6474efd815b181c4d"},"inLanguage":"pt-BR","potentialAction":[{"@type":"ReadAction","target":["https:\/\/www.encontraminasgerais.com.br\/ouro-preto\/vereador-pede-inclusao-de-bairros-da-sede-no-cronograma-do-cras-volante-em-ouro-preto\/"]}]},{"@type":"WebSite","@id":"https:\/\/www.encontraminasgerais.com.br\/ouro-preto\/#website","url":"https:\/\/www.encontraminasgerais.com.br\/ouro-preto\/","name":"Guia Comercial de Ouro Preto MG","description":"O Encontra Ouro Preto \u00e9 o guia mais completo da cidade Ouro Preto com com\u00e9rcios, servi\u00e7os, noticias, jornal, hist\u00f3ria e lazer da cidade.","potentialAction":[{"@type":"SearchAction","target":{"@type":"EntryPoint","urlTemplate":"https:\/\/www.encontraminasgerais.com.br\/ouro-preto\/?s={search_term_string}"},"query-input":{"@type":"PropertyValueSpecification","valueRequired":true,"valueName":"search_term_string"}}],"inLanguage":"pt-BR"},{"@type":"Person","@id":"https:\/\/www.encontraminasgerais.com.br\/ouro-preto\/#\/schema\/person\/d55d0e79e38dd7d6474efd815b181c4d","name":"Encontra Ouro Preto","image":{"@type":"ImageObject","inLanguage":"pt-BR","@id":"https:\/\/secure.gravatar.com\/avatar\/c50c17820bcf322f0a8fd6b110b8c0918141409dc69076470f6fca5fee70a5d4?s=96&d=mm&r=g","url":"https:\/\/secure.gravatar.com\/avatar\/c50c17820bcf322f0a8fd6b110b8c0918141409dc69076470f6fca5fee70a5d4?s=96&d=mm&r=g","contentUrl":"https:\/\/secure.gravatar.com\/avatar\/c50c17820bcf322f0a8fd6b110b8c0918141409dc69076470f6fca5fee70a5d4?s=96&d=mm&r=g","caption":"Encontra Ouro Preto"},"url":"https:\/\/www.encontraminasgerais.com.br\/ouro-preto\/author\/encontraouropreto\/"}]}},"_links":{"self":[{"href":"https:\/\/www.encontraminasgerais.com.br\/ouro-preto\/wp-json\/wp\/v2\/posts\/4482","targetHints":{"allow":["GET"]}}],"collection":[{"href":"https:\/\/www.encontraminasgerais.com.br\/ouro-preto\/wp-json\/wp\/v2\/posts"}],"about":[{"href":"https:\/\/www.encontraminasgerais.com.br\/ouro-preto\/wp-json\/wp\/v2\/types\/post"}],"author":[{"embeddable":true,"href":"https:\/\/www.encontraminasgerais.com.br\/ouro-preto\/wp-json\/wp\/v2\/users\/1"}],"replies":[{"embeddable":true,"href":"https:\/\/www.encontraminasgerais.com.br\/ouro-preto\/wp-json\/wp\/v2\/comments?post=4482"}],"version-history":[{"count":0,"href":"https:\/\/www.encontraminasgerais.com.br\/ouro-preto\/wp-json\/wp\/v2\/posts\/4482\/revisions"}],"wp:attachment":[{"href":"https:\/\/www.encontraminasgerais.com.br\/ouro-preto\/wp-json\/wp\/v2\/media?parent=4482"}],"wp:term":[{"taxonomy":"category","embeddable":true,"href":"https:\/\/www.encontraminasgerais.com.br\/ouro-preto\/wp-json\/wp\/v2\/categories?post=4482"},{"taxonomy":"post_tag","embeddable":true,"href":"https:\/\/www.encontraminasgerais.com.br\/ouro-preto\/wp-json\/wp\/v2\/tags?post=4482"}],"curies":[{"name":"wp","href":"https:\/\/api.w.org\/{rel}","templated":true}]}}