{"id":4493,"date":"2026-03-10T06:40:48","date_gmt":"2026-03-10T09:40:48","guid":{"rendered":"https:\/\/www.encontraminasgerais.com.br\/ouro-preto\/ouro-preto-avanca-para-lancamento-de-edital-da-obra-de-contencao-do-morro-da-forca\/"},"modified":"2026-03-10T06:40:48","modified_gmt":"2026-03-10T09:40:48","slug":"ouro-preto-avanca-para-lancamento-de-edital-da-obra-de-contencao-do-morro-da-forca","status":"publish","type":"post","link":"https:\/\/www.encontraminasgerais.com.br\/ouro-preto\/ouro-preto-avanca-para-lancamento-de-edital-da-obra-de-contencao-do-morro-da-forca\/","title":{"rendered":"Ouro Preto avan\u00e7a para lan\u00e7amento de edital da obra de conten\u00e7\u00e3o do Morro da Forca"},"content":{"rendered":"<h2>Contexto da obra de conten\u00e7\u00e3o<\/h2>\n<p>A conten\u00e7\u00e3o do Morro da Forca \u00e9 uma iniciativa essencial para garantir a seguran\u00e7a e a estabilidade da \u00e1rea urbana de Ouro Preto. Nos \u00faltimos anos, a cidade tem percebido a necessidade de interven\u00e7\u00f5es neste morro, n\u00e3o apenas por quest\u00f5es de seguran\u00e7a, mas tamb\u00e9m para preservar a integridade do patrim\u00f4nio hist\u00f3rico local. Esta obra foi idealizada ap\u00f3s uma s\u00e9rie de estudos t\u00e9cnicos que indicaram a vulnerabilidade da regi\u00e3o a deslizamentos e eros\u00f5es, especialmente em per\u00edodos chuvosos.<\/p>\n<h2>Import\u00e2ncia da conten\u00e7\u00e3o do Morro da Forca<\/h2>\n<p>A import\u00e2ncia da conten\u00e7\u00e3o do Morro da Forca se destaca em v\u00e1rios aspectos. Primeiro, a obra visa proteger a vida e o patrim\u00f4nio dos cidad\u00e3os que residem nas proximidades. Segundo, a estabiliza\u00e7\u00e3o do morro evita danos \u00e0s edifica\u00e7\u00f5es hist\u00f3ricas e \u00e0 infraestrutura urbana. Al\u00e9m disso, a interven\u00e7\u00e3o pode contribuir para o desenvolvimento sustent\u00e1vel do turismo, uma vez que Ouro Preto \u00e9 um destino tur\u00edstico muito procurado, e a seguran\u00e7a \u00e9 um fator crucial para visitantes e moradores.<\/p>\n<h2>Vistorias t\u00e9cnicas realizadas pela Seinfra<\/h2>\n<p>Em 3 de mar\u00e7o de 2026, a Secretaria Municipal de Obras, liderada por Franklin Evangelista, realizou uma vistoria t\u00e9cnica junto com a equipe da Secretaria de Estado de Infraestrutura e Mobilidade. Esta vistoria teve como finalidade realizar ajustes e alinhar detalhes t\u00e9cnicos fundamentais para a elabora\u00e7\u00e3o do edital de licita\u00e7\u00e3o da obra de conten\u00e7\u00e3o. Os especialistas avaliaram a situa\u00e7\u00e3o atual da \u00e1rea e discutiram as necessidades espec\u00edficas para garantir a efic\u00e1cia da interven\u00e7\u00e3o.<\/p>\n<p><img decoding=\"async\" src=\"https:\/\/www.encontraminasgerais.com.br\/ouro-preto\/wp-content\/uploads\/2026\/03\/ouro-preto-avanca-para-lancamento-de-edital-da-obra-de-contencao-do-morro-da-forca.webp\" alt=\"lan\u00e7amento do edital\" loading=\"lazy\" \/><\/p>\n<h2>O que esperar do edital<\/h2>\n<p>O edital de licita\u00e7\u00e3o que ser\u00e1 publicado nos pr\u00f3ximos dias traz expectativas positivas para o munic\u00edpio. Ele incluir\u00e1 todos os requisitos t\u00e9cnicos e administrativos necess\u00e1rios para a sele\u00e7\u00e3o da empresa que ficar\u00e1 respons\u00e1vel pela execu\u00e7\u00e3o das obras. Al\u00e9m disso, o edital deve conter prazos, crit\u00e9rios de qualidade, e penalidades para garantir que a obra ocorra dentro dos padr\u00f5es esperados, assegurando a melhor aplica\u00e7\u00e3o dos recursos p\u00fablicos.<\/p>\n<h2>Valor destinado \u00e0 obra de conten\u00e7\u00e3o<\/h2>\n<p>Foi alocado um valor superior a R$ 34 milh\u00f5es para a execu\u00e7\u00e3o da obra de conten\u00e7\u00e3o do Morro da Forca. Esse investimento consider\u00e1vel reflete a seriedade com que a administra\u00e7\u00e3o municipal est\u00e1 tratando a quest\u00e3o da infraestrutura urbana e da seguran\u00e7a da popula\u00e7\u00e3o. O montante envolver\u00e1 custos n\u00e3o apenas com a execu\u00e7\u00e3o das obras, mas tamb\u00e9m com a supervis\u00e3o e manuten\u00e7\u00e3o ap\u00f3s a finaliza\u00e7\u00e3o.<\/p>\n<h2>Articula\u00e7\u00f5es para viabiliza\u00e7\u00e3o de recursos<\/h2>\n<p>A Secretaria Municipal de Obras tem trabalhado em articula\u00e7\u00e3o com diferentes esferas do governo para viabilizar os recursos necess\u00e1rios. Desde 2012, a\u00e7\u00f5es relacionadas ao conv\u00eanio do Programa de Acelera\u00e7\u00e3o do Crescimento foram retomadas, com solicita\u00e7\u00f5es enviadas ao Governo do Estado, ao Minist\u00e9rio das Cidades e \u00e0 Caixa Econ\u00f4mica Federal. Essas d\u00e9marches s\u00e3o fundamentais para garantir a libera\u00e7\u00e3o dos fundos e a continuidade do projeto.<\/p>\n<h2>Pr\u00f3ximas etapas do processo licitat\u00f3rio<\/h2>\n<p>Ap\u00f3s a publica\u00e7\u00e3o do edital, o pr\u00f3ximo passo ser\u00e1 a abertura do processo licitat\u00f3rio, que permitir\u00e1 a apresenta\u00e7\u00e3o de propostas por parte das empresas interessadas. O processo ser\u00e1 transpar\u00eante e contar\u00e1 com a participa\u00e7\u00e3o da sociedade civil, garantindo que o melhor projeto seja selecionado. Ap\u00f3s a escolha da empresa, haver\u00e1 um acompanhamento rigoroso das etapas da obra para assegurar que tudo ocorra conforme planejado.<\/p>\n<h2>Impactos esperados na infraestrutura urbana<\/h2>\n<p>A conten\u00e7\u00e3o do Morro da Forca promete trazer uma s\u00e9rie de benef\u00edcios para a infraestrutura urbana de Ouro Preto. Al\u00e9m de garantir a seguran\u00e7a de edifica\u00e7\u00f5es e habitantes, a obra poder\u00e1 melhorar a drenagem das \u00e1guas pluviais na regi\u00e3o. Espera-se que a interven\u00e7\u00e3o minimize o risco de deslizamentos de terra, promovendo uma melhor qualidade de vida para os moradores da \u00e1rea.<\/p>\n<h2>Como a popula\u00e7\u00e3o ser\u00e1 envolvida<\/h2>\n<p>O planejamento da obra tamb\u00e9m prev\u00ea envolver a popula\u00e7\u00e3o local em diferentes etapas do projeto. Audi\u00eancias p\u00fablicas ser\u00e3o realizadas para discutir as interven\u00e7\u00f5es e ouvir sugest\u00f5es da comunidade. Al\u00e9m disso, a administra\u00e7\u00e3o municipal realizar\u00e1 campanhas informativas para esclarecer d\u00favidas e garantir que todos estejam cientes das melhorias que ser\u00e3o implementadas.<\/p>\n<h2>Acompanhe as atualiza\u00e7\u00f5es sobre o edital<\/h2>\n<p>Para que a popula\u00e7\u00e3o fique informada sobre a evolu\u00e7\u00e3o do processo de licita\u00e7\u00e3o e as obras de conten\u00e7\u00e3o do Morro da Forca, a Secretaria Municipal de Obras se compromete a fornecer atualiza\u00e7\u00f5es regulares. Essas informa\u00e7\u00f5es estar\u00e3o dispon\u00edveis no site oficial da prefeitura e em canais de comunica\u00e7\u00e3o da cidade. Com o acompanhamento das etapas, a popula\u00e7\u00e3o poder\u00e1 participar efetivamente do processo e ver de perto as melhorias no seu entorno.<\/p>\n","protected":false},"excerpt":{"rendered":"<p>O edital da obra de conten\u00e7\u00e3o do Morro da Forca \u00e9 esperado em breve.<\/p>\n","protected":false},"author":1,"featured_media":4492,"comment_status":"open","ping_status":"open","sticky":false,"template":"","format":"standard","meta":{"footnotes":""},"categories":[5],"tags":[],"class_list":["post-4493","post","type-post","status-publish","format-standard","has-post-thumbnail","hentry","category-noticias","has_thumb"],"yoast_head":"<!-- This site is optimized with the Yoast SEO plugin v27.2 - https:\/\/yoast.com\/product\/yoast-seo-wordpress\/ -->\n<title>Ouro Preto avan\u00e7a para lan\u00e7amento de edital da obra de conten\u00e7\u00e3o do Morro da Forca | Guia Comercial de Ouro Preto MG<\/title>\n<meta name=\"robots\" content=\"index, follow, max-snippet:-1, max-image-preview:large, max-video-preview:-1\" \/>\n<link rel=\"canonical\" href=\"https:\/\/www.encontraminasgerais.com.br\/ouro-preto\/ouro-preto-avanca-para-lancamento-de-edital-da-obra-de-contencao-do-morro-da-forca\/\" \/>\n<meta property=\"og:locale\" content=\"pt_BR\" \/>\n<meta property=\"og:type\" content=\"article\" \/>\n<meta property=\"og:title\" content=\"Ouro Preto avan\u00e7a para lan\u00e7amento de edital da obra de conten\u00e7\u00e3o do Morro da Forca | Guia Comercial de Ouro Preto MG\" \/>\n<meta property=\"og:description\" content=\"O edital da obra de conten\u00e7\u00e3o do Morro da Forca \u00e9 esperado em breve.\" \/>\n<meta property=\"og:url\" content=\"https:\/\/www.encontraminasgerais.com.br\/ouro-preto\/ouro-preto-avanca-para-lancamento-de-edital-da-obra-de-contencao-do-morro-da-forca\/\" \/>\n<meta property=\"og:site_name\" content=\"Guia Comercial de Ouro Preto MG\" \/>\n<meta property=\"article:published_time\" content=\"2026-03-10T09:40:48+00:00\" \/>\n<meta property=\"og:image\" content=\"https:\/\/www.encontraminasgerais.com.br\/ouro-preto\/wp-content\/uploads\/2026\/03\/ouro-preto-avanca-para-lancamento-de-edital-da-obra-de-contencao-do-morro-da-forca.webp\" \/>\n<meta name=\"author\" content=\"Encontra Ouro Preto\" \/>\n<meta name=\"twitter:card\" content=\"summary_large_image\" \/>\n<meta name=\"twitter:label1\" content=\"Escrito por\" \/>\n\t<meta name=\"twitter:data1\" content=\"Encontra Ouro Preto\" \/>\n\t<meta name=\"twitter:label2\" content=\"Est. tempo de leitura\" \/>\n\t<meta name=\"twitter:data2\" content=\"4 minutos\" \/>\n<script type=\"application\/ld+json\" class=\"yoast-schema-graph\">{\"@context\":\"https:\/\/schema.org\",\"@graph\":[{\"@type\":\"Article\",\"@id\":\"https:\/\/www.encontraminasgerais.com.br\/ouro-preto\/ouro-preto-avanca-para-lancamento-de-edital-da-obra-de-contencao-do-morro-da-forca\/#article\",\"isPartOf\":{\"@id\":\"https:\/\/www.encontraminasgerais.com.br\/ouro-preto\/ouro-preto-avanca-para-lancamento-de-edital-da-obra-de-contencao-do-morro-da-forca\/\"},\"author\":{\"name\":\"Encontra Ouro Preto\",\"@id\":\"https:\/\/www.encontraminasgerais.com.br\/ouro-preto\/#\/schema\/person\/d55d0e79e38dd7d6474efd815b181c4d\"},\"headline\":\"Ouro Preto avan\u00e7a para lan\u00e7amento de edital da obra de conten\u00e7\u00e3o do Morro da Forca\",\"datePublished\":\"2026-03-10T09:40:48+00:00\",\"mainEntityOfPage\":{\"@id\":\"https:\/\/www.encontraminasgerais.com.br\/ouro-preto\/ouro-preto-avanca-para-lancamento-de-edital-da-obra-de-contencao-do-morro-da-forca\/\"},\"wordCount\":852,\"commentCount\":0,\"image\":{\"@id\":\"https:\/\/www.encontraminasgerais.com.br\/ouro-preto\/ouro-preto-avanca-para-lancamento-de-edital-da-obra-de-contencao-do-morro-da-forca\/#primaryimage\"},\"thumbnailUrl\":\"https:\/\/www.encontraminasgerais.com.br\/ouro-preto\/wp-content\/uploads\/2026\/03\/ouro-preto-avanca-para-lancamento-de-edital-da-obra-de-contencao-do-morro-da-forca.webp\",\"articleSection\":[\"Not\u00edcias Ouro Preto\"],\"inLanguage\":\"pt-BR\",\"potentialAction\":[{\"@type\":\"CommentAction\",\"name\":\"Comment\",\"target\":[\"https:\/\/www.encontraminasgerais.com.br\/ouro-preto\/ouro-preto-avanca-para-lancamento-de-edital-da-obra-de-contencao-do-morro-da-forca\/#respond\"]}]},{\"@type\":\"WebPage\",\"@id\":\"https:\/\/www.encontraminasgerais.com.br\/ouro-preto\/ouro-preto-avanca-para-lancamento-de-edital-da-obra-de-contencao-do-morro-da-forca\/\",\"url\":\"https:\/\/www.encontraminasgerais.com.br\/ouro-preto\/ouro-preto-avanca-para-lancamento-de-edital-da-obra-de-contencao-do-morro-da-forca\/\",\"name\":\"Ouro Preto avan\u00e7a para lan\u00e7amento de edital da obra de conten\u00e7\u00e3o do Morro da Forca | Guia Comercial de Ouro Preto MG\",\"isPartOf\":{\"@id\":\"https:\/\/www.encontraminasgerais.com.br\/ouro-preto\/#website\"},\"primaryImageOfPage\":{\"@id\":\"https:\/\/www.encontraminasgerais.com.br\/ouro-preto\/ouro-preto-avanca-para-lancamento-de-edital-da-obra-de-contencao-do-morro-da-forca\/#primaryimage\"},\"image\":{\"@id\":\"https:\/\/www.encontraminasgerais.com.br\/ouro-preto\/ouro-preto-avanca-para-lancamento-de-edital-da-obra-de-contencao-do-morro-da-forca\/#primaryimage\"},\"thumbnailUrl\":\"https:\/\/www.encontraminasgerais.com.br\/ouro-preto\/wp-content\/uploads\/2026\/03\/ouro-preto-avanca-para-lancamento-de-edital-da-obra-de-contencao-do-morro-da-forca.webp\",\"datePublished\":\"2026-03-10T09:40:48+00:00\",\"author\":{\"@id\":\"https:\/\/www.encontraminasgerais.com.br\/ouro-preto\/#\/schema\/person\/d55d0e79e38dd7d6474efd815b181c4d\"},\"inLanguage\":\"pt-BR\",\"potentialAction\":[{\"@type\":\"ReadAction\",\"target\":[\"https:\/\/www.encontraminasgerais.com.br\/ouro-preto\/ouro-preto-avanca-para-lancamento-de-edital-da-obra-de-contencao-do-morro-da-forca\/\"]}]},{\"@type\":\"ImageObject\",\"inLanguage\":\"pt-BR\",\"@id\":\"https:\/\/www.encontraminasgerais.com.br\/ouro-preto\/ouro-preto-avanca-para-lancamento-de-edital-da-obra-de-contencao-do-morro-da-forca\/#primaryimage\",\"url\":\"https:\/\/www.encontraminasgerais.com.br\/ouro-preto\/wp-content\/uploads\/2026\/03\/ouro-preto-avanca-para-lancamento-de-edital-da-obra-de-contencao-do-morro-da-forca.webp\",\"contentUrl\":\"https:\/\/www.encontraminasgerais.com.br\/ouro-preto\/wp-content\/uploads\/2026\/03\/ouro-preto-avanca-para-lancamento-de-edital-da-obra-de-contencao-do-morro-da-forca.webp\",\"width\":280,\"height\":280,\"caption\":\"lan\u00e7amento do edital\"},{\"@type\":\"WebSite\",\"@id\":\"https:\/\/www.encontraminasgerais.com.br\/ouro-preto\/#website\",\"url\":\"https:\/\/www.encontraminasgerais.com.br\/ouro-preto\/\",\"name\":\"Guia Comercial de Ouro Preto MG\",\"description\":\"O Encontra Ouro Preto \u00e9 o guia mais completo da cidade Ouro Preto com com\u00e9rcios, servi\u00e7os, noticias, jornal, hist\u00f3ria e lazer da cidade.\",\"potentialAction\":[{\"@type\":\"SearchAction\",\"target\":{\"@type\":\"EntryPoint\",\"urlTemplate\":\"https:\/\/www.encontraminasgerais.com.br\/ouro-preto\/?s={search_term_string}\"},\"query-input\":{\"@type\":\"PropertyValueSpecification\",\"valueRequired\":true,\"valueName\":\"search_term_string\"}}],\"inLanguage\":\"pt-BR\"},{\"@type\":\"Person\",\"@id\":\"https:\/\/www.encontraminasgerais.com.br\/ouro-preto\/#\/schema\/person\/d55d0e79e38dd7d6474efd815b181c4d\",\"name\":\"Encontra Ouro Preto\",\"image\":{\"@type\":\"ImageObject\",\"inLanguage\":\"pt-BR\",\"@id\":\"https:\/\/secure.gravatar.com\/avatar\/c50c17820bcf322f0a8fd6b110b8c0918141409dc69076470f6fca5fee70a5d4?s=96&d=mm&r=g\",\"url\":\"https:\/\/secure.gravatar.com\/avatar\/c50c17820bcf322f0a8fd6b110b8c0918141409dc69076470f6fca5fee70a5d4?s=96&d=mm&r=g\",\"contentUrl\":\"https:\/\/secure.gravatar.com\/avatar\/c50c17820bcf322f0a8fd6b110b8c0918141409dc69076470f6fca5fee70a5d4?s=96&d=mm&r=g\",\"caption\":\"Encontra Ouro Preto\"},\"url\":\"https:\/\/www.encontraminasgerais.com.br\/ouro-preto\/author\/encontraouropreto\/\"}]}<\/script>\n<!-- \/ Yoast SEO plugin. -->","yoast_head_json":{"title":"Ouro Preto avan\u00e7a para lan\u00e7amento de edital da obra de conten\u00e7\u00e3o do Morro da Forca | Guia Comercial de Ouro Preto MG","robots":{"index":"index","follow":"follow","max-snippet":"max-snippet:-1","max-image-preview":"max-image-preview:large","max-video-preview":"max-video-preview:-1"},"canonical":"https:\/\/www.encontraminasgerais.com.br\/ouro-preto\/ouro-preto-avanca-para-lancamento-de-edital-da-obra-de-contencao-do-morro-da-forca\/","og_locale":"pt_BR","og_type":"article","og_title":"Ouro Preto avan\u00e7a para lan\u00e7amento de edital da obra de conten\u00e7\u00e3o do Morro da Forca | Guia Comercial de Ouro Preto MG","og_description":"O edital da obra de conten\u00e7\u00e3o do Morro da Forca \u00e9 esperado em breve.","og_url":"https:\/\/www.encontraminasgerais.com.br\/ouro-preto\/ouro-preto-avanca-para-lancamento-de-edital-da-obra-de-contencao-do-morro-da-forca\/","og_site_name":"Guia Comercial de Ouro Preto MG","article_published_time":"2026-03-10T09:40:48+00:00","og_image":[{"url":"https:\/\/www.encontraminasgerais.com.br\/ouro-preto\/wp-content\/uploads\/2026\/03\/ouro-preto-avanca-para-lancamento-de-edital-da-obra-de-contencao-do-morro-da-forca.webp","type":"","width":"","height":""}],"author":"Encontra Ouro Preto","twitter_card":"summary_large_image","twitter_misc":{"Escrito por":"Encontra Ouro Preto","Est. tempo de leitura":"4 minutos"},"schema":{"@context":"https:\/\/schema.org","@graph":[{"@type":"Article","@id":"https:\/\/www.encontraminasgerais.com.br\/ouro-preto\/ouro-preto-avanca-para-lancamento-de-edital-da-obra-de-contencao-do-morro-da-forca\/#article","isPartOf":{"@id":"https:\/\/www.encontraminasgerais.com.br\/ouro-preto\/ouro-preto-avanca-para-lancamento-de-edital-da-obra-de-contencao-do-morro-da-forca\/"},"author":{"name":"Encontra Ouro Preto","@id":"https:\/\/www.encontraminasgerais.com.br\/ouro-preto\/#\/schema\/person\/d55d0e79e38dd7d6474efd815b181c4d"},"headline":"Ouro Preto avan\u00e7a para lan\u00e7amento de edital da obra de conten\u00e7\u00e3o do Morro da Forca","datePublished":"2026-03-10T09:40:48+00:00","mainEntityOfPage":{"@id":"https:\/\/www.encontraminasgerais.com.br\/ouro-preto\/ouro-preto-avanca-para-lancamento-de-edital-da-obra-de-contencao-do-morro-da-forca\/"},"wordCount":852,"commentCount":0,"image":{"@id":"https:\/\/www.encontraminasgerais.com.br\/ouro-preto\/ouro-preto-avanca-para-lancamento-de-edital-da-obra-de-contencao-do-morro-da-forca\/#primaryimage"},"thumbnailUrl":"https:\/\/www.encontraminasgerais.com.br\/ouro-preto\/wp-content\/uploads\/2026\/03\/ouro-preto-avanca-para-lancamento-de-edital-da-obra-de-contencao-do-morro-da-forca.webp","articleSection":["Not\u00edcias Ouro Preto"],"inLanguage":"pt-BR","potentialAction":[{"@type":"CommentAction","name":"Comment","target":["https:\/\/www.encontraminasgerais.com.br\/ouro-preto\/ouro-preto-avanca-para-lancamento-de-edital-da-obra-de-contencao-do-morro-da-forca\/#respond"]}]},{"@type":"WebPage","@id":"https:\/\/www.encontraminasgerais.com.br\/ouro-preto\/ouro-preto-avanca-para-lancamento-de-edital-da-obra-de-contencao-do-morro-da-forca\/","url":"https:\/\/www.encontraminasgerais.com.br\/ouro-preto\/ouro-preto-avanca-para-lancamento-de-edital-da-obra-de-contencao-do-morro-da-forca\/","name":"Ouro Preto avan\u00e7a para lan\u00e7amento de edital da obra de conten\u00e7\u00e3o do Morro da Forca | Guia Comercial de Ouro Preto MG","isPartOf":{"@id":"https:\/\/www.encontraminasgerais.com.br\/ouro-preto\/#website"},"primaryImageOfPage":{"@id":"https:\/\/www.encontraminasgerais.com.br\/ouro-preto\/ouro-preto-avanca-para-lancamento-de-edital-da-obra-de-contencao-do-morro-da-forca\/#primaryimage"},"image":{"@id":"https:\/\/www.encontraminasgerais.com.br\/ouro-preto\/ouro-preto-avanca-para-lancamento-de-edital-da-obra-de-contencao-do-morro-da-forca\/#primaryimage"},"thumbnailUrl":"https:\/\/www.encontraminasgerais.com.br\/ouro-preto\/wp-content\/uploads\/2026\/03\/ouro-preto-avanca-para-lancamento-de-edital-da-obra-de-contencao-do-morro-da-forca.webp","datePublished":"2026-03-10T09:40:48+00:00","author":{"@id":"https:\/\/www.encontraminasgerais.com.br\/ouro-preto\/#\/schema\/person\/d55d0e79e38dd7d6474efd815b181c4d"},"inLanguage":"pt-BR","potentialAction":[{"@type":"ReadAction","target":["https:\/\/www.encontraminasgerais.com.br\/ouro-preto\/ouro-preto-avanca-para-lancamento-de-edital-da-obra-de-contencao-do-morro-da-forca\/"]}]},{"@type":"ImageObject","inLanguage":"pt-BR","@id":"https:\/\/www.encontraminasgerais.com.br\/ouro-preto\/ouro-preto-avanca-para-lancamento-de-edital-da-obra-de-contencao-do-morro-da-forca\/#primaryimage","url":"https:\/\/www.encontraminasgerais.com.br\/ouro-preto\/wp-content\/uploads\/2026\/03\/ouro-preto-avanca-para-lancamento-de-edital-da-obra-de-contencao-do-morro-da-forca.webp","contentUrl":"https:\/\/www.encontraminasgerais.com.br\/ouro-preto\/wp-content\/uploads\/2026\/03\/ouro-preto-avanca-para-lancamento-de-edital-da-obra-de-contencao-do-morro-da-forca.webp","width":280,"height":280,"caption":"lan\u00e7amento do edital"},{"@type":"WebSite","@id":"https:\/\/www.encontraminasgerais.com.br\/ouro-preto\/#website","url":"https:\/\/www.encontraminasgerais.com.br\/ouro-preto\/","name":"Guia Comercial de Ouro Preto MG","description":"O Encontra Ouro Preto \u00e9 o guia mais completo da cidade Ouro Preto com com\u00e9rcios, servi\u00e7os, noticias, jornal, hist\u00f3ria e lazer da cidade.","potentialAction":[{"@type":"SearchAction","target":{"@type":"EntryPoint","urlTemplate":"https:\/\/www.encontraminasgerais.com.br\/ouro-preto\/?s={search_term_string}"},"query-input":{"@type":"PropertyValueSpecification","valueRequired":true,"valueName":"search_term_string"}}],"inLanguage":"pt-BR"},{"@type":"Person","@id":"https:\/\/www.encontraminasgerais.com.br\/ouro-preto\/#\/schema\/person\/d55d0e79e38dd7d6474efd815b181c4d","name":"Encontra Ouro Preto","image":{"@type":"ImageObject","inLanguage":"pt-BR","@id":"https:\/\/secure.gravatar.com\/avatar\/c50c17820bcf322f0a8fd6b110b8c0918141409dc69076470f6fca5fee70a5d4?s=96&d=mm&r=g","url":"https:\/\/secure.gravatar.com\/avatar\/c50c17820bcf322f0a8fd6b110b8c0918141409dc69076470f6fca5fee70a5d4?s=96&d=mm&r=g","contentUrl":"https:\/\/secure.gravatar.com\/avatar\/c50c17820bcf322f0a8fd6b110b8c0918141409dc69076470f6fca5fee70a5d4?s=96&d=mm&r=g","caption":"Encontra Ouro Preto"},"url":"https:\/\/www.encontraminasgerais.com.br\/ouro-preto\/author\/encontraouropreto\/"}]}},"_links":{"self":[{"href":"https:\/\/www.encontraminasgerais.com.br\/ouro-preto\/wp-json\/wp\/v2\/posts\/4493","targetHints":{"allow":["GET"]}}],"collection":[{"href":"https:\/\/www.encontraminasgerais.com.br\/ouro-preto\/wp-json\/wp\/v2\/posts"}],"about":[{"href":"https:\/\/www.encontraminasgerais.com.br\/ouro-preto\/wp-json\/wp\/v2\/types\/post"}],"author":[{"embeddable":true,"href":"https:\/\/www.encontraminasgerais.com.br\/ouro-preto\/wp-json\/wp\/v2\/users\/1"}],"replies":[{"embeddable":true,"href":"https:\/\/www.encontraminasgerais.com.br\/ouro-preto\/wp-json\/wp\/v2\/comments?post=4493"}],"version-history":[{"count":0,"href":"https:\/\/www.encontraminasgerais.com.br\/ouro-preto\/wp-json\/wp\/v2\/posts\/4493\/revisions"}],"wp:featuredmedia":[{"embeddable":true,"href":"https:\/\/www.encontraminasgerais.com.br\/ouro-preto\/wp-json\/wp\/v2\/media\/4492"}],"wp:attachment":[{"href":"https:\/\/www.encontraminasgerais.com.br\/ouro-preto\/wp-json\/wp\/v2\/media?parent=4493"}],"wp:term":[{"taxonomy":"category","embeddable":true,"href":"https:\/\/www.encontraminasgerais.com.br\/ouro-preto\/wp-json\/wp\/v2\/categories?post=4493"},{"taxonomy":"post_tag","embeddable":true,"href":"https:\/\/www.encontraminasgerais.com.br\/ouro-preto\/wp-json\/wp\/v2\/tags?post=4493"}],"curies":[{"name":"wp","href":"https:\/\/api.w.org\/{rel}","templated":true}]}}