{"id":4496,"date":"2026-03-11T06:39:24","date_gmt":"2026-03-11T09:39:24","guid":{"rendered":"https:\/\/www.encontraminasgerais.com.br\/ouro-preto\/mec-visita-universidades-federais-em-uberaba-e-ouro-preto-mg\/"},"modified":"2026-03-11T06:39:24","modified_gmt":"2026-03-11T09:39:24","slug":"mec-visita-universidades-federais-em-uberaba-e-ouro-preto-mg","status":"publish","type":"post","link":"https:\/\/www.encontraminasgerais.com.br\/ouro-preto\/mec-visita-universidades-federais-em-uberaba-e-ouro-preto-mg\/","title":{"rendered":"MEC visita universidades federais em Uberaba e Ouro Preto (MG)"},"content":{"rendered":"<h2>Agenda do MEC em Minas Gerais<\/h2>\n<p>No dia 11 de mar\u00e7o, o ministro da Educa\u00e7\u00e3o, Camilo Santana, dar\u00e1 in\u00edcio a uma s\u00e9rie de compromissos oficiais no estado de Minas Gerais. O dia come\u00e7ar\u00e1 \u00e0s 9h (hor\u00e1rio de Bras\u00edlia) com uma visita \u00e0s obras do Hospital de Cl\u00ednicas da Universidade Federal do Tri\u00e2ngulo Mineiro (UFTM), localizado em Uberaba. Logo ap\u00f3s, \u00e0s 10h, o ministro se dirigir\u00e1 \u00e0 Unidade II da mesma universidade para inspe\u00e7\u00e3o das obras em andamento.<\/p>\n<p>\u00c0 tarde, \u00e0s 16h30, a programa\u00e7\u00e3o contar\u00e1 com uma cerim\u00f4nia especial na Universidade Federal de Ouro Preto (Ufop), no Campus Morro do Cruzeiro. Nesta ocasi\u00e3o, haver\u00e1 a assinatura de um termo que autoriza o in\u00edcio das obras de revitaliza\u00e7\u00e3o do Centro de Converg\u00eancia da Ufop. Durante esse evento tamb\u00e9m ser\u00e1 feita a cerim\u00f4nia de lan\u00e7amento da pedra fundamental do Hospital Universit\u00e1rio de Mariana, um projeto que recebe investimentos gerados pelo Acordo do Rio Doce, em virtude dos danos causados pela trag\u00e9dia do rompimento da barragem de Fund\u00e3o, em 2015. Ap\u00f3s sua conclus\u00e3o, a gest\u00e3o do novo hospital ser\u00e1 de responsabilidade da Empresa Brasileira de Servi\u00e7os Hospitalares (Ebserh).<\/p>\n<h2>Visitas \u00e0s Universidades Federais<\/h2>\n<p>A tarde promete ser repleta de novidades e compromissos importantes. O ministro far\u00e1 uma visita \u00e0 UFTM para acompanhar o progresso das obras, tais iniciativas destacam o empenho do MEC em expandir a infraestrutura educacional e de sa\u00fade nas universidades, promovendo um ambiente que favore\u00e7a o aprendizado e a pesquisa.<\/p>\n<p>Al\u00e9m disso, a visita \u00e0 Ufop n\u00e3o s\u00f3 marca o in\u00edcio de obras de revitaliza\u00e7\u00e3o, mas tamb\u00e9m enfatiza a responsabilidade do governo na recupera\u00e7\u00e3o e melhoria dos servi\u00e7os de sa\u00fade e educa\u00e7\u00e3o, integrando as institui\u00e7\u00f5es federais e suas comunidades.<\/p>\n<h2>Obras na UFTM: O Que Esperar?<\/h2>\n<p>As obras na UFTM visam modernizar e ampliar as instala\u00e7\u00f5es do Hospital de Cl\u00ednicas, um servi\u00e7o essencial que oferece atendimento a milh\u00f5es de cidad\u00e3os. As interven\u00e7\u00f5es s\u00e3o projetadas para aumentar a capacidade de atendimento e melhorar a qualidade dos servi\u00e7os prestados, refletindo a import\u00e2ncia cr\u00edtica das institui\u00e7\u00f5es de sa\u00fade e educa\u00e7\u00e3o superior.<\/p>\n<p>Com esta expans\u00e3o, espera-se uma melhora significativa na experi\u00eancia dos pacientes e no desenvolvimento das pr\u00e1ticas educativas dos estudantes de medicina e demais \u00e1reas da sa\u00fade. O hospital se tornar\u00e1 um centro ainda mais robusto para a forma\u00e7\u00e3o de profissionais altamente qualificados.<\/p>\n<h2>Hospital Universit\u00e1rio de Mariana: Um Novo Marco<\/h2>\n<p>O Hospital Universit\u00e1rio de Mariana surge como uma resposta concreta \u00e0s necessidades da popula\u00e7\u00e3o afetada pela trag\u00e9dia do Fund\u00e3o. O novo hospital n\u00e3o s\u00f3 representar\u00e1 uma nova perspectiva de atendimento, mas tamb\u00e9m proporcionar\u00e1 oportunidades de forma\u00e7\u00e3o pr\u00e1tica e pesquisa para os alunos das \u00e1reas de sa\u00fade, ampliando assim o impacto da educa\u00e7\u00e3o superior na sociedade.<\/p>\n<p>O investimento no hospital representa uma a\u00e7\u00e3o significativa do governo para restaurar a confian\u00e7a da comunidade afetada e oferecer um suporte vital \u00e0 sa\u00fade local, demonstrando um comprometimento com a repara\u00e7\u00e3o de danos sociais e de infraestrutura educacional.<\/p>\n<h2>Import\u00e2ncia da Sa\u00fade nos Campi Universit\u00e1rios<\/h2>\n<p>A integra\u00e7\u00e3o de servi\u00e7os de sa\u00fade nas universidades \u00e9 essencial. Al\u00e9m de oferecer cuidados m\u00e9dicos, proporciona aos alunos a experi\u00eancia pr\u00e1tica necess\u00e1ria em ambientes reais de trabalho. O Hospital Universit\u00e1rio de Mariana, em particular, ser\u00e1 um elo vital entre a educa\u00e7\u00e3o e a pr\u00e1tica, fundamentando uma abordagem colaborativa que beneficia tanto estudantes quanto a comunidade local.<\/p>\n<h2>Investimentos do Acordo do Rio Doce<\/h2>\n<p>Os investimentos do Acordo do Rio Doce visam promover a repara\u00e7\u00e3o e o desenvolvimento sustent\u00e1vel das \u00e1reas afetadas pela trag\u00e9dia. Os recursos s\u00e3o destinados a diversos projetos, incluindo os de sa\u00fade e educa\u00e7\u00e3o, que buscam n\u00e3o apenas recuperar, mas tamb\u00e9m melhorar as condi\u00e7\u00f5es de vida das comunidades impactadas.<\/p>\n<p>Atrav\u00e9s dessa iniciativa, espera-se que a reconstru\u00e7\u00e3o seja feita de forma consciente e participativa, envolvendo as vozes da comunidade nas decis\u00f5es e a\u00e7\u00f5es a serem tomadas.<\/p>\n<h2>A Repercuss\u00e3o das Obras na Comunidade<\/h2>\n<p>As obras em curso nas universidades t\u00eam um impacto direto e positivo nas comunidades locais. O aumento na oferta de servi\u00e7os de sa\u00fade resulta em um melhor atendimento para a popula\u00e7\u00e3o e em mais oportunidades para os estudantes participarem de atividades pr\u00e1ticas, o que \u00e9 fundamental para a forma\u00e7\u00e3o de profissionais capacitados.<\/p>\n<p>Al\u00e9m disso, as obras e a cria\u00e7\u00e3o de novos hospitais e centros de forma\u00e7\u00e3o estimulam a economia local, gerando empregos e promovendo o desenvolvimento regional.<\/p>\n<h2>O Papel do MEC na Educa\u00e7\u00e3o Superior<\/h2>\n<p>O Minist\u00e9rio da Educa\u00e7\u00e3o desempenha um papel crucial na configura\u00e7\u00e3o do futuro da forma\u00e7\u00e3o superior no Brasil. Ao realizar visitas e apoiar iniciativas como as da UFTM e Ufop, o MEC demonstra o seu compromisso em promover uma educa\u00e7\u00e3o de qualidade e ampliar as oportunidades para os jovens.<\/p>\n<p>Com a continuidade de investimentos e apoio \u00e0s institui\u00e7\u00f5es de ensino superior, a estrat\u00e9gia do MEC visa garantir que o Brasil tenha profissionais bem treinados e preparados para enfrentar os desafios do futuro.<\/p>\n<h2>Forma\u00e7\u00e3o de Profissionais de Sa\u00fade<\/h2>\n<p>A forma\u00e7\u00e3o de profissionais de sa\u00fade qualificados \u00e9 essencial para o fortalecimento do sistema de sa\u00fade brasileiro. Com o lan\u00e7amento do Hospital Universit\u00e1rio de Mariana, ser\u00e3o criadas novas oportunidades para que estudantes se desenvolvam em ambientes hospitalares, enriquecendo suas experi\u00eancias e compet\u00eancias.<\/p>\n<p>Iniciativas como esta n\u00e3o apenas ampliam a forma\u00e7\u00e3o educacional, mas tamb\u00e9m contribuem diretamente para o bem-estar da popula\u00e7\u00e3o, ao garantir que os futuros profissionais estejam bem preparados para atender \u00e0s demandas de sa\u00fade.<\/p>\n<h2>Pr\u00f3ximos Passos para o Desenvolvimento Educacional<\/h2>\n<p>Os pr\u00f3ximos passos ap\u00f3s a visita do ministro incluem o acompanhamento das obras e a implementa\u00e7\u00e3o de programas educativos que promovam a excel\u00eancia na forma\u00e7\u00e3o profissional. O MEC continuar\u00e1 a monitorar os avan\u00e7os e a qualidade dos servi\u00e7os oferecidos nas universidades, garantindo que atendam \u00e0s necessidades da sociedade.<\/p>\n<p>Al\u00e9m disso, o fortalecimento da parceria entre as institui\u00e7\u00f5es de ensino e os setores p\u00fablicos e privados ser\u00e1 vital para o sustent\u00e1vel desenvolvimento da educa\u00e7\u00e3o de sa\u00fade no Brasil. O futuro dos hospitais universit\u00e1rios e centros de pesquisa depende de um compromisso cont\u00ednuo com a educa\u00e7\u00e3o de qualidade.<\/p>\n","protected":false},"excerpt":{"rendered":"<p>MEC visita universidades federais com importantes investimentos em infraestrutura e sa\u00fade.<\/p>\n","protected":false},"author":1,"featured_media":0,"comment_status":"open","ping_status":"open","sticky":false,"template":"","format":"standard","meta":{"footnotes":""},"categories":[5],"tags":[],"class_list":["post-4496","post","type-post","status-publish","format-standard","hentry","category-noticias"],"yoast_head":"<!-- This site is optimized with the Yoast SEO plugin v27.2 - https:\/\/yoast.com\/product\/yoast-seo-wordpress\/ -->\n<title>MEC visita universidades federais em Uberaba e Ouro Preto (MG) | Guia Comercial de Ouro Preto MG<\/title>\n<meta name=\"robots\" content=\"index, follow, max-snippet:-1, max-image-preview:large, max-video-preview:-1\" \/>\n<link rel=\"canonical\" href=\"https:\/\/www.encontraminasgerais.com.br\/ouro-preto\/mec-visita-universidades-federais-em-uberaba-e-ouro-preto-mg\/\" \/>\n<meta property=\"og:locale\" content=\"pt_BR\" \/>\n<meta property=\"og:type\" content=\"article\" \/>\n<meta property=\"og:title\" content=\"MEC visita universidades federais em Uberaba e Ouro Preto (MG) | Guia Comercial de Ouro Preto MG\" \/>\n<meta property=\"og:description\" content=\"MEC visita universidades federais com importantes investimentos em infraestrutura e sa\u00fade.\" \/>\n<meta property=\"og:url\" content=\"https:\/\/www.encontraminasgerais.com.br\/ouro-preto\/mec-visita-universidades-federais-em-uberaba-e-ouro-preto-mg\/\" \/>\n<meta property=\"og:site_name\" content=\"Guia Comercial de Ouro Preto MG\" \/>\n<meta property=\"article:published_time\" content=\"2026-03-11T09:39:24+00:00\" \/>\n<meta name=\"author\" content=\"Encontra Ouro Preto\" \/>\n<meta name=\"twitter:card\" content=\"summary_large_image\" \/>\n<meta name=\"twitter:label1\" content=\"Escrito por\" \/>\n\t<meta name=\"twitter:data1\" content=\"Encontra Ouro Preto\" \/>\n\t<meta name=\"twitter:label2\" content=\"Est. tempo de leitura\" \/>\n\t<meta name=\"twitter:data2\" content=\"6 minutos\" \/>\n<script type=\"application\/ld+json\" class=\"yoast-schema-graph\">{\"@context\":\"https:\/\/schema.org\",\"@graph\":[{\"@type\":\"Article\",\"@id\":\"https:\/\/www.encontraminasgerais.com.br\/ouro-preto\/mec-visita-universidades-federais-em-uberaba-e-ouro-preto-mg\/#article\",\"isPartOf\":{\"@id\":\"https:\/\/www.encontraminasgerais.com.br\/ouro-preto\/mec-visita-universidades-federais-em-uberaba-e-ouro-preto-mg\/\"},\"author\":{\"name\":\"Encontra Ouro Preto\",\"@id\":\"https:\/\/www.encontraminasgerais.com.br\/ouro-preto\/#\/schema\/person\/d55d0e79e38dd7d6474efd815b181c4d\"},\"headline\":\"MEC visita universidades federais em Uberaba e Ouro Preto (MG)\",\"datePublished\":\"2026-03-11T09:39:24+00:00\",\"mainEntityOfPage\":{\"@id\":\"https:\/\/www.encontraminasgerais.com.br\/ouro-preto\/mec-visita-universidades-federais-em-uberaba-e-ouro-preto-mg\/\"},\"wordCount\":1121,\"commentCount\":0,\"articleSection\":[\"Not\u00edcias Ouro Preto\"],\"inLanguage\":\"pt-BR\",\"potentialAction\":[{\"@type\":\"CommentAction\",\"name\":\"Comment\",\"target\":[\"https:\/\/www.encontraminasgerais.com.br\/ouro-preto\/mec-visita-universidades-federais-em-uberaba-e-ouro-preto-mg\/#respond\"]}]},{\"@type\":\"WebPage\",\"@id\":\"https:\/\/www.encontraminasgerais.com.br\/ouro-preto\/mec-visita-universidades-federais-em-uberaba-e-ouro-preto-mg\/\",\"url\":\"https:\/\/www.encontraminasgerais.com.br\/ouro-preto\/mec-visita-universidades-federais-em-uberaba-e-ouro-preto-mg\/\",\"name\":\"MEC visita universidades federais em Uberaba e Ouro Preto (MG) | Guia Comercial de Ouro Preto MG\",\"isPartOf\":{\"@id\":\"https:\/\/www.encontraminasgerais.com.br\/ouro-preto\/#website\"},\"datePublished\":\"2026-03-11T09:39:24+00:00\",\"author\":{\"@id\":\"https:\/\/www.encontraminasgerais.com.br\/ouro-preto\/#\/schema\/person\/d55d0e79e38dd7d6474efd815b181c4d\"},\"inLanguage\":\"pt-BR\",\"potentialAction\":[{\"@type\":\"ReadAction\",\"target\":[\"https:\/\/www.encontraminasgerais.com.br\/ouro-preto\/mec-visita-universidades-federais-em-uberaba-e-ouro-preto-mg\/\"]}]},{\"@type\":\"WebSite\",\"@id\":\"https:\/\/www.encontraminasgerais.com.br\/ouro-preto\/#website\",\"url\":\"https:\/\/www.encontraminasgerais.com.br\/ouro-preto\/\",\"name\":\"Guia Comercial de Ouro Preto MG\",\"description\":\"O Encontra Ouro Preto \u00e9 o guia mais completo da cidade Ouro Preto com com\u00e9rcios, servi\u00e7os, noticias, jornal, hist\u00f3ria e lazer da cidade.\",\"potentialAction\":[{\"@type\":\"SearchAction\",\"target\":{\"@type\":\"EntryPoint\",\"urlTemplate\":\"https:\/\/www.encontraminasgerais.com.br\/ouro-preto\/?s={search_term_string}\"},\"query-input\":{\"@type\":\"PropertyValueSpecification\",\"valueRequired\":true,\"valueName\":\"search_term_string\"}}],\"inLanguage\":\"pt-BR\"},{\"@type\":\"Person\",\"@id\":\"https:\/\/www.encontraminasgerais.com.br\/ouro-preto\/#\/schema\/person\/d55d0e79e38dd7d6474efd815b181c4d\",\"name\":\"Encontra Ouro Preto\",\"image\":{\"@type\":\"ImageObject\",\"inLanguage\":\"pt-BR\",\"@id\":\"https:\/\/secure.gravatar.com\/avatar\/c50c17820bcf322f0a8fd6b110b8c0918141409dc69076470f6fca5fee70a5d4?s=96&d=mm&r=g\",\"url\":\"https:\/\/secure.gravatar.com\/avatar\/c50c17820bcf322f0a8fd6b110b8c0918141409dc69076470f6fca5fee70a5d4?s=96&d=mm&r=g\",\"contentUrl\":\"https:\/\/secure.gravatar.com\/avatar\/c50c17820bcf322f0a8fd6b110b8c0918141409dc69076470f6fca5fee70a5d4?s=96&d=mm&r=g\",\"caption\":\"Encontra Ouro Preto\"},\"url\":\"https:\/\/www.encontraminasgerais.com.br\/ouro-preto\/author\/encontraouropreto\/\"}]}<\/script>\n<!-- \/ Yoast SEO plugin. -->","yoast_head_json":{"title":"MEC visita universidades federais em Uberaba e Ouro Preto (MG) | Guia Comercial de Ouro Preto MG","robots":{"index":"index","follow":"follow","max-snippet":"max-snippet:-1","max-image-preview":"max-image-preview:large","max-video-preview":"max-video-preview:-1"},"canonical":"https:\/\/www.encontraminasgerais.com.br\/ouro-preto\/mec-visita-universidades-federais-em-uberaba-e-ouro-preto-mg\/","og_locale":"pt_BR","og_type":"article","og_title":"MEC visita universidades federais em Uberaba e Ouro Preto (MG) | Guia Comercial de Ouro Preto MG","og_description":"MEC visita universidades federais com importantes investimentos em infraestrutura e sa\u00fade.","og_url":"https:\/\/www.encontraminasgerais.com.br\/ouro-preto\/mec-visita-universidades-federais-em-uberaba-e-ouro-preto-mg\/","og_site_name":"Guia Comercial de Ouro Preto MG","article_published_time":"2026-03-11T09:39:24+00:00","author":"Encontra Ouro Preto","twitter_card":"summary_large_image","twitter_misc":{"Escrito por":"Encontra Ouro Preto","Est. tempo de leitura":"6 minutos"},"schema":{"@context":"https:\/\/schema.org","@graph":[{"@type":"Article","@id":"https:\/\/www.encontraminasgerais.com.br\/ouro-preto\/mec-visita-universidades-federais-em-uberaba-e-ouro-preto-mg\/#article","isPartOf":{"@id":"https:\/\/www.encontraminasgerais.com.br\/ouro-preto\/mec-visita-universidades-federais-em-uberaba-e-ouro-preto-mg\/"},"author":{"name":"Encontra Ouro Preto","@id":"https:\/\/www.encontraminasgerais.com.br\/ouro-preto\/#\/schema\/person\/d55d0e79e38dd7d6474efd815b181c4d"},"headline":"MEC visita universidades federais em Uberaba e Ouro Preto (MG)","datePublished":"2026-03-11T09:39:24+00:00","mainEntityOfPage":{"@id":"https:\/\/www.encontraminasgerais.com.br\/ouro-preto\/mec-visita-universidades-federais-em-uberaba-e-ouro-preto-mg\/"},"wordCount":1121,"commentCount":0,"articleSection":["Not\u00edcias Ouro Preto"],"inLanguage":"pt-BR","potentialAction":[{"@type":"CommentAction","name":"Comment","target":["https:\/\/www.encontraminasgerais.com.br\/ouro-preto\/mec-visita-universidades-federais-em-uberaba-e-ouro-preto-mg\/#respond"]}]},{"@type":"WebPage","@id":"https:\/\/www.encontraminasgerais.com.br\/ouro-preto\/mec-visita-universidades-federais-em-uberaba-e-ouro-preto-mg\/","url":"https:\/\/www.encontraminasgerais.com.br\/ouro-preto\/mec-visita-universidades-federais-em-uberaba-e-ouro-preto-mg\/","name":"MEC visita universidades federais em Uberaba e Ouro Preto (MG) | Guia Comercial de Ouro Preto MG","isPartOf":{"@id":"https:\/\/www.encontraminasgerais.com.br\/ouro-preto\/#website"},"datePublished":"2026-03-11T09:39:24+00:00","author":{"@id":"https:\/\/www.encontraminasgerais.com.br\/ouro-preto\/#\/schema\/person\/d55d0e79e38dd7d6474efd815b181c4d"},"inLanguage":"pt-BR","potentialAction":[{"@type":"ReadAction","target":["https:\/\/www.encontraminasgerais.com.br\/ouro-preto\/mec-visita-universidades-federais-em-uberaba-e-ouro-preto-mg\/"]}]},{"@type":"WebSite","@id":"https:\/\/www.encontraminasgerais.com.br\/ouro-preto\/#website","url":"https:\/\/www.encontraminasgerais.com.br\/ouro-preto\/","name":"Guia Comercial de Ouro Preto MG","description":"O Encontra Ouro Preto \u00e9 o guia mais completo da cidade Ouro Preto com com\u00e9rcios, servi\u00e7os, noticias, jornal, hist\u00f3ria e lazer da cidade.","potentialAction":[{"@type":"SearchAction","target":{"@type":"EntryPoint","urlTemplate":"https:\/\/www.encontraminasgerais.com.br\/ouro-preto\/?s={search_term_string}"},"query-input":{"@type":"PropertyValueSpecification","valueRequired":true,"valueName":"search_term_string"}}],"inLanguage":"pt-BR"},{"@type":"Person","@id":"https:\/\/www.encontraminasgerais.com.br\/ouro-preto\/#\/schema\/person\/d55d0e79e38dd7d6474efd815b181c4d","name":"Encontra Ouro Preto","image":{"@type":"ImageObject","inLanguage":"pt-BR","@id":"https:\/\/secure.gravatar.com\/avatar\/c50c17820bcf322f0a8fd6b110b8c0918141409dc69076470f6fca5fee70a5d4?s=96&d=mm&r=g","url":"https:\/\/secure.gravatar.com\/avatar\/c50c17820bcf322f0a8fd6b110b8c0918141409dc69076470f6fca5fee70a5d4?s=96&d=mm&r=g","contentUrl":"https:\/\/secure.gravatar.com\/avatar\/c50c17820bcf322f0a8fd6b110b8c0918141409dc69076470f6fca5fee70a5d4?s=96&d=mm&r=g","caption":"Encontra Ouro Preto"},"url":"https:\/\/www.encontraminasgerais.com.br\/ouro-preto\/author\/encontraouropreto\/"}]}},"_links":{"self":[{"href":"https:\/\/www.encontraminasgerais.com.br\/ouro-preto\/wp-json\/wp\/v2\/posts\/4496","targetHints":{"allow":["GET"]}}],"collection":[{"href":"https:\/\/www.encontraminasgerais.com.br\/ouro-preto\/wp-json\/wp\/v2\/posts"}],"about":[{"href":"https:\/\/www.encontraminasgerais.com.br\/ouro-preto\/wp-json\/wp\/v2\/types\/post"}],"author":[{"embeddable":true,"href":"https:\/\/www.encontraminasgerais.com.br\/ouro-preto\/wp-json\/wp\/v2\/users\/1"}],"replies":[{"embeddable":true,"href":"https:\/\/www.encontraminasgerais.com.br\/ouro-preto\/wp-json\/wp\/v2\/comments?post=4496"}],"version-history":[{"count":0,"href":"https:\/\/www.encontraminasgerais.com.br\/ouro-preto\/wp-json\/wp\/v2\/posts\/4496\/revisions"}],"wp:attachment":[{"href":"https:\/\/www.encontraminasgerais.com.br\/ouro-preto\/wp-json\/wp\/v2\/media?parent=4496"}],"wp:term":[{"taxonomy":"category","embeddable":true,"href":"https:\/\/www.encontraminasgerais.com.br\/ouro-preto\/wp-json\/wp\/v2\/categories?post=4496"},{"taxonomy":"post_tag","embeddable":true,"href":"https:\/\/www.encontraminasgerais.com.br\/ouro-preto\/wp-json\/wp\/v2\/tags?post=4496"}],"curies":[{"name":"wp","href":"https:\/\/api.w.org\/{rel}","templated":true}]}}