{"id":4500,"date":"2026-03-12T06:42:18","date_gmt":"2026-03-12T09:42:18","guid":{"rendered":"https:\/\/www.encontraminasgerais.com.br\/ouro-preto\/ifmg-campus-ouro-preto-realiza-diplomacao-postuma-do-ex\/"},"modified":"2026-03-12T06:42:18","modified_gmt":"2026-03-12T09:42:18","slug":"ifmg-campus-ouro-preto-realiza-diplomacao-postuma-do-ex","status":"publish","type":"post","link":"https:\/\/www.encontraminasgerais.com.br\/ouro-preto\/ifmg-campus-ouro-preto-realiza-diplomacao-postuma-do-ex\/","title":{"rendered":"IFMG Campus Ouro Preto realiza diploma\u00e7\u00e3o p\u00f3stuma do ex"},"content":{"rendered":"<h2>Cerim\u00f4nia de Diploma\u00e7\u00e3o In\u00e9dita<\/h2>\n<p>Na tarde do dia 5 de mar\u00e7o, o <strong>IFMG Campus Ouro Preto<\/strong> vivenciou um momento singular e significativo ao realizar a cerim\u00f4nia de diploma\u00e7\u00e3o p\u00f3stuma de <strong>H\u00e9lcio Pereira Fortes<\/strong>, um antigo aluno da <strong>Escola T\u00e9cnica Federal de Ouro Preto<\/strong> (Etfop) e uma proeminente figura na resist\u00eancia estudantil durante a ditadura militar no Brasil. Este evento se destacou como a primeira diploma\u00e7\u00e3o p\u00f3stuma de um estudante secundarista na institui\u00e7\u00e3o, representando n\u00e3o apenas uma homenagem, mas um ato simb\u00f3lico que resgata a mem\u00f3ria de um jovem cuja trajet\u00f3ria foi tragicamente interrompida por motivos pol\u00edticos.<\/p>\n<h2>A Hist\u00f3ria de H\u00e9lcio Pereira Fortes<\/h2>\n<p>H\u00e9lcio Pereira Fortes nasceu em 24 de janeiro de 1948, na hist\u00f3rica cidade de Ouro Preto, em Minas Gerais. Desde a juventude, mostrou envolvimento ativo nas quest\u00f5es estudantis, participando de grupos como o <strong>Gr\u00eamio Liter\u00e1rio Trist\u00e3o de Athayde<\/strong> e a <strong>Uni\u00e3o Colegial Ouro-pretana<\/strong>. Seu compromisso com as causas sociais e pol\u00edticas tornou-se not\u00e1vel ap\u00f3s o golpe militar de 1964, quando passou a atuar na resist\u00eancia. H\u00e9lcio teve um papel fundamental na greve dos metal\u00fargicos em 1968 e, em um movimento ascendente contra o regime, tornou-se coordenador nacional da <strong>A\u00e7\u00e3o Libertadora Nacional<\/strong> (ALN) em 1970.<\/p>\n<h2>Reconhecimento da Resist\u00eancia Estudantil<\/h2>\n<p>Durante a cerim\u00f4nia de diploma\u00e7\u00e3o, estiveram presentes alunos, ex-alunos, familiares, e diversas autoridades, incluindo o diretor do IFMG, representantes do governo e detalhes da comunidade local. O evento n\u00e3o apenas celebrou a vida de H\u00e9lcio, mas tamb\u00e9m serviu como uma plataforma para reflex\u00e3o sobre a import\u00e2ncia da resist\u00eancia estudantil durante um per\u00edodo de opress\u00e3o e autoritarismo. Esse ato de diploma\u00e7\u00e3o p\u00f3stuma \u00e9 um passo significativo na valoriza\u00e7\u00e3o da mem\u00f3ria de estudantes que lutaram pela democracia e pelos direitos civis.<\/p>\n<h2>Impacto da Diploma\u00e7\u00e3o para a Comunidade<\/h2>\n<p>A atua\u00e7\u00e3o de H\u00e9lcio, culminando na entrega de seu diploma simb\u00f3lico, representa um marco para a comunidade escolar e para as pr\u00f3ximas gera\u00e7\u00f5es. O diretor-geral do campus, <strong>Reginato Fernandes<\/strong>, enfatizou que esse reconhecimento vai al\u00e9m do ato comemorativo, sendo um reflexo do compromisso da institui\u00e7\u00e3o em honrar sua hist\u00f3ria e os valores que H\u00e9lcio defendeu. Com isso, a cerim\u00f4nia inspira estudantes a refletirem sobre seu papel na sociedade e a import\u00e2ncia da participa\u00e7\u00e3o ativa na defesa dos direitos e da democracia.<\/p>\n<h2>A\u00e7\u00e3o da Comiss\u00e3o da Verdade<\/h2>\n<p>O legado de H\u00e9lcio Pereira Fortes n\u00e3o s\u00f3 \u00e9 lembrado nas mem\u00f3rias de sua comunidade, mas tamb\u00e9m atrav\u00e9s de a\u00e7\u00f5es institucionais que buscavam reescrever a hist\u00f3ria das v\u00edtimas da ditadura militar. O caso de H\u00e9lcio faz parte dos registros da <strong>Comiss\u00e3o da Verdade<\/strong>, que investigou e documentou as viola\u00e7\u00f5es de direitos humanos durante esse per\u00edodo. Esta documenta\u00e7\u00e3o hist\u00f3rica fortalece a busca por justi\u00e7a e reconhecimento daqueles que sofreram injustamente nas m\u00e3os do Estado.<\/p>\n<h2>Processo de Homenagem<\/h2>\n<p>A proposta de diploma\u00e7\u00e3o p\u00f3stuma foi desenvolvida ao longo de atividades acad\u00eamicas promovidas por servidores e alunos do campus, especialmente em reflex\u00f5es relacionadas \u00e0 hist\u00f3ria e \u00e0 democracia. Os servidores <strong>L\u00edria Lara Soares<\/strong> e <strong>Fabr\u00edcia Coelho<\/strong> foram fundamentais na idealiza\u00e7\u00e3o e execu\u00e7\u00e3o dessa cerim\u00f4nia, que come\u00e7ou a tomar forma no ano de 2024, durante discuss\u00f5es sobre os 60 anos do golpe militar e os 40 anos da redemocratiza\u00e7\u00e3o brasileira. Focalizando a import\u00e2ncia de reconhecer a luta pelo direito \u00e0 educa\u00e7\u00e3o e pela liberdade, a iniciativa refletiu um esfor\u00e7o coletivo significativo do campus.<\/p>\n<h2>Import\u00e2ncia do Legado Hist\u00f3rico<\/h2>\n<p>Com a entrega do diploma p\u00f3stumo, a mem\u00f3ria de H\u00e9lcio \u00e9 perpetuada n\u00e3o apenas na documenta\u00e7\u00e3o da institui\u00e7\u00e3o, mas tamb\u00e9m nas vidas daqueles que s\u00e3o impactados por sua hist\u00f3ria. Cada estudante que passa pelas salas de aula do IFMG \u00e9 agora convidado a lembrar de H\u00e9lcio e de sua luta pela democracia e pela justi\u00e7a, reconhecendo que a hist\u00f3ria n\u00e3o deve ser esquecida, mas sim estudada e discutida para evitar que os erros do passado se repitam.<\/p>\n<h2>Significado para Estudantes e Educadores<\/h2>\n<p>Para alunos e educadores, a diploma\u00e7\u00e3o p\u00f3stuma de H\u00e9lcio Pereira Fortes simboliza um reconhecimento vital da import\u00e2ncia da hist\u00f3ria na forma\u00e7\u00e3o de cidadania e \u00e9tica. O evento foi um incentivo para que os estudantes se engajem em debates relevantes e tomem consci\u00eancia dos direitos e deveres que t\u00eam em uma sociedade democr\u00e1tica. A mem\u00f3ria de H\u00e9lcio deve servir como uma inspira\u00e7\u00e3o n\u00e3o apenas para resistir, mas tamb\u00e9m para lutar ativamente por um futuro melhor.<\/p>\n<h2>Mem\u00f3ria e Educa\u00e7\u00e3o na Democracia<\/h2>\n<p>A realiza\u00e7\u00e3o da cerim\u00f4nia de diploma\u00e7\u00e3o p\u00f3stuma sublinha o papel fundamental da educa\u00e7\u00e3o na preserva\u00e7\u00e3o da mem\u00f3ria hist\u00f3rica e na constru\u00e7\u00e3o de uma sociedade mais justa. O apelo por um compromisso cont\u00ednuo com a verdade e a justi\u00e7a ressoa fortemente na hist\u00f3ria de H\u00e9lcio e nas a\u00e7\u00f5es futuras que estudantes e educadores podem tomar para garantir que a luta por direitos e liberdade perdure em um contexto democr\u00e1tico.<\/p>\n<h2>Reflex\u00f5es sobre a Ditadura Militar<\/h2>\n<p>O ato de diploma\u00e7\u00e3o e a hist\u00f3ria de H\u00e9lcio Pereira Fortes nos convidam a um exerc\u00edcio cr\u00edtico sobre o passado e a sua rela\u00e7\u00e3o com o presente. Refletir sobre a ditadura militar permite que a sociedade compreenda a import\u00e2ncia da vigil\u00e2ncia permanente em defesa da democracia e dos direitos humanos. Os jovens s\u00e3o incentivados a aprender com a hist\u00f3ria, a se opor \u00e0 injusti\u00e7a e a defender a liberdade, construindo assim um futuro onde a dignidade humana seja respeitada.<\/p>\n","protected":false},"excerpt":{"rendered":"<p>IFMG Campus Ouro Preto faz diploma\u00e7\u00e3o p\u00f3stuma de ex-aluno H\u00e9lcio Fortes.<\/p>\n","protected":false},"author":1,"featured_media":0,"comment_status":"open","ping_status":"open","sticky":false,"template":"","format":"standard","meta":{"footnotes":""},"categories":[5],"tags":[],"class_list":["post-4500","post","type-post","status-publish","format-standard","hentry","category-noticias"],"yoast_head":"<!-- This site is optimized with the Yoast SEO plugin v27.2 - https:\/\/yoast.com\/product\/yoast-seo-wordpress\/ -->\n<title>IFMG Campus Ouro Preto realiza diploma\u00e7\u00e3o p\u00f3stuma do ex | Guia Comercial de Ouro Preto MG<\/title>\n<meta name=\"robots\" content=\"index, follow, max-snippet:-1, max-image-preview:large, max-video-preview:-1\" \/>\n<link rel=\"canonical\" href=\"https:\/\/www.encontraminasgerais.com.br\/ouro-preto\/ifmg-campus-ouro-preto-realiza-diplomacao-postuma-do-ex\/\" \/>\n<meta property=\"og:locale\" content=\"pt_BR\" \/>\n<meta property=\"og:type\" content=\"article\" \/>\n<meta property=\"og:title\" content=\"IFMG Campus Ouro Preto realiza diploma\u00e7\u00e3o p\u00f3stuma do ex | Guia Comercial de Ouro Preto MG\" \/>\n<meta property=\"og:description\" content=\"IFMG Campus Ouro Preto faz diploma\u00e7\u00e3o p\u00f3stuma de ex-aluno H\u00e9lcio Fortes.\" \/>\n<meta property=\"og:url\" content=\"https:\/\/www.encontraminasgerais.com.br\/ouro-preto\/ifmg-campus-ouro-preto-realiza-diplomacao-postuma-do-ex\/\" \/>\n<meta property=\"og:site_name\" content=\"Guia Comercial de Ouro Preto MG\" \/>\n<meta property=\"article:published_time\" content=\"2026-03-12T09:42:18+00:00\" \/>\n<meta name=\"author\" content=\"Encontra Ouro Preto\" \/>\n<meta name=\"twitter:card\" content=\"summary_large_image\" \/>\n<meta name=\"twitter:label1\" content=\"Escrito por\" \/>\n\t<meta name=\"twitter:data1\" content=\"Encontra Ouro Preto\" \/>\n\t<meta name=\"twitter:label2\" content=\"Est. tempo de leitura\" \/>\n\t<meta name=\"twitter:data2\" content=\"5 minutos\" \/>\n<script type=\"application\/ld+json\" class=\"yoast-schema-graph\">{\"@context\":\"https:\/\/schema.org\",\"@graph\":[{\"@type\":\"Article\",\"@id\":\"https:\/\/www.encontraminasgerais.com.br\/ouro-preto\/ifmg-campus-ouro-preto-realiza-diplomacao-postuma-do-ex\/#article\",\"isPartOf\":{\"@id\":\"https:\/\/www.encontraminasgerais.com.br\/ouro-preto\/ifmg-campus-ouro-preto-realiza-diplomacao-postuma-do-ex\/\"},\"author\":{\"name\":\"Encontra Ouro Preto\",\"@id\":\"https:\/\/www.encontraminasgerais.com.br\/ouro-preto\/#\/schema\/person\/d55d0e79e38dd7d6474efd815b181c4d\"},\"headline\":\"IFMG Campus Ouro Preto realiza diploma\u00e7\u00e3o p\u00f3stuma do ex\",\"datePublished\":\"2026-03-12T09:42:18+00:00\",\"mainEntityOfPage\":{\"@id\":\"https:\/\/www.encontraminasgerais.com.br\/ouro-preto\/ifmg-campus-ouro-preto-realiza-diplomacao-postuma-do-ex\/\"},\"wordCount\":1004,\"commentCount\":0,\"articleSection\":[\"Not\u00edcias Ouro Preto\"],\"inLanguage\":\"pt-BR\",\"potentialAction\":[{\"@type\":\"CommentAction\",\"name\":\"Comment\",\"target\":[\"https:\/\/www.encontraminasgerais.com.br\/ouro-preto\/ifmg-campus-ouro-preto-realiza-diplomacao-postuma-do-ex\/#respond\"]}]},{\"@type\":\"WebPage\",\"@id\":\"https:\/\/www.encontraminasgerais.com.br\/ouro-preto\/ifmg-campus-ouro-preto-realiza-diplomacao-postuma-do-ex\/\",\"url\":\"https:\/\/www.encontraminasgerais.com.br\/ouro-preto\/ifmg-campus-ouro-preto-realiza-diplomacao-postuma-do-ex\/\",\"name\":\"IFMG Campus Ouro Preto realiza diploma\u00e7\u00e3o p\u00f3stuma do ex | Guia Comercial de Ouro Preto MG\",\"isPartOf\":{\"@id\":\"https:\/\/www.encontraminasgerais.com.br\/ouro-preto\/#website\"},\"datePublished\":\"2026-03-12T09:42:18+00:00\",\"author\":{\"@id\":\"https:\/\/www.encontraminasgerais.com.br\/ouro-preto\/#\/schema\/person\/d55d0e79e38dd7d6474efd815b181c4d\"},\"inLanguage\":\"pt-BR\",\"potentialAction\":[{\"@type\":\"ReadAction\",\"target\":[\"https:\/\/www.encontraminasgerais.com.br\/ouro-preto\/ifmg-campus-ouro-preto-realiza-diplomacao-postuma-do-ex\/\"]}]},{\"@type\":\"WebSite\",\"@id\":\"https:\/\/www.encontraminasgerais.com.br\/ouro-preto\/#website\",\"url\":\"https:\/\/www.encontraminasgerais.com.br\/ouro-preto\/\",\"name\":\"Guia Comercial de Ouro Preto MG\",\"description\":\"O Encontra Ouro Preto \u00e9 o guia mais completo da cidade Ouro Preto com com\u00e9rcios, servi\u00e7os, noticias, jornal, hist\u00f3ria e lazer da cidade.\",\"potentialAction\":[{\"@type\":\"SearchAction\",\"target\":{\"@type\":\"EntryPoint\",\"urlTemplate\":\"https:\/\/www.encontraminasgerais.com.br\/ouro-preto\/?s={search_term_string}\"},\"query-input\":{\"@type\":\"PropertyValueSpecification\",\"valueRequired\":true,\"valueName\":\"search_term_string\"}}],\"inLanguage\":\"pt-BR\"},{\"@type\":\"Person\",\"@id\":\"https:\/\/www.encontraminasgerais.com.br\/ouro-preto\/#\/schema\/person\/d55d0e79e38dd7d6474efd815b181c4d\",\"name\":\"Encontra Ouro Preto\",\"image\":{\"@type\":\"ImageObject\",\"inLanguage\":\"pt-BR\",\"@id\":\"https:\/\/secure.gravatar.com\/avatar\/c50c17820bcf322f0a8fd6b110b8c0918141409dc69076470f6fca5fee70a5d4?s=96&d=mm&r=g\",\"url\":\"https:\/\/secure.gravatar.com\/avatar\/c50c17820bcf322f0a8fd6b110b8c0918141409dc69076470f6fca5fee70a5d4?s=96&d=mm&r=g\",\"contentUrl\":\"https:\/\/secure.gravatar.com\/avatar\/c50c17820bcf322f0a8fd6b110b8c0918141409dc69076470f6fca5fee70a5d4?s=96&d=mm&r=g\",\"caption\":\"Encontra Ouro Preto\"},\"url\":\"https:\/\/www.encontraminasgerais.com.br\/ouro-preto\/author\/encontraouropreto\/\"}]}<\/script>\n<!-- \/ Yoast SEO plugin. -->","yoast_head_json":{"title":"IFMG Campus Ouro Preto realiza diploma\u00e7\u00e3o p\u00f3stuma do ex | Guia Comercial de Ouro Preto MG","robots":{"index":"index","follow":"follow","max-snippet":"max-snippet:-1","max-image-preview":"max-image-preview:large","max-video-preview":"max-video-preview:-1"},"canonical":"https:\/\/www.encontraminasgerais.com.br\/ouro-preto\/ifmg-campus-ouro-preto-realiza-diplomacao-postuma-do-ex\/","og_locale":"pt_BR","og_type":"article","og_title":"IFMG Campus Ouro Preto realiza diploma\u00e7\u00e3o p\u00f3stuma do ex | Guia Comercial de Ouro Preto MG","og_description":"IFMG Campus Ouro Preto faz diploma\u00e7\u00e3o p\u00f3stuma de ex-aluno H\u00e9lcio Fortes.","og_url":"https:\/\/www.encontraminasgerais.com.br\/ouro-preto\/ifmg-campus-ouro-preto-realiza-diplomacao-postuma-do-ex\/","og_site_name":"Guia Comercial de Ouro Preto MG","article_published_time":"2026-03-12T09:42:18+00:00","author":"Encontra Ouro Preto","twitter_card":"summary_large_image","twitter_misc":{"Escrito por":"Encontra Ouro Preto","Est. tempo de leitura":"5 minutos"},"schema":{"@context":"https:\/\/schema.org","@graph":[{"@type":"Article","@id":"https:\/\/www.encontraminasgerais.com.br\/ouro-preto\/ifmg-campus-ouro-preto-realiza-diplomacao-postuma-do-ex\/#article","isPartOf":{"@id":"https:\/\/www.encontraminasgerais.com.br\/ouro-preto\/ifmg-campus-ouro-preto-realiza-diplomacao-postuma-do-ex\/"},"author":{"name":"Encontra Ouro Preto","@id":"https:\/\/www.encontraminasgerais.com.br\/ouro-preto\/#\/schema\/person\/d55d0e79e38dd7d6474efd815b181c4d"},"headline":"IFMG Campus Ouro Preto realiza diploma\u00e7\u00e3o p\u00f3stuma do ex","datePublished":"2026-03-12T09:42:18+00:00","mainEntityOfPage":{"@id":"https:\/\/www.encontraminasgerais.com.br\/ouro-preto\/ifmg-campus-ouro-preto-realiza-diplomacao-postuma-do-ex\/"},"wordCount":1004,"commentCount":0,"articleSection":["Not\u00edcias Ouro Preto"],"inLanguage":"pt-BR","potentialAction":[{"@type":"CommentAction","name":"Comment","target":["https:\/\/www.encontraminasgerais.com.br\/ouro-preto\/ifmg-campus-ouro-preto-realiza-diplomacao-postuma-do-ex\/#respond"]}]},{"@type":"WebPage","@id":"https:\/\/www.encontraminasgerais.com.br\/ouro-preto\/ifmg-campus-ouro-preto-realiza-diplomacao-postuma-do-ex\/","url":"https:\/\/www.encontraminasgerais.com.br\/ouro-preto\/ifmg-campus-ouro-preto-realiza-diplomacao-postuma-do-ex\/","name":"IFMG Campus Ouro Preto realiza diploma\u00e7\u00e3o p\u00f3stuma do ex | Guia Comercial de Ouro Preto MG","isPartOf":{"@id":"https:\/\/www.encontraminasgerais.com.br\/ouro-preto\/#website"},"datePublished":"2026-03-12T09:42:18+00:00","author":{"@id":"https:\/\/www.encontraminasgerais.com.br\/ouro-preto\/#\/schema\/person\/d55d0e79e38dd7d6474efd815b181c4d"},"inLanguage":"pt-BR","potentialAction":[{"@type":"ReadAction","target":["https:\/\/www.encontraminasgerais.com.br\/ouro-preto\/ifmg-campus-ouro-preto-realiza-diplomacao-postuma-do-ex\/"]}]},{"@type":"WebSite","@id":"https:\/\/www.encontraminasgerais.com.br\/ouro-preto\/#website","url":"https:\/\/www.encontraminasgerais.com.br\/ouro-preto\/","name":"Guia Comercial de Ouro Preto MG","description":"O Encontra Ouro Preto \u00e9 o guia mais completo da cidade Ouro Preto com com\u00e9rcios, servi\u00e7os, noticias, jornal, hist\u00f3ria e lazer da cidade.","potentialAction":[{"@type":"SearchAction","target":{"@type":"EntryPoint","urlTemplate":"https:\/\/www.encontraminasgerais.com.br\/ouro-preto\/?s={search_term_string}"},"query-input":{"@type":"PropertyValueSpecification","valueRequired":true,"valueName":"search_term_string"}}],"inLanguage":"pt-BR"},{"@type":"Person","@id":"https:\/\/www.encontraminasgerais.com.br\/ouro-preto\/#\/schema\/person\/d55d0e79e38dd7d6474efd815b181c4d","name":"Encontra Ouro Preto","image":{"@type":"ImageObject","inLanguage":"pt-BR","@id":"https:\/\/secure.gravatar.com\/avatar\/c50c17820bcf322f0a8fd6b110b8c0918141409dc69076470f6fca5fee70a5d4?s=96&d=mm&r=g","url":"https:\/\/secure.gravatar.com\/avatar\/c50c17820bcf322f0a8fd6b110b8c0918141409dc69076470f6fca5fee70a5d4?s=96&d=mm&r=g","contentUrl":"https:\/\/secure.gravatar.com\/avatar\/c50c17820bcf322f0a8fd6b110b8c0918141409dc69076470f6fca5fee70a5d4?s=96&d=mm&r=g","caption":"Encontra Ouro Preto"},"url":"https:\/\/www.encontraminasgerais.com.br\/ouro-preto\/author\/encontraouropreto\/"}]}},"_links":{"self":[{"href":"https:\/\/www.encontraminasgerais.com.br\/ouro-preto\/wp-json\/wp\/v2\/posts\/4500","targetHints":{"allow":["GET"]}}],"collection":[{"href":"https:\/\/www.encontraminasgerais.com.br\/ouro-preto\/wp-json\/wp\/v2\/posts"}],"about":[{"href":"https:\/\/www.encontraminasgerais.com.br\/ouro-preto\/wp-json\/wp\/v2\/types\/post"}],"author":[{"embeddable":true,"href":"https:\/\/www.encontraminasgerais.com.br\/ouro-preto\/wp-json\/wp\/v2\/users\/1"}],"replies":[{"embeddable":true,"href":"https:\/\/www.encontraminasgerais.com.br\/ouro-preto\/wp-json\/wp\/v2\/comments?post=4500"}],"version-history":[{"count":0,"href":"https:\/\/www.encontraminasgerais.com.br\/ouro-preto\/wp-json\/wp\/v2\/posts\/4500\/revisions"}],"wp:attachment":[{"href":"https:\/\/www.encontraminasgerais.com.br\/ouro-preto\/wp-json\/wp\/v2\/media?parent=4500"}],"wp:term":[{"taxonomy":"category","embeddable":true,"href":"https:\/\/www.encontraminasgerais.com.br\/ouro-preto\/wp-json\/wp\/v2\/categories?post=4500"},{"taxonomy":"post_tag","embeddable":true,"href":"https:\/\/www.encontraminasgerais.com.br\/ouro-preto\/wp-json\/wp\/v2\/tags?post=4500"}],"curies":[{"name":"wp","href":"https:\/\/api.w.org\/{rel}","templated":true}]}}