{"id":4509,"date":"2026-03-15T06:43:05","date_gmt":"2026-03-15T09:43:05","guid":{"rendered":"https:\/\/www.encontraminasgerais.com.br\/ouro-preto\/programacao-da-semana-santa-2026-e-divulgada-em-ouro-preto\/"},"modified":"2026-03-15T06:43:05","modified_gmt":"2026-03-15T09:43:05","slug":"programacao-da-semana-santa-2026-e-divulgada-em-ouro-preto","status":"publish","type":"post","link":"https:\/\/www.encontraminasgerais.com.br\/ouro-preto\/programacao-da-semana-santa-2026-e-divulgada-em-ouro-preto\/","title":{"rendered":"Programa\u00e7\u00e3o da Semana Santa 2026 \u00e9 divulgada em Ouro Preto"},"content":{"rendered":"<h2>Datas e Hor\u00e1rios das Celebra\u00e7\u00f5es<\/h2>\n<p>A Semana Santa de 2026 em Ouro Preto ocorrer\u00e1 entre os dias <strong>29 de mar\u00e7o e 5 de abril<\/strong>. Durante esse per\u00edodo, a cidade se transforma em um grande palco para celebra\u00e7\u00f5es religiosas, repletas de tradi\u00e7\u00f5es cat\u00f3licas que encantam tanto os locais quanto os visitantes. As prociss\u00f5es e eventos t\u00eam seus hor\u00e1rios cuidadosamente planejados para que todos possam vivenciar cada momento especial dessa festividade.<\/p>\n<h2>As Par\u00f3quias Organizadoras<\/h2>\n<p>Duas par\u00f3quias assumem a responsabilidade pela organiza\u00e7\u00e3o das festividades: a <strong>Par\u00f3quia de Nossa Senhora do Pilar<\/strong> e a <strong>Par\u00f3quia de Nossa Senhora da Concei\u00e7\u00e3o<\/strong>. A dedica\u00e7\u00e3o dessas comunidades \u00e9 not\u00e1vel e reflete uma tradi\u00e7\u00e3o que remonta \u00e0 cidade quando era conhecida como <em>Vila Rica<\/em>. A divis\u00e3o entre os bairros, os jacubas e os mocot\u00f3s, contribui para um legado cultural que se mant\u00e9m ao longo dos s\u00e9culos. Em 2026, a par\u00f3quia do Pilar ter\u00e1 a honra de coordenar as celebridades.<\/p>\n<h2>Expectativas de Ocupa\u00e7\u00e3o Hoteleira<\/h2>\n<p>Em termos de turismo, as expectativas para a occupa\u00e7\u00e3o hoteleira s\u00e3o extremamente otimistas. Com base nos dados dos anos anteriores, a taxa de ocupa\u00e7\u00e3o pode variar de <strong>90% a 100%<\/strong>, o que \u00e9 um indicativo do atrativo que a Semana Santa exerce na regi\u00e3o. Estima-se que aproximadamente <strong>R$ 15 milh\u00f5es<\/strong> ser\u00e3o injetados na economia local, contribuindo significativamente para o com\u00e9rcio, restaurantes e servi\u00e7os tur\u00edsticos.<\/p>\n<h2>Tradi\u00e7\u00f5es que Marcam a Semana Santa<\/h2>\n<p>A Semana Santa \u00e9 um per\u00edodo rico em tradi\u00e7\u00f5es que t\u00eam sido cuidadosamente preservadas nos \u00faltimos anos. Os moradores embelezam suas resid\u00eancias com toalhas e len\u00e7\u00f3is coloridos que adornam as janelas. Essa pr\u00e1tica ocorre principalmente durante as prociss\u00f5es, simbolizando respeito e devo\u00e7\u00e3o. A cidade se torna um espet\u00e1culo visual e as ruas se enchem de cor e vida.<\/p>\n<h2>Decora\u00e7\u00e3o e Engajamento da Comunidade<\/h2>\n<p>A decora\u00e7\u00e3o das ruas \u00e9 um esfor\u00e7o conjunto que envolve tanto as comunidades locais quanto os turistas. Os tapetes feitos de serragem colorida s\u00e3o uma das tradi\u00e7\u00f5es mais emblem\u00e1ticas e exigem a colabora\u00e7\u00e3o de todos. Na madrugada do <strong>S\u00e1bado de Aleluia<\/strong>, moradores e visitantes se re\u00fanem para confeccionar tapetes que ir\u00e3o guiar os fi\u00e9is durante a <strong>Prociss\u00e3o da Ressurrei\u00e7\u00e3o<\/strong> no domingo de P\u00e1scoa. Essa ativa\u00e7\u00e3o social garante que a tradi\u00e7\u00e3o permane\u00e7a viva e que a experi\u00eancia seja coletiva.<\/p>\n<h2>A Economia Local e a Semana Santa<\/h2>\n<p>Os aspectos econ\u00f4micos da Semana Santa s\u00e3o relevantes, com impactos vis\u00edveis em v\u00e1rios setores. O aumento na ocupa\u00e7\u00e3o hoteleira, bem como o fluxo de turistas, proporciona um impulsionamento significativo no com\u00e9rcio local. Durante esse per\u00edodo, diversas lojas e estabelecimentos aproveitam a oportunidade para garantir promo\u00e7\u00f5es e atrair visitantes. O compromisso da Prefeitura de Ouro Preto em oferecer suporte \u00e0 economia local \u00e9 evidente nas iniciativas para garantir um evento memor\u00e1vel.<\/p>\n<h2>Sustentabilidade nas Comemora\u00e7\u00f5es<\/h2>\n<p>A preocupa\u00e7\u00e3o com o meio ambiente \u00e9 um dos pontos principais na organiza\u00e7\u00e3o da Semana Santa. A Prefeitura de Ouro Preto \u00e9 respons\u00e1vel por fornecer a serragem tingida utilizada na confec\u00e7\u00e3o dos tapetes, garantindo que ela seja de origem sustent\u00e1vel. O tingimento \u00e9 realizado com pigmentos naturais, evitando assim a contamina\u00e7\u00e3o do solo e preservando a paisagem urbana para futuras gera\u00e7\u00f5es.<\/p>\n<h2>O Papel das Am\u00eandoas na Celebra\u00e7\u00e3o<\/h2>\n<p>Uma das tradi\u00e7\u00f5es mais queridas pelos moradores de Ouro Preto \u00e9 a distribui\u00e7\u00e3o de am\u00eandoas, que ocorre logo ap\u00f3s a <strong>Prociss\u00e3o da Ressurrei\u00e7\u00e3o<\/strong>, no domingo de P\u00e1scoa. Estima-se que a cidade distribua cerca de <strong>200 kg<\/strong> de am\u00eandoas, que s\u00e3o oferecidas \u00e0s pessoas que se vestem como figuras b\u00edblicas durante o cortejo. Essa pr\u00e1tica come\u00e7ou em 1733 e \u00e9 uma forma de celebrar a ressurrei\u00e7\u00e3o de Cristo, al\u00e9m de promover um esp\u00edrito festivo entre os participantes.<\/p>\n<h2>Processos das Prociss\u00f5es na Cidade<\/h2>\n<p>As prociss\u00f5es s\u00e3o o cora\u00e7\u00e3o das celebra\u00e7\u00f5es da Semana Santa em Ouro Preto. Elas s\u00e3o cuidadosamente planejadas e envolvem a participa\u00e7\u00e3o ativa da comunidade. Durante esses eventos, os fi\u00e9is seguem rituais que misturam cor, som e devo\u00e7\u00e3o. A expectativa \u00e9 que cada prociss\u00e3o atraia uma grande quantidade de pessoas, tanto locais quanto turistas, que se juntam para celebrar e refletir.<\/p>\n<h2>Encerramento com a Prociss\u00e3o da Ressurrei\u00e7\u00e3o<\/h2>\n<p>A cerim\u00f4nia culmina na emocionante <strong>Prociss\u00e3o da Ressurrei\u00e7\u00e3o<\/strong>, que ocorre na manh\u00e3 do domingo de P\u00e1scoa. Este evento \u00e9 altamente aguardado e representa a vit\u00f3ria da vida sobre a morte. A m\u00fasica, os cantos e as ora\u00e7\u00f5es se misturam, criando um ambiente de celebra\u00e7\u00e3o e espiritualidade que permeia toda a cidade. \u00c9 o fechamento perfeito para uma semana que representa a f\u00e9 e a tradi\u00e7\u00e3o dos ouro-pretanos.<\/p>\n<p>Dessa maneira, a Semana Santa n\u00e3o \u00e9 apenas um evento religioso, mas um marco cultural que une a comunidade, revitaliza a economia e promove a sustentabilidade. Com cada nova edi\u00e7\u00e3o, Ouro Preto se reafirma como um dos destinos mais atrativos para quem busca vivenciar a riqueza da cultura brasileira.<\/p>\n","protected":false},"excerpt":{"rendered":"<p>A Semana Santa 2026 em Ouro Preto traz tradi\u00e7\u00f5es e festividades imperd\u00edveis para todos.<\/p>\n","protected":false},"author":1,"featured_media":0,"comment_status":"open","ping_status":"open","sticky":false,"template":"","format":"standard","meta":{"footnotes":""},"categories":[5],"tags":[],"class_list":["post-4509","post","type-post","status-publish","format-standard","hentry","category-noticias"],"yoast_head":"<!-- This site is optimized with the Yoast SEO plugin v27.2 - https:\/\/yoast.com\/product\/yoast-seo-wordpress\/ -->\n<title>Programa\u00e7\u00e3o da Semana Santa 2026 \u00e9 divulgada em Ouro Preto | Guia Comercial de Ouro Preto MG<\/title>\n<meta name=\"robots\" content=\"index, follow, max-snippet:-1, max-image-preview:large, max-video-preview:-1\" \/>\n<link rel=\"canonical\" href=\"https:\/\/www.encontraminasgerais.com.br\/ouro-preto\/programacao-da-semana-santa-2026-e-divulgada-em-ouro-preto\/\" \/>\n<meta property=\"og:locale\" content=\"pt_BR\" \/>\n<meta property=\"og:type\" content=\"article\" \/>\n<meta property=\"og:title\" content=\"Programa\u00e7\u00e3o da Semana Santa 2026 \u00e9 divulgada em Ouro Preto | Guia Comercial de Ouro Preto MG\" \/>\n<meta property=\"og:description\" content=\"A Semana Santa 2026 em Ouro Preto traz tradi\u00e7\u00f5es e festividades imperd\u00edveis para todos.\" \/>\n<meta property=\"og:url\" content=\"https:\/\/www.encontraminasgerais.com.br\/ouro-preto\/programacao-da-semana-santa-2026-e-divulgada-em-ouro-preto\/\" \/>\n<meta property=\"og:site_name\" content=\"Guia Comercial de Ouro Preto MG\" \/>\n<meta property=\"article:published_time\" content=\"2026-03-15T09:43:05+00:00\" \/>\n<meta name=\"author\" content=\"Encontra Ouro Preto\" \/>\n<meta name=\"twitter:card\" content=\"summary_large_image\" \/>\n<meta name=\"twitter:label1\" content=\"Escrito por\" \/>\n\t<meta name=\"twitter:data1\" content=\"Encontra Ouro Preto\" \/>\n\t<meta name=\"twitter:label2\" content=\"Est. tempo de leitura\" \/>\n\t<meta name=\"twitter:data2\" content=\"4 minutos\" \/>\n<script type=\"application\/ld+json\" class=\"yoast-schema-graph\">{\"@context\":\"https:\/\/schema.org\",\"@graph\":[{\"@type\":\"Article\",\"@id\":\"https:\/\/www.encontraminasgerais.com.br\/ouro-preto\/programacao-da-semana-santa-2026-e-divulgada-em-ouro-preto\/#article\",\"isPartOf\":{\"@id\":\"https:\/\/www.encontraminasgerais.com.br\/ouro-preto\/programacao-da-semana-santa-2026-e-divulgada-em-ouro-preto\/\"},\"author\":{\"name\":\"Encontra Ouro Preto\",\"@id\":\"https:\/\/www.encontraminasgerais.com.br\/ouro-preto\/#\/schema\/person\/d55d0e79e38dd7d6474efd815b181c4d\"},\"headline\":\"Programa\u00e7\u00e3o da Semana Santa 2026 \u00e9 divulgada em Ouro Preto\",\"datePublished\":\"2026-03-15T09:43:05+00:00\",\"mainEntityOfPage\":{\"@id\":\"https:\/\/www.encontraminasgerais.com.br\/ouro-preto\/programacao-da-semana-santa-2026-e-divulgada-em-ouro-preto\/\"},\"wordCount\":879,\"commentCount\":0,\"articleSection\":[\"Not\u00edcias Ouro Preto\"],\"inLanguage\":\"pt-BR\",\"potentialAction\":[{\"@type\":\"CommentAction\",\"name\":\"Comment\",\"target\":[\"https:\/\/www.encontraminasgerais.com.br\/ouro-preto\/programacao-da-semana-santa-2026-e-divulgada-em-ouro-preto\/#respond\"]}]},{\"@type\":\"WebPage\",\"@id\":\"https:\/\/www.encontraminasgerais.com.br\/ouro-preto\/programacao-da-semana-santa-2026-e-divulgada-em-ouro-preto\/\",\"url\":\"https:\/\/www.encontraminasgerais.com.br\/ouro-preto\/programacao-da-semana-santa-2026-e-divulgada-em-ouro-preto\/\",\"name\":\"Programa\u00e7\u00e3o da Semana Santa 2026 \u00e9 divulgada em Ouro Preto | Guia Comercial de Ouro Preto MG\",\"isPartOf\":{\"@id\":\"https:\/\/www.encontraminasgerais.com.br\/ouro-preto\/#website\"},\"datePublished\":\"2026-03-15T09:43:05+00:00\",\"author\":{\"@id\":\"https:\/\/www.encontraminasgerais.com.br\/ouro-preto\/#\/schema\/person\/d55d0e79e38dd7d6474efd815b181c4d\"},\"inLanguage\":\"pt-BR\",\"potentialAction\":[{\"@type\":\"ReadAction\",\"target\":[\"https:\/\/www.encontraminasgerais.com.br\/ouro-preto\/programacao-da-semana-santa-2026-e-divulgada-em-ouro-preto\/\"]}]},{\"@type\":\"WebSite\",\"@id\":\"https:\/\/www.encontraminasgerais.com.br\/ouro-preto\/#website\",\"url\":\"https:\/\/www.encontraminasgerais.com.br\/ouro-preto\/\",\"name\":\"Guia Comercial de Ouro Preto MG\",\"description\":\"O Encontra Ouro Preto \u00e9 o guia mais completo da cidade Ouro Preto com com\u00e9rcios, servi\u00e7os, noticias, jornal, hist\u00f3ria e lazer da cidade.\",\"potentialAction\":[{\"@type\":\"SearchAction\",\"target\":{\"@type\":\"EntryPoint\",\"urlTemplate\":\"https:\/\/www.encontraminasgerais.com.br\/ouro-preto\/?s={search_term_string}\"},\"query-input\":{\"@type\":\"PropertyValueSpecification\",\"valueRequired\":true,\"valueName\":\"search_term_string\"}}],\"inLanguage\":\"pt-BR\"},{\"@type\":\"Person\",\"@id\":\"https:\/\/www.encontraminasgerais.com.br\/ouro-preto\/#\/schema\/person\/d55d0e79e38dd7d6474efd815b181c4d\",\"name\":\"Encontra Ouro Preto\",\"image\":{\"@type\":\"ImageObject\",\"inLanguage\":\"pt-BR\",\"@id\":\"https:\/\/secure.gravatar.com\/avatar\/c50c17820bcf322f0a8fd6b110b8c0918141409dc69076470f6fca5fee70a5d4?s=96&d=mm&r=g\",\"url\":\"https:\/\/secure.gravatar.com\/avatar\/c50c17820bcf322f0a8fd6b110b8c0918141409dc69076470f6fca5fee70a5d4?s=96&d=mm&r=g\",\"contentUrl\":\"https:\/\/secure.gravatar.com\/avatar\/c50c17820bcf322f0a8fd6b110b8c0918141409dc69076470f6fca5fee70a5d4?s=96&d=mm&r=g\",\"caption\":\"Encontra Ouro Preto\"},\"url\":\"https:\/\/www.encontraminasgerais.com.br\/ouro-preto\/author\/encontraouropreto\/\"}]}<\/script>\n<!-- \/ Yoast SEO plugin. -->","yoast_head_json":{"title":"Programa\u00e7\u00e3o da Semana Santa 2026 \u00e9 divulgada em Ouro Preto | Guia Comercial de Ouro Preto MG","robots":{"index":"index","follow":"follow","max-snippet":"max-snippet:-1","max-image-preview":"max-image-preview:large","max-video-preview":"max-video-preview:-1"},"canonical":"https:\/\/www.encontraminasgerais.com.br\/ouro-preto\/programacao-da-semana-santa-2026-e-divulgada-em-ouro-preto\/","og_locale":"pt_BR","og_type":"article","og_title":"Programa\u00e7\u00e3o da Semana Santa 2026 \u00e9 divulgada em Ouro Preto | Guia Comercial de Ouro Preto MG","og_description":"A Semana Santa 2026 em Ouro Preto traz tradi\u00e7\u00f5es e festividades imperd\u00edveis para todos.","og_url":"https:\/\/www.encontraminasgerais.com.br\/ouro-preto\/programacao-da-semana-santa-2026-e-divulgada-em-ouro-preto\/","og_site_name":"Guia Comercial de Ouro Preto MG","article_published_time":"2026-03-15T09:43:05+00:00","author":"Encontra Ouro Preto","twitter_card":"summary_large_image","twitter_misc":{"Escrito por":"Encontra Ouro Preto","Est. tempo de leitura":"4 minutos"},"schema":{"@context":"https:\/\/schema.org","@graph":[{"@type":"Article","@id":"https:\/\/www.encontraminasgerais.com.br\/ouro-preto\/programacao-da-semana-santa-2026-e-divulgada-em-ouro-preto\/#article","isPartOf":{"@id":"https:\/\/www.encontraminasgerais.com.br\/ouro-preto\/programacao-da-semana-santa-2026-e-divulgada-em-ouro-preto\/"},"author":{"name":"Encontra Ouro Preto","@id":"https:\/\/www.encontraminasgerais.com.br\/ouro-preto\/#\/schema\/person\/d55d0e79e38dd7d6474efd815b181c4d"},"headline":"Programa\u00e7\u00e3o da Semana Santa 2026 \u00e9 divulgada em Ouro Preto","datePublished":"2026-03-15T09:43:05+00:00","mainEntityOfPage":{"@id":"https:\/\/www.encontraminasgerais.com.br\/ouro-preto\/programacao-da-semana-santa-2026-e-divulgada-em-ouro-preto\/"},"wordCount":879,"commentCount":0,"articleSection":["Not\u00edcias Ouro Preto"],"inLanguage":"pt-BR","potentialAction":[{"@type":"CommentAction","name":"Comment","target":["https:\/\/www.encontraminasgerais.com.br\/ouro-preto\/programacao-da-semana-santa-2026-e-divulgada-em-ouro-preto\/#respond"]}]},{"@type":"WebPage","@id":"https:\/\/www.encontraminasgerais.com.br\/ouro-preto\/programacao-da-semana-santa-2026-e-divulgada-em-ouro-preto\/","url":"https:\/\/www.encontraminasgerais.com.br\/ouro-preto\/programacao-da-semana-santa-2026-e-divulgada-em-ouro-preto\/","name":"Programa\u00e7\u00e3o da Semana Santa 2026 \u00e9 divulgada em Ouro Preto | Guia Comercial de Ouro Preto MG","isPartOf":{"@id":"https:\/\/www.encontraminasgerais.com.br\/ouro-preto\/#website"},"datePublished":"2026-03-15T09:43:05+00:00","author":{"@id":"https:\/\/www.encontraminasgerais.com.br\/ouro-preto\/#\/schema\/person\/d55d0e79e38dd7d6474efd815b181c4d"},"inLanguage":"pt-BR","potentialAction":[{"@type":"ReadAction","target":["https:\/\/www.encontraminasgerais.com.br\/ouro-preto\/programacao-da-semana-santa-2026-e-divulgada-em-ouro-preto\/"]}]},{"@type":"WebSite","@id":"https:\/\/www.encontraminasgerais.com.br\/ouro-preto\/#website","url":"https:\/\/www.encontraminasgerais.com.br\/ouro-preto\/","name":"Guia Comercial de Ouro Preto MG","description":"O Encontra Ouro Preto \u00e9 o guia mais completo da cidade Ouro Preto com com\u00e9rcios, servi\u00e7os, noticias, jornal, hist\u00f3ria e lazer da cidade.","potentialAction":[{"@type":"SearchAction","target":{"@type":"EntryPoint","urlTemplate":"https:\/\/www.encontraminasgerais.com.br\/ouro-preto\/?s={search_term_string}"},"query-input":{"@type":"PropertyValueSpecification","valueRequired":true,"valueName":"search_term_string"}}],"inLanguage":"pt-BR"},{"@type":"Person","@id":"https:\/\/www.encontraminasgerais.com.br\/ouro-preto\/#\/schema\/person\/d55d0e79e38dd7d6474efd815b181c4d","name":"Encontra Ouro Preto","image":{"@type":"ImageObject","inLanguage":"pt-BR","@id":"https:\/\/secure.gravatar.com\/avatar\/c50c17820bcf322f0a8fd6b110b8c0918141409dc69076470f6fca5fee70a5d4?s=96&d=mm&r=g","url":"https:\/\/secure.gravatar.com\/avatar\/c50c17820bcf322f0a8fd6b110b8c0918141409dc69076470f6fca5fee70a5d4?s=96&d=mm&r=g","contentUrl":"https:\/\/secure.gravatar.com\/avatar\/c50c17820bcf322f0a8fd6b110b8c0918141409dc69076470f6fca5fee70a5d4?s=96&d=mm&r=g","caption":"Encontra Ouro Preto"},"url":"https:\/\/www.encontraminasgerais.com.br\/ouro-preto\/author\/encontraouropreto\/"}]}},"_links":{"self":[{"href":"https:\/\/www.encontraminasgerais.com.br\/ouro-preto\/wp-json\/wp\/v2\/posts\/4509","targetHints":{"allow":["GET"]}}],"collection":[{"href":"https:\/\/www.encontraminasgerais.com.br\/ouro-preto\/wp-json\/wp\/v2\/posts"}],"about":[{"href":"https:\/\/www.encontraminasgerais.com.br\/ouro-preto\/wp-json\/wp\/v2\/types\/post"}],"author":[{"embeddable":true,"href":"https:\/\/www.encontraminasgerais.com.br\/ouro-preto\/wp-json\/wp\/v2\/users\/1"}],"replies":[{"embeddable":true,"href":"https:\/\/www.encontraminasgerais.com.br\/ouro-preto\/wp-json\/wp\/v2\/comments?post=4509"}],"version-history":[{"count":0,"href":"https:\/\/www.encontraminasgerais.com.br\/ouro-preto\/wp-json\/wp\/v2\/posts\/4509\/revisions"}],"wp:attachment":[{"href":"https:\/\/www.encontraminasgerais.com.br\/ouro-preto\/wp-json\/wp\/v2\/media?parent=4509"}],"wp:term":[{"taxonomy":"category","embeddable":true,"href":"https:\/\/www.encontraminasgerais.com.br\/ouro-preto\/wp-json\/wp\/v2\/categories?post=4509"},{"taxonomy":"post_tag","embeddable":true,"href":"https:\/\/www.encontraminasgerais.com.br\/ouro-preto\/wp-json\/wp\/v2\/tags?post=4509"}],"curies":[{"name":"wp","href":"https:\/\/api.w.org\/{rel}","templated":true}]}}