{"id":4540,"date":"2026-03-25T06:32:41","date_gmt":"2026-03-25T09:32:41","guid":{"rendered":"https:\/\/www.encontraminasgerais.com.br\/ouro-preto\/rota-da-liberdade-comeca-gestao-de-trecho-ouro-preto\/"},"modified":"2026-03-25T06:32:41","modified_gmt":"2026-03-25T09:32:41","slug":"rota-da-liberdade-comeca-gestao-de-trecho-ouro-preto","status":"publish","type":"post","link":"https:\/\/www.encontraminasgerais.com.br\/ouro-preto\/rota-da-liberdade-comeca-gestao-de-trecho-ouro-preto\/","title":{"rendered":"Rota da Liberdade come\u00e7a gest\u00e3o de trecho Ouro Preto"},"content":{"rendered":"<h2>O que \u00e9 a Rota da Liberdade?<\/h2>\n<p>O projeto Rota da Liberdade diz respeito \u00e0 gest\u00e3o e opera\u00e7\u00e3o de um importante trecho rodovi\u00e1rio que conecta as cidades hist\u00f3ricas de Ouro Preto e Mariana, em Minas Gerais. Essa iniciativa visa n\u00e3o apenas a manuten\u00e7\u00e3o e melhoria das condi\u00e7\u00f5es das estradas, mas tamb\u00e9m a crescente interliga\u00e7\u00e3o entre regi\u00f5es essenciais do estado, promovendo potencial tur\u00edstico e log\u00edstico na \u00e1rea.<\/p>\n<h2>A nova gest\u00e3o: quem est\u00e1 no comando?<\/h2>\n<p>A Rota da Liberdade S.A. \u00e9 a concession\u00e1ria respons\u00e1vel pela nova gest\u00e3o deste trecho rodovi\u00e1rio. Desde a \u00faltima sexta-feira, com a formaliza\u00e7\u00e3o do contrato em janeiro de 2026, a concession\u00e1ria deu in\u00edcio \u00e0 opera\u00e7\u00e3o do conhecido Lote 7, que abrange uma extens\u00e3o de 190 quil\u00f4metros. Esta gest\u00e3o ocorre sob a supervis\u00e3o da Artemig, \u00f3rg\u00e3o que regula e fiscaliza a concess\u00e3o, assegurando que as diretrizes tra\u00e7adas sejam seguidas de forma rigorosa.<\/p>\n<h2>A import\u00e2ncia da Artemig na concess\u00e3o<\/h2>\n<p>A Ag\u00eancia de Regula\u00e7\u00e3o dos Servi\u00e7os Delegados de Minas Gerais (Artemig) desempenha um papel crucial na supervis\u00e3o dessa concess\u00e3o. Sua miss\u00e3o envolve garantir que as metas constantes do contrato sejam n\u00e3o apenas alcan\u00e7adas, mas superadas. Isso inclui a supervis\u00e3o de obras, manuten\u00e7\u00e3o e a constru\u00e7\u00e3o de infraestruturas que beneficiem os usu\u00e1rios, intensificando a seguran\u00e7a e a qualidade dos servi\u00e7os rodovi\u00e1rios.<\/p>\n<p><img decoding=\"async\" src=\"https:\/\/www.encontraminasgerais.com.br\/ouro-preto\/wp-content\/uploads\/2026\/03\/rota-da-liberdade-comeca-gestao-de-trecho-ouro-preto.webp\" alt=\"Rota da Liberdade\" loading=\"lazy\" \/><\/p>\n<h2>Expectativas de investimento e desenvolvimento<\/h2>\n<p>O contrato de concess\u00e3o prev\u00ea um investimento significativo de cerca de R$ 5 bilh\u00f5es ao longo de 30 anos. Esse capital ser\u00e1 alocado em diversas obras de infraestrutura que visam aprimorar n\u00e3o somente as condi\u00e7\u00f5es de trafegabilidade, mas tamb\u00e9m oferecer um suporte robusto ao desenvolvimento econ\u00f4mico da regi\u00e3o, otimizando as estruturas de transporte vital para o escoamento de produtos e promo\u00e7\u00e3o do turismo.<\/p>\n<h2>Infraestrutura: o que ser\u00e1 melhorado?<\/h2>\n<p>Entre as principais melhorias esperadas, est\u00e3o a duplica\u00e7\u00e3o da BR-356 e a cria\u00e7\u00e3o de terceiras faixas nas rodovias que comp\u00f5em o trecho concedido. A recupera\u00e7\u00e3o de pavimentos, melhorias na sinaliza\u00e7\u00e3o, al\u00e9m do fortalecimento da rede de drenagem e limpeza das margens das rodovias est\u00e3o na lista de a\u00e7\u00f5es priorit\u00e1rias. Essas iniciativas visam garantir trajetos mais seguros e confort\u00e1veis para os motoristas e passageiros.<\/p>\n<h2>Mudan\u00e7as na cobran\u00e7a de ped\u00e1gio<\/h2>\n<p>Uma inova\u00e7\u00e3o importante nas opera\u00e7\u00f5es da Rota da Liberdade \u00e9 que a cobran\u00e7a de ped\u00e1gio ser\u00e1 implementada apenas ap\u00f3s a execu\u00e7\u00e3o das melhorias iniciais nas rodovias. Isso significa que os usu\u00e1rios poder\u00e3o observar avan\u00e7os tang\u00edveis nos servi\u00e7os antes de come\u00e7ar a pagar pela utiliza\u00e7\u00e3o das estradas, um aspecto que visa gerar maior confian\u00e7a e satisfa\u00e7\u00e3o entre os motoristas.<\/p>\n<h2>Como isso afeta o turismo na regi\u00e3o?<\/h2>\n<p>A melhoria da infraestrutura vi\u00e1ria est\u00e1 intimamente ligada ao potencial tur\u00edstico da regi\u00e3o. Conhecida por sua rica hist\u00f3ria e preserva\u00e7\u00e3o cultural, a conex\u00e3o entre Ouro Preto e Mariana n\u00e3o apenas facilitar\u00e1 o acesso a esses sites hist\u00f3ricos, mas tamb\u00e9m dever\u00e1 atrair um n\u00famero maior de visitantes. Espera-se que a moderniza\u00e7\u00e3o das rodovias contribua diretamente para um aumento no fluxo tur\u00edstico, com um impacto positivo na economia local.<\/p>\n<h2>Servi\u00e7os disponibilizados pela concession\u00e1ria<\/h2>\n<p>Al\u00e9m da infraestrutura, a Rota da Liberdade S.A. est\u00e1 planejando a moderniza\u00e7\u00e3o de seus servi\u00e7os de atendimento ao usu\u00e1rio. Isso inclui um Centro de Controle Operacional dispon\u00edvel 24 horas, bases para apoio mec\u00e2nico e emergencial ao longo do trecho, assim como a implementa\u00e7\u00e3o de paradas seguras para descanso. Essas iniciativas t\u00eam como objetivo promover a seguran\u00e7a e o bem-estar dos viajantes nas estradas da regi\u00e3o.<\/p>\n<h2>Interven\u00e7\u00f5es planejadas para o primeiro ano<\/h2>\n<p>No primeiro ano de concess\u00e3o, as a\u00e7\u00f5es ter\u00e3o foco em servi\u00e7os iniciais que garantir\u00e3o a trafegabilidade nas estrada. Est\u00e3o previstas interven\u00e7\u00f5es emergenciais para a recupera\u00e7\u00e3o do pavimento, adequa\u00e7\u00e3o da sinaliza\u00e7\u00e3o e manuten\u00e7\u00e3o das drenagens. Essas iniciativas ser\u00e3o de suma import\u00e2ncia para oferecer um retorno \u00e1gil e eficaz aos usu\u00e1rios logo no in\u00edcio das opera\u00e7\u00f5es.<\/p>\n<h2>O futuro da Rota da Liberdade<\/h2>\n<p>Com a Rota da Liberdade se estabelecendo como um eixo vital para a mobilidade na regi\u00e3o, o futuro parece promissor. As melhorias em infraestrutura n\u00e3o s\u00f3 prometem aumentar a seguran\u00e7a e a qualidade dos servi\u00e7os, mas tamb\u00e9m devem servir como um catalisador para o desenvolvimento econ\u00f4mico e tur\u00edstico. Diante de um cen\u00e1rio de investimento robusto e a supervis\u00e3o rigorosa da Artemig, espera-se que a Rota da Liberdade n\u00e3o apenas atenda \u00e0s necessidades atuais, mas tamb\u00e9m se adapte e cres\u00e7a junto com as demandas futuras da popula\u00e7\u00e3o e dos neg\u00f3cios nas \u00e1reas atendidas.<\/p>\n","protected":false},"excerpt":{"rendered":"<p>Rota da Liberdade revoluciona a gest\u00e3o entre Ouro Preto e Mariana.<\/p>\n","protected":false},"author":1,"featured_media":4539,"comment_status":"open","ping_status":"open","sticky":false,"template":"","format":"standard","meta":{"footnotes":""},"categories":[5],"tags":[],"class_list":["post-4540","post","type-post","status-publish","format-standard","has-post-thumbnail","hentry","category-noticias","has_thumb"],"yoast_head":"<!-- This site is optimized with the Yoast SEO plugin v27.2 - https:\/\/yoast.com\/product\/yoast-seo-wordpress\/ -->\n<title>Rota da Liberdade come\u00e7a gest\u00e3o de trecho Ouro Preto | Guia Comercial de Ouro Preto MG<\/title>\n<meta name=\"robots\" content=\"index, follow, max-snippet:-1, max-image-preview:large, max-video-preview:-1\" \/>\n<link rel=\"canonical\" href=\"https:\/\/www.encontraminasgerais.com.br\/ouro-preto\/rota-da-liberdade-comeca-gestao-de-trecho-ouro-preto\/\" \/>\n<meta property=\"og:locale\" content=\"pt_BR\" \/>\n<meta property=\"og:type\" content=\"article\" \/>\n<meta property=\"og:title\" content=\"Rota da Liberdade come\u00e7a gest\u00e3o de trecho Ouro Preto | Guia Comercial de Ouro Preto MG\" \/>\n<meta property=\"og:description\" content=\"Rota da Liberdade revoluciona a gest\u00e3o entre Ouro Preto e Mariana.\" \/>\n<meta property=\"og:url\" content=\"https:\/\/www.encontraminasgerais.com.br\/ouro-preto\/rota-da-liberdade-comeca-gestao-de-trecho-ouro-preto\/\" \/>\n<meta property=\"og:site_name\" content=\"Guia Comercial de Ouro Preto MG\" \/>\n<meta property=\"article:published_time\" content=\"2026-03-25T09:32:41+00:00\" \/>\n<meta property=\"og:image\" content=\"https:\/\/www.encontraminasgerais.com.br\/ouro-preto\/wp-content\/uploads\/2026\/03\/rota-da-liberdade-comeca-gestao-de-trecho-ouro-preto.webp\" \/>\n<meta name=\"author\" content=\"Encontra Ouro Preto\" \/>\n<meta name=\"twitter:card\" content=\"summary_large_image\" \/>\n<meta name=\"twitter:label1\" content=\"Escrito por\" \/>\n\t<meta name=\"twitter:data1\" content=\"Encontra Ouro Preto\" \/>\n\t<meta name=\"twitter:label2\" content=\"Est. tempo de leitura\" \/>\n\t<meta name=\"twitter:data2\" content=\"4 minutos\" \/>\n<script type=\"application\/ld+json\" class=\"yoast-schema-graph\">{\"@context\":\"https:\/\/schema.org\",\"@graph\":[{\"@type\":\"Article\",\"@id\":\"https:\/\/www.encontraminasgerais.com.br\/ouro-preto\/rota-da-liberdade-comeca-gestao-de-trecho-ouro-preto\/#article\",\"isPartOf\":{\"@id\":\"https:\/\/www.encontraminasgerais.com.br\/ouro-preto\/rota-da-liberdade-comeca-gestao-de-trecho-ouro-preto\/\"},\"author\":{\"name\":\"Encontra Ouro Preto\",\"@id\":\"https:\/\/www.encontraminasgerais.com.br\/ouro-preto\/#\/schema\/person\/d55d0e79e38dd7d6474efd815b181c4d\"},\"headline\":\"Rota da Liberdade come\u00e7a gest\u00e3o de trecho Ouro Preto\",\"datePublished\":\"2026-03-25T09:32:41+00:00\",\"mainEntityOfPage\":{\"@id\":\"https:\/\/www.encontraminasgerais.com.br\/ouro-preto\/rota-da-liberdade-comeca-gestao-de-trecho-ouro-preto\/\"},\"wordCount\":849,\"commentCount\":0,\"image\":{\"@id\":\"https:\/\/www.encontraminasgerais.com.br\/ouro-preto\/rota-da-liberdade-comeca-gestao-de-trecho-ouro-preto\/#primaryimage\"},\"thumbnailUrl\":\"https:\/\/www.encontraminasgerais.com.br\/ouro-preto\/wp-content\/uploads\/2026\/03\/rota-da-liberdade-comeca-gestao-de-trecho-ouro-preto.webp\",\"articleSection\":[\"Not\u00edcias Ouro Preto\"],\"inLanguage\":\"pt-BR\",\"potentialAction\":[{\"@type\":\"CommentAction\",\"name\":\"Comment\",\"target\":[\"https:\/\/www.encontraminasgerais.com.br\/ouro-preto\/rota-da-liberdade-comeca-gestao-de-trecho-ouro-preto\/#respond\"]}]},{\"@type\":\"WebPage\",\"@id\":\"https:\/\/www.encontraminasgerais.com.br\/ouro-preto\/rota-da-liberdade-comeca-gestao-de-trecho-ouro-preto\/\",\"url\":\"https:\/\/www.encontraminasgerais.com.br\/ouro-preto\/rota-da-liberdade-comeca-gestao-de-trecho-ouro-preto\/\",\"name\":\"Rota da Liberdade come\u00e7a gest\u00e3o de trecho Ouro Preto | Guia Comercial de Ouro Preto MG\",\"isPartOf\":{\"@id\":\"https:\/\/www.encontraminasgerais.com.br\/ouro-preto\/#website\"},\"primaryImageOfPage\":{\"@id\":\"https:\/\/www.encontraminasgerais.com.br\/ouro-preto\/rota-da-liberdade-comeca-gestao-de-trecho-ouro-preto\/#primaryimage\"},\"image\":{\"@id\":\"https:\/\/www.encontraminasgerais.com.br\/ouro-preto\/rota-da-liberdade-comeca-gestao-de-trecho-ouro-preto\/#primaryimage\"},\"thumbnailUrl\":\"https:\/\/www.encontraminasgerais.com.br\/ouro-preto\/wp-content\/uploads\/2026\/03\/rota-da-liberdade-comeca-gestao-de-trecho-ouro-preto.webp\",\"datePublished\":\"2026-03-25T09:32:41+00:00\",\"author\":{\"@id\":\"https:\/\/www.encontraminasgerais.com.br\/ouro-preto\/#\/schema\/person\/d55d0e79e38dd7d6474efd815b181c4d\"},\"inLanguage\":\"pt-BR\",\"potentialAction\":[{\"@type\":\"ReadAction\",\"target\":[\"https:\/\/www.encontraminasgerais.com.br\/ouro-preto\/rota-da-liberdade-comeca-gestao-de-trecho-ouro-preto\/\"]}]},{\"@type\":\"ImageObject\",\"inLanguage\":\"pt-BR\",\"@id\":\"https:\/\/www.encontraminasgerais.com.br\/ouro-preto\/rota-da-liberdade-comeca-gestao-de-trecho-ouro-preto\/#primaryimage\",\"url\":\"https:\/\/www.encontraminasgerais.com.br\/ouro-preto\/wp-content\/uploads\/2026\/03\/rota-da-liberdade-comeca-gestao-de-trecho-ouro-preto.webp\",\"contentUrl\":\"https:\/\/www.encontraminasgerais.com.br\/ouro-preto\/wp-content\/uploads\/2026\/03\/rota-da-liberdade-comeca-gestao-de-trecho-ouro-preto.webp\",\"width\":280,\"height\":280,\"caption\":\"Rota da Liberdade\"},{\"@type\":\"WebSite\",\"@id\":\"https:\/\/www.encontraminasgerais.com.br\/ouro-preto\/#website\",\"url\":\"https:\/\/www.encontraminasgerais.com.br\/ouro-preto\/\",\"name\":\"Guia Comercial de Ouro Preto MG\",\"description\":\"O Encontra Ouro Preto \u00e9 o guia mais completo da cidade Ouro Preto com com\u00e9rcios, servi\u00e7os, noticias, jornal, hist\u00f3ria e lazer da cidade.\",\"potentialAction\":[{\"@type\":\"SearchAction\",\"target\":{\"@type\":\"EntryPoint\",\"urlTemplate\":\"https:\/\/www.encontraminasgerais.com.br\/ouro-preto\/?s={search_term_string}\"},\"query-input\":{\"@type\":\"PropertyValueSpecification\",\"valueRequired\":true,\"valueName\":\"search_term_string\"}}],\"inLanguage\":\"pt-BR\"},{\"@type\":\"Person\",\"@id\":\"https:\/\/www.encontraminasgerais.com.br\/ouro-preto\/#\/schema\/person\/d55d0e79e38dd7d6474efd815b181c4d\",\"name\":\"Encontra Ouro Preto\",\"image\":{\"@type\":\"ImageObject\",\"inLanguage\":\"pt-BR\",\"@id\":\"https:\/\/secure.gravatar.com\/avatar\/c50c17820bcf322f0a8fd6b110b8c0918141409dc69076470f6fca5fee70a5d4?s=96&d=mm&r=g\",\"url\":\"https:\/\/secure.gravatar.com\/avatar\/c50c17820bcf322f0a8fd6b110b8c0918141409dc69076470f6fca5fee70a5d4?s=96&d=mm&r=g\",\"contentUrl\":\"https:\/\/secure.gravatar.com\/avatar\/c50c17820bcf322f0a8fd6b110b8c0918141409dc69076470f6fca5fee70a5d4?s=96&d=mm&r=g\",\"caption\":\"Encontra Ouro Preto\"},\"url\":\"https:\/\/www.encontraminasgerais.com.br\/ouro-preto\/author\/encontraouropreto\/\"}]}<\/script>\n<!-- \/ Yoast SEO plugin. -->","yoast_head_json":{"title":"Rota da Liberdade come\u00e7a gest\u00e3o de trecho Ouro Preto | Guia Comercial de Ouro Preto MG","robots":{"index":"index","follow":"follow","max-snippet":"max-snippet:-1","max-image-preview":"max-image-preview:large","max-video-preview":"max-video-preview:-1"},"canonical":"https:\/\/www.encontraminasgerais.com.br\/ouro-preto\/rota-da-liberdade-comeca-gestao-de-trecho-ouro-preto\/","og_locale":"pt_BR","og_type":"article","og_title":"Rota da Liberdade come\u00e7a gest\u00e3o de trecho Ouro Preto | Guia Comercial de Ouro Preto MG","og_description":"Rota da Liberdade revoluciona a gest\u00e3o entre Ouro Preto e Mariana.","og_url":"https:\/\/www.encontraminasgerais.com.br\/ouro-preto\/rota-da-liberdade-comeca-gestao-de-trecho-ouro-preto\/","og_site_name":"Guia Comercial de Ouro Preto MG","article_published_time":"2026-03-25T09:32:41+00:00","og_image":[{"url":"https:\/\/www.encontraminasgerais.com.br\/ouro-preto\/wp-content\/uploads\/2026\/03\/rota-da-liberdade-comeca-gestao-de-trecho-ouro-preto.webp","type":"","width":"","height":""}],"author":"Encontra Ouro Preto","twitter_card":"summary_large_image","twitter_misc":{"Escrito por":"Encontra Ouro Preto","Est. tempo de leitura":"4 minutos"},"schema":{"@context":"https:\/\/schema.org","@graph":[{"@type":"Article","@id":"https:\/\/www.encontraminasgerais.com.br\/ouro-preto\/rota-da-liberdade-comeca-gestao-de-trecho-ouro-preto\/#article","isPartOf":{"@id":"https:\/\/www.encontraminasgerais.com.br\/ouro-preto\/rota-da-liberdade-comeca-gestao-de-trecho-ouro-preto\/"},"author":{"name":"Encontra Ouro Preto","@id":"https:\/\/www.encontraminasgerais.com.br\/ouro-preto\/#\/schema\/person\/d55d0e79e38dd7d6474efd815b181c4d"},"headline":"Rota da Liberdade come\u00e7a gest\u00e3o de trecho Ouro Preto","datePublished":"2026-03-25T09:32:41+00:00","mainEntityOfPage":{"@id":"https:\/\/www.encontraminasgerais.com.br\/ouro-preto\/rota-da-liberdade-comeca-gestao-de-trecho-ouro-preto\/"},"wordCount":849,"commentCount":0,"image":{"@id":"https:\/\/www.encontraminasgerais.com.br\/ouro-preto\/rota-da-liberdade-comeca-gestao-de-trecho-ouro-preto\/#primaryimage"},"thumbnailUrl":"https:\/\/www.encontraminasgerais.com.br\/ouro-preto\/wp-content\/uploads\/2026\/03\/rota-da-liberdade-comeca-gestao-de-trecho-ouro-preto.webp","articleSection":["Not\u00edcias Ouro Preto"],"inLanguage":"pt-BR","potentialAction":[{"@type":"CommentAction","name":"Comment","target":["https:\/\/www.encontraminasgerais.com.br\/ouro-preto\/rota-da-liberdade-comeca-gestao-de-trecho-ouro-preto\/#respond"]}]},{"@type":"WebPage","@id":"https:\/\/www.encontraminasgerais.com.br\/ouro-preto\/rota-da-liberdade-comeca-gestao-de-trecho-ouro-preto\/","url":"https:\/\/www.encontraminasgerais.com.br\/ouro-preto\/rota-da-liberdade-comeca-gestao-de-trecho-ouro-preto\/","name":"Rota da Liberdade come\u00e7a gest\u00e3o de trecho Ouro Preto | Guia Comercial de Ouro Preto MG","isPartOf":{"@id":"https:\/\/www.encontraminasgerais.com.br\/ouro-preto\/#website"},"primaryImageOfPage":{"@id":"https:\/\/www.encontraminasgerais.com.br\/ouro-preto\/rota-da-liberdade-comeca-gestao-de-trecho-ouro-preto\/#primaryimage"},"image":{"@id":"https:\/\/www.encontraminasgerais.com.br\/ouro-preto\/rota-da-liberdade-comeca-gestao-de-trecho-ouro-preto\/#primaryimage"},"thumbnailUrl":"https:\/\/www.encontraminasgerais.com.br\/ouro-preto\/wp-content\/uploads\/2026\/03\/rota-da-liberdade-comeca-gestao-de-trecho-ouro-preto.webp","datePublished":"2026-03-25T09:32:41+00:00","author":{"@id":"https:\/\/www.encontraminasgerais.com.br\/ouro-preto\/#\/schema\/person\/d55d0e79e38dd7d6474efd815b181c4d"},"inLanguage":"pt-BR","potentialAction":[{"@type":"ReadAction","target":["https:\/\/www.encontraminasgerais.com.br\/ouro-preto\/rota-da-liberdade-comeca-gestao-de-trecho-ouro-preto\/"]}]},{"@type":"ImageObject","inLanguage":"pt-BR","@id":"https:\/\/www.encontraminasgerais.com.br\/ouro-preto\/rota-da-liberdade-comeca-gestao-de-trecho-ouro-preto\/#primaryimage","url":"https:\/\/www.encontraminasgerais.com.br\/ouro-preto\/wp-content\/uploads\/2026\/03\/rota-da-liberdade-comeca-gestao-de-trecho-ouro-preto.webp","contentUrl":"https:\/\/www.encontraminasgerais.com.br\/ouro-preto\/wp-content\/uploads\/2026\/03\/rota-da-liberdade-comeca-gestao-de-trecho-ouro-preto.webp","width":280,"height":280,"caption":"Rota da Liberdade"},{"@type":"WebSite","@id":"https:\/\/www.encontraminasgerais.com.br\/ouro-preto\/#website","url":"https:\/\/www.encontraminasgerais.com.br\/ouro-preto\/","name":"Guia Comercial de Ouro Preto MG","description":"O Encontra Ouro Preto \u00e9 o guia mais completo da cidade Ouro Preto com com\u00e9rcios, servi\u00e7os, noticias, jornal, hist\u00f3ria e lazer da cidade.","potentialAction":[{"@type":"SearchAction","target":{"@type":"EntryPoint","urlTemplate":"https:\/\/www.encontraminasgerais.com.br\/ouro-preto\/?s={search_term_string}"},"query-input":{"@type":"PropertyValueSpecification","valueRequired":true,"valueName":"search_term_string"}}],"inLanguage":"pt-BR"},{"@type":"Person","@id":"https:\/\/www.encontraminasgerais.com.br\/ouro-preto\/#\/schema\/person\/d55d0e79e38dd7d6474efd815b181c4d","name":"Encontra Ouro Preto","image":{"@type":"ImageObject","inLanguage":"pt-BR","@id":"https:\/\/secure.gravatar.com\/avatar\/c50c17820bcf322f0a8fd6b110b8c0918141409dc69076470f6fca5fee70a5d4?s=96&d=mm&r=g","url":"https:\/\/secure.gravatar.com\/avatar\/c50c17820bcf322f0a8fd6b110b8c0918141409dc69076470f6fca5fee70a5d4?s=96&d=mm&r=g","contentUrl":"https:\/\/secure.gravatar.com\/avatar\/c50c17820bcf322f0a8fd6b110b8c0918141409dc69076470f6fca5fee70a5d4?s=96&d=mm&r=g","caption":"Encontra Ouro Preto"},"url":"https:\/\/www.encontraminasgerais.com.br\/ouro-preto\/author\/encontraouropreto\/"}]}},"_links":{"self":[{"href":"https:\/\/www.encontraminasgerais.com.br\/ouro-preto\/wp-json\/wp\/v2\/posts\/4540","targetHints":{"allow":["GET"]}}],"collection":[{"href":"https:\/\/www.encontraminasgerais.com.br\/ouro-preto\/wp-json\/wp\/v2\/posts"}],"about":[{"href":"https:\/\/www.encontraminasgerais.com.br\/ouro-preto\/wp-json\/wp\/v2\/types\/post"}],"author":[{"embeddable":true,"href":"https:\/\/www.encontraminasgerais.com.br\/ouro-preto\/wp-json\/wp\/v2\/users\/1"}],"replies":[{"embeddable":true,"href":"https:\/\/www.encontraminasgerais.com.br\/ouro-preto\/wp-json\/wp\/v2\/comments?post=4540"}],"version-history":[{"count":0,"href":"https:\/\/www.encontraminasgerais.com.br\/ouro-preto\/wp-json\/wp\/v2\/posts\/4540\/revisions"}],"wp:featuredmedia":[{"embeddable":true,"href":"https:\/\/www.encontraminasgerais.com.br\/ouro-preto\/wp-json\/wp\/v2\/media\/4539"}],"wp:attachment":[{"href":"https:\/\/www.encontraminasgerais.com.br\/ouro-preto\/wp-json\/wp\/v2\/media?parent=4540"}],"wp:term":[{"taxonomy":"category","embeddable":true,"href":"https:\/\/www.encontraminasgerais.com.br\/ouro-preto\/wp-json\/wp\/v2\/categories?post=4540"},{"taxonomy":"post_tag","embeddable":true,"href":"https:\/\/www.encontraminasgerais.com.br\/ouro-preto\/wp-json\/wp\/v2\/tags?post=4540"}],"curies":[{"name":"wp","href":"https:\/\/api.w.org\/{rel}","templated":true}]}}