{"id":4594,"date":"2026-04-03T06:34:13","date_gmt":"2026-04-03T09:34:13","guid":{"rendered":"https:\/\/www.encontraminasgerais.com.br\/ouro-preto\/ouro-preto-deve-ter-um-dia-com-chuva-em-areas-especificas-nesta-sexta\/"},"modified":"2026-04-03T06:34:13","modified_gmt":"2026-04-03T09:34:13","slug":"ouro-preto-deve-ter-um-dia-com-chuva-em-areas-especificas-nesta-sexta","status":"publish","type":"post","link":"https:\/\/www.encontraminasgerais.com.br\/ouro-preto\/ouro-preto-deve-ter-um-dia-com-chuva-em-areas-especificas-nesta-sexta\/","title":{"rendered":"Ouro Preto deve ter um dia com chuva em \u00e1reas espec\u00edficas nesta sexta"},"content":{"rendered":"<h2>Temperaturas Variando em Ouro Preto<\/h2>\n<p>Ouro Preto, uma hist\u00f3rica cidade mineira, apresenta varia\u00e7\u00f5es de temperatura ao longo do dia. Nesta sexta-feira, as temperaturas devem oscilar entre <strong>17\u00b0C<\/strong> e <strong>29\u00b0C<\/strong>. Isso proporciona um in\u00edcio de dia agrad\u00e1vel, especialmente nas primeiras horas.<\/p>\n<p>A temperatura m\u00ednima ser\u00e1 registrada nas horas da madrugada, quando \u00e9 mais ameno. Durante a manh\u00e3, a cidade come\u00e7a a aquecer, alcan\u00e7ando temperaturas mais altas \u00e0 tarde, por\u00e9m a sensa\u00e7\u00e3o ser\u00e1 de calor suport\u00e1vel, divertida por estar associada a um clima tropical.<\/p>\n<h2>Condi\u00e7\u00f5es Meteorol\u00f3gicas Esperadas<\/h2>\n<p>As condi\u00e7\u00f5es meteorol\u00f3gicas indicadas pelo Instituto Nacional de Meteorologia (INMET) apontam para a possibilidade de chuvas em \u00e1reas espec\u00edficas durante o dia. A previs\u00e3o \u00e9 de que a chuva seja intermitente, alternando entre per\u00edodos secos e momentos de precipita\u00e7\u00e3o, especialmente concentrados na tarde.<\/p>\n<p><img decoding=\"async\" src=\"https:\/\/www.encontraminasgerais.com.br\/ouro-preto\/wp-content\/uploads\/2026\/04\/ouro-preto-deve-ter-um-dia-com-chuva-em-areas-especificas-nesta-sexta.webp\" alt=\"chuva em Ouro Preto\" loading=\"lazy\" \/><\/p>\n<p>Al\u00e9m disso, a umidade do ar dever\u00e1 influenciar a sensa\u00e7\u00e3o t\u00e9rmica, fazendo com que o calor seja mais evidente em determinados momentos do dia.<\/p>\n<h2>Umidade do Ar ao Longo do Dia<\/h2>\n<p>A umidade em Ouro Preto deve apresentar flutua\u00e7\u00f5es significativas ao longo do dia. A previs\u00e3o \u00e9 que alcance at\u00e9 <strong>100%<\/strong> durante a manh\u00e3, especialmente nos per\u00edodos em que a chuva se torna mais evidente. Na parte da tarde, a tend\u00eancia \u00e9 que a umidade diminua, podendo tocar <strong>40%<\/strong> nas horas mais quentes.<\/p>\n<p>Essas mudan\u00e7as de umidade s\u00e3o importantes, pois influenciam o conforto dos moradores e visitantes, tornando necess\u00e1rio estar atento \u00e0s roupas que ser\u00e3o utilizadas e \u00e0s atividades a serem realizadas.<\/p>\n<h2>Movimentos do Vento na Regi\u00e3o<\/h2>\n<p>Os ventos em Ouro Preto devem ser predominantemente leves, soprando do <strong>nordeste<\/strong> em dire\u00e7\u00e3o ao <strong>leste<\/strong>. Essa dire\u00e7\u00e3o do vento pode ajudar a amenizar a sensa\u00e7\u00e3o de calor em algumas partes da cidade, dependendo da intensidade e do momento em que ocorrer.<\/p>\n<p>O nascer do sol est\u00e1 previsto para \u00e0s <strong>06h02<\/strong>, e o p\u00f4r do sol dever\u00e1 acontecer \u00e0s <strong>17h55<\/strong>, proporcionando lindos cen\u00e1rios e \u00f3timas oportunidades para fotografias.<\/p>\n<h2>O Que Esperar para o Pr\u00f3ximo Fim de Semana<\/h2>\n<p>O clima durante o pr\u00f3ximo fim de semana promete ser inst\u00e1vel, com varia\u00e7\u00f5es cont\u00ednuas. No s\u00e1bado, os chuviscos devem persistir, enquanto no domingo a previs\u00e3o \u00e9 de c\u00e9u mais nublado. Para quem planeja atividades ao ar livre, \u00e9 prudente conferir as condi\u00e7\u00f5es constantemente.<\/p>\n<ul>\n<li><strong>S\u00e1bado (04\/04\/2026):<\/strong> C\u00e9u nublado com chuviscos pela manh\u00e3; temperaturas entre <strong>17\u00b0C<\/strong> e <strong>29\u00b0C<\/strong>.<\/li>\n<li><strong>Domingo (05\/04\/2026):<\/strong> C\u00e9u com muitas nuvens, temperaturas variando de <strong>17\u00b0C<\/strong> a <strong>28\u00b0C<\/strong>.<\/li>\n<\/ul>\n<h2>Impactos do Tempo na Atividade Cotidiana<\/h2>\n<p>As condi\u00e7\u00f5es clim\u00e1ticas, especialmente a ocorr\u00eancia de chuvas, podem ter impactos diretos nas atividades di\u00e1rias da popula\u00e7\u00e3o de Ouro Preto. As atividades ao ar livre podem ser prejudicadas, o que pode influenciar o turismo e, consequentemente, a economia local.<\/p>\n<p>Recomenda-se que moradores e turistas planejem suas atividades considerando as previs\u00f5es meteorol\u00f3gicas, optando por itiner\u00e1rios cobertos ou atividades internas durante as horas de maior incid\u00eancia de chuva.<\/p>\n<h2>Melhores Prepara\u00e7\u00f5es para o Clima Chuvoso<\/h2>\n<p>Diante da previs\u00e3o de chuvas, algumas prepara\u00e7\u00f5es s\u00e3o necess\u00e1rias. Evite sair sem um <strong>guarda-chuva<\/strong> ou uma capa de chuva, e prepare roupas adequadas que sejam respir\u00e1veis, mas que tamb\u00e9m ofere\u00e7am prote\u00e7\u00e3o contra a precipita\u00e7\u00e3o.<\/p>\n<p>Cal\u00e7ados imperme\u00e1veis s\u00e3o altamente recomendados para evitar desconforto e garantir que sua experi\u00eancia em Ouro Preto seja agrad\u00e1vel, mesmo com as chuvas.<\/p>\n<h2>Momentos Ideais para Passeios<\/h2>\n<p>Apesar do clima, h\u00e1 momentos em que o passeio pode ser aproveitado. As manh\u00e3s s\u00e3o geralmente mais amenas e podem ser ideais para explorar o centro hist\u00f3rico da cidade antes que a temperatura aumente e a probabilidade de chuvas se intensifique.<\/p>\n<p>Os hor\u00e1rios recomendados para atividades s\u00e3o: <\/p>\n<ul>\n<li>Manh\u00e3: 06h00 \u2013 11h00<\/li>\n<li>Tarde: 14h00 \u2013 16h00 (dependendo da intensidade das precipita\u00e7\u00f5es)<\/li>\n<\/ul>\n<h2>Cuidados com a Sa\u00fade em Dias Chuvosos<\/h2>\n<p>Em dias de chuva, \u00e9 essencial manter cuidados para prevenir doen\u00e7as. Fique sempre atento \u00e0 sua sa\u00fade, use roupas adequadas e n\u00e3o hesite em consultar um m\u00e9dico se sentir qualquer desconforto, principalmente em rela\u00e7\u00e3o a viroses que costumam ser frequentes em climas \u00famidos.<\/p>\n<p>A hidrata\u00e7\u00e3o \u00e9 igualmente importante, mesmo nos dias nublados ou chuvosos, pois a perda de \u00e1gua pelo corpo pode ocorrer apesar da sensa\u00e7\u00e3o de frio.<\/p>\n<h2>Refer\u00eancias sobre o Clima em Ouro Preto<\/h2>\n<p>As informa\u00e7\u00f5es apresentadas aqui s\u00e3o baseadas em dados recentes do Instituto Nacional de Meteorologia (INMET) e de previs\u00f5es clim\u00e1ticas confi\u00e1veis, que garantem uma vis\u00e3o clara das temperaturas e condi\u00e7\u00f5es esperadas. \u00c9 importante acompanhar frequentemente as atualiza\u00e7\u00f5es clim\u00e1ticas, os aplicativos e sites especializados.<\/p>\n<p>Participar de f\u00f3runs e grupos que discutem previs\u00f5es clim\u00e1ticas pode ser uma boa forma de se manter informado sobre mudan\u00e7as repentinas e o que fazer em caso de situa\u00e7\u00f5es clim\u00e1ticas adversas.<\/p>\n","protected":false},"excerpt":{"rendered":"<p>Chuva em Ouro Preto nesta sexta-feira, com temperaturas entre 17\u00b0C e 29\u00b0C.<\/p>\n","protected":false},"author":1,"featured_media":4593,"comment_status":"open","ping_status":"open","sticky":false,"template":"","format":"standard","meta":{"footnotes":""},"categories":[5],"tags":[],"class_list":["post-4594","post","type-post","status-publish","format-standard","has-post-thumbnail","hentry","category-noticias","has_thumb"],"yoast_head":"<!-- This site is optimized with the Yoast SEO plugin v27.2 - https:\/\/yoast.com\/product\/yoast-seo-wordpress\/ -->\n<title>Ouro Preto deve ter um dia com chuva em \u00e1reas espec\u00edficas nesta sexta | Guia Comercial de Ouro Preto MG<\/title>\n<meta name=\"robots\" content=\"index, follow, max-snippet:-1, max-image-preview:large, max-video-preview:-1\" \/>\n<link rel=\"canonical\" href=\"https:\/\/www.encontraminasgerais.com.br\/ouro-preto\/ouro-preto-deve-ter-um-dia-com-chuva-em-areas-especificas-nesta-sexta\/\" \/>\n<meta property=\"og:locale\" content=\"pt_BR\" \/>\n<meta property=\"og:type\" content=\"article\" \/>\n<meta property=\"og:title\" content=\"Ouro Preto deve ter um dia com chuva em \u00e1reas espec\u00edficas nesta sexta | Guia Comercial de Ouro Preto MG\" \/>\n<meta property=\"og:description\" content=\"Chuva em Ouro Preto nesta sexta-feira, com temperaturas entre 17\u00b0C e 29\u00b0C.\" \/>\n<meta property=\"og:url\" content=\"https:\/\/www.encontraminasgerais.com.br\/ouro-preto\/ouro-preto-deve-ter-um-dia-com-chuva-em-areas-especificas-nesta-sexta\/\" \/>\n<meta property=\"og:site_name\" content=\"Guia Comercial de Ouro Preto MG\" \/>\n<meta property=\"article:published_time\" content=\"2026-04-03T09:34:13+00:00\" \/>\n<meta property=\"og:image\" content=\"https:\/\/www.encontraminasgerais.com.br\/ouro-preto\/wp-content\/uploads\/2026\/04\/ouro-preto-deve-ter-um-dia-com-chuva-em-areas-especificas-nesta-sexta.webp\" \/>\n<meta name=\"author\" content=\"Encontra Ouro Preto\" \/>\n<meta name=\"twitter:card\" content=\"summary_large_image\" \/>\n<meta name=\"twitter:label1\" content=\"Escrito por\" \/>\n\t<meta name=\"twitter:data1\" content=\"Encontra Ouro Preto\" \/>\n\t<meta name=\"twitter:label2\" content=\"Est. tempo de leitura\" \/>\n\t<meta name=\"twitter:data2\" content=\"4 minutos\" \/>\n<script type=\"application\/ld+json\" class=\"yoast-schema-graph\">{\"@context\":\"https:\/\/schema.org\",\"@graph\":[{\"@type\":\"Article\",\"@id\":\"https:\/\/www.encontraminasgerais.com.br\/ouro-preto\/ouro-preto-deve-ter-um-dia-com-chuva-em-areas-especificas-nesta-sexta\/#article\",\"isPartOf\":{\"@id\":\"https:\/\/www.encontraminasgerais.com.br\/ouro-preto\/ouro-preto-deve-ter-um-dia-com-chuva-em-areas-especificas-nesta-sexta\/\"},\"author\":{\"name\":\"Encontra Ouro Preto\",\"@id\":\"https:\/\/www.encontraminasgerais.com.br\/ouro-preto\/#\/schema\/person\/d55d0e79e38dd7d6474efd815b181c4d\"},\"headline\":\"Ouro Preto deve ter um dia com chuva em \u00e1reas espec\u00edficas nesta sexta\",\"datePublished\":\"2026-04-03T09:34:13+00:00\",\"mainEntityOfPage\":{\"@id\":\"https:\/\/www.encontraminasgerais.com.br\/ouro-preto\/ouro-preto-deve-ter-um-dia-com-chuva-em-areas-especificas-nesta-sexta\/\"},\"wordCount\":841,\"commentCount\":0,\"image\":{\"@id\":\"https:\/\/www.encontraminasgerais.com.br\/ouro-preto\/ouro-preto-deve-ter-um-dia-com-chuva-em-areas-especificas-nesta-sexta\/#primaryimage\"},\"thumbnailUrl\":\"https:\/\/www.encontraminasgerais.com.br\/ouro-preto\/wp-content\/uploads\/2026\/04\/ouro-preto-deve-ter-um-dia-com-chuva-em-areas-especificas-nesta-sexta.webp\",\"articleSection\":[\"Not\u00edcias Ouro Preto\"],\"inLanguage\":\"pt-BR\",\"potentialAction\":[{\"@type\":\"CommentAction\",\"name\":\"Comment\",\"target\":[\"https:\/\/www.encontraminasgerais.com.br\/ouro-preto\/ouro-preto-deve-ter-um-dia-com-chuva-em-areas-especificas-nesta-sexta\/#respond\"]}]},{\"@type\":\"WebPage\",\"@id\":\"https:\/\/www.encontraminasgerais.com.br\/ouro-preto\/ouro-preto-deve-ter-um-dia-com-chuva-em-areas-especificas-nesta-sexta\/\",\"url\":\"https:\/\/www.encontraminasgerais.com.br\/ouro-preto\/ouro-preto-deve-ter-um-dia-com-chuva-em-areas-especificas-nesta-sexta\/\",\"name\":\"Ouro Preto deve ter um dia com chuva em \u00e1reas espec\u00edficas nesta sexta | Guia Comercial de Ouro Preto MG\",\"isPartOf\":{\"@id\":\"https:\/\/www.encontraminasgerais.com.br\/ouro-preto\/#website\"},\"primaryImageOfPage\":{\"@id\":\"https:\/\/www.encontraminasgerais.com.br\/ouro-preto\/ouro-preto-deve-ter-um-dia-com-chuva-em-areas-especificas-nesta-sexta\/#primaryimage\"},\"image\":{\"@id\":\"https:\/\/www.encontraminasgerais.com.br\/ouro-preto\/ouro-preto-deve-ter-um-dia-com-chuva-em-areas-especificas-nesta-sexta\/#primaryimage\"},\"thumbnailUrl\":\"https:\/\/www.encontraminasgerais.com.br\/ouro-preto\/wp-content\/uploads\/2026\/04\/ouro-preto-deve-ter-um-dia-com-chuva-em-areas-especificas-nesta-sexta.webp\",\"datePublished\":\"2026-04-03T09:34:13+00:00\",\"author\":{\"@id\":\"https:\/\/www.encontraminasgerais.com.br\/ouro-preto\/#\/schema\/person\/d55d0e79e38dd7d6474efd815b181c4d\"},\"inLanguage\":\"pt-BR\",\"potentialAction\":[{\"@type\":\"ReadAction\",\"target\":[\"https:\/\/www.encontraminasgerais.com.br\/ouro-preto\/ouro-preto-deve-ter-um-dia-com-chuva-em-areas-especificas-nesta-sexta\/\"]}]},{\"@type\":\"ImageObject\",\"inLanguage\":\"pt-BR\",\"@id\":\"https:\/\/www.encontraminasgerais.com.br\/ouro-preto\/ouro-preto-deve-ter-um-dia-com-chuva-em-areas-especificas-nesta-sexta\/#primaryimage\",\"url\":\"https:\/\/www.encontraminasgerais.com.br\/ouro-preto\/wp-content\/uploads\/2026\/04\/ouro-preto-deve-ter-um-dia-com-chuva-em-areas-especificas-nesta-sexta.webp\",\"contentUrl\":\"https:\/\/www.encontraminasgerais.com.br\/ouro-preto\/wp-content\/uploads\/2026\/04\/ouro-preto-deve-ter-um-dia-com-chuva-em-areas-especificas-nesta-sexta.webp\",\"width\":280,\"height\":280,\"caption\":\"chuva em Ouro Preto\"},{\"@type\":\"WebSite\",\"@id\":\"https:\/\/www.encontraminasgerais.com.br\/ouro-preto\/#website\",\"url\":\"https:\/\/www.encontraminasgerais.com.br\/ouro-preto\/\",\"name\":\"Guia Comercial de Ouro Preto MG\",\"description\":\"O Encontra Ouro Preto \u00e9 o guia mais completo da cidade Ouro Preto com com\u00e9rcios, servi\u00e7os, noticias, jornal, hist\u00f3ria e lazer da cidade.\",\"potentialAction\":[{\"@type\":\"SearchAction\",\"target\":{\"@type\":\"EntryPoint\",\"urlTemplate\":\"https:\/\/www.encontraminasgerais.com.br\/ouro-preto\/?s={search_term_string}\"},\"query-input\":{\"@type\":\"PropertyValueSpecification\",\"valueRequired\":true,\"valueName\":\"search_term_string\"}}],\"inLanguage\":\"pt-BR\"},{\"@type\":\"Person\",\"@id\":\"https:\/\/www.encontraminasgerais.com.br\/ouro-preto\/#\/schema\/person\/d55d0e79e38dd7d6474efd815b181c4d\",\"name\":\"Encontra Ouro Preto\",\"image\":{\"@type\":\"ImageObject\",\"inLanguage\":\"pt-BR\",\"@id\":\"https:\/\/secure.gravatar.com\/avatar\/c50c17820bcf322f0a8fd6b110b8c0918141409dc69076470f6fca5fee70a5d4?s=96&d=mm&r=g\",\"url\":\"https:\/\/secure.gravatar.com\/avatar\/c50c17820bcf322f0a8fd6b110b8c0918141409dc69076470f6fca5fee70a5d4?s=96&d=mm&r=g\",\"contentUrl\":\"https:\/\/secure.gravatar.com\/avatar\/c50c17820bcf322f0a8fd6b110b8c0918141409dc69076470f6fca5fee70a5d4?s=96&d=mm&r=g\",\"caption\":\"Encontra Ouro Preto\"},\"url\":\"https:\/\/www.encontraminasgerais.com.br\/ouro-preto\/author\/encontraouropreto\/\"}]}<\/script>\n<!-- \/ Yoast SEO plugin. -->","yoast_head_json":{"title":"Ouro Preto deve ter um dia com chuva em \u00e1reas espec\u00edficas nesta sexta | Guia Comercial de Ouro Preto MG","robots":{"index":"index","follow":"follow","max-snippet":"max-snippet:-1","max-image-preview":"max-image-preview:large","max-video-preview":"max-video-preview:-1"},"canonical":"https:\/\/www.encontraminasgerais.com.br\/ouro-preto\/ouro-preto-deve-ter-um-dia-com-chuva-em-areas-especificas-nesta-sexta\/","og_locale":"pt_BR","og_type":"article","og_title":"Ouro Preto deve ter um dia com chuva em \u00e1reas espec\u00edficas nesta sexta | Guia Comercial de Ouro Preto MG","og_description":"Chuva em Ouro Preto nesta sexta-feira, com temperaturas entre 17\u00b0C e 29\u00b0C.","og_url":"https:\/\/www.encontraminasgerais.com.br\/ouro-preto\/ouro-preto-deve-ter-um-dia-com-chuva-em-areas-especificas-nesta-sexta\/","og_site_name":"Guia Comercial de Ouro Preto MG","article_published_time":"2026-04-03T09:34:13+00:00","og_image":[{"url":"https:\/\/www.encontraminasgerais.com.br\/ouro-preto\/wp-content\/uploads\/2026\/04\/ouro-preto-deve-ter-um-dia-com-chuva-em-areas-especificas-nesta-sexta.webp","type":"","width":"","height":""}],"author":"Encontra Ouro Preto","twitter_card":"summary_large_image","twitter_misc":{"Escrito por":"Encontra Ouro Preto","Est. tempo de leitura":"4 minutos"},"schema":{"@context":"https:\/\/schema.org","@graph":[{"@type":"Article","@id":"https:\/\/www.encontraminasgerais.com.br\/ouro-preto\/ouro-preto-deve-ter-um-dia-com-chuva-em-areas-especificas-nesta-sexta\/#article","isPartOf":{"@id":"https:\/\/www.encontraminasgerais.com.br\/ouro-preto\/ouro-preto-deve-ter-um-dia-com-chuva-em-areas-especificas-nesta-sexta\/"},"author":{"name":"Encontra Ouro Preto","@id":"https:\/\/www.encontraminasgerais.com.br\/ouro-preto\/#\/schema\/person\/d55d0e79e38dd7d6474efd815b181c4d"},"headline":"Ouro Preto deve ter um dia com chuva em \u00e1reas espec\u00edficas nesta sexta","datePublished":"2026-04-03T09:34:13+00:00","mainEntityOfPage":{"@id":"https:\/\/www.encontraminasgerais.com.br\/ouro-preto\/ouro-preto-deve-ter-um-dia-com-chuva-em-areas-especificas-nesta-sexta\/"},"wordCount":841,"commentCount":0,"image":{"@id":"https:\/\/www.encontraminasgerais.com.br\/ouro-preto\/ouro-preto-deve-ter-um-dia-com-chuva-em-areas-especificas-nesta-sexta\/#primaryimage"},"thumbnailUrl":"https:\/\/www.encontraminasgerais.com.br\/ouro-preto\/wp-content\/uploads\/2026\/04\/ouro-preto-deve-ter-um-dia-com-chuva-em-areas-especificas-nesta-sexta.webp","articleSection":["Not\u00edcias Ouro Preto"],"inLanguage":"pt-BR","potentialAction":[{"@type":"CommentAction","name":"Comment","target":["https:\/\/www.encontraminasgerais.com.br\/ouro-preto\/ouro-preto-deve-ter-um-dia-com-chuva-em-areas-especificas-nesta-sexta\/#respond"]}]},{"@type":"WebPage","@id":"https:\/\/www.encontraminasgerais.com.br\/ouro-preto\/ouro-preto-deve-ter-um-dia-com-chuva-em-areas-especificas-nesta-sexta\/","url":"https:\/\/www.encontraminasgerais.com.br\/ouro-preto\/ouro-preto-deve-ter-um-dia-com-chuva-em-areas-especificas-nesta-sexta\/","name":"Ouro Preto deve ter um dia com chuva em \u00e1reas espec\u00edficas nesta sexta | Guia Comercial de Ouro Preto MG","isPartOf":{"@id":"https:\/\/www.encontraminasgerais.com.br\/ouro-preto\/#website"},"primaryImageOfPage":{"@id":"https:\/\/www.encontraminasgerais.com.br\/ouro-preto\/ouro-preto-deve-ter-um-dia-com-chuva-em-areas-especificas-nesta-sexta\/#primaryimage"},"image":{"@id":"https:\/\/www.encontraminasgerais.com.br\/ouro-preto\/ouro-preto-deve-ter-um-dia-com-chuva-em-areas-especificas-nesta-sexta\/#primaryimage"},"thumbnailUrl":"https:\/\/www.encontraminasgerais.com.br\/ouro-preto\/wp-content\/uploads\/2026\/04\/ouro-preto-deve-ter-um-dia-com-chuva-em-areas-especificas-nesta-sexta.webp","datePublished":"2026-04-03T09:34:13+00:00","author":{"@id":"https:\/\/www.encontraminasgerais.com.br\/ouro-preto\/#\/schema\/person\/d55d0e79e38dd7d6474efd815b181c4d"},"inLanguage":"pt-BR","potentialAction":[{"@type":"ReadAction","target":["https:\/\/www.encontraminasgerais.com.br\/ouro-preto\/ouro-preto-deve-ter-um-dia-com-chuva-em-areas-especificas-nesta-sexta\/"]}]},{"@type":"ImageObject","inLanguage":"pt-BR","@id":"https:\/\/www.encontraminasgerais.com.br\/ouro-preto\/ouro-preto-deve-ter-um-dia-com-chuva-em-areas-especificas-nesta-sexta\/#primaryimage","url":"https:\/\/www.encontraminasgerais.com.br\/ouro-preto\/wp-content\/uploads\/2026\/04\/ouro-preto-deve-ter-um-dia-com-chuva-em-areas-especificas-nesta-sexta.webp","contentUrl":"https:\/\/www.encontraminasgerais.com.br\/ouro-preto\/wp-content\/uploads\/2026\/04\/ouro-preto-deve-ter-um-dia-com-chuva-em-areas-especificas-nesta-sexta.webp","width":280,"height":280,"caption":"chuva em Ouro Preto"},{"@type":"WebSite","@id":"https:\/\/www.encontraminasgerais.com.br\/ouro-preto\/#website","url":"https:\/\/www.encontraminasgerais.com.br\/ouro-preto\/","name":"Guia Comercial de Ouro Preto MG","description":"O Encontra Ouro Preto \u00e9 o guia mais completo da cidade Ouro Preto com com\u00e9rcios, servi\u00e7os, noticias, jornal, hist\u00f3ria e lazer da cidade.","potentialAction":[{"@type":"SearchAction","target":{"@type":"EntryPoint","urlTemplate":"https:\/\/www.encontraminasgerais.com.br\/ouro-preto\/?s={search_term_string}"},"query-input":{"@type":"PropertyValueSpecification","valueRequired":true,"valueName":"search_term_string"}}],"inLanguage":"pt-BR"},{"@type":"Person","@id":"https:\/\/www.encontraminasgerais.com.br\/ouro-preto\/#\/schema\/person\/d55d0e79e38dd7d6474efd815b181c4d","name":"Encontra Ouro Preto","image":{"@type":"ImageObject","inLanguage":"pt-BR","@id":"https:\/\/secure.gravatar.com\/avatar\/c50c17820bcf322f0a8fd6b110b8c0918141409dc69076470f6fca5fee70a5d4?s=96&d=mm&r=g","url":"https:\/\/secure.gravatar.com\/avatar\/c50c17820bcf322f0a8fd6b110b8c0918141409dc69076470f6fca5fee70a5d4?s=96&d=mm&r=g","contentUrl":"https:\/\/secure.gravatar.com\/avatar\/c50c17820bcf322f0a8fd6b110b8c0918141409dc69076470f6fca5fee70a5d4?s=96&d=mm&r=g","caption":"Encontra Ouro Preto"},"url":"https:\/\/www.encontraminasgerais.com.br\/ouro-preto\/author\/encontraouropreto\/"}]}},"_links":{"self":[{"href":"https:\/\/www.encontraminasgerais.com.br\/ouro-preto\/wp-json\/wp\/v2\/posts\/4594","targetHints":{"allow":["GET"]}}],"collection":[{"href":"https:\/\/www.encontraminasgerais.com.br\/ouro-preto\/wp-json\/wp\/v2\/posts"}],"about":[{"href":"https:\/\/www.encontraminasgerais.com.br\/ouro-preto\/wp-json\/wp\/v2\/types\/post"}],"author":[{"embeddable":true,"href":"https:\/\/www.encontraminasgerais.com.br\/ouro-preto\/wp-json\/wp\/v2\/users\/1"}],"replies":[{"embeddable":true,"href":"https:\/\/www.encontraminasgerais.com.br\/ouro-preto\/wp-json\/wp\/v2\/comments?post=4594"}],"version-history":[{"count":0,"href":"https:\/\/www.encontraminasgerais.com.br\/ouro-preto\/wp-json\/wp\/v2\/posts\/4594\/revisions"}],"wp:featuredmedia":[{"embeddable":true,"href":"https:\/\/www.encontraminasgerais.com.br\/ouro-preto\/wp-json\/wp\/v2\/media\/4593"}],"wp:attachment":[{"href":"https:\/\/www.encontraminasgerais.com.br\/ouro-preto\/wp-json\/wp\/v2\/media?parent=4594"}],"wp:term":[{"taxonomy":"category","embeddable":true,"href":"https:\/\/www.encontraminasgerais.com.br\/ouro-preto\/wp-json\/wp\/v2\/categories?post=4594"},{"taxonomy":"post_tag","embeddable":true,"href":"https:\/\/www.encontraminasgerais.com.br\/ouro-preto\/wp-json\/wp\/v2\/tags?post=4594"}],"curies":[{"name":"wp","href":"https:\/\/api.w.org\/{rel}","templated":true}]}}