{"id":4600,"date":"2026-04-04T06:34:17","date_gmt":"2026-04-04T09:34:17","guid":{"rendered":"https:\/\/www.encontraminasgerais.com.br\/ouro-preto\/tradicional-procissao-do-fogareu-toma-as-ruas-de-ouro-preto-em-minas\/"},"modified":"2026-04-04T06:34:17","modified_gmt":"2026-04-04T09:34:17","slug":"tradicional-procissao-do-fogareu-toma-as-ruas-de-ouro-preto-em-minas","status":"publish","type":"post","link":"https:\/\/www.encontraminasgerais.com.br\/ouro-preto\/tradicional-procissao-do-fogareu-toma-as-ruas-de-ouro-preto-em-minas\/","title":{"rendered":"Tradicional Prociss\u00e3o do Fogar\u00e9u toma as ruas de Ouro Preto, em Minas"},"content":{"rendered":"<h2>A Origem da Prociss\u00e3o do Fogar\u00e9u<\/h2>\n<p>A Prociss\u00e3o do Fogar\u00e9u, um dos rituais mais emblem\u00e1ticos de Ouro Preto, nasceu de antiguidades religiosas que refletem a hist\u00f3ria espiritual do Brasil. Este evento dramatiza a pris\u00e3o de Jesus Cristo e o sofrimento que ele enfrentou antes da crucifica\u00e7\u00e3o. Nos dias atuais, essa cerim\u00f4nia religiosa ocorre anualmente na Quinta-feira Santa, atraindo tanto fi\u00e9is quanto turistas que buscam vivenciar a tradi\u00e7\u00e3o.<\/p>\n<h2>A Experi\u00eancia do Cortejo<\/h2>\n<p>Durante a Prociss\u00e3o do Fogar\u00e9u, os participantes, conhecidos como farricocos, vestem mantos escuros e carregam tochas acesas, simbolizando a luta e a dor que Cristo passou no caminho para sua pris\u00e3o. A atmosfera \u00e9 carregada de emo\u00e7\u00e3o, e a combina\u00e7\u00e3o das labaredas com o sil\u00eancio sepulcral cria uma experi\u00eancia sensorial marcante. Os espectadores est\u00e3o envolvidos na narrativa, vendo representa\u00e7\u00f5es que os lembram da injusti\u00e7a sofrida por Jesus.<\/p>\n<h2>Os Personagens da Prociss\u00e3o<\/h2>\n<p>Os farricocos s\u00e3o figuras centrais na cerim\u00f4nia. Eles representam soldados romanos e caminham em um cortejo com a imagem do Senhor Bom Jesus, figure pivotal na representa\u00e7\u00e3o da paix\u00e3o de Cristo. Este grupo de cerca de 70 figurantes se organiza para recriar a cena do mart\u00edrio, permitindo que a plateia vivencie a persegui\u00e7\u00e3o e o sofrimento do Salvador.<\/p>\n<p><img decoding=\"async\" src=\"https:\/\/www.encontraminasgerais.com.br\/ouro-preto\/wp-content\/uploads\/2026\/04\/tradicional-procissao-do-fogareu-toma-as-ruas-de-ouro-preto-em-minas.webp\" alt=\"Prociss\u00e3o do Fogar\u00e9u\" loading=\"lazy\" \/><\/p>\n<h2>Significado Espiritual do Evento<\/h2>\n<p>A Prociss\u00e3o do Fogar\u00e9u n\u00e3o \u00e9 apenas um espet\u00e1culo visual, mas um ato de f\u00e9 e reflex\u00e3o. Para muitos, \u00e9 uma oportunidade de meditar sobre temas como sacrif\u00edcio, dor e reden\u00e7\u00e3o. Essa experi\u00eancia espiritual \u00e9 intensificada pela ruta que passa por locais hist\u00f3ricos que fazem parte do patrim\u00f4nio cultural do Brasil, convidando os participantes a uma conex\u00e3o mais profunda com sua f\u00e9.<\/p>\n<h2>Impacto no Turismo de Ouro Preto<\/h2>\n<p>O evento teve um impacto significativo em Ouro Preto. Desde o seu retorno em 2019, a prociss\u00e3o tem atra\u00eddo um n\u00famero crescente de visitantes que desejam testemunhar essa tradi\u00e7\u00e3o profundamente enraizada. O turismo religioso se fortalece, trazendo benef\u00edcios econ\u00f4micos para a regi\u00e3o, uma vez que hot\u00e9is, restaurantes e lojas locais prosperam durante a Semana Santa.<\/p>\n<h2>Mudan\u00e7as Desde o Retorno em 2019<\/h2>\n<p>Ap\u00f3s uma pausa de mais de cem anos, a Prociss\u00e3o do Fogar\u00e9u foi revitalizada. Desde seu retorno, a organiza\u00e7\u00e3o do evento tem se modificado para experimentar e aprimorar a experi\u00eancia. Entre os ajustes, h\u00e1 mudan\u00e7as no percurso, que s\u00e3o adaptadas a cada ano, com \u00eanfase em envolver mais a comunidade e os turistas.<\/p>\n<h2>Depoimentos de Participantes<\/h2>\n<p>Os relatos de pessoas que participam da prociss\u00e3o s\u00e3o emocionantes e mostram a profundidade da experi\u00eancia. Por exemplo, Maria Jos\u00e9, uma comerciante que viajou de Ipatinga, expressou sua emo\u00e7\u00e3o: &#8220;\u00c9 a primeira vez que participo, e senti muito a injusti\u00e7a que Jesus enfrentou.&#8221; O entusiasmo de jovens como Gustavo Bastos, que tem participado desde 2019, reflete a paix\u00e3o pela tradi\u00e7\u00e3o: &#8220;A conex\u00e3o espiritual que se forma \u00e9 especial, especialmente durante os momentos de sil\u00eancio e das tochas que iluminam o caminho.&#8221;<\/p>\n<h2>Ritos e Tradi\u00e7\u00f5es da Semana Santa<\/h2>\n<p>A Prociss\u00e3o do Fogar\u00e9u se insere dentro de um conjunto maior de rituais que ocorrem durante a Semana Santa. Al\u00e9m de seu significado religioso, esses eventos representam tradi\u00e7\u00f5es culturais que foram transmitidas atrav\u00e9s das gera\u00e7\u00f5es. As compara\u00e7\u00f5es com o lava-p\u00e9s, outro ritual importante, mostram a riqueza da Semana Santa em Ouro Preto e em outras cidades hist\u00f3ricas de Minas Gerais.<\/p>\n<h2>Caminhos e Trajet\u00f3rias do Cortejo<\/h2>\n<p>O trajeto da Prociss\u00e3o do Fogar\u00e9u geralmente come\u00e7a no Largo de Coimbra e se estende pelas ruas de paralelep\u00edpedos do centro hist\u00f3rico. O percurso n\u00e3o \u00e9 apenas visualmente impressionante, mas tamb\u00e9m carrega um peso simb\u00f3lico muito significativo. O caminho leva os participantes a diversos pontos de import\u00e2ncia hist\u00f3rica, enquanto eles refletem sobre os eventos que cercaram a paix\u00e3o de Cristo.<\/p>\n<h2>Como Participar da Prociss\u00e3o do Fogar\u00e9u<\/h2>\n<p>Para aqueles que desejam vivenciar a Prociss\u00e3o do Fogar\u00e9u, a participa\u00e7\u00e3o \u00e9 aberta a todos. Os interessados podem se juntar ao cortejo, vestindo roupas escuras e, se poss\u00edvel, portando tochas. \u00c9 uma experi\u00eancia que convida \u00e0 medita\u00e7\u00e3o e \u00e0 reflex\u00e3o, culminando em um momento de comunh\u00e3o com a hist\u00f3ria e a f\u00e9.<\/p>\n","protected":false},"excerpt":{"rendered":"<p>Descubra a Prociss\u00e3o do Fogar\u00e9u e sua import\u00e2ncia cultural e religiosa em Ouro Preto.<\/p>\n","protected":false},"author":1,"featured_media":4599,"comment_status":"open","ping_status":"open","sticky":false,"template":"","format":"standard","meta":{"footnotes":""},"categories":[5],"tags":[],"class_list":["post-4600","post","type-post","status-publish","format-standard","has-post-thumbnail","hentry","category-noticias","has_thumb"],"yoast_head":"<!-- This site is optimized with the Yoast SEO plugin v27.2 - https:\/\/yoast.com\/product\/yoast-seo-wordpress\/ -->\n<title>Tradicional Prociss\u00e3o do Fogar\u00e9u toma as ruas de Ouro Preto, em Minas | Guia Comercial de Ouro Preto MG<\/title>\n<meta name=\"robots\" content=\"index, follow, max-snippet:-1, max-image-preview:large, max-video-preview:-1\" \/>\n<link rel=\"canonical\" href=\"https:\/\/www.encontraminasgerais.com.br\/ouro-preto\/tradicional-procissao-do-fogareu-toma-as-ruas-de-ouro-preto-em-minas\/\" \/>\n<meta property=\"og:locale\" content=\"pt_BR\" \/>\n<meta property=\"og:type\" content=\"article\" \/>\n<meta property=\"og:title\" content=\"Tradicional Prociss\u00e3o do Fogar\u00e9u toma as ruas de Ouro Preto, em Minas | Guia Comercial de Ouro Preto MG\" \/>\n<meta property=\"og:description\" content=\"Descubra a Prociss\u00e3o do Fogar\u00e9u e sua import\u00e2ncia cultural e religiosa em Ouro Preto.\" \/>\n<meta property=\"og:url\" content=\"https:\/\/www.encontraminasgerais.com.br\/ouro-preto\/tradicional-procissao-do-fogareu-toma-as-ruas-de-ouro-preto-em-minas\/\" \/>\n<meta property=\"og:site_name\" content=\"Guia Comercial de Ouro Preto MG\" \/>\n<meta property=\"article:published_time\" content=\"2026-04-04T09:34:17+00:00\" \/>\n<meta property=\"og:image\" content=\"https:\/\/www.encontraminasgerais.com.br\/ouro-preto\/wp-content\/uploads\/2026\/04\/tradicional-procissao-do-fogareu-toma-as-ruas-de-ouro-preto-em-minas.webp\" \/>\n<meta name=\"author\" content=\"Encontra Ouro Preto\" \/>\n<meta name=\"twitter:card\" content=\"summary_large_image\" \/>\n<meta name=\"twitter:label1\" content=\"Escrito por\" \/>\n\t<meta name=\"twitter:data1\" content=\"Encontra Ouro Preto\" \/>\n\t<meta name=\"twitter:label2\" content=\"Est. tempo de leitura\" \/>\n\t<meta name=\"twitter:data2\" content=\"4 minutos\" \/>\n<script type=\"application\/ld+json\" class=\"yoast-schema-graph\">{\"@context\":\"https:\/\/schema.org\",\"@graph\":[{\"@type\":\"Article\",\"@id\":\"https:\/\/www.encontraminasgerais.com.br\/ouro-preto\/tradicional-procissao-do-fogareu-toma-as-ruas-de-ouro-preto-em-minas\/#article\",\"isPartOf\":{\"@id\":\"https:\/\/www.encontraminasgerais.com.br\/ouro-preto\/tradicional-procissao-do-fogareu-toma-as-ruas-de-ouro-preto-em-minas\/\"},\"author\":{\"name\":\"Encontra Ouro Preto\",\"@id\":\"https:\/\/www.encontraminasgerais.com.br\/ouro-preto\/#\/schema\/person\/d55d0e79e38dd7d6474efd815b181c4d\"},\"headline\":\"Tradicional Prociss\u00e3o do Fogar\u00e9u toma as ruas de Ouro Preto, em Minas\",\"datePublished\":\"2026-04-04T09:34:17+00:00\",\"mainEntityOfPage\":{\"@id\":\"https:\/\/www.encontraminasgerais.com.br\/ouro-preto\/tradicional-procissao-do-fogareu-toma-as-ruas-de-ouro-preto-em-minas\/\"},\"wordCount\":756,\"commentCount\":0,\"image\":{\"@id\":\"https:\/\/www.encontraminasgerais.com.br\/ouro-preto\/tradicional-procissao-do-fogareu-toma-as-ruas-de-ouro-preto-em-minas\/#primaryimage\"},\"thumbnailUrl\":\"https:\/\/www.encontraminasgerais.com.br\/ouro-preto\/wp-content\/uploads\/2026\/04\/tradicional-procissao-do-fogareu-toma-as-ruas-de-ouro-preto-em-minas.webp\",\"articleSection\":[\"Not\u00edcias Ouro Preto\"],\"inLanguage\":\"pt-BR\",\"potentialAction\":[{\"@type\":\"CommentAction\",\"name\":\"Comment\",\"target\":[\"https:\/\/www.encontraminasgerais.com.br\/ouro-preto\/tradicional-procissao-do-fogareu-toma-as-ruas-de-ouro-preto-em-minas\/#respond\"]}]},{\"@type\":\"WebPage\",\"@id\":\"https:\/\/www.encontraminasgerais.com.br\/ouro-preto\/tradicional-procissao-do-fogareu-toma-as-ruas-de-ouro-preto-em-minas\/\",\"url\":\"https:\/\/www.encontraminasgerais.com.br\/ouro-preto\/tradicional-procissao-do-fogareu-toma-as-ruas-de-ouro-preto-em-minas\/\",\"name\":\"Tradicional Prociss\u00e3o do Fogar\u00e9u toma as ruas de Ouro Preto, em Minas | Guia Comercial de Ouro Preto MG\",\"isPartOf\":{\"@id\":\"https:\/\/www.encontraminasgerais.com.br\/ouro-preto\/#website\"},\"primaryImageOfPage\":{\"@id\":\"https:\/\/www.encontraminasgerais.com.br\/ouro-preto\/tradicional-procissao-do-fogareu-toma-as-ruas-de-ouro-preto-em-minas\/#primaryimage\"},\"image\":{\"@id\":\"https:\/\/www.encontraminasgerais.com.br\/ouro-preto\/tradicional-procissao-do-fogareu-toma-as-ruas-de-ouro-preto-em-minas\/#primaryimage\"},\"thumbnailUrl\":\"https:\/\/www.encontraminasgerais.com.br\/ouro-preto\/wp-content\/uploads\/2026\/04\/tradicional-procissao-do-fogareu-toma-as-ruas-de-ouro-preto-em-minas.webp\",\"datePublished\":\"2026-04-04T09:34:17+00:00\",\"author\":{\"@id\":\"https:\/\/www.encontraminasgerais.com.br\/ouro-preto\/#\/schema\/person\/d55d0e79e38dd7d6474efd815b181c4d\"},\"inLanguage\":\"pt-BR\",\"potentialAction\":[{\"@type\":\"ReadAction\",\"target\":[\"https:\/\/www.encontraminasgerais.com.br\/ouro-preto\/tradicional-procissao-do-fogareu-toma-as-ruas-de-ouro-preto-em-minas\/\"]}]},{\"@type\":\"ImageObject\",\"inLanguage\":\"pt-BR\",\"@id\":\"https:\/\/www.encontraminasgerais.com.br\/ouro-preto\/tradicional-procissao-do-fogareu-toma-as-ruas-de-ouro-preto-em-minas\/#primaryimage\",\"url\":\"https:\/\/www.encontraminasgerais.com.br\/ouro-preto\/wp-content\/uploads\/2026\/04\/tradicional-procissao-do-fogareu-toma-as-ruas-de-ouro-preto-em-minas.webp\",\"contentUrl\":\"https:\/\/www.encontraminasgerais.com.br\/ouro-preto\/wp-content\/uploads\/2026\/04\/tradicional-procissao-do-fogareu-toma-as-ruas-de-ouro-preto-em-minas.webp\",\"width\":280,\"height\":280,\"caption\":\"Prociss\u00e3o do Fogar\u00e9u\"},{\"@type\":\"WebSite\",\"@id\":\"https:\/\/www.encontraminasgerais.com.br\/ouro-preto\/#website\",\"url\":\"https:\/\/www.encontraminasgerais.com.br\/ouro-preto\/\",\"name\":\"Guia Comercial de Ouro Preto MG\",\"description\":\"O Encontra Ouro Preto \u00e9 o guia mais completo da cidade Ouro Preto com com\u00e9rcios, servi\u00e7os, noticias, jornal, hist\u00f3ria e lazer da cidade.\",\"potentialAction\":[{\"@type\":\"SearchAction\",\"target\":{\"@type\":\"EntryPoint\",\"urlTemplate\":\"https:\/\/www.encontraminasgerais.com.br\/ouro-preto\/?s={search_term_string}\"},\"query-input\":{\"@type\":\"PropertyValueSpecification\",\"valueRequired\":true,\"valueName\":\"search_term_string\"}}],\"inLanguage\":\"pt-BR\"},{\"@type\":\"Person\",\"@id\":\"https:\/\/www.encontraminasgerais.com.br\/ouro-preto\/#\/schema\/person\/d55d0e79e38dd7d6474efd815b181c4d\",\"name\":\"Encontra Ouro Preto\",\"image\":{\"@type\":\"ImageObject\",\"inLanguage\":\"pt-BR\",\"@id\":\"https:\/\/secure.gravatar.com\/avatar\/c50c17820bcf322f0a8fd6b110b8c0918141409dc69076470f6fca5fee70a5d4?s=96&d=mm&r=g\",\"url\":\"https:\/\/secure.gravatar.com\/avatar\/c50c17820bcf322f0a8fd6b110b8c0918141409dc69076470f6fca5fee70a5d4?s=96&d=mm&r=g\",\"contentUrl\":\"https:\/\/secure.gravatar.com\/avatar\/c50c17820bcf322f0a8fd6b110b8c0918141409dc69076470f6fca5fee70a5d4?s=96&d=mm&r=g\",\"caption\":\"Encontra Ouro Preto\"},\"url\":\"https:\/\/www.encontraminasgerais.com.br\/ouro-preto\/author\/encontraouropreto\/\"}]}<\/script>\n<!-- \/ Yoast SEO plugin. -->","yoast_head_json":{"title":"Tradicional Prociss\u00e3o do Fogar\u00e9u toma as ruas de Ouro Preto, em Minas | Guia Comercial de Ouro Preto MG","robots":{"index":"index","follow":"follow","max-snippet":"max-snippet:-1","max-image-preview":"max-image-preview:large","max-video-preview":"max-video-preview:-1"},"canonical":"https:\/\/www.encontraminasgerais.com.br\/ouro-preto\/tradicional-procissao-do-fogareu-toma-as-ruas-de-ouro-preto-em-minas\/","og_locale":"pt_BR","og_type":"article","og_title":"Tradicional Prociss\u00e3o do Fogar\u00e9u toma as ruas de Ouro Preto, em Minas | Guia Comercial de Ouro Preto MG","og_description":"Descubra a Prociss\u00e3o do Fogar\u00e9u e sua import\u00e2ncia cultural e religiosa em Ouro Preto.","og_url":"https:\/\/www.encontraminasgerais.com.br\/ouro-preto\/tradicional-procissao-do-fogareu-toma-as-ruas-de-ouro-preto-em-minas\/","og_site_name":"Guia Comercial de Ouro Preto MG","article_published_time":"2026-04-04T09:34:17+00:00","og_image":[{"url":"https:\/\/www.encontraminasgerais.com.br\/ouro-preto\/wp-content\/uploads\/2026\/04\/tradicional-procissao-do-fogareu-toma-as-ruas-de-ouro-preto-em-minas.webp","type":"","width":"","height":""}],"author":"Encontra Ouro Preto","twitter_card":"summary_large_image","twitter_misc":{"Escrito por":"Encontra Ouro Preto","Est. tempo de leitura":"4 minutos"},"schema":{"@context":"https:\/\/schema.org","@graph":[{"@type":"Article","@id":"https:\/\/www.encontraminasgerais.com.br\/ouro-preto\/tradicional-procissao-do-fogareu-toma-as-ruas-de-ouro-preto-em-minas\/#article","isPartOf":{"@id":"https:\/\/www.encontraminasgerais.com.br\/ouro-preto\/tradicional-procissao-do-fogareu-toma-as-ruas-de-ouro-preto-em-minas\/"},"author":{"name":"Encontra Ouro Preto","@id":"https:\/\/www.encontraminasgerais.com.br\/ouro-preto\/#\/schema\/person\/d55d0e79e38dd7d6474efd815b181c4d"},"headline":"Tradicional Prociss\u00e3o do Fogar\u00e9u toma as ruas de Ouro Preto, em Minas","datePublished":"2026-04-04T09:34:17+00:00","mainEntityOfPage":{"@id":"https:\/\/www.encontraminasgerais.com.br\/ouro-preto\/tradicional-procissao-do-fogareu-toma-as-ruas-de-ouro-preto-em-minas\/"},"wordCount":756,"commentCount":0,"image":{"@id":"https:\/\/www.encontraminasgerais.com.br\/ouro-preto\/tradicional-procissao-do-fogareu-toma-as-ruas-de-ouro-preto-em-minas\/#primaryimage"},"thumbnailUrl":"https:\/\/www.encontraminasgerais.com.br\/ouro-preto\/wp-content\/uploads\/2026\/04\/tradicional-procissao-do-fogareu-toma-as-ruas-de-ouro-preto-em-minas.webp","articleSection":["Not\u00edcias Ouro Preto"],"inLanguage":"pt-BR","potentialAction":[{"@type":"CommentAction","name":"Comment","target":["https:\/\/www.encontraminasgerais.com.br\/ouro-preto\/tradicional-procissao-do-fogareu-toma-as-ruas-de-ouro-preto-em-minas\/#respond"]}]},{"@type":"WebPage","@id":"https:\/\/www.encontraminasgerais.com.br\/ouro-preto\/tradicional-procissao-do-fogareu-toma-as-ruas-de-ouro-preto-em-minas\/","url":"https:\/\/www.encontraminasgerais.com.br\/ouro-preto\/tradicional-procissao-do-fogareu-toma-as-ruas-de-ouro-preto-em-minas\/","name":"Tradicional Prociss\u00e3o do Fogar\u00e9u toma as ruas de Ouro Preto, em Minas | Guia Comercial de Ouro Preto MG","isPartOf":{"@id":"https:\/\/www.encontraminasgerais.com.br\/ouro-preto\/#website"},"primaryImageOfPage":{"@id":"https:\/\/www.encontraminasgerais.com.br\/ouro-preto\/tradicional-procissao-do-fogareu-toma-as-ruas-de-ouro-preto-em-minas\/#primaryimage"},"image":{"@id":"https:\/\/www.encontraminasgerais.com.br\/ouro-preto\/tradicional-procissao-do-fogareu-toma-as-ruas-de-ouro-preto-em-minas\/#primaryimage"},"thumbnailUrl":"https:\/\/www.encontraminasgerais.com.br\/ouro-preto\/wp-content\/uploads\/2026\/04\/tradicional-procissao-do-fogareu-toma-as-ruas-de-ouro-preto-em-minas.webp","datePublished":"2026-04-04T09:34:17+00:00","author":{"@id":"https:\/\/www.encontraminasgerais.com.br\/ouro-preto\/#\/schema\/person\/d55d0e79e38dd7d6474efd815b181c4d"},"inLanguage":"pt-BR","potentialAction":[{"@type":"ReadAction","target":["https:\/\/www.encontraminasgerais.com.br\/ouro-preto\/tradicional-procissao-do-fogareu-toma-as-ruas-de-ouro-preto-em-minas\/"]}]},{"@type":"ImageObject","inLanguage":"pt-BR","@id":"https:\/\/www.encontraminasgerais.com.br\/ouro-preto\/tradicional-procissao-do-fogareu-toma-as-ruas-de-ouro-preto-em-minas\/#primaryimage","url":"https:\/\/www.encontraminasgerais.com.br\/ouro-preto\/wp-content\/uploads\/2026\/04\/tradicional-procissao-do-fogareu-toma-as-ruas-de-ouro-preto-em-minas.webp","contentUrl":"https:\/\/www.encontraminasgerais.com.br\/ouro-preto\/wp-content\/uploads\/2026\/04\/tradicional-procissao-do-fogareu-toma-as-ruas-de-ouro-preto-em-minas.webp","width":280,"height":280,"caption":"Prociss\u00e3o do Fogar\u00e9u"},{"@type":"WebSite","@id":"https:\/\/www.encontraminasgerais.com.br\/ouro-preto\/#website","url":"https:\/\/www.encontraminasgerais.com.br\/ouro-preto\/","name":"Guia Comercial de Ouro Preto MG","description":"O Encontra Ouro Preto \u00e9 o guia mais completo da cidade Ouro Preto com com\u00e9rcios, servi\u00e7os, noticias, jornal, hist\u00f3ria e lazer da cidade.","potentialAction":[{"@type":"SearchAction","target":{"@type":"EntryPoint","urlTemplate":"https:\/\/www.encontraminasgerais.com.br\/ouro-preto\/?s={search_term_string}"},"query-input":{"@type":"PropertyValueSpecification","valueRequired":true,"valueName":"search_term_string"}}],"inLanguage":"pt-BR"},{"@type":"Person","@id":"https:\/\/www.encontraminasgerais.com.br\/ouro-preto\/#\/schema\/person\/d55d0e79e38dd7d6474efd815b181c4d","name":"Encontra Ouro Preto","image":{"@type":"ImageObject","inLanguage":"pt-BR","@id":"https:\/\/secure.gravatar.com\/avatar\/c50c17820bcf322f0a8fd6b110b8c0918141409dc69076470f6fca5fee70a5d4?s=96&d=mm&r=g","url":"https:\/\/secure.gravatar.com\/avatar\/c50c17820bcf322f0a8fd6b110b8c0918141409dc69076470f6fca5fee70a5d4?s=96&d=mm&r=g","contentUrl":"https:\/\/secure.gravatar.com\/avatar\/c50c17820bcf322f0a8fd6b110b8c0918141409dc69076470f6fca5fee70a5d4?s=96&d=mm&r=g","caption":"Encontra Ouro Preto"},"url":"https:\/\/www.encontraminasgerais.com.br\/ouro-preto\/author\/encontraouropreto\/"}]}},"_links":{"self":[{"href":"https:\/\/www.encontraminasgerais.com.br\/ouro-preto\/wp-json\/wp\/v2\/posts\/4600","targetHints":{"allow":["GET"]}}],"collection":[{"href":"https:\/\/www.encontraminasgerais.com.br\/ouro-preto\/wp-json\/wp\/v2\/posts"}],"about":[{"href":"https:\/\/www.encontraminasgerais.com.br\/ouro-preto\/wp-json\/wp\/v2\/types\/post"}],"author":[{"embeddable":true,"href":"https:\/\/www.encontraminasgerais.com.br\/ouro-preto\/wp-json\/wp\/v2\/users\/1"}],"replies":[{"embeddable":true,"href":"https:\/\/www.encontraminasgerais.com.br\/ouro-preto\/wp-json\/wp\/v2\/comments?post=4600"}],"version-history":[{"count":0,"href":"https:\/\/www.encontraminasgerais.com.br\/ouro-preto\/wp-json\/wp\/v2\/posts\/4600\/revisions"}],"wp:featuredmedia":[{"embeddable":true,"href":"https:\/\/www.encontraminasgerais.com.br\/ouro-preto\/wp-json\/wp\/v2\/media\/4599"}],"wp:attachment":[{"href":"https:\/\/www.encontraminasgerais.com.br\/ouro-preto\/wp-json\/wp\/v2\/media?parent=4600"}],"wp:term":[{"taxonomy":"category","embeddable":true,"href":"https:\/\/www.encontraminasgerais.com.br\/ouro-preto\/wp-json\/wp\/v2\/categories?post=4600"},{"taxonomy":"post_tag","embeddable":true,"href":"https:\/\/www.encontraminasgerais.com.br\/ouro-preto\/wp-json\/wp\/v2\/tags?post=4600"}],"curies":[{"name":"wp","href":"https:\/\/api.w.org\/{rel}","templated":true}]}}