{"id":4637,"date":"2026-04-12T06:32:47","date_gmt":"2026-04-12T09:32:47","guid":{"rendered":"https:\/\/www.encontraminasgerais.com.br\/ouro-preto\/lancamento-do-curta-sonhos-de-glaura\/"},"modified":"2026-04-12T06:32:47","modified_gmt":"2026-04-12T09:32:47","slug":"lancamento-do-curta-sonhos-de-glaura","status":"publish","type":"post","link":"https:\/\/www.encontraminasgerais.com.br\/ouro-preto\/lancamento-do-curta-sonhos-de-glaura\/","title":{"rendered":"Lan\u00e7amento do curta &#8220;Sonhos de Glaura&#8221;"},"content":{"rendered":"<h2>O que \u00e9 o Projeto WebCineTV UFOP?<\/h2>\n<p>O WebCineTV UFOP \u00e9 uma iniciativa voltada para a cria\u00e7\u00e3o de conte\u00fados audiovisuais, que visa promover a diversidade cultural e a conviv\u00eancia entre os cidad\u00e3os. Este projeto foi idealizado para usar a linguagem do cinema como meio de express\u00e3o e forma\u00e7\u00e3o, visando estimular a criatividade e o engajamento das comunidades envolvidas.<\/p>\n<h2>Quem \u00e9 Adriano Medeiros da Rocha?<\/h2>\n<p>Adriano Medeiros da Rocha \u00e9 um professor do Departamento de Jornalismo da UFOP e o diretor do curta &#8220;Sonhos de Glaura&#8221;. Ele tem vasta experi\u00eancia na \u00e1rea de comunica\u00e7\u00e3o e, por meio de seu trabalho no projeto WebCineTV, busca proporcionar aos alunos e \u00e0 comunidade uma oportunidade de se expressar artisticamente, contribuindo assim para a forma\u00e7\u00e3o de uma sociedade mais cr\u00edtica e participativa.<\/p>\n<h2>Participa\u00e7\u00e3o dos Estudantes da UFOP<\/h2>\n<p>Os alunos dos cursos de Jornalismo, Artes C\u00eanicas e M\u00fasica da UFOP desempenharam um papel fundamental na produ\u00e7\u00e3o de &#8220;Sonhos de Glaura&#8221;. Eles n\u00e3o apenas participaram das filmagens, mas tamb\u00e9m se envolveram em diversas etapas do processo criativo e t\u00e9cnico, obtendo experi\u00eancia pr\u00e1tica que complementa sua forma\u00e7\u00e3o acad\u00eamica. Isso mostra como a integra\u00e7\u00e3o entre teoria e pr\u00e1tica pode enriquecer o ensino superior.<\/p>\n<h2>O Envolvimento da Comunidade Local<\/h2>\n<p>A comunidade de Glaura e Cachoeira do Campo esteve ativamente envolvida nas filmagens de &#8220;Sonhos de Glaura&#8221;. Moradores locais participaram como atores e colaboradores, tornando-se parte importante do processo criativo. Este envolvimento n\u00e3o s\u00f3 fortalece os la\u00e7os comunit\u00e1rios, mas tamb\u00e9m garante que as hist\u00f3rias contadas no curta sejam aut\u00eanticas e representativas da cultura local.<\/p>\n<h2>Temas Abordados em &#8220;Sonhos de Glaura&#8221;<\/h2>\n<p>O curta aborda temas relevantes como identidade regional, pertencimento e a import\u00e2ncia da preserva\u00e7\u00e3o ambiental. Ao contar a hist\u00f3ria da comunidade, o filme promove uma reflex\u00e3o sobre as riquezas culturais e naturais da regi\u00e3o, destacando a relev\u00e2ncia de proteger o patrim\u00f4nio material e imaterial que define a identidade daquela popula\u00e7\u00e3o.<\/p>\n<h2>Datas e Local de Lan\u00e7amento do Curta<\/h2>\n<p>O lan\u00e7amento de &#8220;Sonhos de Glaura&#8221; est\u00e1 marcado para o dia 11 de abril de 2026, \u00e0s 18h, na Escola Municipal Benedito Xavier, localizada no distrito de Glaura, Ouro Preto. Este evento \u00e9 aberto ao p\u00fablico e se prop\u00f5e a celebrar n\u00e3o apenas a conclus\u00e3o do projeto, mas tamb\u00e9m a uni\u00e3o da comunidade em torno de suas express\u00f5es culturais.<\/p>\n<h2>Como Acompanhar o Projeto no Instagram<\/h2>\n<p>Para aqueles interessados em acompanhar as novidades do projeto WebCineTV e os desdobramentos relacionados ao curta &#8220;Sonhos de Glaura&#8221;, \u00e9 poss\u00edvel seguir o perfil no Instagram. Atrav\u00e9s dessa plataforma, a equipe compartilha atualiza\u00e7\u00f5es, bastidores da produ\u00e7\u00e3o e informa\u00e7\u00f5es sobre a trajet\u00f3ria do filme.<\/p>\n<h2>O Que Esperar do Curta Metragem?<\/h2>\n<p>&#8220;Sonhos de Glaura&#8221; promete ser uma obra envolvente e significativa, explorando a inf\u00e2ncia e as viv\u00eancias da comunidade local atrav\u00e9s de uma narrativa sens\u00edvel. O curta \u00e9 recomendado para todas as idades, buscando tocar o cora\u00e7\u00e3o do p\u00fablico e instigar uma reflex\u00e3o sobre a identidade e o ambiente que nos cerca.<\/p>\n<h2>Impacto Cultural do Filme<\/h2>\n<p>O impacto cultural de &#8220;Sonhos de Glaura&#8221; se estende al\u00e9m de sua exibi\u00e7\u00e3o. O curta visa evidenciar as potencialidades art\u00edsticas da regi\u00e3o, incentivando outras iniciativas culturais e fomentando um ambiente de valoriza\u00e7\u00e3o da produ\u00e7\u00e3o local. Assim, o filme n\u00e3o s\u00f3 entret\u00e9m, mas tamb\u00e9m inspira um movimento por mais visibilidade para as narrativas locais.<\/p>\n<h2>Pr\u00f3ximos Passos do Movimento UFOP \u00e9 Cinema<\/h2>\n<p>O movimento &#8220;UFOP \u00e9 Cinema&#8221; tem como meta a cria\u00e7\u00e3o de um bacharelado em Cinema e Audiovisual na Universidade. Essa iniciativa busca consolidar uma forma\u00e7\u00e3o mais robusta na \u00e1rea, assegurando que mais estudantes possam explorar suas paix\u00f5es cinematogr\u00e1ficas e contribuir para o cen\u00e1rio cultural do pa\u00eds. A produ\u00e7\u00e3o de &#8220;Sonhos de Glaura&#8221; \u00e9 um passo nessa dire\u00e7\u00e3o, demonstrando o potencial das universidades em mobilizar e inspirar comunidades atrav\u00e9s da arte.<\/p>\n","protected":false},"excerpt":{"rendered":"<p>Novidade no cinema! O curta &#8220;Sonhos de Glaura&#8221; da UFOP promete encantar a todos.<\/p>\n","protected":false},"author":1,"featured_media":0,"comment_status":"open","ping_status":"open","sticky":false,"template":"","format":"standard","meta":{"footnotes":""},"categories":[902],"tags":[],"class_list":["post-4637","post","type-post","status-publish","format-standard","hentry","category-shows"],"yoast_head":"<!-- This site is optimized with the Yoast SEO plugin v27.2 - https:\/\/yoast.com\/product\/yoast-seo-wordpress\/ -->\n<title>Lan\u00e7amento do curta &quot;Sonhos de Glaura&quot; | Guia Comercial de Ouro Preto MG<\/title>\n<meta name=\"robots\" content=\"index, follow, max-snippet:-1, max-image-preview:large, max-video-preview:-1\" \/>\n<link rel=\"canonical\" href=\"https:\/\/www.encontraminasgerais.com.br\/ouro-preto\/lancamento-do-curta-sonhos-de-glaura\/\" \/>\n<meta property=\"og:locale\" content=\"pt_BR\" \/>\n<meta property=\"og:type\" content=\"article\" \/>\n<meta property=\"og:title\" content=\"Lan\u00e7amento do curta &quot;Sonhos de Glaura&quot; | Guia Comercial de Ouro Preto MG\" \/>\n<meta property=\"og:description\" content=\"Novidade no cinema! O curta &quot;Sonhos de Glaura&quot; da UFOP promete encantar a todos.\" \/>\n<meta property=\"og:url\" content=\"https:\/\/www.encontraminasgerais.com.br\/ouro-preto\/lancamento-do-curta-sonhos-de-glaura\/\" \/>\n<meta property=\"og:site_name\" content=\"Guia Comercial de Ouro Preto MG\" \/>\n<meta property=\"article:published_time\" content=\"2026-04-12T09:32:47+00:00\" \/>\n<meta name=\"author\" content=\"Encontra Ouro Preto\" \/>\n<meta name=\"twitter:card\" content=\"summary_large_image\" \/>\n<meta name=\"twitter:label1\" content=\"Escrito por\" \/>\n\t<meta name=\"twitter:data1\" content=\"Encontra Ouro Preto\" \/>\n\t<meta name=\"twitter:label2\" content=\"Est. tempo de leitura\" \/>\n\t<meta name=\"twitter:data2\" content=\"3 minutos\" \/>\n<script type=\"application\/ld+json\" class=\"yoast-schema-graph\">{\"@context\":\"https:\/\/schema.org\",\"@graph\":[{\"@type\":\"Article\",\"@id\":\"https:\/\/www.encontraminasgerais.com.br\/ouro-preto\/lancamento-do-curta-sonhos-de-glaura\/#article\",\"isPartOf\":{\"@id\":\"https:\/\/www.encontraminasgerais.com.br\/ouro-preto\/lancamento-do-curta-sonhos-de-glaura\/\"},\"author\":{\"name\":\"Encontra Ouro Preto\",\"@id\":\"https:\/\/www.encontraminasgerais.com.br\/ouro-preto\/#\/schema\/person\/d55d0e79e38dd7d6474efd815b181c4d\"},\"headline\":\"Lan\u00e7amento do curta &#8220;Sonhos de Glaura&#8221;\",\"datePublished\":\"2026-04-12T09:32:47+00:00\",\"mainEntityOfPage\":{\"@id\":\"https:\/\/www.encontraminasgerais.com.br\/ouro-preto\/lancamento-do-curta-sonhos-de-glaura\/\"},\"wordCount\":687,\"commentCount\":0,\"articleSection\":[\"Shows Ouro Preto\"],\"inLanguage\":\"pt-BR\",\"potentialAction\":[{\"@type\":\"CommentAction\",\"name\":\"Comment\",\"target\":[\"https:\/\/www.encontraminasgerais.com.br\/ouro-preto\/lancamento-do-curta-sonhos-de-glaura\/#respond\"]}]},{\"@type\":\"WebPage\",\"@id\":\"https:\/\/www.encontraminasgerais.com.br\/ouro-preto\/lancamento-do-curta-sonhos-de-glaura\/\",\"url\":\"https:\/\/www.encontraminasgerais.com.br\/ouro-preto\/lancamento-do-curta-sonhos-de-glaura\/\",\"name\":\"Lan\u00e7amento do curta \\\"Sonhos de Glaura\\\" | Guia Comercial de Ouro Preto MG\",\"isPartOf\":{\"@id\":\"https:\/\/www.encontraminasgerais.com.br\/ouro-preto\/#website\"},\"datePublished\":\"2026-04-12T09:32:47+00:00\",\"author\":{\"@id\":\"https:\/\/www.encontraminasgerais.com.br\/ouro-preto\/#\/schema\/person\/d55d0e79e38dd7d6474efd815b181c4d\"},\"inLanguage\":\"pt-BR\",\"potentialAction\":[{\"@type\":\"ReadAction\",\"target\":[\"https:\/\/www.encontraminasgerais.com.br\/ouro-preto\/lancamento-do-curta-sonhos-de-glaura\/\"]}]},{\"@type\":\"WebSite\",\"@id\":\"https:\/\/www.encontraminasgerais.com.br\/ouro-preto\/#website\",\"url\":\"https:\/\/www.encontraminasgerais.com.br\/ouro-preto\/\",\"name\":\"Guia Comercial de Ouro Preto MG\",\"description\":\"O Encontra Ouro Preto \u00e9 o guia mais completo da cidade Ouro Preto com com\u00e9rcios, servi\u00e7os, noticias, jornal, hist\u00f3ria e lazer da cidade.\",\"potentialAction\":[{\"@type\":\"SearchAction\",\"target\":{\"@type\":\"EntryPoint\",\"urlTemplate\":\"https:\/\/www.encontraminasgerais.com.br\/ouro-preto\/?s={search_term_string}\"},\"query-input\":{\"@type\":\"PropertyValueSpecification\",\"valueRequired\":true,\"valueName\":\"search_term_string\"}}],\"inLanguage\":\"pt-BR\"},{\"@type\":\"Person\",\"@id\":\"https:\/\/www.encontraminasgerais.com.br\/ouro-preto\/#\/schema\/person\/d55d0e79e38dd7d6474efd815b181c4d\",\"name\":\"Encontra Ouro Preto\",\"image\":{\"@type\":\"ImageObject\",\"inLanguage\":\"pt-BR\",\"@id\":\"https:\/\/secure.gravatar.com\/avatar\/c50c17820bcf322f0a8fd6b110b8c0918141409dc69076470f6fca5fee70a5d4?s=96&d=mm&r=g\",\"url\":\"https:\/\/secure.gravatar.com\/avatar\/c50c17820bcf322f0a8fd6b110b8c0918141409dc69076470f6fca5fee70a5d4?s=96&d=mm&r=g\",\"contentUrl\":\"https:\/\/secure.gravatar.com\/avatar\/c50c17820bcf322f0a8fd6b110b8c0918141409dc69076470f6fca5fee70a5d4?s=96&d=mm&r=g\",\"caption\":\"Encontra Ouro Preto\"},\"url\":\"https:\/\/www.encontraminasgerais.com.br\/ouro-preto\/author\/encontraouropreto\/\"}]}<\/script>\n<!-- \/ Yoast SEO plugin. -->","yoast_head_json":{"title":"Lan\u00e7amento do curta \"Sonhos de Glaura\" | Guia Comercial de Ouro Preto MG","robots":{"index":"index","follow":"follow","max-snippet":"max-snippet:-1","max-image-preview":"max-image-preview:large","max-video-preview":"max-video-preview:-1"},"canonical":"https:\/\/www.encontraminasgerais.com.br\/ouro-preto\/lancamento-do-curta-sonhos-de-glaura\/","og_locale":"pt_BR","og_type":"article","og_title":"Lan\u00e7amento do curta \"Sonhos de Glaura\" | Guia Comercial de Ouro Preto MG","og_description":"Novidade no cinema! O curta \"Sonhos de Glaura\" da UFOP promete encantar a todos.","og_url":"https:\/\/www.encontraminasgerais.com.br\/ouro-preto\/lancamento-do-curta-sonhos-de-glaura\/","og_site_name":"Guia Comercial de Ouro Preto MG","article_published_time":"2026-04-12T09:32:47+00:00","author":"Encontra Ouro Preto","twitter_card":"summary_large_image","twitter_misc":{"Escrito por":"Encontra Ouro Preto","Est. tempo de leitura":"3 minutos"},"schema":{"@context":"https:\/\/schema.org","@graph":[{"@type":"Article","@id":"https:\/\/www.encontraminasgerais.com.br\/ouro-preto\/lancamento-do-curta-sonhos-de-glaura\/#article","isPartOf":{"@id":"https:\/\/www.encontraminasgerais.com.br\/ouro-preto\/lancamento-do-curta-sonhos-de-glaura\/"},"author":{"name":"Encontra Ouro Preto","@id":"https:\/\/www.encontraminasgerais.com.br\/ouro-preto\/#\/schema\/person\/d55d0e79e38dd7d6474efd815b181c4d"},"headline":"Lan\u00e7amento do curta &#8220;Sonhos de Glaura&#8221;","datePublished":"2026-04-12T09:32:47+00:00","mainEntityOfPage":{"@id":"https:\/\/www.encontraminasgerais.com.br\/ouro-preto\/lancamento-do-curta-sonhos-de-glaura\/"},"wordCount":687,"commentCount":0,"articleSection":["Shows Ouro Preto"],"inLanguage":"pt-BR","potentialAction":[{"@type":"CommentAction","name":"Comment","target":["https:\/\/www.encontraminasgerais.com.br\/ouro-preto\/lancamento-do-curta-sonhos-de-glaura\/#respond"]}]},{"@type":"WebPage","@id":"https:\/\/www.encontraminasgerais.com.br\/ouro-preto\/lancamento-do-curta-sonhos-de-glaura\/","url":"https:\/\/www.encontraminasgerais.com.br\/ouro-preto\/lancamento-do-curta-sonhos-de-glaura\/","name":"Lan\u00e7amento do curta \"Sonhos de Glaura\" | Guia Comercial de Ouro Preto MG","isPartOf":{"@id":"https:\/\/www.encontraminasgerais.com.br\/ouro-preto\/#website"},"datePublished":"2026-04-12T09:32:47+00:00","author":{"@id":"https:\/\/www.encontraminasgerais.com.br\/ouro-preto\/#\/schema\/person\/d55d0e79e38dd7d6474efd815b181c4d"},"inLanguage":"pt-BR","potentialAction":[{"@type":"ReadAction","target":["https:\/\/www.encontraminasgerais.com.br\/ouro-preto\/lancamento-do-curta-sonhos-de-glaura\/"]}]},{"@type":"WebSite","@id":"https:\/\/www.encontraminasgerais.com.br\/ouro-preto\/#website","url":"https:\/\/www.encontraminasgerais.com.br\/ouro-preto\/","name":"Guia Comercial de Ouro Preto MG","description":"O Encontra Ouro Preto \u00e9 o guia mais completo da cidade Ouro Preto com com\u00e9rcios, servi\u00e7os, noticias, jornal, hist\u00f3ria e lazer da cidade.","potentialAction":[{"@type":"SearchAction","target":{"@type":"EntryPoint","urlTemplate":"https:\/\/www.encontraminasgerais.com.br\/ouro-preto\/?s={search_term_string}"},"query-input":{"@type":"PropertyValueSpecification","valueRequired":true,"valueName":"search_term_string"}}],"inLanguage":"pt-BR"},{"@type":"Person","@id":"https:\/\/www.encontraminasgerais.com.br\/ouro-preto\/#\/schema\/person\/d55d0e79e38dd7d6474efd815b181c4d","name":"Encontra Ouro Preto","image":{"@type":"ImageObject","inLanguage":"pt-BR","@id":"https:\/\/secure.gravatar.com\/avatar\/c50c17820bcf322f0a8fd6b110b8c0918141409dc69076470f6fca5fee70a5d4?s=96&d=mm&r=g","url":"https:\/\/secure.gravatar.com\/avatar\/c50c17820bcf322f0a8fd6b110b8c0918141409dc69076470f6fca5fee70a5d4?s=96&d=mm&r=g","contentUrl":"https:\/\/secure.gravatar.com\/avatar\/c50c17820bcf322f0a8fd6b110b8c0918141409dc69076470f6fca5fee70a5d4?s=96&d=mm&r=g","caption":"Encontra Ouro Preto"},"url":"https:\/\/www.encontraminasgerais.com.br\/ouro-preto\/author\/encontraouropreto\/"}]}},"_links":{"self":[{"href":"https:\/\/www.encontraminasgerais.com.br\/ouro-preto\/wp-json\/wp\/v2\/posts\/4637","targetHints":{"allow":["GET"]}}],"collection":[{"href":"https:\/\/www.encontraminasgerais.com.br\/ouro-preto\/wp-json\/wp\/v2\/posts"}],"about":[{"href":"https:\/\/www.encontraminasgerais.com.br\/ouro-preto\/wp-json\/wp\/v2\/types\/post"}],"author":[{"embeddable":true,"href":"https:\/\/www.encontraminasgerais.com.br\/ouro-preto\/wp-json\/wp\/v2\/users\/1"}],"replies":[{"embeddable":true,"href":"https:\/\/www.encontraminasgerais.com.br\/ouro-preto\/wp-json\/wp\/v2\/comments?post=4637"}],"version-history":[{"count":0,"href":"https:\/\/www.encontraminasgerais.com.br\/ouro-preto\/wp-json\/wp\/v2\/posts\/4637\/revisions"}],"wp:attachment":[{"href":"https:\/\/www.encontraminasgerais.com.br\/ouro-preto\/wp-json\/wp\/v2\/media?parent=4637"}],"wp:term":[{"taxonomy":"category","embeddable":true,"href":"https:\/\/www.encontraminasgerais.com.br\/ouro-preto\/wp-json\/wp\/v2\/categories?post=4637"},{"taxonomy":"post_tag","embeddable":true,"href":"https:\/\/www.encontraminasgerais.com.br\/ouro-preto\/wp-json\/wp\/v2\/tags?post=4637"}],"curies":[{"name":"wp","href":"https:\/\/api.w.org\/{rel}","templated":true}]}}