{"id":4651,"date":"2026-04-16T06:40:32","date_gmt":"2026-04-16T09:40:32","guid":{"rendered":"https:\/\/www.encontraminasgerais.com.br\/ouro-preto\/ouro-preto-celebra-recorde-historico-com-geracao-de-4-mil-novos-empregos-formais-em-cinco-anos\/"},"modified":"2026-04-16T06:40:32","modified_gmt":"2026-04-16T09:40:32","slug":"ouro-preto-celebra-recorde-historico-com-geracao-de-4-mil-novos-empregos-formais-em-cinco-anos","status":"publish","type":"post","link":"https:\/\/www.encontraminasgerais.com.br\/ouro-preto\/ouro-preto-celebra-recorde-historico-com-geracao-de-4-mil-novos-empregos-formais-em-cinco-anos\/","title":{"rendered":"Ouro Preto celebra recorde hist\u00f3rico com gera\u00e7\u00e3o de 4 mil novos empregos formais em cinco anos"},"content":{"rendered":"<h2>A Ascens\u00e3o do Emprego Formal em Ouro Preto<\/h2>\n<p>No per\u00edodo de 2020 a 2025, Ouro Preto apresentou um crescimento significativo na gera\u00e7\u00e3o de empregos formais, alcan\u00e7ando a not\u00e1vel marca de 4.000 novas vagas com registros legais. Essa expans\u00e3o de oportunidades coloca a cidade em uma posi\u00e7\u00e3o destacada dentro do estado de Minas Gerais, refletindo um ambiente econ\u00f4mico em vigor e atraente para investimentos. De acordo com o Cadastro Geral de Empregados e Desempregados (CAGED), o total de empregos formais passou de 16.624 para 20.197, uma impressionante eleva\u00e7\u00e3o de 21,5%. Este cen\u00e1rio n\u00e3o s\u00f3 favoreceu o incremento na renda domiciliar, mas tamb\u00e9m impulsionou a movimenta\u00e7\u00e3o no com\u00e9rcio local, beneficiando desde pequenos supermercados at\u00e9 grandes redes de servi\u00e7os.<\/p>\n<h2>Como a Gera\u00e7\u00e3o de Vagas Impacta a Economia Local<\/h2>\n<p>A cria\u00e7\u00e3o de novos empregos tem um efeito domin\u00f3 positivo na economia de Ouro Preto. Com um aumento no n\u00famero de trabalhadores com carteira assinada, h\u00e1 um fortalecimento na capacidade de consumo das fam\u00edlias. Isso resulta em um incremento no movimento de setores como alimenta\u00e7\u00e3o, vestu\u00e1rio e servi\u00e7os, essenciais para a sobreviv\u00eancia do com\u00e9rcio local. \u00c0 medida que as fam\u00edlias usufruem de renda est\u00e1vel, h\u00e1 n\u00e3o apenas um fortalecimento econ\u00f4mico, mas tamb\u00e9m uma redu\u00e7\u00e3o das desigualdades sociais, uma vez que menos pessoas dependem de assist\u00eancia social, promovendo, assim, um aumento na autoestima coletiva e uma melhora na qualidade de vida.<\/p>\n<h2>Principais Setores que Contribuem para o Crescimento<\/h2>\n<p>A expans\u00e3o das oportunidades de trabalho em Ouro Preto foi predominantemente impulsionada pelos setores de servi\u00e7os e ind\u00fastria, que juntos respondem por 73% das novas vagas geradas. Entre as empresas que se destacam neste cen\u00e1rio est\u00e3o a rede de hot\u00e9is Vila Gal\u00e9, os Supermercados BH, a GSA Alimentos e a Farm\u00e1cia Ara\u00fajo. Com um total de mais de 550 vagas ainda abertas, a expectativa \u00e9 que esse crescimento continue a se consolidar, demonstrando um mercado de trabalho din\u00e2mico e em constante evolu\u00e7\u00e3o. Este desenvolvimento \u00e9 resultado de um planejamento estrat\u00e9gico das autoridades municipais, aliado a um ambiente favor\u00e1vel para novos investimentos.<\/p>\n<p><img decoding=\"async\" src=\"https:\/\/www.encontraminasgerais.com.br\/ouro-preto\/wp-content\/uploads\/2026\/04\/ouro-preto-celebra-recorde-historico-com-geracao-de-4-mil-novos-empregos-formais-em-cinco-anos.webp\" alt=\"Ouro Preto empregos formais\" loading=\"lazy\" \/><\/p>\n<h2>O Papel do SINE na Intermedia\u00e7\u00e3o de Vagas<\/h2>\n<p>A Secretaria de Desenvolvimento Econ\u00f4mico, juntamente com o Sistema Nacional de Emprego (SINE), tem desempenhado um papel crucial na intermedia\u00e7\u00e3o entre trabalhadores e empresas. O SINE facilita o encontro de oferta e demanda atrav\u00e9s de um processo estruturado de cadastro e an\u00e1lise de perfis. Este servi\u00e7o ajuda os cidad\u00e3os n\u00e3o apenas a se colocarem no mercado de trabalho, mas tamb\u00e9m promove uma melhor organiza\u00e7\u00e3o nas possibilidades de emprego dispon\u00edveis, adequando as habilidades dos candidatos \u00e0s necessidades das empresas.<\/p>\n<h2>Iniciativas para Inclus\u00e3o de Jovens no Mercado de Trabalho<\/h2>\n<p>Um dos aspectos mais relevantes do trabalho do SINE \u00e9 a inclus\u00e3o de jovens que buscam iniciar sua trajet\u00f3ria profissional. Atrav\u00e9s de programas espec\u00edficos, cerca de 200 vagas s\u00e3o dedicadas a pessoas sem experi\u00eancia anterior, refletindo um compromisso com a forma\u00e7\u00e3o de um futuro promissor para a nova gera\u00e7\u00e3o. Essa abordagem n\u00e3o s\u00f3 abre portas para os jovens, mas tamb\u00e9m enriquece o mercado de trabalho local, que se torna mais diversificado e qualificado.<\/p>\n<h2>Oportunidades para Trabalhadores Sem Experi\u00eancia<\/h2>\n<p>No intuito de ampliar as op\u00e7\u00f5es de emprego, o SINE de Ouro Preto organiza as vagas dispon\u00edveis em diferentes categorias, separando claramente as oportunidades que exigem experi\u00eancia das que est\u00e3o abertas a novatos. Essa pr\u00e1tica n\u00e3o s\u00f3 diversifica a oferta de emprego, como tamb\u00e9m potencializa a inser\u00e7\u00e3o de novos trabalhadores no mercado, permitindo que mais pessoas tenham acesso \u00e0s oportunidades de trabalho e contribuam para o crescimento da economia local.<\/p>\n<h2>Desafios e Oportunidades para o Futuro<\/h2>\n<p>Apesar do avan\u00e7o significativo, ainda existem desafios a serem enfrentados. A manuten\u00e7\u00e3o do crescimento constante no emprego formal requer um acompanhamento rigoroso das tend\u00eancias do mercado, inova\u00e7\u00e3o nas abordagens de qualifica\u00e7\u00e3o profissional e investimento cont\u00ednuo em infraestrutura. O comprometimento das autoridades e o engajamento da sociedade civil s\u00e3o fundamentais para assegurar que essas oportunidades sejam sustent\u00e1veis a longo prazo.<\/p>\n<h2>Impacto das Parcerias na Gera\u00e7\u00e3o de Empregos<\/h2>\n<p>As parcerias entre o setor p\u00fablico, privado e institui\u00e7\u00f5es de ensino t\u00eam se mostrado extremamente eficazes na gera\u00e7\u00e3o de novas vagas de trabalho. Iniciativas conjuntas t\u00eam proporcionado forma\u00e7\u00e3o profissional e capacita\u00e7\u00e3o, melhorando a empregabilidade dos cidad\u00e3os e atraindo novos investidores. Al\u00e9m disso, essas colabora\u00e7\u00f5es ajudam a alinhar as habilidades da for\u00e7a de trabalho local \u00e0s demandas espec\u00edficas do mercado, criando um ciclo virtuoso de desenvolvimento econ\u00f4mica.<\/p>\n<h2>A Import\u00e2ncia da Qualifica\u00e7\u00e3o Profissional<\/h2>\n<p>A qualifica\u00e7\u00e3o profissional \u00e9 um elemento chave para a adapta\u00e7\u00e3o \u00e0s mudan\u00e7as constantes do mercado de trabalho. Com a evolu\u00e7\u00e3o das tecnologias e a transforma\u00e7\u00e3o dos modelos de neg\u00f3cios, \u00e9 essencial que os trabalhadores estejam preparados para atender \u00e0s novas exig\u00eancias. A Prefeitura de Ouro Preto e o SINE t\u00eam promovido capta\u00e7\u00e3o e oferta de cursos de qualifica\u00e7\u00e3o que visam preparar os profissionais para as novas realidades do mercado, garantindo que a for\u00e7a de trabalho local esteja sempre atualizada.<\/p>\n<h2>Ouro Preto como Polo de Desenvolvimento Econ\u00f4mico<\/h2>\n<p>Por fim, Ouro Preto se consolida como um polo de desenvolvimento econ\u00f4mico em Minas Gerais, n\u00e3o apenas pela quantidade de vagas abertas, mas tamb\u00e9m pela qualidade das oportunidades que surgem. Com um mercado de trabalho diversificado e acess\u00edvel, a cidade se apresenta como um lugar de possibilidades para trabalhadores e investidores, impulsionando sua economia e promovendo melhorias nas condi\u00e7\u00f5es de vida dos seus cidad\u00e3os.<\/p>\n","protected":false},"excerpt":{"rendered":"<p>Ouro Preto se destaca com a gera\u00e7\u00e3o de 4 mil novos empregos formais nos \u00faltimos cinco anos.<\/p>\n","protected":false},"author":1,"featured_media":4650,"comment_status":"open","ping_status":"open","sticky":false,"template":"","format":"standard","meta":{"footnotes":""},"categories":[5],"tags":[],"class_list":["post-4651","post","type-post","status-publish","format-standard","has-post-thumbnail","hentry","category-noticias","has_thumb"],"yoast_head":"<!-- This site is optimized with the Yoast SEO plugin v27.2 - https:\/\/yoast.com\/product\/yoast-seo-wordpress\/ -->\n<title>Ouro Preto celebra recorde hist\u00f3rico com gera\u00e7\u00e3o de 4 mil novos empregos formais em cinco anos | Guia Comercial de Ouro Preto MG<\/title>\n<meta name=\"robots\" content=\"index, follow, max-snippet:-1, max-image-preview:large, max-video-preview:-1\" \/>\n<link rel=\"canonical\" href=\"https:\/\/www.encontraminasgerais.com.br\/ouro-preto\/ouro-preto-celebra-recorde-historico-com-geracao-de-4-mil-novos-empregos-formais-em-cinco-anos\/\" \/>\n<meta property=\"og:locale\" content=\"pt_BR\" \/>\n<meta property=\"og:type\" content=\"article\" \/>\n<meta property=\"og:title\" content=\"Ouro Preto celebra recorde hist\u00f3rico com gera\u00e7\u00e3o de 4 mil novos empregos formais em cinco anos | Guia Comercial de Ouro Preto MG\" \/>\n<meta property=\"og:description\" content=\"Ouro Preto se destaca com a gera\u00e7\u00e3o de 4 mil novos empregos formais nos \u00faltimos cinco anos.\" \/>\n<meta property=\"og:url\" content=\"https:\/\/www.encontraminasgerais.com.br\/ouro-preto\/ouro-preto-celebra-recorde-historico-com-geracao-de-4-mil-novos-empregos-formais-em-cinco-anos\/\" \/>\n<meta property=\"og:site_name\" content=\"Guia Comercial de Ouro Preto MG\" \/>\n<meta property=\"article:published_time\" content=\"2026-04-16T09:40:32+00:00\" \/>\n<meta property=\"og:image\" content=\"https:\/\/www.encontraminasgerais.com.br\/ouro-preto\/wp-content\/uploads\/2026\/04\/ouro-preto-celebra-recorde-historico-com-geracao-de-4-mil-novos-empregos-formais-em-cinco-anos.webp\" \/>\n<meta name=\"author\" content=\"Encontra Ouro Preto\" \/>\n<meta name=\"twitter:card\" content=\"summary_large_image\" \/>\n<meta name=\"twitter:label1\" content=\"Escrito por\" \/>\n\t<meta name=\"twitter:data1\" content=\"Encontra Ouro Preto\" \/>\n\t<meta name=\"twitter:label2\" content=\"Est. tempo de leitura\" \/>\n\t<meta name=\"twitter:data2\" content=\"5 minutos\" \/>\n<script type=\"application\/ld+json\" class=\"yoast-schema-graph\">{\"@context\":\"https:\/\/schema.org\",\"@graph\":[{\"@type\":\"Article\",\"@id\":\"https:\/\/www.encontraminasgerais.com.br\/ouro-preto\/ouro-preto-celebra-recorde-historico-com-geracao-de-4-mil-novos-empregos-formais-em-cinco-anos\/#article\",\"isPartOf\":{\"@id\":\"https:\/\/www.encontraminasgerais.com.br\/ouro-preto\/ouro-preto-celebra-recorde-historico-com-geracao-de-4-mil-novos-empregos-formais-em-cinco-anos\/\"},\"author\":{\"name\":\"Encontra Ouro Preto\",\"@id\":\"https:\/\/www.encontraminasgerais.com.br\/ouro-preto\/#\/schema\/person\/d55d0e79e38dd7d6474efd815b181c4d\"},\"headline\":\"Ouro Preto celebra recorde hist\u00f3rico com gera\u00e7\u00e3o de 4 mil novos empregos formais em cinco anos\",\"datePublished\":\"2026-04-16T09:40:32+00:00\",\"mainEntityOfPage\":{\"@id\":\"https:\/\/www.encontraminasgerais.com.br\/ouro-preto\/ouro-preto-celebra-recorde-historico-com-geracao-de-4-mil-novos-empregos-formais-em-cinco-anos\/\"},\"wordCount\":987,\"commentCount\":0,\"image\":{\"@id\":\"https:\/\/www.encontraminasgerais.com.br\/ouro-preto\/ouro-preto-celebra-recorde-historico-com-geracao-de-4-mil-novos-empregos-formais-em-cinco-anos\/#primaryimage\"},\"thumbnailUrl\":\"https:\/\/www.encontraminasgerais.com.br\/ouro-preto\/wp-content\/uploads\/2026\/04\/ouro-preto-celebra-recorde-historico-com-geracao-de-4-mil-novos-empregos-formais-em-cinco-anos.webp\",\"articleSection\":[\"Not\u00edcias Ouro Preto\"],\"inLanguage\":\"pt-BR\",\"potentialAction\":[{\"@type\":\"CommentAction\",\"name\":\"Comment\",\"target\":[\"https:\/\/www.encontraminasgerais.com.br\/ouro-preto\/ouro-preto-celebra-recorde-historico-com-geracao-de-4-mil-novos-empregos-formais-em-cinco-anos\/#respond\"]}]},{\"@type\":\"WebPage\",\"@id\":\"https:\/\/www.encontraminasgerais.com.br\/ouro-preto\/ouro-preto-celebra-recorde-historico-com-geracao-de-4-mil-novos-empregos-formais-em-cinco-anos\/\",\"url\":\"https:\/\/www.encontraminasgerais.com.br\/ouro-preto\/ouro-preto-celebra-recorde-historico-com-geracao-de-4-mil-novos-empregos-formais-em-cinco-anos\/\",\"name\":\"Ouro Preto celebra recorde hist\u00f3rico com gera\u00e7\u00e3o de 4 mil novos empregos formais em cinco anos | Guia Comercial de Ouro Preto MG\",\"isPartOf\":{\"@id\":\"https:\/\/www.encontraminasgerais.com.br\/ouro-preto\/#website\"},\"primaryImageOfPage\":{\"@id\":\"https:\/\/www.encontraminasgerais.com.br\/ouro-preto\/ouro-preto-celebra-recorde-historico-com-geracao-de-4-mil-novos-empregos-formais-em-cinco-anos\/#primaryimage\"},\"image\":{\"@id\":\"https:\/\/www.encontraminasgerais.com.br\/ouro-preto\/ouro-preto-celebra-recorde-historico-com-geracao-de-4-mil-novos-empregos-formais-em-cinco-anos\/#primaryimage\"},\"thumbnailUrl\":\"https:\/\/www.encontraminasgerais.com.br\/ouro-preto\/wp-content\/uploads\/2026\/04\/ouro-preto-celebra-recorde-historico-com-geracao-de-4-mil-novos-empregos-formais-em-cinco-anos.webp\",\"datePublished\":\"2026-04-16T09:40:32+00:00\",\"author\":{\"@id\":\"https:\/\/www.encontraminasgerais.com.br\/ouro-preto\/#\/schema\/person\/d55d0e79e38dd7d6474efd815b181c4d\"},\"inLanguage\":\"pt-BR\",\"potentialAction\":[{\"@type\":\"ReadAction\",\"target\":[\"https:\/\/www.encontraminasgerais.com.br\/ouro-preto\/ouro-preto-celebra-recorde-historico-com-geracao-de-4-mil-novos-empregos-formais-em-cinco-anos\/\"]}]},{\"@type\":\"ImageObject\",\"inLanguage\":\"pt-BR\",\"@id\":\"https:\/\/www.encontraminasgerais.com.br\/ouro-preto\/ouro-preto-celebra-recorde-historico-com-geracao-de-4-mil-novos-empregos-formais-em-cinco-anos\/#primaryimage\",\"url\":\"https:\/\/www.encontraminasgerais.com.br\/ouro-preto\/wp-content\/uploads\/2026\/04\/ouro-preto-celebra-recorde-historico-com-geracao-de-4-mil-novos-empregos-formais-em-cinco-anos.webp\",\"contentUrl\":\"https:\/\/www.encontraminasgerais.com.br\/ouro-preto\/wp-content\/uploads\/2026\/04\/ouro-preto-celebra-recorde-historico-com-geracao-de-4-mil-novos-empregos-formais-em-cinco-anos.webp\",\"width\":280,\"height\":280,\"caption\":\"Ouro Preto empregos formais\"},{\"@type\":\"WebSite\",\"@id\":\"https:\/\/www.encontraminasgerais.com.br\/ouro-preto\/#website\",\"url\":\"https:\/\/www.encontraminasgerais.com.br\/ouro-preto\/\",\"name\":\"Guia Comercial de Ouro Preto MG\",\"description\":\"O Encontra Ouro Preto \u00e9 o guia mais completo da cidade Ouro Preto com com\u00e9rcios, servi\u00e7os, noticias, jornal, hist\u00f3ria e lazer da cidade.\",\"potentialAction\":[{\"@type\":\"SearchAction\",\"target\":{\"@type\":\"EntryPoint\",\"urlTemplate\":\"https:\/\/www.encontraminasgerais.com.br\/ouro-preto\/?s={search_term_string}\"},\"query-input\":{\"@type\":\"PropertyValueSpecification\",\"valueRequired\":true,\"valueName\":\"search_term_string\"}}],\"inLanguage\":\"pt-BR\"},{\"@type\":\"Person\",\"@id\":\"https:\/\/www.encontraminasgerais.com.br\/ouro-preto\/#\/schema\/person\/d55d0e79e38dd7d6474efd815b181c4d\",\"name\":\"Encontra Ouro Preto\",\"image\":{\"@type\":\"ImageObject\",\"inLanguage\":\"pt-BR\",\"@id\":\"https:\/\/secure.gravatar.com\/avatar\/c50c17820bcf322f0a8fd6b110b8c0918141409dc69076470f6fca5fee70a5d4?s=96&d=mm&r=g\",\"url\":\"https:\/\/secure.gravatar.com\/avatar\/c50c17820bcf322f0a8fd6b110b8c0918141409dc69076470f6fca5fee70a5d4?s=96&d=mm&r=g\",\"contentUrl\":\"https:\/\/secure.gravatar.com\/avatar\/c50c17820bcf322f0a8fd6b110b8c0918141409dc69076470f6fca5fee70a5d4?s=96&d=mm&r=g\",\"caption\":\"Encontra Ouro Preto\"},\"url\":\"https:\/\/www.encontraminasgerais.com.br\/ouro-preto\/author\/encontraouropreto\/\"}]}<\/script>\n<!-- \/ Yoast SEO plugin. -->","yoast_head_json":{"title":"Ouro Preto celebra recorde hist\u00f3rico com gera\u00e7\u00e3o de 4 mil novos empregos formais em cinco anos | Guia Comercial de Ouro Preto MG","robots":{"index":"index","follow":"follow","max-snippet":"max-snippet:-1","max-image-preview":"max-image-preview:large","max-video-preview":"max-video-preview:-1"},"canonical":"https:\/\/www.encontraminasgerais.com.br\/ouro-preto\/ouro-preto-celebra-recorde-historico-com-geracao-de-4-mil-novos-empregos-formais-em-cinco-anos\/","og_locale":"pt_BR","og_type":"article","og_title":"Ouro Preto celebra recorde hist\u00f3rico com gera\u00e7\u00e3o de 4 mil novos empregos formais em cinco anos | Guia Comercial de Ouro Preto MG","og_description":"Ouro Preto se destaca com a gera\u00e7\u00e3o de 4 mil novos empregos formais nos \u00faltimos cinco anos.","og_url":"https:\/\/www.encontraminasgerais.com.br\/ouro-preto\/ouro-preto-celebra-recorde-historico-com-geracao-de-4-mil-novos-empregos-formais-em-cinco-anos\/","og_site_name":"Guia Comercial de Ouro Preto MG","article_published_time":"2026-04-16T09:40:32+00:00","og_image":[{"url":"https:\/\/www.encontraminasgerais.com.br\/ouro-preto\/wp-content\/uploads\/2026\/04\/ouro-preto-celebra-recorde-historico-com-geracao-de-4-mil-novos-empregos-formais-em-cinco-anos.webp","type":"","width":"","height":""}],"author":"Encontra Ouro Preto","twitter_card":"summary_large_image","twitter_misc":{"Escrito por":"Encontra Ouro Preto","Est. tempo de leitura":"5 minutos"},"schema":{"@context":"https:\/\/schema.org","@graph":[{"@type":"Article","@id":"https:\/\/www.encontraminasgerais.com.br\/ouro-preto\/ouro-preto-celebra-recorde-historico-com-geracao-de-4-mil-novos-empregos-formais-em-cinco-anos\/#article","isPartOf":{"@id":"https:\/\/www.encontraminasgerais.com.br\/ouro-preto\/ouro-preto-celebra-recorde-historico-com-geracao-de-4-mil-novos-empregos-formais-em-cinco-anos\/"},"author":{"name":"Encontra Ouro Preto","@id":"https:\/\/www.encontraminasgerais.com.br\/ouro-preto\/#\/schema\/person\/d55d0e79e38dd7d6474efd815b181c4d"},"headline":"Ouro Preto celebra recorde hist\u00f3rico com gera\u00e7\u00e3o de 4 mil novos empregos formais em cinco anos","datePublished":"2026-04-16T09:40:32+00:00","mainEntityOfPage":{"@id":"https:\/\/www.encontraminasgerais.com.br\/ouro-preto\/ouro-preto-celebra-recorde-historico-com-geracao-de-4-mil-novos-empregos-formais-em-cinco-anos\/"},"wordCount":987,"commentCount":0,"image":{"@id":"https:\/\/www.encontraminasgerais.com.br\/ouro-preto\/ouro-preto-celebra-recorde-historico-com-geracao-de-4-mil-novos-empregos-formais-em-cinco-anos\/#primaryimage"},"thumbnailUrl":"https:\/\/www.encontraminasgerais.com.br\/ouro-preto\/wp-content\/uploads\/2026\/04\/ouro-preto-celebra-recorde-historico-com-geracao-de-4-mil-novos-empregos-formais-em-cinco-anos.webp","articleSection":["Not\u00edcias Ouro Preto"],"inLanguage":"pt-BR","potentialAction":[{"@type":"CommentAction","name":"Comment","target":["https:\/\/www.encontraminasgerais.com.br\/ouro-preto\/ouro-preto-celebra-recorde-historico-com-geracao-de-4-mil-novos-empregos-formais-em-cinco-anos\/#respond"]}]},{"@type":"WebPage","@id":"https:\/\/www.encontraminasgerais.com.br\/ouro-preto\/ouro-preto-celebra-recorde-historico-com-geracao-de-4-mil-novos-empregos-formais-em-cinco-anos\/","url":"https:\/\/www.encontraminasgerais.com.br\/ouro-preto\/ouro-preto-celebra-recorde-historico-com-geracao-de-4-mil-novos-empregos-formais-em-cinco-anos\/","name":"Ouro Preto celebra recorde hist\u00f3rico com gera\u00e7\u00e3o de 4 mil novos empregos formais em cinco anos | Guia Comercial de Ouro Preto MG","isPartOf":{"@id":"https:\/\/www.encontraminasgerais.com.br\/ouro-preto\/#website"},"primaryImageOfPage":{"@id":"https:\/\/www.encontraminasgerais.com.br\/ouro-preto\/ouro-preto-celebra-recorde-historico-com-geracao-de-4-mil-novos-empregos-formais-em-cinco-anos\/#primaryimage"},"image":{"@id":"https:\/\/www.encontraminasgerais.com.br\/ouro-preto\/ouro-preto-celebra-recorde-historico-com-geracao-de-4-mil-novos-empregos-formais-em-cinco-anos\/#primaryimage"},"thumbnailUrl":"https:\/\/www.encontraminasgerais.com.br\/ouro-preto\/wp-content\/uploads\/2026\/04\/ouro-preto-celebra-recorde-historico-com-geracao-de-4-mil-novos-empregos-formais-em-cinco-anos.webp","datePublished":"2026-04-16T09:40:32+00:00","author":{"@id":"https:\/\/www.encontraminasgerais.com.br\/ouro-preto\/#\/schema\/person\/d55d0e79e38dd7d6474efd815b181c4d"},"inLanguage":"pt-BR","potentialAction":[{"@type":"ReadAction","target":["https:\/\/www.encontraminasgerais.com.br\/ouro-preto\/ouro-preto-celebra-recorde-historico-com-geracao-de-4-mil-novos-empregos-formais-em-cinco-anos\/"]}]},{"@type":"ImageObject","inLanguage":"pt-BR","@id":"https:\/\/www.encontraminasgerais.com.br\/ouro-preto\/ouro-preto-celebra-recorde-historico-com-geracao-de-4-mil-novos-empregos-formais-em-cinco-anos\/#primaryimage","url":"https:\/\/www.encontraminasgerais.com.br\/ouro-preto\/wp-content\/uploads\/2026\/04\/ouro-preto-celebra-recorde-historico-com-geracao-de-4-mil-novos-empregos-formais-em-cinco-anos.webp","contentUrl":"https:\/\/www.encontraminasgerais.com.br\/ouro-preto\/wp-content\/uploads\/2026\/04\/ouro-preto-celebra-recorde-historico-com-geracao-de-4-mil-novos-empregos-formais-em-cinco-anos.webp","width":280,"height":280,"caption":"Ouro Preto empregos formais"},{"@type":"WebSite","@id":"https:\/\/www.encontraminasgerais.com.br\/ouro-preto\/#website","url":"https:\/\/www.encontraminasgerais.com.br\/ouro-preto\/","name":"Guia Comercial de Ouro Preto MG","description":"O Encontra Ouro Preto \u00e9 o guia mais completo da cidade Ouro Preto com com\u00e9rcios, servi\u00e7os, noticias, jornal, hist\u00f3ria e lazer da cidade.","potentialAction":[{"@type":"SearchAction","target":{"@type":"EntryPoint","urlTemplate":"https:\/\/www.encontraminasgerais.com.br\/ouro-preto\/?s={search_term_string}"},"query-input":{"@type":"PropertyValueSpecification","valueRequired":true,"valueName":"search_term_string"}}],"inLanguage":"pt-BR"},{"@type":"Person","@id":"https:\/\/www.encontraminasgerais.com.br\/ouro-preto\/#\/schema\/person\/d55d0e79e38dd7d6474efd815b181c4d","name":"Encontra Ouro Preto","image":{"@type":"ImageObject","inLanguage":"pt-BR","@id":"https:\/\/secure.gravatar.com\/avatar\/c50c17820bcf322f0a8fd6b110b8c0918141409dc69076470f6fca5fee70a5d4?s=96&d=mm&r=g","url":"https:\/\/secure.gravatar.com\/avatar\/c50c17820bcf322f0a8fd6b110b8c0918141409dc69076470f6fca5fee70a5d4?s=96&d=mm&r=g","contentUrl":"https:\/\/secure.gravatar.com\/avatar\/c50c17820bcf322f0a8fd6b110b8c0918141409dc69076470f6fca5fee70a5d4?s=96&d=mm&r=g","caption":"Encontra Ouro Preto"},"url":"https:\/\/www.encontraminasgerais.com.br\/ouro-preto\/author\/encontraouropreto\/"}]}},"_links":{"self":[{"href":"https:\/\/www.encontraminasgerais.com.br\/ouro-preto\/wp-json\/wp\/v2\/posts\/4651","targetHints":{"allow":["GET"]}}],"collection":[{"href":"https:\/\/www.encontraminasgerais.com.br\/ouro-preto\/wp-json\/wp\/v2\/posts"}],"about":[{"href":"https:\/\/www.encontraminasgerais.com.br\/ouro-preto\/wp-json\/wp\/v2\/types\/post"}],"author":[{"embeddable":true,"href":"https:\/\/www.encontraminasgerais.com.br\/ouro-preto\/wp-json\/wp\/v2\/users\/1"}],"replies":[{"embeddable":true,"href":"https:\/\/www.encontraminasgerais.com.br\/ouro-preto\/wp-json\/wp\/v2\/comments?post=4651"}],"version-history":[{"count":0,"href":"https:\/\/www.encontraminasgerais.com.br\/ouro-preto\/wp-json\/wp\/v2\/posts\/4651\/revisions"}],"wp:featuredmedia":[{"embeddable":true,"href":"https:\/\/www.encontraminasgerais.com.br\/ouro-preto\/wp-json\/wp\/v2\/media\/4650"}],"wp:attachment":[{"href":"https:\/\/www.encontraminasgerais.com.br\/ouro-preto\/wp-json\/wp\/v2\/media?parent=4651"}],"wp:term":[{"taxonomy":"category","embeddable":true,"href":"https:\/\/www.encontraminasgerais.com.br\/ouro-preto\/wp-json\/wp\/v2\/categories?post=4651"},{"taxonomy":"post_tag","embeddable":true,"href":"https:\/\/www.encontraminasgerais.com.br\/ouro-preto\/wp-json\/wp\/v2\/tags?post=4651"}],"curies":[{"name":"wp","href":"https:\/\/api.w.org\/{rel}","templated":true}]}}