{"id":4653,"date":"2026-04-17T06:44:11","date_gmt":"2026-04-17T09:44:11","guid":{"rendered":"https:\/\/www.encontraminasgerais.com.br\/ouro-preto\/ouro-preto-celebra-a-vi-semana-estadual-de-incentivo-a-literatura-com-foco-em-criatividade-e-cidadania\/"},"modified":"2026-04-17T06:44:11","modified_gmt":"2026-04-17T09:44:11","slug":"ouro-preto-celebra-a-vi-semana-estadual-de-incentivo-a-literatura-com-foco-em-criatividade-e-cidadania","status":"publish","type":"post","link":"https:\/\/www.encontraminasgerais.com.br\/ouro-preto\/ouro-preto-celebra-a-vi-semana-estadual-de-incentivo-a-literatura-com-foco-em-criatividade-e-cidadania\/","title":{"rendered":"Ouro Preto celebra a VI Semana Estadual de Incentivo \u00e0 Literatura com foco em criatividade e cidadania"},"content":{"rendered":"<h2>O que \u00e9 a VI Semana Estadual de Incentivo \u00e0 Literatura?<\/h2>\n<p>A VI Semana Estadual de Incentivo \u00e0 Literatura (SEIL) \u00e9 um evento promovido pela Prefeitura de Ouro Preto em conjunto com a Secretaria Municipal de Educa\u00e7\u00e3o e o Governo do Estado de Minas Gerais. Essa semana especial \u00e9 dedicada \u00e0 promo\u00e7\u00e3o da leitura e da forma\u00e7\u00e3o cultural, buscando refor\u00e7ar a literatura como um direito cultural e um pilar fundamental para a constru\u00e7\u00e3o da cidadania.<\/p>\n<h2>As datas e o local do evento<\/h2>\n<p>A SEIL acontecer\u00e1 entre os dias <strong>22 e 24 de abril de 2026<\/strong>, na <strong>Biblioteca P\u00fablica Municipal de Ouro Preto<\/strong>. A programa\u00e7\u00e3o \u00e9 acess\u00edvel ao p\u00fablico geral e direcionada tamb\u00e9m \u00e0s institui\u00e7\u00f5es de ensino.<\/p>\n<h2>Tema de 2026: Ler, Criar, Pertencer<\/h2>\n<p>Com o lema \u201c<strong>Ler, Criar, Pertencer<\/strong>\u201d, o evento deste ano busca estimular uma discuss\u00e3o sobre a leitura como base para a criatividade e a forma\u00e7\u00e3o cultural. Este tema tamb\u00e9m se alinha ao Ano da Economia da Criatividade, refletindo sobre a literatura como uma express\u00e3o que integra aspectos sociais e econ\u00f4micos, e enfatizando a import\u00e2ncia do pertencimento \u00e0s redes culturais de Minas Gerais.<\/p>\n<p><img decoding=\"async\" src=\"https:\/\/www.encontraminasgerais.com.br\/ouro-preto\/wp-content\/uploads\/2026\/04\/ouro-preto-celebra-a-vi-semana-estadual-de-incentivo-a-literatura-com-foco-em-criatividade-e-cidadan.webp\" alt=\"Semana Estadual de Incentivo \u00e0 Literatura\" loading=\"lazy\" \/><\/p>\n<h2>Atividades programadas para o evento<\/h2>\n<p>Durante os tr\u00eas dias de celebra\u00e7\u00e3o, est\u00e3o programadas v\u00e1rias atividades diversificadas, como:<\/p>\n<ul>\n<li><strong>Oficinas de escrita criativa:<\/strong> Voltadas para crian\u00e7as e adolescentes, proporcionando um espa\u00e7o onde podem explorar sua criatividade.<\/li>\n<li><strong>Conversas e palestras:<\/strong> Com autores e especialistas que discutir\u00e3o temas relevantes na \u00e1rea liter\u00e1ria e editorial.<\/li>\n<li><strong>Eventos art\u00edsticos:<\/strong> Saraus e exposi\u00e7\u00f5es que promover\u00e3o uma imers\u00e3o na cultura liter\u00e1ria.<\/li>\n<li><strong>Interven\u00e7\u00f5es art\u00edsticas:<\/strong> A\u00e7\u00f5es que integram a literatura a diversas formas de arte.<\/li>\n<\/ul>\n<h2>Import\u00e2ncia da literatura na forma\u00e7\u00e3o cidad\u00e3<\/h2>\n<p>A literatura desempenha um papel crucial na forma\u00e7\u00e3o da identidade e do pensamento cr\u00edtico. Este evento tem como principal objetivo destacar a leitura como um direito que deve ser acess\u00edvel a todos e que contribui para a constru\u00e7\u00e3o de uma sociedade mais justa e cr\u00edtica. A SEIL, ao promover a literatura, busca fomentar um ambiente de reflex\u00e3o e cria\u00e7\u00e3o que fortalece a cidadania e a cultura local.<\/p>\n<h2>Palestrantes destacados da VI SEIL<\/h2>\n<p>Dentre os palestrantes confirmados, a escritora <strong>Brisa Coelho<\/strong> se destaca, trazendo experi\u00eancias ricas e inspiradoras que dialogam diretamente com os temas propostos pelo evento. Suas contribui\u00e7\u00f5es abordar\u00e3o desde a cria\u00e7\u00e3o liter\u00e1ria at\u00e9 estrat\u00e9gias para a publica\u00e7\u00e3o de obras.<\/p>\n<h2>Oficinas e saraus: o que esperar<\/h2>\n<p>As oficinas projetadas para este evento proporcionar\u00e3o um ambiente colaborativo, onde os participantes poder\u00e3o desenvolver suas habilidades de escrita e express\u00e3o liter\u00e1ria. Est\u00e3o previstas tamb\u00e9m apresenta\u00e7\u00f5es em sarau, onde os participantes poder\u00e3o compartilhar seus trabalhos e interagir com outros entusiastas da literatura.<\/p>\n<h2>A literatura como direito cultural<\/h2>\n<p>A firmativa de que a literatura \u00e9 um direito cultural fundamental \u00e9 um dos eixos da SEIL. O evento busca fortalecer a no\u00e7\u00e3o de que o acesso \u00e0 literatura deve ser garantido a todos os cidad\u00e3os, sem distin\u00e7\u00f5es, contribuindo para um desenvolvimento mais equitativo e inclusivo.<\/p>\n<h2>Como se inscrever nas atividades<\/h2>\n<p>As inscri\u00e7\u00f5es para participar da VI Semana Estadual de Incentivo \u00e0 Literatura devem ser realizadas at\u00e9 o dia <strong>17 de abril de 2026<\/strong>. Os interessados podem se inscrever pelos telefones: <strong>(31) 3559-3254<\/strong> e <strong>(31) 99231-1658<\/strong>. \u00c9 importante ressaltar que as vagas s\u00e3o limitadas, e cada atividade poder\u00e1 requerer uma inscri\u00e7\u00e3o pr\u00e9via.<\/p>\n<h2>A relev\u00e2ncia social da SEIL em Minas Gerais<\/h2>\n<p>A SEIL se consolida como uma iniciativa que visa unir as diversas bibliotecas p\u00fablicas e comunit\u00e1rias ao longo do estado de Minas Gerais, promovendo a mobiliza\u00e7\u00e3o em torno da leitura e valoriza\u00e7\u00e3o da literatura. Atrav\u00e9s de a\u00e7\u00f5es como essa, busca-se n\u00e3o apenas celebrar a literatura, mas tamb\u00e9m engajar a comunidade na constru\u00e7\u00e3o de um espa\u00e7o cultural que valoriza a criatividade e a cidadania.<\/p>\n","protected":false},"excerpt":{"rendered":"<p>A VI Semana Estadual de Incentivo \u00e0 Literatura em Ouro Preto espera promover leitura e criatividade.<\/p>\n","protected":false},"author":1,"featured_media":4652,"comment_status":"open","ping_status":"open","sticky":false,"template":"","format":"standard","meta":{"footnotes":""},"categories":[5],"tags":[],"class_list":["post-4653","post","type-post","status-publish","format-standard","has-post-thumbnail","hentry","category-noticias","has_thumb"],"yoast_head":"<!-- This site is optimized with the Yoast SEO plugin v27.2 - https:\/\/yoast.com\/product\/yoast-seo-wordpress\/ -->\n<title>Ouro Preto celebra a VI Semana Estadual de Incentivo \u00e0 Literatura com foco em criatividade e cidadania | Guia Comercial de Ouro Preto MG<\/title>\n<meta name=\"robots\" content=\"index, follow, max-snippet:-1, max-image-preview:large, max-video-preview:-1\" \/>\n<link rel=\"canonical\" href=\"https:\/\/www.encontraminasgerais.com.br\/ouro-preto\/ouro-preto-celebra-a-vi-semana-estadual-de-incentivo-a-literatura-com-foco-em-criatividade-e-cidadania\/\" \/>\n<meta property=\"og:locale\" content=\"pt_BR\" \/>\n<meta property=\"og:type\" content=\"article\" \/>\n<meta property=\"og:title\" content=\"Ouro Preto celebra a VI Semana Estadual de Incentivo \u00e0 Literatura com foco em criatividade e cidadania | Guia Comercial de Ouro Preto MG\" \/>\n<meta property=\"og:description\" content=\"A VI Semana Estadual de Incentivo \u00e0 Literatura em Ouro Preto espera promover leitura e criatividade.\" \/>\n<meta property=\"og:url\" content=\"https:\/\/www.encontraminasgerais.com.br\/ouro-preto\/ouro-preto-celebra-a-vi-semana-estadual-de-incentivo-a-literatura-com-foco-em-criatividade-e-cidadania\/\" \/>\n<meta property=\"og:site_name\" content=\"Guia Comercial de Ouro Preto MG\" \/>\n<meta property=\"article:published_time\" content=\"2026-04-17T09:44:11+00:00\" \/>\n<meta property=\"og:image\" content=\"https:\/\/www.encontraminasgerais.com.br\/ouro-preto\/wp-content\/uploads\/2026\/04\/ouro-preto-celebra-a-vi-semana-estadual-de-incentivo-a-literatura-com-foco-em-criatividade-e-cidadan.webp\" \/>\n<meta name=\"author\" content=\"Encontra Ouro Preto\" \/>\n<meta name=\"twitter:card\" content=\"summary_large_image\" \/>\n<meta name=\"twitter:label1\" content=\"Escrito por\" \/>\n\t<meta name=\"twitter:data1\" content=\"Encontra Ouro Preto\" \/>\n\t<meta name=\"twitter:label2\" content=\"Est. tempo de leitura\" \/>\n\t<meta name=\"twitter:data2\" content=\"3 minutos\" \/>\n<script type=\"application\/ld+json\" class=\"yoast-schema-graph\">{\"@context\":\"https:\/\/schema.org\",\"@graph\":[{\"@type\":\"Article\",\"@id\":\"https:\/\/www.encontraminasgerais.com.br\/ouro-preto\/ouro-preto-celebra-a-vi-semana-estadual-de-incentivo-a-literatura-com-foco-em-criatividade-e-cidadania\/#article\",\"isPartOf\":{\"@id\":\"https:\/\/www.encontraminasgerais.com.br\/ouro-preto\/ouro-preto-celebra-a-vi-semana-estadual-de-incentivo-a-literatura-com-foco-em-criatividade-e-cidadania\/\"},\"author\":{\"name\":\"Encontra Ouro Preto\",\"@id\":\"https:\/\/www.encontraminasgerais.com.br\/ouro-preto\/#\/schema\/person\/d55d0e79e38dd7d6474efd815b181c4d\"},\"headline\":\"Ouro Preto celebra a VI Semana Estadual de Incentivo \u00e0 Literatura com foco em criatividade e cidadania\",\"datePublished\":\"2026-04-17T09:44:11+00:00\",\"mainEntityOfPage\":{\"@id\":\"https:\/\/www.encontraminasgerais.com.br\/ouro-preto\/ouro-preto-celebra-a-vi-semana-estadual-de-incentivo-a-literatura-com-foco-em-criatividade-e-cidadania\/\"},\"wordCount\":671,\"commentCount\":0,\"image\":{\"@id\":\"https:\/\/www.encontraminasgerais.com.br\/ouro-preto\/ouro-preto-celebra-a-vi-semana-estadual-de-incentivo-a-literatura-com-foco-em-criatividade-e-cidadania\/#primaryimage\"},\"thumbnailUrl\":\"https:\/\/www.encontraminasgerais.com.br\/ouro-preto\/wp-content\/uploads\/2026\/04\/ouro-preto-celebra-a-vi-semana-estadual-de-incentivo-a-literatura-com-foco-em-criatividade-e-cidadan.webp\",\"articleSection\":[\"Not\u00edcias Ouro Preto\"],\"inLanguage\":\"pt-BR\",\"potentialAction\":[{\"@type\":\"CommentAction\",\"name\":\"Comment\",\"target\":[\"https:\/\/www.encontraminasgerais.com.br\/ouro-preto\/ouro-preto-celebra-a-vi-semana-estadual-de-incentivo-a-literatura-com-foco-em-criatividade-e-cidadania\/#respond\"]}]},{\"@type\":\"WebPage\",\"@id\":\"https:\/\/www.encontraminasgerais.com.br\/ouro-preto\/ouro-preto-celebra-a-vi-semana-estadual-de-incentivo-a-literatura-com-foco-em-criatividade-e-cidadania\/\",\"url\":\"https:\/\/www.encontraminasgerais.com.br\/ouro-preto\/ouro-preto-celebra-a-vi-semana-estadual-de-incentivo-a-literatura-com-foco-em-criatividade-e-cidadania\/\",\"name\":\"Ouro Preto celebra a VI Semana Estadual de Incentivo \u00e0 Literatura com foco em criatividade e cidadania | Guia Comercial de Ouro Preto MG\",\"isPartOf\":{\"@id\":\"https:\/\/www.encontraminasgerais.com.br\/ouro-preto\/#website\"},\"primaryImageOfPage\":{\"@id\":\"https:\/\/www.encontraminasgerais.com.br\/ouro-preto\/ouro-preto-celebra-a-vi-semana-estadual-de-incentivo-a-literatura-com-foco-em-criatividade-e-cidadania\/#primaryimage\"},\"image\":{\"@id\":\"https:\/\/www.encontraminasgerais.com.br\/ouro-preto\/ouro-preto-celebra-a-vi-semana-estadual-de-incentivo-a-literatura-com-foco-em-criatividade-e-cidadania\/#primaryimage\"},\"thumbnailUrl\":\"https:\/\/www.encontraminasgerais.com.br\/ouro-preto\/wp-content\/uploads\/2026\/04\/ouro-preto-celebra-a-vi-semana-estadual-de-incentivo-a-literatura-com-foco-em-criatividade-e-cidadan.webp\",\"datePublished\":\"2026-04-17T09:44:11+00:00\",\"author\":{\"@id\":\"https:\/\/www.encontraminasgerais.com.br\/ouro-preto\/#\/schema\/person\/d55d0e79e38dd7d6474efd815b181c4d\"},\"inLanguage\":\"pt-BR\",\"potentialAction\":[{\"@type\":\"ReadAction\",\"target\":[\"https:\/\/www.encontraminasgerais.com.br\/ouro-preto\/ouro-preto-celebra-a-vi-semana-estadual-de-incentivo-a-literatura-com-foco-em-criatividade-e-cidadania\/\"]}]},{\"@type\":\"ImageObject\",\"inLanguage\":\"pt-BR\",\"@id\":\"https:\/\/www.encontraminasgerais.com.br\/ouro-preto\/ouro-preto-celebra-a-vi-semana-estadual-de-incentivo-a-literatura-com-foco-em-criatividade-e-cidadania\/#primaryimage\",\"url\":\"https:\/\/www.encontraminasgerais.com.br\/ouro-preto\/wp-content\/uploads\/2026\/04\/ouro-preto-celebra-a-vi-semana-estadual-de-incentivo-a-literatura-com-foco-em-criatividade-e-cidadan.webp\",\"contentUrl\":\"https:\/\/www.encontraminasgerais.com.br\/ouro-preto\/wp-content\/uploads\/2026\/04\/ouro-preto-celebra-a-vi-semana-estadual-de-incentivo-a-literatura-com-foco-em-criatividade-e-cidadan.webp\",\"width\":280,\"height\":280,\"caption\":\"Semana Estadual de Incentivo \u00e0 Literatura\"},{\"@type\":\"WebSite\",\"@id\":\"https:\/\/www.encontraminasgerais.com.br\/ouro-preto\/#website\",\"url\":\"https:\/\/www.encontraminasgerais.com.br\/ouro-preto\/\",\"name\":\"Guia Comercial de Ouro Preto MG\",\"description\":\"O Encontra Ouro Preto \u00e9 o guia mais completo da cidade Ouro Preto com com\u00e9rcios, servi\u00e7os, noticias, jornal, hist\u00f3ria e lazer da cidade.\",\"potentialAction\":[{\"@type\":\"SearchAction\",\"target\":{\"@type\":\"EntryPoint\",\"urlTemplate\":\"https:\/\/www.encontraminasgerais.com.br\/ouro-preto\/?s={search_term_string}\"},\"query-input\":{\"@type\":\"PropertyValueSpecification\",\"valueRequired\":true,\"valueName\":\"search_term_string\"}}],\"inLanguage\":\"pt-BR\"},{\"@type\":\"Person\",\"@id\":\"https:\/\/www.encontraminasgerais.com.br\/ouro-preto\/#\/schema\/person\/d55d0e79e38dd7d6474efd815b181c4d\",\"name\":\"Encontra Ouro Preto\",\"image\":{\"@type\":\"ImageObject\",\"inLanguage\":\"pt-BR\",\"@id\":\"https:\/\/secure.gravatar.com\/avatar\/c50c17820bcf322f0a8fd6b110b8c0918141409dc69076470f6fca5fee70a5d4?s=96&d=mm&r=g\",\"url\":\"https:\/\/secure.gravatar.com\/avatar\/c50c17820bcf322f0a8fd6b110b8c0918141409dc69076470f6fca5fee70a5d4?s=96&d=mm&r=g\",\"contentUrl\":\"https:\/\/secure.gravatar.com\/avatar\/c50c17820bcf322f0a8fd6b110b8c0918141409dc69076470f6fca5fee70a5d4?s=96&d=mm&r=g\",\"caption\":\"Encontra Ouro Preto\"},\"url\":\"https:\/\/www.encontraminasgerais.com.br\/ouro-preto\/author\/encontraouropreto\/\"}]}<\/script>\n<!-- \/ Yoast SEO plugin. -->","yoast_head_json":{"title":"Ouro Preto celebra a VI Semana Estadual de Incentivo \u00e0 Literatura com foco em criatividade e cidadania | Guia Comercial de Ouro Preto MG","robots":{"index":"index","follow":"follow","max-snippet":"max-snippet:-1","max-image-preview":"max-image-preview:large","max-video-preview":"max-video-preview:-1"},"canonical":"https:\/\/www.encontraminasgerais.com.br\/ouro-preto\/ouro-preto-celebra-a-vi-semana-estadual-de-incentivo-a-literatura-com-foco-em-criatividade-e-cidadania\/","og_locale":"pt_BR","og_type":"article","og_title":"Ouro Preto celebra a VI Semana Estadual de Incentivo \u00e0 Literatura com foco em criatividade e cidadania | Guia Comercial de Ouro Preto MG","og_description":"A VI Semana Estadual de Incentivo \u00e0 Literatura em Ouro Preto espera promover leitura e criatividade.","og_url":"https:\/\/www.encontraminasgerais.com.br\/ouro-preto\/ouro-preto-celebra-a-vi-semana-estadual-de-incentivo-a-literatura-com-foco-em-criatividade-e-cidadania\/","og_site_name":"Guia Comercial de Ouro Preto MG","article_published_time":"2026-04-17T09:44:11+00:00","og_image":[{"url":"https:\/\/www.encontraminasgerais.com.br\/ouro-preto\/wp-content\/uploads\/2026\/04\/ouro-preto-celebra-a-vi-semana-estadual-de-incentivo-a-literatura-com-foco-em-criatividade-e-cidadan.webp","type":"","width":"","height":""}],"author":"Encontra Ouro Preto","twitter_card":"summary_large_image","twitter_misc":{"Escrito por":"Encontra Ouro Preto","Est. tempo de leitura":"3 minutos"},"schema":{"@context":"https:\/\/schema.org","@graph":[{"@type":"Article","@id":"https:\/\/www.encontraminasgerais.com.br\/ouro-preto\/ouro-preto-celebra-a-vi-semana-estadual-de-incentivo-a-literatura-com-foco-em-criatividade-e-cidadania\/#article","isPartOf":{"@id":"https:\/\/www.encontraminasgerais.com.br\/ouro-preto\/ouro-preto-celebra-a-vi-semana-estadual-de-incentivo-a-literatura-com-foco-em-criatividade-e-cidadania\/"},"author":{"name":"Encontra Ouro Preto","@id":"https:\/\/www.encontraminasgerais.com.br\/ouro-preto\/#\/schema\/person\/d55d0e79e38dd7d6474efd815b181c4d"},"headline":"Ouro Preto celebra a VI Semana Estadual de Incentivo \u00e0 Literatura com foco em criatividade e cidadania","datePublished":"2026-04-17T09:44:11+00:00","mainEntityOfPage":{"@id":"https:\/\/www.encontraminasgerais.com.br\/ouro-preto\/ouro-preto-celebra-a-vi-semana-estadual-de-incentivo-a-literatura-com-foco-em-criatividade-e-cidadania\/"},"wordCount":671,"commentCount":0,"image":{"@id":"https:\/\/www.encontraminasgerais.com.br\/ouro-preto\/ouro-preto-celebra-a-vi-semana-estadual-de-incentivo-a-literatura-com-foco-em-criatividade-e-cidadania\/#primaryimage"},"thumbnailUrl":"https:\/\/www.encontraminasgerais.com.br\/ouro-preto\/wp-content\/uploads\/2026\/04\/ouro-preto-celebra-a-vi-semana-estadual-de-incentivo-a-literatura-com-foco-em-criatividade-e-cidadan.webp","articleSection":["Not\u00edcias Ouro Preto"],"inLanguage":"pt-BR","potentialAction":[{"@type":"CommentAction","name":"Comment","target":["https:\/\/www.encontraminasgerais.com.br\/ouro-preto\/ouro-preto-celebra-a-vi-semana-estadual-de-incentivo-a-literatura-com-foco-em-criatividade-e-cidadania\/#respond"]}]},{"@type":"WebPage","@id":"https:\/\/www.encontraminasgerais.com.br\/ouro-preto\/ouro-preto-celebra-a-vi-semana-estadual-de-incentivo-a-literatura-com-foco-em-criatividade-e-cidadania\/","url":"https:\/\/www.encontraminasgerais.com.br\/ouro-preto\/ouro-preto-celebra-a-vi-semana-estadual-de-incentivo-a-literatura-com-foco-em-criatividade-e-cidadania\/","name":"Ouro Preto celebra a VI Semana Estadual de Incentivo \u00e0 Literatura com foco em criatividade e cidadania | Guia Comercial de Ouro Preto MG","isPartOf":{"@id":"https:\/\/www.encontraminasgerais.com.br\/ouro-preto\/#website"},"primaryImageOfPage":{"@id":"https:\/\/www.encontraminasgerais.com.br\/ouro-preto\/ouro-preto-celebra-a-vi-semana-estadual-de-incentivo-a-literatura-com-foco-em-criatividade-e-cidadania\/#primaryimage"},"image":{"@id":"https:\/\/www.encontraminasgerais.com.br\/ouro-preto\/ouro-preto-celebra-a-vi-semana-estadual-de-incentivo-a-literatura-com-foco-em-criatividade-e-cidadania\/#primaryimage"},"thumbnailUrl":"https:\/\/www.encontraminasgerais.com.br\/ouro-preto\/wp-content\/uploads\/2026\/04\/ouro-preto-celebra-a-vi-semana-estadual-de-incentivo-a-literatura-com-foco-em-criatividade-e-cidadan.webp","datePublished":"2026-04-17T09:44:11+00:00","author":{"@id":"https:\/\/www.encontraminasgerais.com.br\/ouro-preto\/#\/schema\/person\/d55d0e79e38dd7d6474efd815b181c4d"},"inLanguage":"pt-BR","potentialAction":[{"@type":"ReadAction","target":["https:\/\/www.encontraminasgerais.com.br\/ouro-preto\/ouro-preto-celebra-a-vi-semana-estadual-de-incentivo-a-literatura-com-foco-em-criatividade-e-cidadania\/"]}]},{"@type":"ImageObject","inLanguage":"pt-BR","@id":"https:\/\/www.encontraminasgerais.com.br\/ouro-preto\/ouro-preto-celebra-a-vi-semana-estadual-de-incentivo-a-literatura-com-foco-em-criatividade-e-cidadania\/#primaryimage","url":"https:\/\/www.encontraminasgerais.com.br\/ouro-preto\/wp-content\/uploads\/2026\/04\/ouro-preto-celebra-a-vi-semana-estadual-de-incentivo-a-literatura-com-foco-em-criatividade-e-cidadan.webp","contentUrl":"https:\/\/www.encontraminasgerais.com.br\/ouro-preto\/wp-content\/uploads\/2026\/04\/ouro-preto-celebra-a-vi-semana-estadual-de-incentivo-a-literatura-com-foco-em-criatividade-e-cidadan.webp","width":280,"height":280,"caption":"Semana Estadual de Incentivo \u00e0 Literatura"},{"@type":"WebSite","@id":"https:\/\/www.encontraminasgerais.com.br\/ouro-preto\/#website","url":"https:\/\/www.encontraminasgerais.com.br\/ouro-preto\/","name":"Guia Comercial de Ouro Preto MG","description":"O Encontra Ouro Preto \u00e9 o guia mais completo da cidade Ouro Preto com com\u00e9rcios, servi\u00e7os, noticias, jornal, hist\u00f3ria e lazer da cidade.","potentialAction":[{"@type":"SearchAction","target":{"@type":"EntryPoint","urlTemplate":"https:\/\/www.encontraminasgerais.com.br\/ouro-preto\/?s={search_term_string}"},"query-input":{"@type":"PropertyValueSpecification","valueRequired":true,"valueName":"search_term_string"}}],"inLanguage":"pt-BR"},{"@type":"Person","@id":"https:\/\/www.encontraminasgerais.com.br\/ouro-preto\/#\/schema\/person\/d55d0e79e38dd7d6474efd815b181c4d","name":"Encontra Ouro Preto","image":{"@type":"ImageObject","inLanguage":"pt-BR","@id":"https:\/\/secure.gravatar.com\/avatar\/c50c17820bcf322f0a8fd6b110b8c0918141409dc69076470f6fca5fee70a5d4?s=96&d=mm&r=g","url":"https:\/\/secure.gravatar.com\/avatar\/c50c17820bcf322f0a8fd6b110b8c0918141409dc69076470f6fca5fee70a5d4?s=96&d=mm&r=g","contentUrl":"https:\/\/secure.gravatar.com\/avatar\/c50c17820bcf322f0a8fd6b110b8c0918141409dc69076470f6fca5fee70a5d4?s=96&d=mm&r=g","caption":"Encontra Ouro Preto"},"url":"https:\/\/www.encontraminasgerais.com.br\/ouro-preto\/author\/encontraouropreto\/"}]}},"_links":{"self":[{"href":"https:\/\/www.encontraminasgerais.com.br\/ouro-preto\/wp-json\/wp\/v2\/posts\/4653","targetHints":{"allow":["GET"]}}],"collection":[{"href":"https:\/\/www.encontraminasgerais.com.br\/ouro-preto\/wp-json\/wp\/v2\/posts"}],"about":[{"href":"https:\/\/www.encontraminasgerais.com.br\/ouro-preto\/wp-json\/wp\/v2\/types\/post"}],"author":[{"embeddable":true,"href":"https:\/\/www.encontraminasgerais.com.br\/ouro-preto\/wp-json\/wp\/v2\/users\/1"}],"replies":[{"embeddable":true,"href":"https:\/\/www.encontraminasgerais.com.br\/ouro-preto\/wp-json\/wp\/v2\/comments?post=4653"}],"version-history":[{"count":0,"href":"https:\/\/www.encontraminasgerais.com.br\/ouro-preto\/wp-json\/wp\/v2\/posts\/4653\/revisions"}],"wp:featuredmedia":[{"embeddable":true,"href":"https:\/\/www.encontraminasgerais.com.br\/ouro-preto\/wp-json\/wp\/v2\/media\/4652"}],"wp:attachment":[{"href":"https:\/\/www.encontraminasgerais.com.br\/ouro-preto\/wp-json\/wp\/v2\/media?parent=4653"}],"wp:term":[{"taxonomy":"category","embeddable":true,"href":"https:\/\/www.encontraminasgerais.com.br\/ouro-preto\/wp-json\/wp\/v2\/categories?post=4653"},{"taxonomy":"post_tag","embeddable":true,"href":"https:\/\/www.encontraminasgerais.com.br\/ouro-preto\/wp-json\/wp\/v2\/tags?post=4653"}],"curies":[{"name":"wp","href":"https:\/\/api.w.org\/{rel}","templated":true}]}}