{"id":4659,"date":"2026-04-18T06:38:30","date_gmt":"2026-04-18T09:38:30","guid":{"rendered":"https:\/\/www.encontraminasgerais.com.br\/ouro-preto\/praca-de-servicos\/"},"modified":"2026-04-18T06:38:30","modified_gmt":"2026-04-18T09:38:30","slug":"praca-de-servicos","status":"publish","type":"post","link":"https:\/\/www.encontraminasgerais.com.br\/ouro-preto\/praca-de-servicos\/","title":{"rendered":"Pra\u00e7a de Servi\u00e7os"},"content":{"rendered":"<h2>Pra\u00e7a de Servi\u00e7os &#8211; Governo Presente em Ouro Preto<\/h2>\n<p>A <strong>Pra\u00e7a de Servi\u00e7os<\/strong>, parte da iniciativa <strong>Governo Presente<\/strong>, chega \u00e0 hist\u00f3rica cidade de Ouro Preto para oferecer uma variedade de servi\u00e7os gratuitos nos dias 19 e 20 de abril, aquecendo a popula\u00e7\u00e3o antes do feriado de Tiradentes. Este evento ocorrer\u00e1 no campus da Universidade Federal de Ouro Preto, situado no Morro do Cruzeiro, com o atendimento programado entre 9h e 16h.<\/p>\n<h2>Servi\u00e7os Oferecidos na Pra\u00e7a de Servi\u00e7os<\/h2>\n<p>Durante o evento, os cidad\u00e3os poder\u00e3o usufruir de uma gama de servi\u00e7os, entre os quais se destacam:<\/p>\n<ul>\n<li><strong>Emiss\u00e3o de Documentos:<\/strong> Incluindo a Carteira de Identidade Nacional (CIN), que permite acesso digital aos dados do usu\u00e1rio.<\/li>\n<li><strong>Atendimentos de Sa\u00fade:<\/strong> Avalia\u00e7\u00f5es de sa\u00fade, como aferi\u00e7\u00e3o da press\u00e3o arterial e vacina\u00e7\u00e3o.<\/li>\n<li><strong>Apoio ao Produtor Rural:<\/strong> Informa\u00e7\u00f5es e orienta\u00e7\u00f5es para trabalhadores do campo.<\/li>\n<li><strong>Negocia\u00e7\u00e3o de Contas:<\/strong> Oportunidades para regulariza\u00e7\u00e3o de pend\u00eancias financeiras.<\/li>\n<li><strong>A\u00e7\u00f5es de Cidadania:<\/strong> Iniciativas que promovem o acesso aos direitos dos cidad\u00e3os.<\/li>\n<\/ul>\n<h2>Como Funciona a Emiss\u00e3o de Documentos<\/h2>\n<p>A emiss\u00e3o de documentos na Pra\u00e7a de Servi\u00e7os ser\u00e1 um dos principais atrativos, com destaque para a <strong>Carteira de Identidade Nacional (CIN)<\/strong>. Para obter a CIN, o cidad\u00e3o pode solicitar a emiss\u00e3o no local, onde seus dados ser\u00e3o registrados digitalmente e a vers\u00e3o f\u00edsica ser\u00e1 enviada para o endere\u00e7o informado.<\/p>\n<p><img decoding=\"async\" src=\"https:\/\/www.encontraminasgerais.com.br\/ouro-preto\/wp-content\/uploads\/2026\/04\/praca-de-servicos.webp\" alt=\"Pra\u00e7a de Servi\u00e7os - Governo Presente\" loading=\"lazy\" \/><\/p>\n<p>Al\u00e9m disso, estar\u00e1 dispon\u00edvel a <strong>Carteira de Identifica\u00e7\u00e3o da Pessoa com Transtorno do Espectro Autista (Ciptea)<\/strong>, que facilita o acesso a direitos e orienta\u00e7\u00f5es quanto \u00e0 inclus\u00e3o social.<\/p>\n<h2>Atendimentos de Sa\u00fade Dispon\u00edveis<\/h2>\n<p>O evento tamb\u00e9m foca na sa\u00fade e bem-estar da popula\u00e7\u00e3o. Ser\u00e3o oferecidos servi\u00e7os como:<\/p>\n<ul>\n<li><strong>Vacina\u00e7\u00e3o:<\/strong> A popula\u00e7\u00e3o poder\u00e1 atualizar seu cart\u00e3o de vacina.<\/li>\n<li><strong>Aferi\u00e7\u00e3o de Press\u00e3o Arterial:<\/strong> Importante para monitoramento da sa\u00fade cardiovascular.<\/li>\n<li><strong>Orienta\u00e7\u00f5es sobre Sa\u00fade:<\/strong> Informa\u00e7\u00f5es sobre cuidados preventivos e cuidados em sa\u00fade.<\/li>\n<\/ul>\n<h2>Oportunidades de Trabalho no Local<\/h2>\n<p>A Pra\u00e7a de Servi\u00e7os ser\u00e1 um ponto de contato para aqueles que buscam novas oportunidades de emprego. Estar\u00e3o dispon\u00edveis:<\/p>\n<ul>\n<li><strong>Encaminhamento para Vagas:<\/strong> Conex\u00e3o com poss\u00edveis empregadores que buscam novos colaboradores.<\/li>\n<li><strong>Informa\u00e7\u00f5es sobre Programas de Emprego:<\/strong> Detalhes sobre treinamentos e capacita\u00e7\u00f5es dispon\u00edveis para a popula\u00e7\u00e3o.<\/li>\n<\/ul>\n<h2>Orienta\u00e7\u00f5es sobre Inclus\u00e3o e Acessibilidade<\/h2>\n<p>A Pra\u00e7a de Servi\u00e7os n\u00e3o apenas fornecer\u00e1 documentos, mas tamb\u00e9m enfatizar\u00e1 a import\u00e2ncia da inclus\u00e3o. Profissionais estar\u00e3o no local para:<\/p>\n<ul>\n<li><strong>Oferecer Orienta\u00e7\u00f5es:<\/strong> Informa\u00e7\u00f5es sobre direitos de pessoas com defici\u00eancia.<\/li>\n<li><strong>Facilitar o Acesso:<\/strong> Servi\u00e7os dispon\u00edveis para garantir a inclus\u00e3o de todos.<\/li>\n<\/ul>\n<h2>Benef\u00edcios da Pra\u00e7a de Servi\u00e7os para a Comunidade<\/h2>\n<p>A presen\u00e7a da Pra\u00e7a de Servi\u00e7os em Ouro Preto busca estreitar la\u00e7os entre a popula\u00e7\u00e3o e o governo estadual, trazendo diversos benef\u00edcios, tais como:<\/p>\n<ul>\n<li><strong>Facilidade de Acesso:<\/strong> Centraliza\u00e7\u00e3o de servi\u00e7os torna o atendimento mais acess\u00edvel.<\/li>\n<li><strong>Redu\u00e7\u00e3o de Filas:<\/strong> Proporciona uma experi\u00eancia mais fluida e r\u00e1pida para todos os participantes.<\/li>\n<li><strong>Aumento da Conscientiza\u00e7\u00e3o:<\/strong> Incentiva os cidad\u00e3os a se informarem sobre seus direitos e os servi\u00e7os dispon\u00edveis.<\/li>\n<\/ul>\n<h2>Como se Preparar para o Atendimento<\/h2>\n<p>Para otimizar o atendimento durante o evento, recomenda-se que os cidad\u00e3os:<\/p>\n<ul>\n<li><strong>Levem Documenta\u00e7\u00e3o Necess\u00e1ria:<\/strong> \u00c9 importante portar documentos como RG, CPF e comprovante de resid\u00eancia.<\/li>\n<li><strong>Cheguem Cedo:<\/strong> Isso ajudar\u00e1 a evitar filas e garantir\u00e1 que todos sejam atendidos dentro do hor\u00e1rio dispon\u00edvel.<\/li>\n<\/ul>\n<h2>A Pra\u00e7a de Servi\u00e7os e seu Impacto Social<\/h2>\n<p>Este projeto \u00e9 parte da estrat\u00e9gia do governo para construir uma rela\u00e7\u00e3o mais pr\u00f3xima com a sociedade, permitindo uma escuta mais qualificada das demandas da popula\u00e7\u00e3o. A Pra\u00e7a de Servi\u00e7os j\u00e1 passou por diversas cidades de Minas Gerais, e Ouro Preto \u00e9 a s\u00e9tima a receber este atendimento direto.<\/p>\n<h2>Hist\u00f3ria de Ouro Preto e seu Patrim\u00f4nio<\/h2>\n<p>Ouro Preto \u00e9 reconhecida como um dos locais mais importantes da hist\u00f3ria do Brasil, especialmente durante o auge do Ciclo do Ouro no s\u00e9culo 17. Com um acervo arquitet\u00f4nico colonial not\u00e1vel, a cidade foi sede da capitania de Minas Gerais e testemunhou eventos significativos, como a Revolta dos Emboabas e a Inconfid\u00eancia Mineira.<\/p>\n<p>A cidade foi tombada como patrim\u00f4nio nacional e, em 1980, reconhecida pela Unesco como Patrim\u00f4nio Cultural da Humanidade. Al\u00e9m de sua rica hist\u00f3ria, Ouro Preto \u00e9 famosa por seu ecossistema fascinante, com belas cachoeiras e trilhas, tornando-se um destino tur\u00edstico atraente.<\/p>\n<h2>Mais Informa\u00e7\u00f5es sobre o Governo Presente<\/h2>\n<p>O <strong>Governo Presente<\/strong> desenvolve sua atua\u00e7\u00e3o at\u00e9 julho, levando a\u00e7\u00f5es em diversos munic\u00edpios, abrangendo a necessidade urgente de atendimento ao p\u00fablico. A inten\u00e7\u00e3o \u00e9 n\u00e3o apenas oferecer servi\u00e7os, mas tamb\u00e9m ouvir e compreender as demandas cidad\u00e3s, fortalecendo o v\u00ednculo comunit\u00e1rio com a administra\u00e7\u00e3o p\u00fablica.<\/p>\n<p>Com essa proposta, espera-se que a Pra\u00e7a de Servi\u00e7os se torne um espa\u00e7o de cidadania, proporcionando n\u00e3o s\u00f3 servi\u00e7os, mas tamb\u00e9m promovendo a inclus\u00e3o e a participa\u00e7\u00e3o ativa da popula\u00e7\u00e3o em quest\u00f5es que afetam seu dia a dia.<\/p>\n","protected":false},"excerpt":{"rendered":"<p>Pra\u00e7a de Servi\u00e7os &#8211; Governo Presente oferece atendimentos gratuitos em Ouro Preto no pr\u00e9-feriado de Tiradentes.<\/p>\n","protected":false},"author":1,"featured_media":4658,"comment_status":"open","ping_status":"open","sticky":false,"template":"","format":"standard","meta":{"footnotes":""},"categories":[5],"tags":[],"class_list":["post-4659","post","type-post","status-publish","format-standard","has-post-thumbnail","hentry","category-noticias","has_thumb"],"yoast_head":"<!-- This site is optimized with the Yoast SEO plugin v27.2 - https:\/\/yoast.com\/product\/yoast-seo-wordpress\/ -->\n<title>Pra\u00e7a de Servi\u00e7os | Guia Comercial de Ouro Preto MG<\/title>\n<meta name=\"robots\" content=\"index, follow, max-snippet:-1, max-image-preview:large, max-video-preview:-1\" \/>\n<link rel=\"canonical\" href=\"https:\/\/www.encontraminasgerais.com.br\/ouro-preto\/praca-de-servicos\/\" \/>\n<meta property=\"og:locale\" content=\"pt_BR\" \/>\n<meta property=\"og:type\" content=\"article\" \/>\n<meta property=\"og:title\" content=\"Pra\u00e7a de Servi\u00e7os | Guia Comercial de Ouro Preto MG\" \/>\n<meta property=\"og:description\" content=\"Pra\u00e7a de Servi\u00e7os - Governo Presente oferece atendimentos gratuitos em Ouro Preto no pr\u00e9-feriado de Tiradentes.\" \/>\n<meta property=\"og:url\" content=\"https:\/\/www.encontraminasgerais.com.br\/ouro-preto\/praca-de-servicos\/\" \/>\n<meta property=\"og:site_name\" content=\"Guia Comercial de Ouro Preto MG\" \/>\n<meta property=\"article:published_time\" content=\"2026-04-18T09:38:30+00:00\" \/>\n<meta property=\"og:image\" content=\"https:\/\/www.encontraminasgerais.com.br\/ouro-preto\/wp-content\/uploads\/2026\/04\/praca-de-servicos.webp\" \/>\n<meta name=\"author\" content=\"Encontra Ouro Preto\" \/>\n<meta name=\"twitter:card\" content=\"summary_large_image\" \/>\n<meta name=\"twitter:label1\" content=\"Escrito por\" \/>\n\t<meta name=\"twitter:data1\" content=\"Encontra Ouro Preto\" \/>\n\t<meta name=\"twitter:label2\" content=\"Est. tempo de leitura\" \/>\n\t<meta name=\"twitter:data2\" content=\"4 minutos\" \/>\n<script type=\"application\/ld+json\" class=\"yoast-schema-graph\">{\"@context\":\"https:\/\/schema.org\",\"@graph\":[{\"@type\":\"Article\",\"@id\":\"https:\/\/www.encontraminasgerais.com.br\/ouro-preto\/praca-de-servicos\/#article\",\"isPartOf\":{\"@id\":\"https:\/\/www.encontraminasgerais.com.br\/ouro-preto\/praca-de-servicos\/\"},\"author\":{\"name\":\"Encontra Ouro Preto\",\"@id\":\"https:\/\/www.encontraminasgerais.com.br\/ouro-preto\/#\/schema\/person\/d55d0e79e38dd7d6474efd815b181c4d\"},\"headline\":\"Pra\u00e7a de Servi\u00e7os\",\"datePublished\":\"2026-04-18T09:38:30+00:00\",\"mainEntityOfPage\":{\"@id\":\"https:\/\/www.encontraminasgerais.com.br\/ouro-preto\/praca-de-servicos\/\"},\"wordCount\":898,\"commentCount\":0,\"image\":{\"@id\":\"https:\/\/www.encontraminasgerais.com.br\/ouro-preto\/praca-de-servicos\/#primaryimage\"},\"thumbnailUrl\":\"https:\/\/www.encontraminasgerais.com.br\/ouro-preto\/wp-content\/uploads\/2026\/04\/praca-de-servicos.webp\",\"articleSection\":[\"Not\u00edcias Ouro Preto\"],\"inLanguage\":\"pt-BR\",\"potentialAction\":[{\"@type\":\"CommentAction\",\"name\":\"Comment\",\"target\":[\"https:\/\/www.encontraminasgerais.com.br\/ouro-preto\/praca-de-servicos\/#respond\"]}]},{\"@type\":\"WebPage\",\"@id\":\"https:\/\/www.encontraminasgerais.com.br\/ouro-preto\/praca-de-servicos\/\",\"url\":\"https:\/\/www.encontraminasgerais.com.br\/ouro-preto\/praca-de-servicos\/\",\"name\":\"Pra\u00e7a de Servi\u00e7os | Guia Comercial de Ouro Preto MG\",\"isPartOf\":{\"@id\":\"https:\/\/www.encontraminasgerais.com.br\/ouro-preto\/#website\"},\"primaryImageOfPage\":{\"@id\":\"https:\/\/www.encontraminasgerais.com.br\/ouro-preto\/praca-de-servicos\/#primaryimage\"},\"image\":{\"@id\":\"https:\/\/www.encontraminasgerais.com.br\/ouro-preto\/praca-de-servicos\/#primaryimage\"},\"thumbnailUrl\":\"https:\/\/www.encontraminasgerais.com.br\/ouro-preto\/wp-content\/uploads\/2026\/04\/praca-de-servicos.webp\",\"datePublished\":\"2026-04-18T09:38:30+00:00\",\"author\":{\"@id\":\"https:\/\/www.encontraminasgerais.com.br\/ouro-preto\/#\/schema\/person\/d55d0e79e38dd7d6474efd815b181c4d\"},\"inLanguage\":\"pt-BR\",\"potentialAction\":[{\"@type\":\"ReadAction\",\"target\":[\"https:\/\/www.encontraminasgerais.com.br\/ouro-preto\/praca-de-servicos\/\"]}]},{\"@type\":\"ImageObject\",\"inLanguage\":\"pt-BR\",\"@id\":\"https:\/\/www.encontraminasgerais.com.br\/ouro-preto\/praca-de-servicos\/#primaryimage\",\"url\":\"https:\/\/www.encontraminasgerais.com.br\/ouro-preto\/wp-content\/uploads\/2026\/04\/praca-de-servicos.webp\",\"contentUrl\":\"https:\/\/www.encontraminasgerais.com.br\/ouro-preto\/wp-content\/uploads\/2026\/04\/praca-de-servicos.webp\",\"width\":280,\"height\":280,\"caption\":\"Pra\u00e7a de Servi\u00e7os - Governo Presente\"},{\"@type\":\"WebSite\",\"@id\":\"https:\/\/www.encontraminasgerais.com.br\/ouro-preto\/#website\",\"url\":\"https:\/\/www.encontraminasgerais.com.br\/ouro-preto\/\",\"name\":\"Guia Comercial de Ouro Preto MG\",\"description\":\"O Encontra Ouro Preto \u00e9 o guia mais completo da cidade Ouro Preto com com\u00e9rcios, servi\u00e7os, noticias, jornal, hist\u00f3ria e lazer da cidade.\",\"potentialAction\":[{\"@type\":\"SearchAction\",\"target\":{\"@type\":\"EntryPoint\",\"urlTemplate\":\"https:\/\/www.encontraminasgerais.com.br\/ouro-preto\/?s={search_term_string}\"},\"query-input\":{\"@type\":\"PropertyValueSpecification\",\"valueRequired\":true,\"valueName\":\"search_term_string\"}}],\"inLanguage\":\"pt-BR\"},{\"@type\":\"Person\",\"@id\":\"https:\/\/www.encontraminasgerais.com.br\/ouro-preto\/#\/schema\/person\/d55d0e79e38dd7d6474efd815b181c4d\",\"name\":\"Encontra Ouro Preto\",\"image\":{\"@type\":\"ImageObject\",\"inLanguage\":\"pt-BR\",\"@id\":\"https:\/\/secure.gravatar.com\/avatar\/c50c17820bcf322f0a8fd6b110b8c0918141409dc69076470f6fca5fee70a5d4?s=96&d=mm&r=g\",\"url\":\"https:\/\/secure.gravatar.com\/avatar\/c50c17820bcf322f0a8fd6b110b8c0918141409dc69076470f6fca5fee70a5d4?s=96&d=mm&r=g\",\"contentUrl\":\"https:\/\/secure.gravatar.com\/avatar\/c50c17820bcf322f0a8fd6b110b8c0918141409dc69076470f6fca5fee70a5d4?s=96&d=mm&r=g\",\"caption\":\"Encontra Ouro Preto\"},\"url\":\"https:\/\/www.encontraminasgerais.com.br\/ouro-preto\/author\/encontraouropreto\/\"}]}<\/script>\n<!-- \/ Yoast SEO plugin. -->","yoast_head_json":{"title":"Pra\u00e7a de Servi\u00e7os | Guia Comercial de Ouro Preto MG","robots":{"index":"index","follow":"follow","max-snippet":"max-snippet:-1","max-image-preview":"max-image-preview:large","max-video-preview":"max-video-preview:-1"},"canonical":"https:\/\/www.encontraminasgerais.com.br\/ouro-preto\/praca-de-servicos\/","og_locale":"pt_BR","og_type":"article","og_title":"Pra\u00e7a de Servi\u00e7os | Guia Comercial de Ouro Preto MG","og_description":"Pra\u00e7a de Servi\u00e7os - Governo Presente oferece atendimentos gratuitos em Ouro Preto no pr\u00e9-feriado de Tiradentes.","og_url":"https:\/\/www.encontraminasgerais.com.br\/ouro-preto\/praca-de-servicos\/","og_site_name":"Guia Comercial de Ouro Preto MG","article_published_time":"2026-04-18T09:38:30+00:00","og_image":[{"url":"https:\/\/www.encontraminasgerais.com.br\/ouro-preto\/wp-content\/uploads\/2026\/04\/praca-de-servicos.webp","type":"","width":"","height":""}],"author":"Encontra Ouro Preto","twitter_card":"summary_large_image","twitter_misc":{"Escrito por":"Encontra Ouro Preto","Est. tempo de leitura":"4 minutos"},"schema":{"@context":"https:\/\/schema.org","@graph":[{"@type":"Article","@id":"https:\/\/www.encontraminasgerais.com.br\/ouro-preto\/praca-de-servicos\/#article","isPartOf":{"@id":"https:\/\/www.encontraminasgerais.com.br\/ouro-preto\/praca-de-servicos\/"},"author":{"name":"Encontra Ouro Preto","@id":"https:\/\/www.encontraminasgerais.com.br\/ouro-preto\/#\/schema\/person\/d55d0e79e38dd7d6474efd815b181c4d"},"headline":"Pra\u00e7a de Servi\u00e7os","datePublished":"2026-04-18T09:38:30+00:00","mainEntityOfPage":{"@id":"https:\/\/www.encontraminasgerais.com.br\/ouro-preto\/praca-de-servicos\/"},"wordCount":898,"commentCount":0,"image":{"@id":"https:\/\/www.encontraminasgerais.com.br\/ouro-preto\/praca-de-servicos\/#primaryimage"},"thumbnailUrl":"https:\/\/www.encontraminasgerais.com.br\/ouro-preto\/wp-content\/uploads\/2026\/04\/praca-de-servicos.webp","articleSection":["Not\u00edcias Ouro Preto"],"inLanguage":"pt-BR","potentialAction":[{"@type":"CommentAction","name":"Comment","target":["https:\/\/www.encontraminasgerais.com.br\/ouro-preto\/praca-de-servicos\/#respond"]}]},{"@type":"WebPage","@id":"https:\/\/www.encontraminasgerais.com.br\/ouro-preto\/praca-de-servicos\/","url":"https:\/\/www.encontraminasgerais.com.br\/ouro-preto\/praca-de-servicos\/","name":"Pra\u00e7a de Servi\u00e7os | Guia Comercial de Ouro Preto MG","isPartOf":{"@id":"https:\/\/www.encontraminasgerais.com.br\/ouro-preto\/#website"},"primaryImageOfPage":{"@id":"https:\/\/www.encontraminasgerais.com.br\/ouro-preto\/praca-de-servicos\/#primaryimage"},"image":{"@id":"https:\/\/www.encontraminasgerais.com.br\/ouro-preto\/praca-de-servicos\/#primaryimage"},"thumbnailUrl":"https:\/\/www.encontraminasgerais.com.br\/ouro-preto\/wp-content\/uploads\/2026\/04\/praca-de-servicos.webp","datePublished":"2026-04-18T09:38:30+00:00","author":{"@id":"https:\/\/www.encontraminasgerais.com.br\/ouro-preto\/#\/schema\/person\/d55d0e79e38dd7d6474efd815b181c4d"},"inLanguage":"pt-BR","potentialAction":[{"@type":"ReadAction","target":["https:\/\/www.encontraminasgerais.com.br\/ouro-preto\/praca-de-servicos\/"]}]},{"@type":"ImageObject","inLanguage":"pt-BR","@id":"https:\/\/www.encontraminasgerais.com.br\/ouro-preto\/praca-de-servicos\/#primaryimage","url":"https:\/\/www.encontraminasgerais.com.br\/ouro-preto\/wp-content\/uploads\/2026\/04\/praca-de-servicos.webp","contentUrl":"https:\/\/www.encontraminasgerais.com.br\/ouro-preto\/wp-content\/uploads\/2026\/04\/praca-de-servicos.webp","width":280,"height":280,"caption":"Pra\u00e7a de Servi\u00e7os - Governo Presente"},{"@type":"WebSite","@id":"https:\/\/www.encontraminasgerais.com.br\/ouro-preto\/#website","url":"https:\/\/www.encontraminasgerais.com.br\/ouro-preto\/","name":"Guia Comercial de Ouro Preto MG","description":"O Encontra Ouro Preto \u00e9 o guia mais completo da cidade Ouro Preto com com\u00e9rcios, servi\u00e7os, noticias, jornal, hist\u00f3ria e lazer da cidade.","potentialAction":[{"@type":"SearchAction","target":{"@type":"EntryPoint","urlTemplate":"https:\/\/www.encontraminasgerais.com.br\/ouro-preto\/?s={search_term_string}"},"query-input":{"@type":"PropertyValueSpecification","valueRequired":true,"valueName":"search_term_string"}}],"inLanguage":"pt-BR"},{"@type":"Person","@id":"https:\/\/www.encontraminasgerais.com.br\/ouro-preto\/#\/schema\/person\/d55d0e79e38dd7d6474efd815b181c4d","name":"Encontra Ouro Preto","image":{"@type":"ImageObject","inLanguage":"pt-BR","@id":"https:\/\/secure.gravatar.com\/avatar\/c50c17820bcf322f0a8fd6b110b8c0918141409dc69076470f6fca5fee70a5d4?s=96&d=mm&r=g","url":"https:\/\/secure.gravatar.com\/avatar\/c50c17820bcf322f0a8fd6b110b8c0918141409dc69076470f6fca5fee70a5d4?s=96&d=mm&r=g","contentUrl":"https:\/\/secure.gravatar.com\/avatar\/c50c17820bcf322f0a8fd6b110b8c0918141409dc69076470f6fca5fee70a5d4?s=96&d=mm&r=g","caption":"Encontra Ouro Preto"},"url":"https:\/\/www.encontraminasgerais.com.br\/ouro-preto\/author\/encontraouropreto\/"}]}},"_links":{"self":[{"href":"https:\/\/www.encontraminasgerais.com.br\/ouro-preto\/wp-json\/wp\/v2\/posts\/4659","targetHints":{"allow":["GET"]}}],"collection":[{"href":"https:\/\/www.encontraminasgerais.com.br\/ouro-preto\/wp-json\/wp\/v2\/posts"}],"about":[{"href":"https:\/\/www.encontraminasgerais.com.br\/ouro-preto\/wp-json\/wp\/v2\/types\/post"}],"author":[{"embeddable":true,"href":"https:\/\/www.encontraminasgerais.com.br\/ouro-preto\/wp-json\/wp\/v2\/users\/1"}],"replies":[{"embeddable":true,"href":"https:\/\/www.encontraminasgerais.com.br\/ouro-preto\/wp-json\/wp\/v2\/comments?post=4659"}],"version-history":[{"count":0,"href":"https:\/\/www.encontraminasgerais.com.br\/ouro-preto\/wp-json\/wp\/v2\/posts\/4659\/revisions"}],"wp:featuredmedia":[{"embeddable":true,"href":"https:\/\/www.encontraminasgerais.com.br\/ouro-preto\/wp-json\/wp\/v2\/media\/4658"}],"wp:attachment":[{"href":"https:\/\/www.encontraminasgerais.com.br\/ouro-preto\/wp-json\/wp\/v2\/media?parent=4659"}],"wp:term":[{"taxonomy":"category","embeddable":true,"href":"https:\/\/www.encontraminasgerais.com.br\/ouro-preto\/wp-json\/wp\/v2\/categories?post=4659"},{"taxonomy":"post_tag","embeddable":true,"href":"https:\/\/www.encontraminasgerais.com.br\/ouro-preto\/wp-json\/wp\/v2\/tags?post=4659"}],"curies":[{"name":"wp","href":"https:\/\/api.w.org\/{rel}","templated":true}]}}